{"id":101627,"date":"2016-12-13T17:10:46","date_gmt":"2016-12-13T16:10:46","guid":{"rendered":"http:\/\/www.visit-ulcinj.com\/blog\/?p=101627"},"modified":"2016-12-13T17:10:46","modified_gmt":"2016-12-13T16:10:46","slug":"ne-gjeneve-u-promovuan-vepra-vlere-nga-fusha-e-letersise-dhe-kultures-sone","status":"publish","type":"post","link":"https:\/\/www.visit-ulcinj.com\/blog\/2016\/12\/13\/ne-gjeneve-u-promovuan-vepra-vlere-nga-fusha-e-letersise-dhe-kultures-sone\/","title":{"rendered":"N\u00eb Gjenev\u00eb u promovuan vepra me vler\u00eb nga fusha e let\u00ebrsis\u00eb dhe kultur\u00ebs son\u00eb"},"content":{"rendered":"<p><a href=\"http:\/\/www.visit-ulcinj.com\/blog\/wp-content\/uploads\/2016\/12\/N\u00eb-Gjenev\u00eb-u-promovuan-LIBRI.jpg\"><img loading=\"lazy\" class=\"alignleft wp-image-101629\" src=\"http:\/\/www.visit-ulcinj.com\/blog\/wp-content\/uploads\/2016\/12\/N\u00eb-Gjenev\u00eb-u-promovuan-LIBRI.jpg\" alt=\"N\u00eb Gjenev\u00eb u promovuan LIBRI\" width=\"508\" height=\"344\" srcset=\"https:\/\/www.visit-ulcinj.com\/blog\/wp-content\/uploads\/2016\/12\/N\u00eb-Gjenev\u00eb-u-promovuan-LIBRI.jpg 750w, https:\/\/www.visit-ulcinj.com\/blog\/wp-content\/uploads\/2016\/12\/N\u00eb-Gjenev\u00eb-u-promovuan-LIBRI-300x203.jpg 300w\" sizes=\"(max-width: 508px) 100vw, 508px\" \/><\/a>K\u00ebt\u00eb fundjav\u00eb n\u00eb nj\u00eb nga sallat auditoriale t\u00eb Universitetit shtet\u00ebror t\u00eb Gjenev\u00ebs, u b\u00eb promovimi \u00a0i \u00a0vepr\u00ebs s\u00eb bashkautor\u00ebve Besnik Camaj e Shefqet Dibrani \u00a0\u201cLeksikon i Autor\u00ebve Shqiptar\u00eb n\u00eb\u00a0\u00a0\u00a0\u00a0\u00a0\u00a0\u00a0\u00a0 Zvic\u00ebr\u201d si dhe ai i \u00a0p\u00ebrmbledhjes \u201cTresors\u00a0 Albanais\u201di poetes dhe p\u00ebrkthyeses Rina \u00c7ela- Grasset, q\u00eb p\u00ebrmban nj\u00eb fond t\u00eb pasur th\u00ebniesh t\u00eb urta shqiptare me p\u00ebrkthim edhe n\u00eb fr\u00ebngjisht.<\/p>\n<p>Takimin me nx\u00ebn\u00ebs, student\u00eb e intelektual\u00eb t\u00eb fushave t\u00eb ndryshme e deklaroi t\u00eb hapur zonja Margarita Iseni, studente n\u00eb Fakultetin Juridik t\u00eb Gjenev\u00ebs. Ajo ka mahnitur t\u00eb gjith\u00eb t\u00eb pranishmit me t\u00eb folmen e saj t\u00eb prajshme dhe t\u00eb pasur n\u00eb gjuh\u00ebn shqipe.<\/p>\n<p>Vler\u00ebsime kritike rreth Leksikonit t\u00eb Autor\u00ebve Shqiptar n\u00eb Zvic\u00ebr, fillimisht ka dh\u00ebn\u00eb zonja Mirishahe Limani-Hiler.<\/p>\n<p>Ajo tashm\u00eb e\u00a0 njohur p\u00ebr lexuesin shqiptar dhe at\u00eb n\u00eb gjuh\u00ebn fr\u00ebnge \u00a0k\u00ebt\u00eb vep\u00ebr pjes\u00eb e s\u00eb cil\u00ebs \u00ebsht\u00eb edhe vet\u00eb e vler\u00ebson pozitivisht, duke fal\u00ebnderuar nga zemra Camajn dhe Dibranin ,p\u00ebr pun\u00ebn e tyre t\u00eb mundimshme e plot\u00eb sfida. \u00a0Leksikonin e konsideron si nj\u00eb hapje shtegu dhe referenc\u00eb t\u00eb par\u00eb p\u00ebr\u00a0 gjeneratat n\u00eb ardhje.<\/p>\n<p>Pastaj me nj\u00eb kritik\u00eb impresioniste rreth vepr\u00ebs letrare t\u00eb autor\u00ebve Camaj dhe Dibrani, u prezantua\u00a0 poetja nga Ferizaj Nerxhivane \u00a0Sejdiu-Ferati, e cila aktualisht jeton dhe vepron n\u00eb Gjenev\u00eb t\u00eb Zvicr\u00ebs.<\/p>\n<p>Ajo\u00a0 pun\u00ebn e k\u00ebtyre dy krijuesve t\u00eb shquar e vler\u00ebsoi si pasuri t\u00eb shum\u00ebfisht\u00eb t\u00eb kultur\u00ebs son\u00eb. \u00a0Madje Dibranin e quan si nj\u00ebrin nga krijuesit m\u00eb t\u00eb \u00a0frytsh\u00ebm t\u00eb viteve t\u00eb 90-ta .<\/p>\n<p>Konstatimin tim thot\u00eb zonja Sejdiu-Ferati, e konsideroj t\u00eb pakontestuesh\u00ebm kur marr parasysh faktin se nj\u00eb mori bukur e mir\u00eb e punimeve letrare t\u00eb z. Dibrani jan\u00eb t\u00eb p\u00ebrkthyera edhe n\u00eb gjuh\u00eb t\u00eb huaja, si n\u00eb: anglisht,gjermanisht,fr\u00ebngjisht,italisht,rumanisht e sllovenisht.<\/p>\n<p>Nd\u00ebrsa librin me \u00a0215 poet\u00eb e krijues shqiptar\u00eb t\u00eb fushave t\u00eb ndryshme n\u00eb Zvic\u00ebr, ajo \u00a0e ka cil\u00ebsuar si \u00a0nj\u00eb arritje t\u00eb lart\u00eb krijuese t\u00eb k\u00ebtyre dy autor\u00ebve t\u00eb njohur t\u00eb letrave tona.<\/p>\n<p>Ajo beson se kjo vep\u00ebr me karakter informues dhe shkencor do t\u00eb jet\u00eb frym\u00ebzim\u00a0 dhe motivim edhe p\u00ebr studiuesit e fushave t\u00eb tjera.<\/p>\n<p>N\u00eb pamund\u00ebsi p\u00ebr t\u00eb qen\u00eb i pranish\u00ebm n\u00eb k\u00ebt\u00eb ngjarje t\u00eb r\u00ebnd\u00ebsishme kulturore shkrimtari,publicisti dhe kritiku i mir\u00ebnjohur letrar nga Kosova, Prend Buzhala nj\u00ebherit edhe redaktor i librit n\u00eb shqyrtim ka d\u00ebrguar nj\u00eb trajtes\u00eb me shkrim.<\/p>\n<p>Ai n\u00ebp\u00ebrmjet k\u00ebsaj kumtese t\u00eb lexuar nga zonja\u00a0 Nerxhivane Sejdiu- Ferati ,ka shprehur p\u00ebrshtypjet e tij\u00a0 personale rreth Leksikonit t\u00eb Autor\u00ebve Shqiptar\u00eb n\u00eb Zvic\u00ebr.<\/p>\n<p>Buzhala\u00a0 k\u00ebt\u00eb vep\u00ebr e ka\u00a0 klasifikuar \u00a0si \u00a0Fjalor Enciklopedik t\u00eb Let\u00ebrsis\u00eb Shqipe,sepse n\u00ebp\u00ebrmjet saj \u00a0p\u00ebrmblidhet dhe identifikohet puna krijuese \u00a0n\u00ebp\u00ebr shekuj e qindra poet\u00ebve, artist\u00ebve dhe shoq\u00ebrive kulturore shqiptare q\u00eb n\u00eb periudha t\u00eb ndryshme veprimtarin\u00eb e tyre \u00a0politike dhe krijuese e zhvilluan dhe vazhdojn\u00eb ta zhvillojn\u00eb \u00a0n\u00eb t\u00eb gjitha regjionet e Zvicr\u00ebs.<\/p>\n<p>Kurse autor\u00ebt\u00a0 Camaj dhe Dibrani kan\u00eb fal\u00ebnderuar t\u00eb gjith\u00eb poet\u00ebt dhe artist\u00ebt e fush\u00ebs pamore apo t\u00eb teatrit dhe filmit, paharruar edhe shoq\u00ebrit\u00eb dhe grupet e shumta kulturore q\u00eb me sh\u00ebnimet e tyre t\u00eb d\u00ebrguara kan\u00eb ndihmuar realizimin e k\u00ebtij\u00a0 projekti. Ata gjithashtu jan\u00eb t\u00eb vet\u00ebdijsh\u00ebm q\u00eb me k\u00ebt\u00eb vep\u00ebr s\u2019 ka p\u00ebrfunduar gjith\u00e7ka.<\/p>\n<p>P\u00ebr arsye t\u00eb shtrirjes s\u00eb m\u00ebrgat\u00ebs son\u00eb n\u00eb qytete dhe vendbanime t\u00eb ndryshme t\u00eb Zvicr\u00ebs dhe munges\u00ebs s\u00eb\u00a0 duhur t\u00eb informimit ka t\u00eb ngjar\u00eb q\u00eb dikush nga krijuesit e let\u00ebrsis\u00eb, artit dhe filmit t\u00eb ket\u00eb mbetur pa u p\u00ebrfshir\u00eb n\u00eb k\u00ebt\u00eb lib\u00ebr.<\/p>\n<p>Garantojm\u00eb q\u00eb nuk kemi pasur inate e as q\u00ebllime p\u00ebrjashtuese ndaj askujt than\u00eb n\u00eb fund t\u00eb fjal\u00ebs s\u00eb tyre Camaj e Dibrani.<\/p>\n<p>Po ashtu n\u00eb k\u00ebt\u00eb mbr\u00ebmje letrare nj\u00eb \u00a0trajtim dhe studim i \u00ebsht\u00eb b\u00ebr\u00eb edhe librit\u201cTresore\u00a0 Albanais\u201d t\u00eb poetes dhe p\u00ebrkthyeses s\u00eb njohur t\u00eb let\u00ebrsis\u00eb son\u00eb \u00a0Rina \u00c7ela Grasset.<\/p>\n<p>Ky lib\u00ebr edhe pse i nj\u00eb tjet\u00ebr gjinie letrare ka zgjuar tek t\u00eb pranishmit interesim t\u00eb jasht\u00ebzakonsh\u00ebm.<\/p>\n<p>Zonja \u00c7ela-Grasset n\u00eb k\u00ebt\u00eb lib\u00ebr ka p\u00ebrmbledhur fjal\u00eb t\u00eb urta popullore nga t\u00eb gjitha trevat e Shqip\u00ebris\u00eb.<\/p>\n<p>Ajo n\u00ebp\u00ebrmjet k\u00ebtyre th\u00ebnieve t\u00eb urta synon t\u00eb paraqes\u00eb tek lexuesi i huaj vlerat e mir\u00ebfillta t\u00eb popullit t\u00eb saj. Zakonisht k\u00ebto urti \u00a0kan\u00eb qarkulluar n\u00eb popull si tregime t\u00eb pashkruara.<\/p>\n<p>Zonja \u00c7ela-Grasset duke ditur vler\u00ebn dhe kuptim\u00ebsin\u00eb e tyre i ka\u00a0 tubuar ato dhe i ka sistemuar n\u00eb k\u00ebt\u00eb lib\u00ebr, \u00a0me \u00e7far\u00eb ka shmangur rrezikun e \u00a0mundsh\u00ebm t\u00eb zhdukjes s\u00eb k\u00ebtij thesari\u00a0 t\u00eb \u00e7muar t\u00eb popullit ton\u00eb.<\/p>\n<p>N\u00ebp\u00ebrmjet nj\u00eb monografie t\u00eb titulluar \u201cDy\u00a0 Dekada me\u00a0 Shqiptar\u00ebt e Franc\u00ebs\u201d para auditorit \u00ebsht\u00eb \u00a0paraqitur\u00a0 edhe autori i k\u00ebtij libri Abas Pllana. Ai si nj\u00ebri nga veprimtar\u00ebt m\u00eb t\u00eb hersh\u00ebm t\u00eb m\u00ebrgat\u00ebs son\u00eb n\u00eb Franc\u00eb, \u00a0me kat\u00ebr-pes\u00eb fjali p\u00ebrshkroi \u00a0pun\u00ebn disavje\u00e7are t\u00eb shqiptar\u00ebve n\u00eb k\u00ebt\u00eb vend.<\/p>\n<p>Duke e v\u00ebrejtur modestin\u00eb dhe mosimponimin e Pllan\u00ebs, vler\u00ebsim p\u00ebr k\u00ebt\u00eb monografi dha edhe zonja \u00c7ela- Grasset. Ajo shprehu haptas k\u00ebnaq\u00ebsin\u00eb q\u00eb \u00ebsht\u00eb redaktore e monografis\u00eb dhe bashk\u00ebveprimtare me Abas Pllan\u00ebn, njeriun e fjal\u00ebve t\u00eb pakta dhe t\u00eb veprave t\u00eb shumta.<\/p>\n<p>Kjo mbr\u00ebmje e r\u00ebnd\u00ebsishme kulturore \u00ebsht\u00eb realizuar n\u00eb saje t\u00eb nj\u00eb bashk\u00ebpunimi t\u00eb nd\u00ebrsjell\u00eb t\u00eb \u00a0kryesive t\u00eb shoqatave \u201cUnioni i Student\u00ebve Shqiptar t\u00eb Gjenev\u00ebs\u201d dhe \u201cKomuniteti Shqiptar i Gjenev\u00ebs\u201d<\/p>\n<p><strong>ARIF EJUPI<\/strong><\/p>\n","protected":false},"excerpt":{"rendered":"<p>K\u00ebt\u00eb fundjav\u00eb n\u00eb nj\u00eb nga sallat auditoriale t\u00eb Universitetit shtet\u00ebror t\u00eb Gjenev\u00ebs, u b\u00eb promovimi \u00a0i \u00a0vepr\u00ebs s\u00eb bashkautor\u00ebve Besnik Camaj e Shefqet Dibrani \u00a0\u201cLeksikon i Autor\u00ebve Shqiptar\u00eb n\u00eb\u00a0\u00a0\u00a0\u00a0\u00a0\u00a0\u00a0\u00a0 Zvic\u00ebr\u201d si dhe ai i \u00a0p\u00ebrmbledhjes \u201cTresors\u00a0 Albanais\u201di poetes dhe p\u00ebrkthyeses Rina \u00c7ela- Grasset, q\u00eb p\u00ebrmban nj\u00eb fond t\u00eb pasur th\u00ebniesh t\u00eb urta shqiptare me p\u00ebrkthim [&hellip;]<\/p>\n","protected":false},"author":1,"featured_media":0,"comment_status":"closed","ping_status":"closed","sticky":false,"template":"","format":"standard","meta":{"spay_email":"","jetpack_publicize_message":"","jetpack_is_tweetstorm":false,"jetpack_publicize_feature_enabled":true},"categories":[7],"tags":[],"jetpack_publicize_connections":[],"yoast_head":"<!-- This site is optimized with the Yoast SEO plugin v19.1 - https:\/\/yoast.com\/wordpress\/plugins\/seo\/ -->\n<title>N\u00eb Gjenev\u00eb u promovuan vepra me vler\u00eb nga fusha e let\u00ebrsis\u00eb dhe kultur\u00ebs son\u00eb - Lajme nga Ulqini<\/title>\n<meta name=\"description\" content=\"K\u00ebt\u00eb fundjav\u00eb n\u00eb nj\u00eb nga sallat auditoriale t\u00eb Universitetit shtet\u00ebror t\u00eb Gjenev\u00ebs, u b\u00eb promovimi \u00a0i \u00a0vepr\u00ebs s\u00eb bashkautor\u00ebve Besnik Camaj e Shefqet\" \/>\n<meta name=\"robots\" content=\"index, follow, max-snippet:-1, max-image-preview:large, max-video-preview:-1\" \/>\n<link rel=\"canonical\" href=\"https:\/\/www.visit-ulcinj.com\/blog\/2016\/12\/13\/ne-gjeneve-u-promovuan-vepra-vlere-nga-fusha-e-letersise-dhe-kultures-sone\/\" \/>\n<meta property=\"og:locale\" content=\"en_US\" \/>\n<meta property=\"og:type\" content=\"article\" \/>\n<meta property=\"og:title\" content=\"N\u00eb Gjenev\u00eb u promovuan vepra me vler\u00eb nga fusha e let\u00ebrsis\u00eb dhe kultur\u00ebs son\u00eb - Lajme nga Ulqini\" \/>\n<meta property=\"og:description\" content=\"K\u00ebt\u00eb fundjav\u00eb n\u00eb nj\u00eb nga sallat auditoriale t\u00eb Universitetit shtet\u00ebror t\u00eb Gjenev\u00ebs, u b\u00eb promovimi \u00a0i \u00a0vepr\u00ebs s\u00eb bashkautor\u00ebve Besnik Camaj e Shefqet\" \/>\n<meta property=\"og:url\" content=\"https:\/\/www.visit-ulcinj.com\/blog\/2016\/12\/13\/ne-gjeneve-u-promovuan-vepra-vlere-nga-fusha-e-letersise-dhe-kultures-sone\/\" \/>\n<meta property=\"og:site_name\" content=\"Lajme nga Ulqini\" \/>\n<meta property=\"article:published_time\" content=\"2016-12-13T16:10:46+00:00\" \/>\n<meta name=\"twitter:label1\" content=\"Written by\" \/>\n\t<meta name=\"twitter:data1\" content=\"ulqini\" \/>\n\t<meta name=\"twitter:label2\" content=\"Est. reading time\" \/>\n\t<meta name=\"twitter:data2\" content=\"5 minutes\" \/>\n<script type=\"application\/ld+json\" class=\"yoast-schema-graph\">{\"@context\":\"https:\/\/schema.org\",\"@graph\":[{\"@type\":\"WebSite\",\"@id\":\"https:\/\/www.visit-ulcinj.com\/blog\/#website\",\"url\":\"https:\/\/www.visit-ulcinj.com\/blog\/\",\"name\":\"Lajme nga Ulqini\",\"description\":\"Lajme,Vijesti,Ulqini,Ulqin,Crna Gora,Mali i Zi\",\"potentialAction\":[{\"@type\":\"SearchAction\",\"target\":{\"@type\":\"EntryPoint\",\"urlTemplate\":\"https:\/\/www.visit-ulcinj.com\/blog\/?s={search_term_string}\"},\"query-input\":\"required name=search_term_string\"}],\"inLanguage\":\"en-US\"},{\"@type\":\"WebPage\",\"@id\":\"https:\/\/www.visit-ulcinj.com\/blog\/2016\/12\/13\/ne-gjeneve-u-promovuan-vepra-vlere-nga-fusha-e-letersise-dhe-kultures-sone\/#webpage\",\"url\":\"https:\/\/www.visit-ulcinj.com\/blog\/2016\/12\/13\/ne-gjeneve-u-promovuan-vepra-vlere-nga-fusha-e-letersise-dhe-kultures-sone\/\",\"name\":\"N\u00eb Gjenev\u00eb u promovuan vepra me vler\u00eb nga fusha e let\u00ebrsis\u00eb dhe kultur\u00ebs son\u00eb - Lajme nga Ulqini\",\"isPartOf\":{\"@id\":\"https:\/\/www.visit-ulcinj.com\/blog\/#website\"},\"datePublished\":\"2016-12-13T16:10:46+00:00\",\"dateModified\":\"2016-12-13T16:10:46+00:00\",\"author\":{\"@id\":\"https:\/\/www.visit-ulcinj.com\/blog\/#\/schema\/person\/dcab619c614d3038751c63bc2aadc06d\"},\"description\":\"K\u00ebt\u00eb fundjav\u00eb n\u00eb nj\u00eb nga sallat auditoriale t\u00eb Universitetit shtet\u00ebror t\u00eb Gjenev\u00ebs, u b\u00eb promovimi \u00a0i \u00a0vepr\u00ebs s\u00eb bashkautor\u00ebve Besnik Camaj e Shefqet\",\"breadcrumb\":{\"@id\":\"https:\/\/www.visit-ulcinj.com\/blog\/2016\/12\/13\/ne-gjeneve-u-promovuan-vepra-vlere-nga-fusha-e-letersise-dhe-kultures-sone\/#breadcrumb\"},\"inLanguage\":\"en-US\",\"potentialAction\":[{\"@type\":\"ReadAction\",\"target\":[\"https:\/\/www.visit-ulcinj.com\/blog\/2016\/12\/13\/ne-gjeneve-u-promovuan-vepra-vlere-nga-fusha-e-letersise-dhe-kultures-sone\/\"]}]},{\"@type\":\"BreadcrumbList\",\"@id\":\"https:\/\/www.visit-ulcinj.com\/blog\/2016\/12\/13\/ne-gjeneve-u-promovuan-vepra-vlere-nga-fusha-e-letersise-dhe-kultures-sone\/#breadcrumb\",\"itemListElement\":[{\"@type\":\"ListItem\",\"position\":1,\"name\":\"N\u00eb Gjenev\u00eb u promovuan vepra me vler\u00eb nga fusha e let\u00ebrsis\u00eb dhe kultur\u00ebs son\u00eb\"}]},{\"@type\":\"Person\",\"@id\":\"https:\/\/www.visit-ulcinj.com\/blog\/#\/schema\/person\/dcab619c614d3038751c63bc2aadc06d\",\"name\":\"ulqini\",\"sameAs\":[\"http:\/\/www.visit-ulcinj.com\"],\"url\":\"https:\/\/www.visit-ulcinj.com\/blog\/author\/admin\/\"}]}<\/script>\n<!-- \/ Yoast SEO plugin. -->","yoast_head_json":{"title":"N\u00eb Gjenev\u00eb u promovuan vepra me vler\u00eb nga fusha e let\u00ebrsis\u00eb dhe kultur\u00ebs son\u00eb - Lajme nga Ulqini","description":"K\u00ebt\u00eb fundjav\u00eb n\u00eb nj\u00eb nga sallat auditoriale t\u00eb Universitetit shtet\u00ebror t\u00eb Gjenev\u00ebs, u b\u00eb promovimi \u00a0i \u00a0vepr\u00ebs s\u00eb bashkautor\u00ebve Besnik Camaj e Shefqet","robots":{"index":"index","follow":"follow","max-snippet":"max-snippet:-1","max-image-preview":"max-image-preview:large","max-video-preview":"max-video-preview:-1"},"canonical":"https:\/\/www.visit-ulcinj.com\/blog\/2016\/12\/13\/ne-gjeneve-u-promovuan-vepra-vlere-nga-fusha-e-letersise-dhe-kultures-sone\/","og_locale":"en_US","og_type":"article","og_title":"N\u00eb Gjenev\u00eb u promovuan vepra me vler\u00eb nga fusha e let\u00ebrsis\u00eb dhe kultur\u00ebs son\u00eb - Lajme nga Ulqini","og_description":"K\u00ebt\u00eb fundjav\u00eb n\u00eb nj\u00eb nga sallat auditoriale t\u00eb Universitetit shtet\u00ebror t\u00eb Gjenev\u00ebs, u b\u00eb promovimi \u00a0i \u00a0vepr\u00ebs s\u00eb bashkautor\u00ebve Besnik Camaj e Shefqet","og_url":"https:\/\/www.visit-ulcinj.com\/blog\/2016\/12\/13\/ne-gjeneve-u-promovuan-vepra-vlere-nga-fusha-e-letersise-dhe-kultures-sone\/","og_site_name":"Lajme nga Ulqini","article_published_time":"2016-12-13T16:10:46+00:00","twitter_misc":{"Written by":"ulqini","Est. reading time":"5 minutes"},"schema":{"@context":"https:\/\/schema.org","@graph":[{"@type":"WebSite","@id":"https:\/\/www.visit-ulcinj.com\/blog\/#website","url":"https:\/\/www.visit-ulcinj.com\/blog\/","name":"Lajme nga Ulqini","description":"Lajme,Vijesti,Ulqini,Ulqin,Crna Gora,Mali i Zi","potentialAction":[{"@type":"SearchAction","target":{"@type":"EntryPoint","urlTemplate":"https:\/\/www.visit-ulcinj.com\/blog\/?s={search_term_string}"},"query-input":"required name=search_term_string"}],"inLanguage":"en-US"},{"@type":"WebPage","@id":"https:\/\/www.visit-ulcinj.com\/blog\/2016\/12\/13\/ne-gjeneve-u-promovuan-vepra-vlere-nga-fusha-e-letersise-dhe-kultures-sone\/#webpage","url":"https:\/\/www.visit-ulcinj.com\/blog\/2016\/12\/13\/ne-gjeneve-u-promovuan-vepra-vlere-nga-fusha-e-letersise-dhe-kultures-sone\/","name":"N\u00eb Gjenev\u00eb u promovuan vepra me vler\u00eb nga fusha e let\u00ebrsis\u00eb dhe kultur\u00ebs son\u00eb - Lajme nga Ulqini","isPartOf":{"@id":"https:\/\/www.visit-ulcinj.com\/blog\/#website"},"datePublished":"2016-12-13T16:10:46+00:00","dateModified":"2016-12-13T16:10:46+00:00","author":{"@id":"https:\/\/www.visit-ulcinj.com\/blog\/#\/schema\/person\/dcab619c614d3038751c63bc2aadc06d"},"description":"K\u00ebt\u00eb fundjav\u00eb n\u00eb nj\u00eb nga sallat auditoriale t\u00eb Universitetit shtet\u00ebror t\u00eb Gjenev\u00ebs, u b\u00eb promovimi \u00a0i \u00a0vepr\u00ebs s\u00eb bashkautor\u00ebve Besnik Camaj e Shefqet","breadcrumb":{"@id":"https:\/\/www.visit-ulcinj.com\/blog\/2016\/12\/13\/ne-gjeneve-u-promovuan-vepra-vlere-nga-fusha-e-letersise-dhe-kultures-sone\/#breadcrumb"},"inLanguage":"en-US","potentialAction":[{"@type":"ReadAction","target":["https:\/\/www.visit-ulcinj.com\/blog\/2016\/12\/13\/ne-gjeneve-u-promovuan-vepra-vlere-nga-fusha-e-letersise-dhe-kultures-sone\/"]}]},{"@type":"BreadcrumbList","@id":"https:\/\/www.visit-ulcinj.com\/blog\/2016\/12\/13\/ne-gjeneve-u-promovuan-vepra-vlere-nga-fusha-e-letersise-dhe-kultures-sone\/#breadcrumb","itemListElement":[{"@type":"ListItem","position":1,"name":"N\u00eb Gjenev\u00eb u promovuan vepra me vler\u00eb nga fusha e let\u00ebrsis\u00eb dhe kultur\u00ebs son\u00eb"}]},{"@type":"Person","@id":"https:\/\/www.visit-ulcinj.com\/blog\/#\/schema\/person\/dcab619c614d3038751c63bc2aadc06d","name":"ulqini","sameAs":["http:\/\/www.visit-ulcinj.com"],"url":"https:\/\/www.visit-ulcinj.com\/blog\/author\/admin\/"}]}},"jetpack_featured_media_url":"","jetpack_sharing_enabled":true,"jetpack_shortlink":"https:\/\/wp.me\/pe6lTn-qr9","_links":{"self":[{"href":"https:\/\/www.visit-ulcinj.com\/blog\/wp-json\/wp\/v2\/posts\/101627"}],"collection":[{"href":"https:\/\/www.visit-ulcinj.com\/blog\/wp-json\/wp\/v2\/posts"}],"about":[{"href":"https:\/\/www.visit-ulcinj.com\/blog\/wp-json\/wp\/v2\/types\/post"}],"author":[{"embeddable":true,"href":"https:\/\/www.visit-ulcinj.com\/blog\/wp-json\/wp\/v2\/users\/1"}],"replies":[{"embeddable":true,"href":"https:\/\/www.visit-ulcinj.com\/blog\/wp-json\/wp\/v2\/comments?post=101627"}],"version-history":[{"count":1,"href":"https:\/\/www.visit-ulcinj.com\/blog\/wp-json\/wp\/v2\/posts\/101627\/revisions"}],"predecessor-version":[{"id":101630,"href":"https:\/\/www.visit-ulcinj.com\/blog\/wp-json\/wp\/v2\/posts\/101627\/revisions\/101630"}],"wp:attachment":[{"href":"https:\/\/www.visit-ulcinj.com\/blog\/wp-json\/wp\/v2\/media?parent=101627"}],"wp:term":[{"taxonomy":"category","embeddable":true,"href":"https:\/\/www.visit-ulcinj.com\/blog\/wp-json\/wp\/v2\/categories?post=101627"},{"taxonomy":"post_tag","embeddable":true,"href":"https:\/\/www.visit-ulcinj.com\/blog\/wp-json\/wp\/v2\/tags?post=101627"}],"curies":[{"name":"wp","href":"https:\/\/api.w.org\/{rel}","templated":true}]}}