{"id":101631,"date":"2016-12-13T17:16:05","date_gmt":"2016-12-13T16:16:05","guid":{"rendered":"http:\/\/www.visit-ulcinj.com\/blog\/?p=101631"},"modified":"2016-12-13T17:16:32","modified_gmt":"2016-12-13T16:16:32","slug":"fakulteti-bioteknik-universitetit-te-malit-te-zi-te-pergatise-studimin-per-revitalizimin-e-ullishtes-ne-valdanos","status":"publish","type":"post","link":"https:\/\/www.visit-ulcinj.com\/blog\/2016\/12\/13\/fakulteti-bioteknik-universitetit-te-malit-te-zi-te-pergatise-studimin-per-revitalizimin-e-ullishtes-ne-valdanos\/","title":{"rendered":"Fakulteti Bioteknik i Universitetit t\u00eb Malit t\u00eb Zi do t\u00eb p\u00ebrgatis\u00eb studimin p\u00ebr revitalizimin e ullisht\u00ebs n\u00eb Valdanos"},"content":{"rendered":"<p><a href=\"http:\/\/www.visit-ulcinj.com\/blog\/wp-content\/uploads\/2016\/12\/Studiju-revitalizacije-maslinade-Valdanos-uLCINJ.jpg\"><img loading=\"lazy\" class=\"alignleft wp-image-101632\" src=\"http:\/\/www.visit-ulcinj.com\/blog\/wp-content\/uploads\/2016\/12\/Studiju-revitalizacije-maslinade-Valdanos-uLCINJ.jpg\" alt=\"Studiju revitalizacije maslinade Valdanos-uLCINJ\" width=\"508\" height=\"336\" srcset=\"https:\/\/www.visit-ulcinj.com\/blog\/wp-content\/uploads\/2016\/12\/Studiju-revitalizacije-maslinade-Valdanos-uLCINJ.jpg 900w, https:\/\/www.visit-ulcinj.com\/blog\/wp-content\/uploads\/2016\/12\/Studiju-revitalizacije-maslinade-Valdanos-uLCINJ-300x198.jpg 300w, https:\/\/www.visit-ulcinj.com\/blog\/wp-content\/uploads\/2016\/12\/Studiju-revitalizacije-maslinade-Valdanos-uLCINJ-768x508.jpg 768w\" sizes=\"(max-width: 508px) 100vw, 508px\" \/><\/a>Kryetari i komun\u00ebs Nazif Cungu me bashk\u00ebpun\u00ebtor\u00eb\u00a0 priti sot nj\u00eb grup ekspert\u00ebsh t\u00eb Fakultetit\u00a0 bioteknik , p\u00ebrfaq\u00ebsuesit\u00a0 e Shoqat\u00ebs\u00a0 p\u00ebr kthimin e pron\u00ebs n\u00eb Valdanos dhe k\u00ebshilltarin p\u00ebr bujq\u00ebsi pran\u00eb Komun\u00ebs s\u00eb Ulqinit.<\/p>\n<p>Tem\u00eb diskutimi ishte ullishta\u00a0 n\u00eb Valdanos<\/p>\n<p>U la q\u00eb Fakulteti bioteknik\u00a0 n\u00eb nj\u00eb koh\u00eb\u00a0 optimale t\u00eb hartoj\u00eb nj\u00eb studim ku detalisht\u00a0 do t\u00eb\u00a0 analizohet gj\u00ebndja\u00a0 e ullisht\u00ebs n\u00eb Valdanos , masat dhe kosto q\u00eb k\u00ebrkon\u00a0 revitalizimi i k\u00ebtij kompleksi t\u00eb r\u00ebnd\u00ebsish\u00ebm.<\/p>\n<p>Ky do t\u00eb jet\u00eb studimi\u00a0 m\u00eb i holl\u00ebsish\u00ebm i punuar\u00a0 ndonj\u00ebher\u00eb dhe\u00a0 q\u00eb\u00a0 do t\u00eb jet\u00eb baz\u00eb\u00a0 e bisedimeve\u00a0 q\u00eb komuna do t\u00eb\u00a0 zhvilloj\u00eb\u00a0 me synim t\u00eb vet\u00ebm p\u00ebr kthimin e ullisht\u00ebs ish pronar\u00ebve t\u00eb dikursh\u00ebm.<\/p>\n<p>Kryetari Cungu edhe\u00a0 me k\u00ebt\u00eb rast shprehu gadishm\u00ebrin\u00eb e Komun\u00ebs p\u00ebr hartimin sa m\u00eb par\u00eb t\u00eb k\u00ebtij studimi .<\/p>\n<p>P\u00ebrndryshe ,komuna\u00a0 edhe\u00a0 k\u00ebt\u00eb vit ka ndar\u00eb mjeteve per rregullimin e rrug\u00ebve dhe shtigjeve n\u00eb ullisht\u00ebn e Valdanosit.<\/p>\n<p>Pas takimit\u00a0 ekspert\u00ebt e Fakultetit bioteknik, t\u00eb shoq\u00ebruar nga an\u00ebtar\u00ebt e Shoqat\u00ebs p\u00ebr kthimin e pron\u00ebs n\u00eb Valdanos dhe\u00a0 p\u00ebrfaq\u00ebsues t\u00eb Komun\u00ebs shkuan p\u00ebr t\u00eb vizituar ullisht\u00ebn dhe m\u00ebp\u00ebrs\u00ebafrmi t\u00eb njihen me gjendjen aktuale.<\/p>\n","protected":false},"excerpt":{"rendered":"<p>Kryetari i komun\u00ebs Nazif Cungu me bashk\u00ebpun\u00ebtor\u00eb\u00a0 priti sot nj\u00eb grup ekspert\u00ebsh t\u00eb Fakultetit\u00a0 bioteknik , p\u00ebrfaq\u00ebsuesit\u00a0 e Shoqat\u00ebs\u00a0 p\u00ebr kthimin e pron\u00ebs n\u00eb Valdanos dhe k\u00ebshilltarin p\u00ebr bujq\u00ebsi pran\u00eb Komun\u00ebs s\u00eb Ulqinit. Tem\u00eb diskutimi ishte ullishta\u00a0 n\u00eb Valdanos U la q\u00eb Fakulteti bioteknik\u00a0 n\u00eb nj\u00eb koh\u00eb\u00a0 optimale t\u00eb hartoj\u00eb nj\u00eb studim ku detalisht\u00a0 do [&hellip;]<\/p>\n","protected":false},"author":1,"featured_media":0,"comment_status":"closed","ping_status":"closed","sticky":false,"template":"","format":"standard","meta":{"spay_email":"","jetpack_publicize_message":"","jetpack_is_tweetstorm":false,"jetpack_publicize_feature_enabled":true},"categories":[12],"tags":[],"jetpack_publicize_connections":[],"yoast_head":"<!-- This site is optimized with the Yoast SEO plugin v19.1 - https:\/\/yoast.com\/wordpress\/plugins\/seo\/ -->\n<title>Fakulteti Bioteknik i Universitetit t\u00eb Malit t\u00eb Zi do t\u00eb p\u00ebrgatis\u00eb studimin p\u00ebr revitalizimin e ullisht\u00ebs n\u00eb Valdanos - Lajme nga Ulqini<\/title>\n<meta name=\"description\" content=\"Kryetari i komun\u00ebs Nazif Cungu me bashk\u00ebpun\u00ebtor\u00eb\u00a0 priti sot nj\u00eb grup ekspert\u00ebsh t\u00eb Fakultetit\u00a0 bioteknik , p\u00ebrfaq\u00ebsuesit\u00a0 e Shoqat\u00ebs\u00a0 p\u00ebr kthimin e pron\u00ebs\" \/>\n<meta name=\"robots\" content=\"index, follow, max-snippet:-1, max-image-preview:large, max-video-preview:-1\" \/>\n<link rel=\"canonical\" href=\"https:\/\/www.visit-ulcinj.com\/blog\/2016\/12\/13\/fakulteti-bioteknik-universitetit-te-malit-te-zi-te-pergatise-studimin-per-revitalizimin-e-ullishtes-ne-valdanos\/\" \/>\n<meta property=\"og:locale\" content=\"en_US\" \/>\n<meta property=\"og:type\" content=\"article\" \/>\n<meta property=\"og:title\" content=\"Fakulteti Bioteknik i Universitetit t\u00eb Malit t\u00eb Zi do t\u00eb p\u00ebrgatis\u00eb studimin p\u00ebr revitalizimin e ullisht\u00ebs n\u00eb Valdanos - Lajme nga Ulqini\" \/>\n<meta property=\"og:description\" content=\"Kryetari i komun\u00ebs Nazif Cungu me bashk\u00ebpun\u00ebtor\u00eb\u00a0 priti sot nj\u00eb grup ekspert\u00ebsh t\u00eb Fakultetit\u00a0 bioteknik , p\u00ebrfaq\u00ebsuesit\u00a0 e Shoqat\u00ebs\u00a0 p\u00ebr kthimin e pron\u00ebs\" \/>\n<meta property=\"og:url\" content=\"https:\/\/www.visit-ulcinj.com\/blog\/2016\/12\/13\/fakulteti-bioteknik-universitetit-te-malit-te-zi-te-pergatise-studimin-per-revitalizimin-e-ullishtes-ne-valdanos\/\" \/>\n<meta property=\"og:site_name\" content=\"Lajme nga Ulqini\" \/>\n<meta property=\"article:published_time\" content=\"2016-12-13T16:16:05+00:00\" \/>\n<meta property=\"article:modified_time\" content=\"2016-12-13T16:16:32+00:00\" \/>\n<meta property=\"og:image\" content=\"http:\/\/www.visit-ulcinj.com\/blog\/wp-content\/uploads\/2016\/12\/Studiju-revitalizacije-maslinade-Valdanos-uLCINJ.jpg\" \/>\n<meta name=\"twitter:label1\" content=\"Written by\" \/>\n\t<meta name=\"twitter:data1\" content=\"ulqini\" \/>\n\t<meta name=\"twitter:label2\" content=\"Est. reading time\" \/>\n\t<meta name=\"twitter:data2\" content=\"1 minute\" \/>\n<script type=\"application\/ld+json\" class=\"yoast-schema-graph\">{\"@context\":\"https:\/\/schema.org\",\"@graph\":[{\"@type\":\"WebSite\",\"@id\":\"https:\/\/www.visit-ulcinj.com\/blog\/#website\",\"url\":\"https:\/\/www.visit-ulcinj.com\/blog\/\",\"name\":\"Lajme nga Ulqini\",\"description\":\"Lajme,Vijesti,Ulqini,Ulqin,Crna Gora,Mali i Zi\",\"potentialAction\":[{\"@type\":\"SearchAction\",\"target\":{\"@type\":\"EntryPoint\",\"urlTemplate\":\"https:\/\/www.visit-ulcinj.com\/blog\/?s={search_term_string}\"},\"query-input\":\"required name=search_term_string\"}],\"inLanguage\":\"en-US\"},{\"@type\":\"ImageObject\",\"inLanguage\":\"en-US\",\"@id\":\"https:\/\/www.visit-ulcinj.com\/blog\/2016\/12\/13\/fakulteti-bioteknik-universitetit-te-malit-te-zi-te-pergatise-studimin-per-revitalizimin-e-ullishtes-ne-valdanos\/#primaryimage\",\"url\":\"https:\/\/www.visit-ulcinj.com\/blog\/wp-content\/uploads\/2016\/12\/Studiju-revitalizacije-maslinade-Valdanos-uLCINJ.jpg\",\"contentUrl\":\"https:\/\/www.visit-ulcinj.com\/blog\/wp-content\/uploads\/2016\/12\/Studiju-revitalizacije-maslinade-Valdanos-uLCINJ.jpg\",\"width\":900,\"height\":595},{\"@type\":\"WebPage\",\"@id\":\"https:\/\/www.visit-ulcinj.com\/blog\/2016\/12\/13\/fakulteti-bioteknik-universitetit-te-malit-te-zi-te-pergatise-studimin-per-revitalizimin-e-ullishtes-ne-valdanos\/#webpage\",\"url\":\"https:\/\/www.visit-ulcinj.com\/blog\/2016\/12\/13\/fakulteti-bioteknik-universitetit-te-malit-te-zi-te-pergatise-studimin-per-revitalizimin-e-ullishtes-ne-valdanos\/\",\"name\":\"Fakulteti Bioteknik i Universitetit t\u00eb Malit t\u00eb Zi do t\u00eb p\u00ebrgatis\u00eb studimin p\u00ebr revitalizimin e ullisht\u00ebs n\u00eb Valdanos - Lajme nga Ulqini\",\"isPartOf\":{\"@id\":\"https:\/\/www.visit-ulcinj.com\/blog\/#website\"},\"primaryImageOfPage\":{\"@id\":\"https:\/\/www.visit-ulcinj.com\/blog\/2016\/12\/13\/fakulteti-bioteknik-universitetit-te-malit-te-zi-te-pergatise-studimin-per-revitalizimin-e-ullishtes-ne-valdanos\/#primaryimage\"},\"datePublished\":\"2016-12-13T16:16:05+00:00\",\"dateModified\":\"2016-12-13T16:16:32+00:00\",\"author\":{\"@id\":\"https:\/\/www.visit-ulcinj.com\/blog\/#\/schema\/person\/dcab619c614d3038751c63bc2aadc06d\"},\"description\":\"Kryetari i komun\u00ebs Nazif Cungu me bashk\u00ebpun\u00ebtor\u00eb\u00a0 priti sot nj\u00eb grup ekspert\u00ebsh t\u00eb Fakultetit\u00a0 bioteknik , p\u00ebrfaq\u00ebsuesit\u00a0 e Shoqat\u00ebs\u00a0 p\u00ebr kthimin e pron\u00ebs\",\"breadcrumb\":{\"@id\":\"https:\/\/www.visit-ulcinj.com\/blog\/2016\/12\/13\/fakulteti-bioteknik-universitetit-te-malit-te-zi-te-pergatise-studimin-per-revitalizimin-e-ullishtes-ne-valdanos\/#breadcrumb\"},\"inLanguage\":\"en-US\",\"potentialAction\":[{\"@type\":\"ReadAction\",\"target\":[\"https:\/\/www.visit-ulcinj.com\/blog\/2016\/12\/13\/fakulteti-bioteknik-universitetit-te-malit-te-zi-te-pergatise-studimin-per-revitalizimin-e-ullishtes-ne-valdanos\/\"]}]},{\"@type\":\"BreadcrumbList\",\"@id\":\"https:\/\/www.visit-ulcinj.com\/blog\/2016\/12\/13\/fakulteti-bioteknik-universitetit-te-malit-te-zi-te-pergatise-studimin-per-revitalizimin-e-ullishtes-ne-valdanos\/#breadcrumb\",\"itemListElement\":[{\"@type\":\"ListItem\",\"position\":1,\"name\":\"Fakulteti Bioteknik i Universitetit t\u00eb Malit t\u00eb Zi do t\u00eb p\u00ebrgatis\u00eb studimin p\u00ebr revitalizimin e ullisht\u00ebs n\u00eb Valdanos\"}]},{\"@type\":\"Person\",\"@id\":\"https:\/\/www.visit-ulcinj.com\/blog\/#\/schema\/person\/dcab619c614d3038751c63bc2aadc06d\",\"name\":\"ulqini\",\"sameAs\":[\"http:\/\/www.visit-ulcinj.com\"],\"url\":\"https:\/\/www.visit-ulcinj.com\/blog\/author\/admin\/\"}]}<\/script>\n<!-- \/ Yoast SEO plugin. -->","yoast_head_json":{"title":"Fakulteti Bioteknik i Universitetit t\u00eb Malit t\u00eb Zi do t\u00eb p\u00ebrgatis\u00eb studimin p\u00ebr revitalizimin e ullisht\u00ebs n\u00eb Valdanos - Lajme nga Ulqini","description":"Kryetari i komun\u00ebs Nazif Cungu me bashk\u00ebpun\u00ebtor\u00eb\u00a0 priti sot nj\u00eb grup ekspert\u00ebsh t\u00eb Fakultetit\u00a0 bioteknik , p\u00ebrfaq\u00ebsuesit\u00a0 e Shoqat\u00ebs\u00a0 p\u00ebr kthimin e pron\u00ebs","robots":{"index":"index","follow":"follow","max-snippet":"max-snippet:-1","max-image-preview":"max-image-preview:large","max-video-preview":"max-video-preview:-1"},"canonical":"https:\/\/www.visit-ulcinj.com\/blog\/2016\/12\/13\/fakulteti-bioteknik-universitetit-te-malit-te-zi-te-pergatise-studimin-per-revitalizimin-e-ullishtes-ne-valdanos\/","og_locale":"en_US","og_type":"article","og_title":"Fakulteti Bioteknik i Universitetit t\u00eb Malit t\u00eb Zi do t\u00eb p\u00ebrgatis\u00eb studimin p\u00ebr revitalizimin e ullisht\u00ebs n\u00eb Valdanos - Lajme nga Ulqini","og_description":"Kryetari i komun\u00ebs Nazif Cungu me bashk\u00ebpun\u00ebtor\u00eb\u00a0 priti sot nj\u00eb grup ekspert\u00ebsh t\u00eb Fakultetit\u00a0 bioteknik , p\u00ebrfaq\u00ebsuesit\u00a0 e Shoqat\u00ebs\u00a0 p\u00ebr kthimin e pron\u00ebs","og_url":"https:\/\/www.visit-ulcinj.com\/blog\/2016\/12\/13\/fakulteti-bioteknik-universitetit-te-malit-te-zi-te-pergatise-studimin-per-revitalizimin-e-ullishtes-ne-valdanos\/","og_site_name":"Lajme nga Ulqini","article_published_time":"2016-12-13T16:16:05+00:00","article_modified_time":"2016-12-13T16:16:32+00:00","og_image":[{"url":"http:\/\/www.visit-ulcinj.com\/blog\/wp-content\/uploads\/2016\/12\/Studiju-revitalizacije-maslinade-Valdanos-uLCINJ.jpg"}],"twitter_misc":{"Written by":"ulqini","Est. reading time":"1 minute"},"schema":{"@context":"https:\/\/schema.org","@graph":[{"@type":"WebSite","@id":"https:\/\/www.visit-ulcinj.com\/blog\/#website","url":"https:\/\/www.visit-ulcinj.com\/blog\/","name":"Lajme nga Ulqini","description":"Lajme,Vijesti,Ulqini,Ulqin,Crna Gora,Mali i Zi","potentialAction":[{"@type":"SearchAction","target":{"@type":"EntryPoint","urlTemplate":"https:\/\/www.visit-ulcinj.com\/blog\/?s={search_term_string}"},"query-input":"required name=search_term_string"}],"inLanguage":"en-US"},{"@type":"ImageObject","inLanguage":"en-US","@id":"https:\/\/www.visit-ulcinj.com\/blog\/2016\/12\/13\/fakulteti-bioteknik-universitetit-te-malit-te-zi-te-pergatise-studimin-per-revitalizimin-e-ullishtes-ne-valdanos\/#primaryimage","url":"https:\/\/www.visit-ulcinj.com\/blog\/wp-content\/uploads\/2016\/12\/Studiju-revitalizacije-maslinade-Valdanos-uLCINJ.jpg","contentUrl":"https:\/\/www.visit-ulcinj.com\/blog\/wp-content\/uploads\/2016\/12\/Studiju-revitalizacije-maslinade-Valdanos-uLCINJ.jpg","width":900,"height":595},{"@type":"WebPage","@id":"https:\/\/www.visit-ulcinj.com\/blog\/2016\/12\/13\/fakulteti-bioteknik-universitetit-te-malit-te-zi-te-pergatise-studimin-per-revitalizimin-e-ullishtes-ne-valdanos\/#webpage","url":"https:\/\/www.visit-ulcinj.com\/blog\/2016\/12\/13\/fakulteti-bioteknik-universitetit-te-malit-te-zi-te-pergatise-studimin-per-revitalizimin-e-ullishtes-ne-valdanos\/","name":"Fakulteti Bioteknik i Universitetit t\u00eb Malit t\u00eb Zi do t\u00eb p\u00ebrgatis\u00eb studimin p\u00ebr revitalizimin e ullisht\u00ebs n\u00eb Valdanos - Lajme nga Ulqini","isPartOf":{"@id":"https:\/\/www.visit-ulcinj.com\/blog\/#website"},"primaryImageOfPage":{"@id":"https:\/\/www.visit-ulcinj.com\/blog\/2016\/12\/13\/fakulteti-bioteknik-universitetit-te-malit-te-zi-te-pergatise-studimin-per-revitalizimin-e-ullishtes-ne-valdanos\/#primaryimage"},"datePublished":"2016-12-13T16:16:05+00:00","dateModified":"2016-12-13T16:16:32+00:00","author":{"@id":"https:\/\/www.visit-ulcinj.com\/blog\/#\/schema\/person\/dcab619c614d3038751c63bc2aadc06d"},"description":"Kryetari i komun\u00ebs Nazif Cungu me bashk\u00ebpun\u00ebtor\u00eb\u00a0 priti sot nj\u00eb grup ekspert\u00ebsh t\u00eb Fakultetit\u00a0 bioteknik , p\u00ebrfaq\u00ebsuesit\u00a0 e Shoqat\u00ebs\u00a0 p\u00ebr kthimin e pron\u00ebs","breadcrumb":{"@id":"https:\/\/www.visit-ulcinj.com\/blog\/2016\/12\/13\/fakulteti-bioteknik-universitetit-te-malit-te-zi-te-pergatise-studimin-per-revitalizimin-e-ullishtes-ne-valdanos\/#breadcrumb"},"inLanguage":"en-US","potentialAction":[{"@type":"ReadAction","target":["https:\/\/www.visit-ulcinj.com\/blog\/2016\/12\/13\/fakulteti-bioteknik-universitetit-te-malit-te-zi-te-pergatise-studimin-per-revitalizimin-e-ullishtes-ne-valdanos\/"]}]},{"@type":"BreadcrumbList","@id":"https:\/\/www.visit-ulcinj.com\/blog\/2016\/12\/13\/fakulteti-bioteknik-universitetit-te-malit-te-zi-te-pergatise-studimin-per-revitalizimin-e-ullishtes-ne-valdanos\/#breadcrumb","itemListElement":[{"@type":"ListItem","position":1,"name":"Fakulteti Bioteknik i Universitetit t\u00eb Malit t\u00eb Zi do t\u00eb p\u00ebrgatis\u00eb studimin p\u00ebr revitalizimin e ullisht\u00ebs n\u00eb Valdanos"}]},{"@type":"Person","@id":"https:\/\/www.visit-ulcinj.com\/blog\/#\/schema\/person\/dcab619c614d3038751c63bc2aadc06d","name":"ulqini","sameAs":["http:\/\/www.visit-ulcinj.com"],"url":"https:\/\/www.visit-ulcinj.com\/blog\/author\/admin\/"}]}},"jetpack_featured_media_url":"","jetpack_sharing_enabled":true,"jetpack_shortlink":"https:\/\/wp.me\/pe6lTn-qrd","_links":{"self":[{"href":"https:\/\/www.visit-ulcinj.com\/blog\/wp-json\/wp\/v2\/posts\/101631"}],"collection":[{"href":"https:\/\/www.visit-ulcinj.com\/blog\/wp-json\/wp\/v2\/posts"}],"about":[{"href":"https:\/\/www.visit-ulcinj.com\/blog\/wp-json\/wp\/v2\/types\/post"}],"author":[{"embeddable":true,"href":"https:\/\/www.visit-ulcinj.com\/blog\/wp-json\/wp\/v2\/users\/1"}],"replies":[{"embeddable":true,"href":"https:\/\/www.visit-ulcinj.com\/blog\/wp-json\/wp\/v2\/comments?post=101631"}],"version-history":[{"count":1,"href":"https:\/\/www.visit-ulcinj.com\/blog\/wp-json\/wp\/v2\/posts\/101631\/revisions"}],"predecessor-version":[{"id":101633,"href":"https:\/\/www.visit-ulcinj.com\/blog\/wp-json\/wp\/v2\/posts\/101631\/revisions\/101633"}],"wp:attachment":[{"href":"https:\/\/www.visit-ulcinj.com\/blog\/wp-json\/wp\/v2\/media?parent=101631"}],"wp:term":[{"taxonomy":"category","embeddable":true,"href":"https:\/\/www.visit-ulcinj.com\/blog\/wp-json\/wp\/v2\/categories?post=101631"},{"taxonomy":"post_tag","embeddable":true,"href":"https:\/\/www.visit-ulcinj.com\/blog\/wp-json\/wp\/v2\/tags?post=101631"}],"curies":[{"name":"wp","href":"https:\/\/api.w.org\/{rel}","templated":true}]}}