{"id":101634,"date":"2016-12-13T17:19:09","date_gmt":"2016-12-13T16:19:09","guid":{"rendered":"http:\/\/www.visit-ulcinj.com\/blog\/?p=101634"},"modified":"2016-12-13T17:19:09","modified_gmt":"2016-12-13T16:19:09","slug":"biotehnicki-fakultet-univerziteta-crne-gore-ce-pripremitu-studiju-revitalizacije-maslinade-valdanos","status":"publish","type":"post","link":"https:\/\/www.visit-ulcinj.com\/blog\/2016\/12\/13\/biotehnicki-fakultet-univerziteta-crne-gore-ce-pripremitu-studiju-revitalizacije-maslinade-valdanos\/","title":{"rendered":"Biotehni\u010dki Fakultet Univerziteta Crne Gore \u0107e pripremitu studiju revitalizacije maslinade Valdanos"},"content":{"rendered":"<p><a href=\"http:\/\/www.visit-ulcinj.com\/blog\/wp-content\/uploads\/2016\/12\/Studiju-revitalizacije-maslinade-Valdanos-uLCINJ.jpg\"><img loading=\"lazy\" class=\"alignleft wp-image-101632\" src=\"http:\/\/www.visit-ulcinj.com\/blog\/wp-content\/uploads\/2016\/12\/Studiju-revitalizacije-maslinade-Valdanos-uLCINJ.jpg\" alt=\"Studiju revitalizacije maslinade Valdanos-uLCINJ\" width=\"508\" height=\"336\" srcset=\"https:\/\/www.visit-ulcinj.com\/blog\/wp-content\/uploads\/2016\/12\/Studiju-revitalizacije-maslinade-Valdanos-uLCINJ.jpg 900w, https:\/\/www.visit-ulcinj.com\/blog\/wp-content\/uploads\/2016\/12\/Studiju-revitalizacije-maslinade-Valdanos-uLCINJ-300x198.jpg 300w, https:\/\/www.visit-ulcinj.com\/blog\/wp-content\/uploads\/2016\/12\/Studiju-revitalizacije-maslinade-Valdanos-uLCINJ-768x508.jpg 768w\" sizes=\"(max-width: 508px) 100vw, 508px\" \/><\/a>Predsjednik Op\u0161tine Nazif Cungu sa saradnicima je do\u010dekao grupu eksperata Biotehni\u010dkog Fakulteta, predstavnike Udru\u017eenja za povra\u0107aj maslinade Valdanos i savjetnike za poljoprivredu op\u0161tine Ulcinj.<\/p>\n<p>Tema razgovora je bila ispitivanje stanja i revitalizacija maslinade Valdanos<\/p>\n<p>Na sastanku je dogovoreno da Biotehni\u010dki Fakultet u kratkom vremenskom periodu pripremi studiju kojom \u0107e se detaljno analizirati realno stanje maslinade Valdanos, preduzimanje neophodnih mjera i tro\u0161kove za realizaciju revitalizacije ovog veoma bitnog kompleksa.<\/p>\n<p>O\u010dekuje se izrada detaljne studije koja \u0107e predstavljati osnov za razgovore o povra\u0107aju maslinade i koracima koje treba preduzeti u budu\u0107em periodu.<\/p>\n<p>Predsjednik Cungu je izrazio spremnost Op\u0161tine Ulcinj da podr\u017ei ovaj projekat do kraja.<\/p>\n<p>Ina\u010de, Op\u0161tina Ulcinj \u0107e bud\u017eetom za slede\u0107u kalendarsku godinu obezbjediti zna\u010dajna sredstva za sanaciju ulica i staza na maslinadi Valdanos. Nakon sastanka, tim eksperata sa predstavnicima Op\u0161tine i predstavnicima udru\u017eenja posjetili su maslinadu Valdanos kako bi se izbliza upoznali sa aktuelnom situacijom.<\/p>\n","protected":false},"excerpt":{"rendered":"<p>Predsjednik Op\u0161tine Nazif Cungu sa saradnicima je do\u010dekao grupu eksperata Biotehni\u010dkog Fakulteta, predstavnike Udru\u017eenja za povra\u0107aj maslinade Valdanos i savjetnike za poljoprivredu op\u0161tine Ulcinj. Tema razgovora je bila ispitivanje stanja i revitalizacija maslinade Valdanos Na sastanku je dogovoreno da Biotehni\u010dki Fakultet u kratkom vremenskom periodu pripremi studiju kojom \u0107e se detaljno analizirati realno stanje maslinade [&hellip;]<\/p>\n","protected":false},"author":1,"featured_media":0,"comment_status":"closed","ping_status":"closed","sticky":false,"template":"","format":"standard","meta":{"spay_email":"","jetpack_publicize_message":"","jetpack_is_tweetstorm":false,"jetpack_publicize_feature_enabled":true},"categories":[8337],"tags":[],"jetpack_publicize_connections":[],"yoast_head":"<!-- This site is optimized with the Yoast SEO plugin v19.1 - https:\/\/yoast.com\/wordpress\/plugins\/seo\/ -->\n<title>Biotehni\u010dki Fakultet Univerziteta Crne Gore \u0107e pripremitu studiju revitalizacije maslinade Valdanos - Lajme nga Ulqini<\/title>\n<meta name=\"description\" content=\"Predsjednik Op\u0161tine Nazif Cungu sa saradnicima je do\u010dekao grupu eksperata Biotehni\u010dkog Fakulteta, predstavnike Udru\u017eenja za povra\u0107aj maslinade Valdanos i\" \/>\n<meta name=\"robots\" content=\"index, follow, max-snippet:-1, max-image-preview:large, max-video-preview:-1\" \/>\n<link rel=\"canonical\" href=\"https:\/\/www.visit-ulcinj.com\/blog\/2016\/12\/13\/biotehnicki-fakultet-univerziteta-crne-gore-ce-pripremitu-studiju-revitalizacije-maslinade-valdanos\/\" \/>\n<meta property=\"og:locale\" content=\"en_US\" \/>\n<meta property=\"og:type\" content=\"article\" \/>\n<meta property=\"og:title\" content=\"Biotehni\u010dki Fakultet Univerziteta Crne Gore \u0107e pripremitu studiju revitalizacije maslinade Valdanos - Lajme nga Ulqini\" \/>\n<meta property=\"og:description\" content=\"Predsjednik Op\u0161tine Nazif Cungu sa saradnicima je do\u010dekao grupu eksperata Biotehni\u010dkog Fakulteta, predstavnike Udru\u017eenja za povra\u0107aj maslinade Valdanos i\" \/>\n<meta property=\"og:url\" content=\"https:\/\/www.visit-ulcinj.com\/blog\/2016\/12\/13\/biotehnicki-fakultet-univerziteta-crne-gore-ce-pripremitu-studiju-revitalizacije-maslinade-valdanos\/\" \/>\n<meta property=\"og:site_name\" content=\"Lajme nga Ulqini\" \/>\n<meta property=\"article:published_time\" content=\"2016-12-13T16:19:09+00:00\" \/>\n<meta property=\"og:image\" content=\"http:\/\/www.visit-ulcinj.com\/blog\/wp-content\/uploads\/2016\/12\/Studiju-revitalizacije-maslinade-Valdanos-uLCINJ.jpg\" \/>\n<meta name=\"twitter:label1\" content=\"Written by\" \/>\n\t<meta name=\"twitter:data1\" content=\"ulqini\" \/>\n\t<meta name=\"twitter:label2\" content=\"Est. reading time\" \/>\n\t<meta name=\"twitter:data2\" content=\"1 minute\" \/>\n<script type=\"application\/ld+json\" class=\"yoast-schema-graph\">{\"@context\":\"https:\/\/schema.org\",\"@graph\":[{\"@type\":\"WebSite\",\"@id\":\"https:\/\/www.visit-ulcinj.com\/blog\/#website\",\"url\":\"https:\/\/www.visit-ulcinj.com\/blog\/\",\"name\":\"Lajme nga Ulqini\",\"description\":\"Lajme,Vijesti,Ulqini,Ulqin,Crna Gora,Mali i Zi\",\"potentialAction\":[{\"@type\":\"SearchAction\",\"target\":{\"@type\":\"EntryPoint\",\"urlTemplate\":\"https:\/\/www.visit-ulcinj.com\/blog\/?s={search_term_string}\"},\"query-input\":\"required name=search_term_string\"}],\"inLanguage\":\"en-US\"},{\"@type\":\"ImageObject\",\"inLanguage\":\"en-US\",\"@id\":\"https:\/\/www.visit-ulcinj.com\/blog\/2016\/12\/13\/biotehnicki-fakultet-univerziteta-crne-gore-ce-pripremitu-studiju-revitalizacije-maslinade-valdanos\/#primaryimage\",\"url\":\"https:\/\/www.visit-ulcinj.com\/blog\/wp-content\/uploads\/2016\/12\/Studiju-revitalizacije-maslinade-Valdanos-uLCINJ.jpg\",\"contentUrl\":\"https:\/\/www.visit-ulcinj.com\/blog\/wp-content\/uploads\/2016\/12\/Studiju-revitalizacije-maslinade-Valdanos-uLCINJ.jpg\",\"width\":900,\"height\":595},{\"@type\":\"WebPage\",\"@id\":\"https:\/\/www.visit-ulcinj.com\/blog\/2016\/12\/13\/biotehnicki-fakultet-univerziteta-crne-gore-ce-pripremitu-studiju-revitalizacije-maslinade-valdanos\/#webpage\",\"url\":\"https:\/\/www.visit-ulcinj.com\/blog\/2016\/12\/13\/biotehnicki-fakultet-univerziteta-crne-gore-ce-pripremitu-studiju-revitalizacije-maslinade-valdanos\/\",\"name\":\"Biotehni\u010dki Fakultet Univerziteta Crne Gore \u0107e pripremitu studiju revitalizacije maslinade Valdanos - Lajme nga Ulqini\",\"isPartOf\":{\"@id\":\"https:\/\/www.visit-ulcinj.com\/blog\/#website\"},\"primaryImageOfPage\":{\"@id\":\"https:\/\/www.visit-ulcinj.com\/blog\/2016\/12\/13\/biotehnicki-fakultet-univerziteta-crne-gore-ce-pripremitu-studiju-revitalizacije-maslinade-valdanos\/#primaryimage\"},\"datePublished\":\"2016-12-13T16:19:09+00:00\",\"dateModified\":\"2016-12-13T16:19:09+00:00\",\"author\":{\"@id\":\"https:\/\/www.visit-ulcinj.com\/blog\/#\/schema\/person\/dcab619c614d3038751c63bc2aadc06d\"},\"description\":\"Predsjednik Op\u0161tine Nazif Cungu sa saradnicima je do\u010dekao grupu eksperata Biotehni\u010dkog Fakulteta, predstavnike Udru\u017eenja za povra\u0107aj maslinade Valdanos i\",\"breadcrumb\":{\"@id\":\"https:\/\/www.visit-ulcinj.com\/blog\/2016\/12\/13\/biotehnicki-fakultet-univerziteta-crne-gore-ce-pripremitu-studiju-revitalizacije-maslinade-valdanos\/#breadcrumb\"},\"inLanguage\":\"en-US\",\"potentialAction\":[{\"@type\":\"ReadAction\",\"target\":[\"https:\/\/www.visit-ulcinj.com\/blog\/2016\/12\/13\/biotehnicki-fakultet-univerziteta-crne-gore-ce-pripremitu-studiju-revitalizacije-maslinade-valdanos\/\"]}]},{\"@type\":\"BreadcrumbList\",\"@id\":\"https:\/\/www.visit-ulcinj.com\/blog\/2016\/12\/13\/biotehnicki-fakultet-univerziteta-crne-gore-ce-pripremitu-studiju-revitalizacije-maslinade-valdanos\/#breadcrumb\",\"itemListElement\":[{\"@type\":\"ListItem\",\"position\":1,\"name\":\"Biotehni\u010dki Fakultet Univerziteta Crne Gore \u0107e pripremitu studiju revitalizacije maslinade Valdanos\"}]},{\"@type\":\"Person\",\"@id\":\"https:\/\/www.visit-ulcinj.com\/blog\/#\/schema\/person\/dcab619c614d3038751c63bc2aadc06d\",\"name\":\"ulqini\",\"sameAs\":[\"http:\/\/www.visit-ulcinj.com\"],\"url\":\"https:\/\/www.visit-ulcinj.com\/blog\/author\/admin\/\"}]}<\/script>\n<!-- \/ Yoast SEO plugin. -->","yoast_head_json":{"title":"Biotehni\u010dki Fakultet Univerziteta Crne Gore \u0107e pripremitu studiju revitalizacije maslinade Valdanos - Lajme nga Ulqini","description":"Predsjednik Op\u0161tine Nazif Cungu sa saradnicima je do\u010dekao grupu eksperata Biotehni\u010dkog Fakulteta, predstavnike Udru\u017eenja za povra\u0107aj maslinade Valdanos i","robots":{"index":"index","follow":"follow","max-snippet":"max-snippet:-1","max-image-preview":"max-image-preview:large","max-video-preview":"max-video-preview:-1"},"canonical":"https:\/\/www.visit-ulcinj.com\/blog\/2016\/12\/13\/biotehnicki-fakultet-univerziteta-crne-gore-ce-pripremitu-studiju-revitalizacije-maslinade-valdanos\/","og_locale":"en_US","og_type":"article","og_title":"Biotehni\u010dki Fakultet Univerziteta Crne Gore \u0107e pripremitu studiju revitalizacije maslinade Valdanos - Lajme nga Ulqini","og_description":"Predsjednik Op\u0161tine Nazif Cungu sa saradnicima je do\u010dekao grupu eksperata Biotehni\u010dkog Fakulteta, predstavnike Udru\u017eenja za povra\u0107aj maslinade Valdanos i","og_url":"https:\/\/www.visit-ulcinj.com\/blog\/2016\/12\/13\/biotehnicki-fakultet-univerziteta-crne-gore-ce-pripremitu-studiju-revitalizacije-maslinade-valdanos\/","og_site_name":"Lajme nga Ulqini","article_published_time":"2016-12-13T16:19:09+00:00","og_image":[{"url":"http:\/\/www.visit-ulcinj.com\/blog\/wp-content\/uploads\/2016\/12\/Studiju-revitalizacije-maslinade-Valdanos-uLCINJ.jpg"}],"twitter_misc":{"Written by":"ulqini","Est. reading time":"1 minute"},"schema":{"@context":"https:\/\/schema.org","@graph":[{"@type":"WebSite","@id":"https:\/\/www.visit-ulcinj.com\/blog\/#website","url":"https:\/\/www.visit-ulcinj.com\/blog\/","name":"Lajme nga Ulqini","description":"Lajme,Vijesti,Ulqini,Ulqin,Crna Gora,Mali i Zi","potentialAction":[{"@type":"SearchAction","target":{"@type":"EntryPoint","urlTemplate":"https:\/\/www.visit-ulcinj.com\/blog\/?s={search_term_string}"},"query-input":"required name=search_term_string"}],"inLanguage":"en-US"},{"@type":"ImageObject","inLanguage":"en-US","@id":"https:\/\/www.visit-ulcinj.com\/blog\/2016\/12\/13\/biotehnicki-fakultet-univerziteta-crne-gore-ce-pripremitu-studiju-revitalizacije-maslinade-valdanos\/#primaryimage","url":"https:\/\/www.visit-ulcinj.com\/blog\/wp-content\/uploads\/2016\/12\/Studiju-revitalizacije-maslinade-Valdanos-uLCINJ.jpg","contentUrl":"https:\/\/www.visit-ulcinj.com\/blog\/wp-content\/uploads\/2016\/12\/Studiju-revitalizacije-maslinade-Valdanos-uLCINJ.jpg","width":900,"height":595},{"@type":"WebPage","@id":"https:\/\/www.visit-ulcinj.com\/blog\/2016\/12\/13\/biotehnicki-fakultet-univerziteta-crne-gore-ce-pripremitu-studiju-revitalizacije-maslinade-valdanos\/#webpage","url":"https:\/\/www.visit-ulcinj.com\/blog\/2016\/12\/13\/biotehnicki-fakultet-univerziteta-crne-gore-ce-pripremitu-studiju-revitalizacije-maslinade-valdanos\/","name":"Biotehni\u010dki Fakultet Univerziteta Crne Gore \u0107e pripremitu studiju revitalizacije maslinade Valdanos - Lajme nga Ulqini","isPartOf":{"@id":"https:\/\/www.visit-ulcinj.com\/blog\/#website"},"primaryImageOfPage":{"@id":"https:\/\/www.visit-ulcinj.com\/blog\/2016\/12\/13\/biotehnicki-fakultet-univerziteta-crne-gore-ce-pripremitu-studiju-revitalizacije-maslinade-valdanos\/#primaryimage"},"datePublished":"2016-12-13T16:19:09+00:00","dateModified":"2016-12-13T16:19:09+00:00","author":{"@id":"https:\/\/www.visit-ulcinj.com\/blog\/#\/schema\/person\/dcab619c614d3038751c63bc2aadc06d"},"description":"Predsjednik Op\u0161tine Nazif Cungu sa saradnicima je do\u010dekao grupu eksperata Biotehni\u010dkog Fakulteta, predstavnike Udru\u017eenja za povra\u0107aj maslinade Valdanos i","breadcrumb":{"@id":"https:\/\/www.visit-ulcinj.com\/blog\/2016\/12\/13\/biotehnicki-fakultet-univerziteta-crne-gore-ce-pripremitu-studiju-revitalizacije-maslinade-valdanos\/#breadcrumb"},"inLanguage":"en-US","potentialAction":[{"@type":"ReadAction","target":["https:\/\/www.visit-ulcinj.com\/blog\/2016\/12\/13\/biotehnicki-fakultet-univerziteta-crne-gore-ce-pripremitu-studiju-revitalizacije-maslinade-valdanos\/"]}]},{"@type":"BreadcrumbList","@id":"https:\/\/www.visit-ulcinj.com\/blog\/2016\/12\/13\/biotehnicki-fakultet-univerziteta-crne-gore-ce-pripremitu-studiju-revitalizacije-maslinade-valdanos\/#breadcrumb","itemListElement":[{"@type":"ListItem","position":1,"name":"Biotehni\u010dki Fakultet Univerziteta Crne Gore \u0107e pripremitu studiju revitalizacije maslinade Valdanos"}]},{"@type":"Person","@id":"https:\/\/www.visit-ulcinj.com\/blog\/#\/schema\/person\/dcab619c614d3038751c63bc2aadc06d","name":"ulqini","sameAs":["http:\/\/www.visit-ulcinj.com"],"url":"https:\/\/www.visit-ulcinj.com\/blog\/author\/admin\/"}]}},"jetpack_featured_media_url":"","jetpack_sharing_enabled":true,"jetpack_shortlink":"https:\/\/wp.me\/pe6lTn-qrg","_links":{"self":[{"href":"https:\/\/www.visit-ulcinj.com\/blog\/wp-json\/wp\/v2\/posts\/101634"}],"collection":[{"href":"https:\/\/www.visit-ulcinj.com\/blog\/wp-json\/wp\/v2\/posts"}],"about":[{"href":"https:\/\/www.visit-ulcinj.com\/blog\/wp-json\/wp\/v2\/types\/post"}],"author":[{"embeddable":true,"href":"https:\/\/www.visit-ulcinj.com\/blog\/wp-json\/wp\/v2\/users\/1"}],"replies":[{"embeddable":true,"href":"https:\/\/www.visit-ulcinj.com\/blog\/wp-json\/wp\/v2\/comments?post=101634"}],"version-history":[{"count":1,"href":"https:\/\/www.visit-ulcinj.com\/blog\/wp-json\/wp\/v2\/posts\/101634\/revisions"}],"predecessor-version":[{"id":101635,"href":"https:\/\/www.visit-ulcinj.com\/blog\/wp-json\/wp\/v2\/posts\/101634\/revisions\/101635"}],"wp:attachment":[{"href":"https:\/\/www.visit-ulcinj.com\/blog\/wp-json\/wp\/v2\/media?parent=101634"}],"wp:term":[{"taxonomy":"category","embeddable":true,"href":"https:\/\/www.visit-ulcinj.com\/blog\/wp-json\/wp\/v2\/categories?post=101634"},{"taxonomy":"post_tag","embeddable":true,"href":"https:\/\/www.visit-ulcinj.com\/blog\/wp-json\/wp\/v2\/tags?post=101634"}],"curies":[{"name":"wp","href":"https:\/\/api.w.org\/{rel}","templated":true}]}}