{"id":101643,"date":"2016-12-13T18:14:47","date_gmt":"2016-12-13T17:14:47","guid":{"rendered":"http:\/\/www.visit-ulcinj.com\/blog\/?p=101643"},"modified":"2016-12-13T18:14:47","modified_gmt":"2016-12-13T17:14:47","slug":"rtcg-hronika-gradova-ulcinj-gost-mr-vaso-radovic-ecc","status":"publish","type":"post","link":"https:\/\/www.visit-ulcinj.com\/blog\/2016\/12\/13\/rtcg-hronika-gradova-ulcinj-gost-mr-vaso-radovic-ecc\/","title":{"rendered":"RTCG: Hronika gradova &#8211; Ulcinj &#8211; Gost  Mr.Vaso Radovi\u0107 ecc"},"content":{"rendered":"<p><span class=\"st\"><a href=\"http:\/\/www.visit-ulcinj.com\/blog\/wp-content\/uploads\/2016\/12\/Potpredsjednik-opstine-Ulcinj-Mr.Vaso-Radovic-ecc.jpg\"><img loading=\"lazy\" class=\"alignleft wp-image-101644\" src=\"http:\/\/www.visit-ulcinj.com\/blog\/wp-content\/uploads\/2016\/12\/Potpredsjednik-opstine-Ulcinj-Mr.Vaso-Radovic-ecc.jpg\" alt=\"Potpredsjednik opstine Ulcinj-Mr.Vaso Radovic-ecc\" width=\"508\" height=\"382\" srcset=\"https:\/\/www.visit-ulcinj.com\/blog\/wp-content\/uploads\/2016\/12\/Potpredsjednik-opstine-Ulcinj-Mr.Vaso-Radovic-ecc.jpg 611w, https:\/\/www.visit-ulcinj.com\/blog\/wp-content\/uploads\/2016\/12\/Potpredsjednik-opstine-Ulcinj-Mr.Vaso-Radovic-ecc-300x226.jpg 300w\" sizes=\"(max-width: 508px) 100vw, 508px\" \/><\/a>Po\u0161tuju\u0107i na\u010delo demokrati\u010dnosti, kao i pravo gra\u0111ana da slobodno i kriti\u010dki iznose mi\u0161ljenje o pojavama, procesima, doga\u0111ajima i li\u010dnostima, u cilju razvijanja. Gost emisije potpredsjednik opstine Ulcinj: \u00a0Mr.Vaso Radovi\u0107 ecc.<br \/>\n<\/span><\/p>\n<p>TVCG<\/p>\n<p>[flv]http:\/\/www.rtcg.me\/upload\/boxFileData\/2016\/12\/12\/206838\/hro%20gr.mp4[\/flv]<\/p>\n<p>&nbsp;<\/p>\n","protected":false},"excerpt":{"rendered":"<p>Po\u0161tuju\u0107i na\u010delo demokrati\u010dnosti, kao i pravo gra\u0111ana da slobodno i kriti\u010dki iznose mi\u0161ljenje o pojavama, procesima, doga\u0111ajima i li\u010dnostima, u cilju razvijanja. Gost emisije potpredsjednik opstine Ulcinj: \u00a0Mr.Vaso Radovi\u0107 ecc. TVCG [flv]http:\/\/www.rtcg.me\/upload\/boxFileData\/2016\/12\/12\/206838\/hro%20gr.mp4[\/flv] &nbsp;<\/p>\n","protected":false},"author":1,"featured_media":0,"comment_status":"closed","ping_status":"closed","sticky":false,"template":"","format":"standard","meta":{"spay_email":"","jetpack_publicize_message":"","jetpack_is_tweetstorm":false,"jetpack_publicize_feature_enabled":true},"categories":[8337],"tags":[],"jetpack_publicize_connections":[],"yoast_head":"<!-- This site is optimized with the Yoast SEO plugin v19.1 - https:\/\/yoast.com\/wordpress\/plugins\/seo\/ -->\n<title>RTCG: Hronika gradova - Ulcinj - Gost Mr.Vaso Radovi\u0107 ecc - Lajme nga Ulqini<\/title>\n<meta name=\"description\" content=\"Po\u0161tuju\u0107i na\u010delo demokrati\u010dnosti, kao i pravo gra\u0111ana da slobodno i kriti\u010dki iznose mi\u0161ljenje o pojavama, procesima, doga\u0111ajima i li\u010dnostima, u cilju\" \/>\n<meta name=\"robots\" content=\"index, follow, max-snippet:-1, max-image-preview:large, max-video-preview:-1\" \/>\n<link rel=\"canonical\" href=\"https:\/\/www.visit-ulcinj.com\/blog\/2016\/12\/13\/rtcg-hronika-gradova-ulcinj-gost-mr-vaso-radovic-ecc\/\" \/>\n<meta property=\"og:locale\" content=\"en_US\" \/>\n<meta property=\"og:type\" content=\"article\" \/>\n<meta property=\"og:title\" content=\"RTCG: Hronika gradova - Ulcinj - Gost Mr.Vaso Radovi\u0107 ecc - Lajme nga Ulqini\" \/>\n<meta property=\"og:description\" content=\"Po\u0161tuju\u0107i na\u010delo demokrati\u010dnosti, kao i pravo gra\u0111ana da slobodno i kriti\u010dki iznose mi\u0161ljenje o pojavama, procesima, doga\u0111ajima i li\u010dnostima, u cilju\" \/>\n<meta property=\"og:url\" content=\"https:\/\/www.visit-ulcinj.com\/blog\/2016\/12\/13\/rtcg-hronika-gradova-ulcinj-gost-mr-vaso-radovic-ecc\/\" \/>\n<meta property=\"og:site_name\" content=\"Lajme nga Ulqini\" \/>\n<meta property=\"article:published_time\" content=\"2016-12-13T17:14:47+00:00\" \/>\n<meta property=\"og:image\" content=\"http:\/\/www.visit-ulcinj.com\/blog\/wp-content\/uploads\/2016\/12\/Potpredsjednik-opstine-Ulcinj-Mr.Vaso-Radovic-ecc.jpg\" \/>\n<meta name=\"twitter:label1\" content=\"Written by\" \/>\n\t<meta name=\"twitter:data1\" content=\"ulqini\" \/>\n<script type=\"application\/ld+json\" class=\"yoast-schema-graph\">{\"@context\":\"https:\/\/schema.org\",\"@graph\":[{\"@type\":\"WebSite\",\"@id\":\"https:\/\/www.visit-ulcinj.com\/blog\/#website\",\"url\":\"https:\/\/www.visit-ulcinj.com\/blog\/\",\"name\":\"Lajme nga Ulqini\",\"description\":\"Lajme,Vijesti,Ulqini,Ulqin,Crna Gora,Mali i Zi\",\"potentialAction\":[{\"@type\":\"SearchAction\",\"target\":{\"@type\":\"EntryPoint\",\"urlTemplate\":\"https:\/\/www.visit-ulcinj.com\/blog\/?s={search_term_string}\"},\"query-input\":\"required name=search_term_string\"}],\"inLanguage\":\"en-US\"},{\"@type\":\"ImageObject\",\"inLanguage\":\"en-US\",\"@id\":\"https:\/\/www.visit-ulcinj.com\/blog\/2016\/12\/13\/rtcg-hronika-gradova-ulcinj-gost-mr-vaso-radovic-ecc\/#primaryimage\",\"url\":\"https:\/\/www.visit-ulcinj.com\/blog\/wp-content\/uploads\/2016\/12\/Potpredsjednik-opstine-Ulcinj-Mr.Vaso-Radovic-ecc.jpg\",\"contentUrl\":\"https:\/\/www.visit-ulcinj.com\/blog\/wp-content\/uploads\/2016\/12\/Potpredsjednik-opstine-Ulcinj-Mr.Vaso-Radovic-ecc.jpg\",\"width\":611,\"height\":460},{\"@type\":\"WebPage\",\"@id\":\"https:\/\/www.visit-ulcinj.com\/blog\/2016\/12\/13\/rtcg-hronika-gradova-ulcinj-gost-mr-vaso-radovic-ecc\/#webpage\",\"url\":\"https:\/\/www.visit-ulcinj.com\/blog\/2016\/12\/13\/rtcg-hronika-gradova-ulcinj-gost-mr-vaso-radovic-ecc\/\",\"name\":\"RTCG: Hronika gradova - Ulcinj - Gost Mr.Vaso Radovi\u0107 ecc - Lajme nga Ulqini\",\"isPartOf\":{\"@id\":\"https:\/\/www.visit-ulcinj.com\/blog\/#website\"},\"primaryImageOfPage\":{\"@id\":\"https:\/\/www.visit-ulcinj.com\/blog\/2016\/12\/13\/rtcg-hronika-gradova-ulcinj-gost-mr-vaso-radovic-ecc\/#primaryimage\"},\"datePublished\":\"2016-12-13T17:14:47+00:00\",\"dateModified\":\"2016-12-13T17:14:47+00:00\",\"author\":{\"@id\":\"https:\/\/www.visit-ulcinj.com\/blog\/#\/schema\/person\/dcab619c614d3038751c63bc2aadc06d\"},\"description\":\"Po\u0161tuju\u0107i na\u010delo demokrati\u010dnosti, kao i pravo gra\u0111ana da slobodno i kriti\u010dki iznose mi\u0161ljenje o pojavama, procesima, doga\u0111ajima i li\u010dnostima, u cilju\",\"breadcrumb\":{\"@id\":\"https:\/\/www.visit-ulcinj.com\/blog\/2016\/12\/13\/rtcg-hronika-gradova-ulcinj-gost-mr-vaso-radovic-ecc\/#breadcrumb\"},\"inLanguage\":\"en-US\",\"potentialAction\":[{\"@type\":\"ReadAction\",\"target\":[\"https:\/\/www.visit-ulcinj.com\/blog\/2016\/12\/13\/rtcg-hronika-gradova-ulcinj-gost-mr-vaso-radovic-ecc\/\"]}]},{\"@type\":\"BreadcrumbList\",\"@id\":\"https:\/\/www.visit-ulcinj.com\/blog\/2016\/12\/13\/rtcg-hronika-gradova-ulcinj-gost-mr-vaso-radovic-ecc\/#breadcrumb\",\"itemListElement\":[{\"@type\":\"ListItem\",\"position\":1,\"name\":\"RTCG: Hronika gradova &#8211; Ulcinj &#8211; Gost Mr.Vaso Radovi\u0107 ecc\"}]},{\"@type\":\"Person\",\"@id\":\"https:\/\/www.visit-ulcinj.com\/blog\/#\/schema\/person\/dcab619c614d3038751c63bc2aadc06d\",\"name\":\"ulqini\",\"sameAs\":[\"http:\/\/www.visit-ulcinj.com\"],\"url\":\"https:\/\/www.visit-ulcinj.com\/blog\/author\/admin\/\"}]}<\/script>\n<!-- \/ Yoast SEO plugin. -->","yoast_head_json":{"title":"RTCG: Hronika gradova - Ulcinj - Gost Mr.Vaso Radovi\u0107 ecc - Lajme nga Ulqini","description":"Po\u0161tuju\u0107i na\u010delo demokrati\u010dnosti, kao i pravo gra\u0111ana da slobodno i kriti\u010dki iznose mi\u0161ljenje o pojavama, procesima, doga\u0111ajima i li\u010dnostima, u cilju","robots":{"index":"index","follow":"follow","max-snippet":"max-snippet:-1","max-image-preview":"max-image-preview:large","max-video-preview":"max-video-preview:-1"},"canonical":"https:\/\/www.visit-ulcinj.com\/blog\/2016\/12\/13\/rtcg-hronika-gradova-ulcinj-gost-mr-vaso-radovic-ecc\/","og_locale":"en_US","og_type":"article","og_title":"RTCG: Hronika gradova - Ulcinj - Gost Mr.Vaso Radovi\u0107 ecc - Lajme nga Ulqini","og_description":"Po\u0161tuju\u0107i na\u010delo demokrati\u010dnosti, kao i pravo gra\u0111ana da slobodno i kriti\u010dki iznose mi\u0161ljenje o pojavama, procesima, doga\u0111ajima i li\u010dnostima, u cilju","og_url":"https:\/\/www.visit-ulcinj.com\/blog\/2016\/12\/13\/rtcg-hronika-gradova-ulcinj-gost-mr-vaso-radovic-ecc\/","og_site_name":"Lajme nga Ulqini","article_published_time":"2016-12-13T17:14:47+00:00","og_image":[{"url":"http:\/\/www.visit-ulcinj.com\/blog\/wp-content\/uploads\/2016\/12\/Potpredsjednik-opstine-Ulcinj-Mr.Vaso-Radovic-ecc.jpg"}],"twitter_misc":{"Written by":"ulqini"},"schema":{"@context":"https:\/\/schema.org","@graph":[{"@type":"WebSite","@id":"https:\/\/www.visit-ulcinj.com\/blog\/#website","url":"https:\/\/www.visit-ulcinj.com\/blog\/","name":"Lajme nga Ulqini","description":"Lajme,Vijesti,Ulqini,Ulqin,Crna Gora,Mali i Zi","potentialAction":[{"@type":"SearchAction","target":{"@type":"EntryPoint","urlTemplate":"https:\/\/www.visit-ulcinj.com\/blog\/?s={search_term_string}"},"query-input":"required name=search_term_string"}],"inLanguage":"en-US"},{"@type":"ImageObject","inLanguage":"en-US","@id":"https:\/\/www.visit-ulcinj.com\/blog\/2016\/12\/13\/rtcg-hronika-gradova-ulcinj-gost-mr-vaso-radovic-ecc\/#primaryimage","url":"https:\/\/www.visit-ulcinj.com\/blog\/wp-content\/uploads\/2016\/12\/Potpredsjednik-opstine-Ulcinj-Mr.Vaso-Radovic-ecc.jpg","contentUrl":"https:\/\/www.visit-ulcinj.com\/blog\/wp-content\/uploads\/2016\/12\/Potpredsjednik-opstine-Ulcinj-Mr.Vaso-Radovic-ecc.jpg","width":611,"height":460},{"@type":"WebPage","@id":"https:\/\/www.visit-ulcinj.com\/blog\/2016\/12\/13\/rtcg-hronika-gradova-ulcinj-gost-mr-vaso-radovic-ecc\/#webpage","url":"https:\/\/www.visit-ulcinj.com\/blog\/2016\/12\/13\/rtcg-hronika-gradova-ulcinj-gost-mr-vaso-radovic-ecc\/","name":"RTCG: Hronika gradova - Ulcinj - Gost Mr.Vaso Radovi\u0107 ecc - Lajme nga Ulqini","isPartOf":{"@id":"https:\/\/www.visit-ulcinj.com\/blog\/#website"},"primaryImageOfPage":{"@id":"https:\/\/www.visit-ulcinj.com\/blog\/2016\/12\/13\/rtcg-hronika-gradova-ulcinj-gost-mr-vaso-radovic-ecc\/#primaryimage"},"datePublished":"2016-12-13T17:14:47+00:00","dateModified":"2016-12-13T17:14:47+00:00","author":{"@id":"https:\/\/www.visit-ulcinj.com\/blog\/#\/schema\/person\/dcab619c614d3038751c63bc2aadc06d"},"description":"Po\u0161tuju\u0107i na\u010delo demokrati\u010dnosti, kao i pravo gra\u0111ana da slobodno i kriti\u010dki iznose mi\u0161ljenje o pojavama, procesima, doga\u0111ajima i li\u010dnostima, u cilju","breadcrumb":{"@id":"https:\/\/www.visit-ulcinj.com\/blog\/2016\/12\/13\/rtcg-hronika-gradova-ulcinj-gost-mr-vaso-radovic-ecc\/#breadcrumb"},"inLanguage":"en-US","potentialAction":[{"@type":"ReadAction","target":["https:\/\/www.visit-ulcinj.com\/blog\/2016\/12\/13\/rtcg-hronika-gradova-ulcinj-gost-mr-vaso-radovic-ecc\/"]}]},{"@type":"BreadcrumbList","@id":"https:\/\/www.visit-ulcinj.com\/blog\/2016\/12\/13\/rtcg-hronika-gradova-ulcinj-gost-mr-vaso-radovic-ecc\/#breadcrumb","itemListElement":[{"@type":"ListItem","position":1,"name":"RTCG: Hronika gradova &#8211; Ulcinj &#8211; Gost Mr.Vaso Radovi\u0107 ecc"}]},{"@type":"Person","@id":"https:\/\/www.visit-ulcinj.com\/blog\/#\/schema\/person\/dcab619c614d3038751c63bc2aadc06d","name":"ulqini","sameAs":["http:\/\/www.visit-ulcinj.com"],"url":"https:\/\/www.visit-ulcinj.com\/blog\/author\/admin\/"}]}},"jetpack_featured_media_url":"","jetpack_sharing_enabled":true,"jetpack_shortlink":"https:\/\/wp.me\/pe6lTn-qrp","_links":{"self":[{"href":"https:\/\/www.visit-ulcinj.com\/blog\/wp-json\/wp\/v2\/posts\/101643"}],"collection":[{"href":"https:\/\/www.visit-ulcinj.com\/blog\/wp-json\/wp\/v2\/posts"}],"about":[{"href":"https:\/\/www.visit-ulcinj.com\/blog\/wp-json\/wp\/v2\/types\/post"}],"author":[{"embeddable":true,"href":"https:\/\/www.visit-ulcinj.com\/blog\/wp-json\/wp\/v2\/users\/1"}],"replies":[{"embeddable":true,"href":"https:\/\/www.visit-ulcinj.com\/blog\/wp-json\/wp\/v2\/comments?post=101643"}],"version-history":[{"count":1,"href":"https:\/\/www.visit-ulcinj.com\/blog\/wp-json\/wp\/v2\/posts\/101643\/revisions"}],"predecessor-version":[{"id":101645,"href":"https:\/\/www.visit-ulcinj.com\/blog\/wp-json\/wp\/v2\/posts\/101643\/revisions\/101645"}],"wp:attachment":[{"href":"https:\/\/www.visit-ulcinj.com\/blog\/wp-json\/wp\/v2\/media?parent=101643"}],"wp:term":[{"taxonomy":"category","embeddable":true,"href":"https:\/\/www.visit-ulcinj.com\/blog\/wp-json\/wp\/v2\/categories?post=101643"},{"taxonomy":"post_tag","embeddable":true,"href":"https:\/\/www.visit-ulcinj.com\/blog\/wp-json\/wp\/v2\/tags?post=101643"}],"curies":[{"name":"wp","href":"https:\/\/api.w.org\/{rel}","templated":true}]}}