{"id":101653,"date":"2016-12-13T23:34:04","date_gmt":"2016-12-13T22:34:04","guid":{"rendered":"http:\/\/www.visit-ulcinj.com\/blog\/?p=101653"},"modified":"2016-12-13T23:34:04","modified_gmt":"2016-12-13T22:34:04","slug":"garuesit-e-klubit-te-karatese-ulqini-kthehen-nga-kampionati-ballkanik-dy-medalje","status":"publish","type":"post","link":"https:\/\/www.visit-ulcinj.com\/blog\/2016\/12\/13\/garuesit-e-klubit-te-karatese-ulqini-kthehen-nga-kampionati-ballkanik-dy-medalje\/","title":{"rendered":"Garuesit e Klubit t\u00eb karates\u00eb \u201cUlqini\u201d kthehen nga Kampionati Ballkanik me dy medalje"},"content":{"rendered":"<p><strong><a href=\"http:\/\/www.visit-ulcinj.com\/blog\/wp-content\/uploads\/2016\/12\/EDIN-KRAJA-I-ART\u00cb-\u2013-ADNAN-KUQI-I-BRONZT\u00cb-SARAJEVE.jpg\"><img loading=\"lazy\" class=\"alignleft wp-image-101654\" src=\"http:\/\/www.visit-ulcinj.com\/blog\/wp-content\/uploads\/2016\/12\/EDIN-KRAJA-I-ART\u00cb-\u2013-ADNAN-KUQI-I-BRONZT\u00cb-SARAJEVE.jpg\" alt=\"EDIN KRAJA I ART\u00cb \u2013  ADNAN KUQI I BRONZT\u00cb  -SARAJEVE\" width=\"508\" height=\"508\" srcset=\"https:\/\/www.visit-ulcinj.com\/blog\/wp-content\/uploads\/2016\/12\/EDIN-KRAJA-I-ART\u00cb-\u2013-ADNAN-KUQI-I-BRONZT\u00cb-SARAJEVE.jpg 960w, https:\/\/www.visit-ulcinj.com\/blog\/wp-content\/uploads\/2016\/12\/EDIN-KRAJA-I-ART\u00cb-\u2013-ADNAN-KUQI-I-BRONZT\u00cb-SARAJEVE-150x150.jpg 150w, https:\/\/www.visit-ulcinj.com\/blog\/wp-content\/uploads\/2016\/12\/EDIN-KRAJA-I-ART\u00cb-\u2013-ADNAN-KUQI-I-BRONZT\u00cb-SARAJEVE-300x300.jpg 300w, https:\/\/www.visit-ulcinj.com\/blog\/wp-content\/uploads\/2016\/12\/EDIN-KRAJA-I-ART\u00cb-\u2013-ADNAN-KUQI-I-BRONZT\u00cb-SARAJEVE-768x768.jpg 768w\" sizes=\"(max-width: 508px) 100vw, 508px\" \/><\/a>EDIN KRAJA I ART\u00cb \u2013\u00a0 ADNAN KUQI I BRONZT\u00cb\u00a0 <\/strong><\/p>\n<p>M\u00eb 09-10-11 dhjetor 2016 n\u00eb Sarajev\u00eb u mbajt Kampionati Ballkanik i Karates\u00eb p\u00ebr kadet\u00eb, junior\u00eb dhe senior\u00eb t\u00eb rinj U21. Nga klubi i karates\u00eb \u201cUlqini\u201d mor\u00ebn pjes\u00eb kat\u00ebr garues p\u00ebr P\u00ebrfaq\u00ebsuesen e Malit t\u00eb Zi: Edin Kraja, Adnan Kuqi, Antigona Rama dhe Diell\u00ebza Rama.<\/p>\n<p>Edin Kraja u shpall kampion n\u00eb luft\u00ebra ekipore p\u00ebr senior\u00eb t\u00eb rinj U21, kurse Adnan Kuqi u kuror\u00ebzua me medalje t\u00eb bronzt\u00eb n\u00eb luft\u00ebra ekipore p\u00ebr junior\u00eb.<\/p>\n<p>Antigona Rama n\u00eb luft\u00ebra individuale luft\u00ebn e par\u00eb e fitoi ndaj garueses nga Kroacia me rezultatin 4:0, kurse luft\u00ebn e dyt\u00eb q\u00eb garoi p\u00ebr gjys\u00ebm finale e humbi me nj\u00eb rezultat t\u00eb ngusht\u00eb nga garuesja serbe 2:1.<\/p>\n<p>Diell\u00ebza Rama n\u00eb luft\u00ebra individuale n\u00eb xhiron e par\u00eb humbet nga garuesja kroate me rezultat 4:2, kurse ekipi n\u00eb luft\u00ebra ku b\u00ebnte pjes\u00eb edhe Diell\u00ebza u rendit i pesti n\u00eb Ballkan.<\/p>\n<p>Vlen t\u00eb p\u00ebrmendet garuesi Adnan Kuqi i cili u tregua shum\u00eb i fuqish\u00ebm si n\u00eb disiplin\u00ebn individuale po ashtu dhe n\u00eb at\u00eb ekipore. N\u00eb luft\u00ebra individuale fiton luft\u00ebn e par\u00eb ndaj kampionit aktual nga Serbia me rezultat 2:0, kurse n\u00eb luft\u00ebn e dyt\u00eb p\u00ebr gjys\u00ebm finale luftoi kund\u00ebr garuesit nga Sllovenia, ku rezultati ishte i barabart\u00eb 2:2, por n\u00eb vler\u00ebsim t\u00eb padrejt\u00eb t\u00eb refer\u00ebve ia dhan\u00eb fitoren garuesit Slloven.<\/p>\n<p><a href=\"http:\/\/www.visit-ulcinj.com\/blog\/wp-content\/uploads\/2016\/12\/EDIN-KRAJA-I-ART\u00cb-\u2013-ADNAN-KUQI-I-BRONZT\u00cb-SARAJEVE-1.jpg\"><img loading=\"lazy\" class=\"alignleft wp-image-101655\" src=\"http:\/\/www.visit-ulcinj.com\/blog\/wp-content\/uploads\/2016\/12\/EDIN-KRAJA-I-ART\u00cb-\u2013-ADNAN-KUQI-I-BRONZT\u00cb-SARAJEVE-1.jpg\" alt=\"EDIN KRAJA I ART\u00cb \u2013  ADNAN KUQI I BRONZT\u00cb  -SARAJEVE-1\" width=\"508\" height=\"508\" srcset=\"https:\/\/www.visit-ulcinj.com\/blog\/wp-content\/uploads\/2016\/12\/EDIN-KRAJA-I-ART\u00cb-\u2013-ADNAN-KUQI-I-BRONZT\u00cb-SARAJEVE-1.jpg 960w, https:\/\/www.visit-ulcinj.com\/blog\/wp-content\/uploads\/2016\/12\/EDIN-KRAJA-I-ART\u00cb-\u2013-ADNAN-KUQI-I-BRONZT\u00cb-SARAJEVE-1-150x150.jpg 150w, https:\/\/www.visit-ulcinj.com\/blog\/wp-content\/uploads\/2016\/12\/EDIN-KRAJA-I-ART\u00cb-\u2013-ADNAN-KUQI-I-BRONZT\u00cb-SARAJEVE-1-300x300.jpg 300w, https:\/\/www.visit-ulcinj.com\/blog\/wp-content\/uploads\/2016\/12\/EDIN-KRAJA-I-ART\u00cb-\u2013-ADNAN-KUQI-I-BRONZT\u00cb-SARAJEVE-1-768x768.jpg 768w\" sizes=\"(max-width: 508px) 100vw, 508px\" \/><\/a><\/p>\n<p>Adnan Kuqi ishte garuesi ky\u00e7 i ekipit t\u00eb junior\u00ebve, i cili u kuror\u00ebzua me medaljen e bronzt\u00eb.<\/p>\n<p>Ekipi i Edin Kraj\u00ebs xhiron e par\u00eb e fitoi kund\u00ebr ekipit t\u00eb Romanis\u00eb, xhiron e dyt\u00eb ndaj ekipit t\u00eb Turqis\u00eb dhe n\u00eb finale mposht\u00ebn ekipin e Sllovenis\u00eb dhe k\u00ebshtu u shpall\u00ebn Kampion\u00eb Ballkanik\u00eb p\u00ebr Senior\u00eb t\u00eb Rinj U21.<\/p>\n<p>Udh\u00ebheq\u00ebsit dhe trajner\u00ebt e Klubit t\u00eb Karates\u00eb \u201cUlqini\u201d jan\u00eb shum\u00eb t\u00eb k\u00ebnaqur me rezultatet e arritura n\u00eb Kampionatin Ballkanik, pasi q\u00eb tashm\u00eb sukseset jan\u00eb t\u00eb vazhdueshme dhe kurr\u00eb nuk mungojn\u00eb, por p\u00ebrkundrazi dita-dit\u00ebs jan\u00eb edhe m\u00eb t\u00eb m\u00ebdha.<\/p>\n<p>Ata me k\u00ebt\u00eb rast p\u00ebrg\u00ebzojn\u00eb t\u00eb gjith\u00eb garuesit e klubeve t\u00eb tjera nga Ulqini q\u00eb mor\u00ebn pjes\u00eb n\u00eb k\u00ebt\u00eb Kampionat, pasi n\u00eb p\u00ebrgjith\u00ebsi t\u00eb gjith\u00eb kishin nj\u00eb paraqitje t\u00eb mir\u00eb.<\/p>\n<p>Fal\u00ebnderim i ve\u00e7ant\u00eb shkon edhe p\u00ebr sponsor\u00ebt q\u00eb mund\u00ebsuan pjes\u00ebmarrjen n\u00eb k\u00ebt\u00eb Kamionat, si dhe prind\u00ebrit e garuesve.<\/p>\n<p><strong>Ulqin, m\u00eb 12.12.2016\u00a0\u00a0 <\/strong><\/p>\n<p><strong>\u00a0\u00a0\u00a0 \u00a0\u00a0\u00a0\u00a0\u00a0\u00a0\u00a0\u00a0\u00a0\u00a0\u00a0\u00a0\u00a0\u00a0\u00a0\u00a0\u00a0\u00a0\u00a0\u00a0\u00a0\u00a0\u00a0\u00a0\u00a0\u00a0\u00a0\u00a0\u00a0\u00a0\u00a0\u00a0\u00a0\u00a0\u00a0\u00a0\u00a0\u00a0 <\/strong><\/p>\n<p><strong>\u00a0\u00a0\u00a0\u00a0\u00a0\u00a0\u00a0\u00a0\u00a0\u00a0\u00a0\u00a0\u00a0\u00a0\u00a0\u00a0\u00a0\u00a0\u00a0\u00a0\u00a0\u00a0\u00a0\u00a0\u00a0\u00a0\u00a0\u00a0\u00a0\u00a0\u00a0\u00a0\u00a0\u00a0\u00a0\u00a0\u00a0\u00a0\u00a0\u00a0\u00a0\u00a0\u00a0\u00a0\u00a0\u00a0\u00a0\u00a0\u00a0\u00a0\u00a0\u00a0\u00a0\u00a0\u00a0\u00a0\u00a0\u00a0\u00a0\u00a0\u00a0\u00a0\u00a0\u00a0\u00a0\u00a0\u00a0\u00a0\u00a0\u00a0\u00a0\u00a0\u00a0\u00a0\u00a0\u00a0\u00a0 \u00a0Sh\u00ebrbimi informativ i Klubit t\u00eb Karates\u00eb \u201cUlqini\u201d<\/strong><\/p>\n<p><strong>P\u00cbR MA SHUM\u00cb FOTO: <a id=\"js_185\" class=\"_hli\" href=\"https:\/\/www.facebook.com\/profile.php?id=100004481448085\" data-hovercard=\"\/ajax\/hovercard\/user.php?id=100004481448085\" data-hovercard-prefer-more-content-show=\"1\">Karate Club Ulqini-Ulcinj Montenegro <\/a>Facebook<\/strong><\/p>\n","protected":false},"excerpt":{"rendered":"<p>EDIN KRAJA I ART\u00cb \u2013\u00a0 ADNAN KUQI I BRONZT\u00cb\u00a0 M\u00eb 09-10-11 dhjetor 2016 n\u00eb Sarajev\u00eb u mbajt Kampionati Ballkanik i Karates\u00eb p\u00ebr kadet\u00eb, junior\u00eb dhe senior\u00eb t\u00eb rinj U21. Nga klubi i karates\u00eb \u201cUlqini\u201d mor\u00ebn pjes\u00eb kat\u00ebr garues p\u00ebr P\u00ebrfaq\u00ebsuesen e Malit t\u00eb Zi: Edin Kraja, Adnan Kuqi, Antigona Rama dhe Diell\u00ebza Rama. Edin Kraja [&hellip;]<\/p>\n","protected":false},"author":1,"featured_media":0,"comment_status":"closed","ping_status":"closed","sticky":false,"template":"","format":"standard","meta":{"spay_email":"","jetpack_publicize_message":"","jetpack_is_tweetstorm":false,"jetpack_publicize_feature_enabled":true},"categories":[3],"tags":[],"jetpack_publicize_connections":[],"yoast_head":"<!-- This site is optimized with the Yoast SEO plugin v19.1 - https:\/\/yoast.com\/wordpress\/plugins\/seo\/ -->\n<title>Garuesit e Klubit t\u00eb karates\u00eb \u201cUlqini\u201d kthehen nga Kampionati Ballkanik me dy medalje - Lajme nga Ulqini<\/title>\n<meta name=\"description\" content=\"EDIN KRAJA I ART\u00cb \u2013\u00a0 ADNAN KUQI I BRONZT\u00cb\u00a0 M\u00eb 09-10-11 dhjetor 2016 n\u00eb Sarajev\u00eb u mbajt Kampionati Ballkanik i Karates\u00eb p\u00ebr kadet\u00eb, junior\u00eb dhe senior\u00eb t\u00eb\" \/>\n<meta name=\"robots\" content=\"index, follow, max-snippet:-1, max-image-preview:large, max-video-preview:-1\" \/>\n<link rel=\"canonical\" href=\"https:\/\/www.visit-ulcinj.com\/blog\/2016\/12\/13\/garuesit-e-klubit-te-karatese-ulqini-kthehen-nga-kampionati-ballkanik-dy-medalje\/\" \/>\n<meta property=\"og:locale\" content=\"en_US\" \/>\n<meta property=\"og:type\" content=\"article\" \/>\n<meta property=\"og:title\" content=\"Garuesit e Klubit t\u00eb karates\u00eb \u201cUlqini\u201d kthehen nga Kampionati Ballkanik me dy medalje - Lajme nga Ulqini\" \/>\n<meta property=\"og:description\" content=\"EDIN KRAJA I ART\u00cb \u2013\u00a0 ADNAN KUQI I BRONZT\u00cb\u00a0 M\u00eb 09-10-11 dhjetor 2016 n\u00eb Sarajev\u00eb u mbajt Kampionati Ballkanik i Karates\u00eb p\u00ebr kadet\u00eb, junior\u00eb dhe senior\u00eb t\u00eb\" \/>\n<meta property=\"og:url\" content=\"https:\/\/www.visit-ulcinj.com\/blog\/2016\/12\/13\/garuesit-e-klubit-te-karatese-ulqini-kthehen-nga-kampionati-ballkanik-dy-medalje\/\" \/>\n<meta property=\"og:site_name\" content=\"Lajme nga Ulqini\" \/>\n<meta property=\"article:published_time\" content=\"2016-12-13T22:34:04+00:00\" \/>\n<meta name=\"twitter:label1\" content=\"Written by\" \/>\n\t<meta name=\"twitter:data1\" content=\"ulqini\" \/>\n\t<meta name=\"twitter:label2\" content=\"Est. reading time\" \/>\n\t<meta name=\"twitter:data2\" content=\"2 minutes\" \/>\n<script type=\"application\/ld+json\" class=\"yoast-schema-graph\">{\"@context\":\"https:\/\/schema.org\",\"@graph\":[{\"@type\":\"WebSite\",\"@id\":\"https:\/\/www.visit-ulcinj.com\/blog\/#website\",\"url\":\"https:\/\/www.visit-ulcinj.com\/blog\/\",\"name\":\"Lajme nga Ulqini\",\"description\":\"Lajme,Vijesti,Ulqini,Ulqin,Crna Gora,Mali i Zi\",\"potentialAction\":[{\"@type\":\"SearchAction\",\"target\":{\"@type\":\"EntryPoint\",\"urlTemplate\":\"https:\/\/www.visit-ulcinj.com\/blog\/?s={search_term_string}\"},\"query-input\":\"required name=search_term_string\"}],\"inLanguage\":\"en-US\"},{\"@type\":\"WebPage\",\"@id\":\"https:\/\/www.visit-ulcinj.com\/blog\/2016\/12\/13\/garuesit-e-klubit-te-karatese-ulqini-kthehen-nga-kampionati-ballkanik-dy-medalje\/#webpage\",\"url\":\"https:\/\/www.visit-ulcinj.com\/blog\/2016\/12\/13\/garuesit-e-klubit-te-karatese-ulqini-kthehen-nga-kampionati-ballkanik-dy-medalje\/\",\"name\":\"Garuesit e Klubit t\u00eb karates\u00eb \u201cUlqini\u201d kthehen nga Kampionati Ballkanik me dy medalje - Lajme nga Ulqini\",\"isPartOf\":{\"@id\":\"https:\/\/www.visit-ulcinj.com\/blog\/#website\"},\"datePublished\":\"2016-12-13T22:34:04+00:00\",\"dateModified\":\"2016-12-13T22:34:04+00:00\",\"author\":{\"@id\":\"https:\/\/www.visit-ulcinj.com\/blog\/#\/schema\/person\/dcab619c614d3038751c63bc2aadc06d\"},\"description\":\"EDIN KRAJA I ART\u00cb \u2013\u00a0 ADNAN KUQI I BRONZT\u00cb\u00a0 M\u00eb 09-10-11 dhjetor 2016 n\u00eb Sarajev\u00eb u mbajt Kampionati Ballkanik i Karates\u00eb p\u00ebr kadet\u00eb, junior\u00eb dhe senior\u00eb t\u00eb\",\"breadcrumb\":{\"@id\":\"https:\/\/www.visit-ulcinj.com\/blog\/2016\/12\/13\/garuesit-e-klubit-te-karatese-ulqini-kthehen-nga-kampionati-ballkanik-dy-medalje\/#breadcrumb\"},\"inLanguage\":\"en-US\",\"potentialAction\":[{\"@type\":\"ReadAction\",\"target\":[\"https:\/\/www.visit-ulcinj.com\/blog\/2016\/12\/13\/garuesit-e-klubit-te-karatese-ulqini-kthehen-nga-kampionati-ballkanik-dy-medalje\/\"]}]},{\"@type\":\"BreadcrumbList\",\"@id\":\"https:\/\/www.visit-ulcinj.com\/blog\/2016\/12\/13\/garuesit-e-klubit-te-karatese-ulqini-kthehen-nga-kampionati-ballkanik-dy-medalje\/#breadcrumb\",\"itemListElement\":[{\"@type\":\"ListItem\",\"position\":1,\"name\":\"Garuesit e Klubit t\u00eb karates\u00eb \u201cUlqini\u201d kthehen nga Kampionati Ballkanik me dy medalje\"}]},{\"@type\":\"Person\",\"@id\":\"https:\/\/www.visit-ulcinj.com\/blog\/#\/schema\/person\/dcab619c614d3038751c63bc2aadc06d\",\"name\":\"ulqini\",\"sameAs\":[\"http:\/\/www.visit-ulcinj.com\"],\"url\":\"https:\/\/www.visit-ulcinj.com\/blog\/author\/admin\/\"}]}<\/script>\n<!-- \/ Yoast SEO plugin. -->","yoast_head_json":{"title":"Garuesit e Klubit t\u00eb karates\u00eb \u201cUlqini\u201d kthehen nga Kampionati Ballkanik me dy medalje - Lajme nga Ulqini","description":"EDIN KRAJA I ART\u00cb \u2013\u00a0 ADNAN KUQI I BRONZT\u00cb\u00a0 M\u00eb 09-10-11 dhjetor 2016 n\u00eb Sarajev\u00eb u mbajt Kampionati Ballkanik i Karates\u00eb p\u00ebr kadet\u00eb, junior\u00eb dhe senior\u00eb t\u00eb","robots":{"index":"index","follow":"follow","max-snippet":"max-snippet:-1","max-image-preview":"max-image-preview:large","max-video-preview":"max-video-preview:-1"},"canonical":"https:\/\/www.visit-ulcinj.com\/blog\/2016\/12\/13\/garuesit-e-klubit-te-karatese-ulqini-kthehen-nga-kampionati-ballkanik-dy-medalje\/","og_locale":"en_US","og_type":"article","og_title":"Garuesit e Klubit t\u00eb karates\u00eb \u201cUlqini\u201d kthehen nga Kampionati Ballkanik me dy medalje - Lajme nga Ulqini","og_description":"EDIN KRAJA I ART\u00cb \u2013\u00a0 ADNAN KUQI I BRONZT\u00cb\u00a0 M\u00eb 09-10-11 dhjetor 2016 n\u00eb Sarajev\u00eb u mbajt Kampionati Ballkanik i Karates\u00eb p\u00ebr kadet\u00eb, junior\u00eb dhe senior\u00eb t\u00eb","og_url":"https:\/\/www.visit-ulcinj.com\/blog\/2016\/12\/13\/garuesit-e-klubit-te-karatese-ulqini-kthehen-nga-kampionati-ballkanik-dy-medalje\/","og_site_name":"Lajme nga Ulqini","article_published_time":"2016-12-13T22:34:04+00:00","twitter_misc":{"Written by":"ulqini","Est. reading time":"2 minutes"},"schema":{"@context":"https:\/\/schema.org","@graph":[{"@type":"WebSite","@id":"https:\/\/www.visit-ulcinj.com\/blog\/#website","url":"https:\/\/www.visit-ulcinj.com\/blog\/","name":"Lajme nga Ulqini","description":"Lajme,Vijesti,Ulqini,Ulqin,Crna Gora,Mali i Zi","potentialAction":[{"@type":"SearchAction","target":{"@type":"EntryPoint","urlTemplate":"https:\/\/www.visit-ulcinj.com\/blog\/?s={search_term_string}"},"query-input":"required name=search_term_string"}],"inLanguage":"en-US"},{"@type":"WebPage","@id":"https:\/\/www.visit-ulcinj.com\/blog\/2016\/12\/13\/garuesit-e-klubit-te-karatese-ulqini-kthehen-nga-kampionati-ballkanik-dy-medalje\/#webpage","url":"https:\/\/www.visit-ulcinj.com\/blog\/2016\/12\/13\/garuesit-e-klubit-te-karatese-ulqini-kthehen-nga-kampionati-ballkanik-dy-medalje\/","name":"Garuesit e Klubit t\u00eb karates\u00eb \u201cUlqini\u201d kthehen nga Kampionati Ballkanik me dy medalje - Lajme nga Ulqini","isPartOf":{"@id":"https:\/\/www.visit-ulcinj.com\/blog\/#website"},"datePublished":"2016-12-13T22:34:04+00:00","dateModified":"2016-12-13T22:34:04+00:00","author":{"@id":"https:\/\/www.visit-ulcinj.com\/blog\/#\/schema\/person\/dcab619c614d3038751c63bc2aadc06d"},"description":"EDIN KRAJA I ART\u00cb \u2013\u00a0 ADNAN KUQI I BRONZT\u00cb\u00a0 M\u00eb 09-10-11 dhjetor 2016 n\u00eb Sarajev\u00eb u mbajt Kampionati Ballkanik i Karates\u00eb p\u00ebr kadet\u00eb, junior\u00eb dhe senior\u00eb t\u00eb","breadcrumb":{"@id":"https:\/\/www.visit-ulcinj.com\/blog\/2016\/12\/13\/garuesit-e-klubit-te-karatese-ulqini-kthehen-nga-kampionati-ballkanik-dy-medalje\/#breadcrumb"},"inLanguage":"en-US","potentialAction":[{"@type":"ReadAction","target":["https:\/\/www.visit-ulcinj.com\/blog\/2016\/12\/13\/garuesit-e-klubit-te-karatese-ulqini-kthehen-nga-kampionati-ballkanik-dy-medalje\/"]}]},{"@type":"BreadcrumbList","@id":"https:\/\/www.visit-ulcinj.com\/blog\/2016\/12\/13\/garuesit-e-klubit-te-karatese-ulqini-kthehen-nga-kampionati-ballkanik-dy-medalje\/#breadcrumb","itemListElement":[{"@type":"ListItem","position":1,"name":"Garuesit e Klubit t\u00eb karates\u00eb \u201cUlqini\u201d kthehen nga Kampionati Ballkanik me dy medalje"}]},{"@type":"Person","@id":"https:\/\/www.visit-ulcinj.com\/blog\/#\/schema\/person\/dcab619c614d3038751c63bc2aadc06d","name":"ulqini","sameAs":["http:\/\/www.visit-ulcinj.com"],"url":"https:\/\/www.visit-ulcinj.com\/blog\/author\/admin\/"}]}},"jetpack_featured_media_url":"","jetpack_sharing_enabled":true,"jetpack_shortlink":"https:\/\/wp.me\/pe6lTn-qrz","_links":{"self":[{"href":"https:\/\/www.visit-ulcinj.com\/blog\/wp-json\/wp\/v2\/posts\/101653"}],"collection":[{"href":"https:\/\/www.visit-ulcinj.com\/blog\/wp-json\/wp\/v2\/posts"}],"about":[{"href":"https:\/\/www.visit-ulcinj.com\/blog\/wp-json\/wp\/v2\/types\/post"}],"author":[{"embeddable":true,"href":"https:\/\/www.visit-ulcinj.com\/blog\/wp-json\/wp\/v2\/users\/1"}],"replies":[{"embeddable":true,"href":"https:\/\/www.visit-ulcinj.com\/blog\/wp-json\/wp\/v2\/comments?post=101653"}],"version-history":[{"count":1,"href":"https:\/\/www.visit-ulcinj.com\/blog\/wp-json\/wp\/v2\/posts\/101653\/revisions"}],"predecessor-version":[{"id":101656,"href":"https:\/\/www.visit-ulcinj.com\/blog\/wp-json\/wp\/v2\/posts\/101653\/revisions\/101656"}],"wp:attachment":[{"href":"https:\/\/www.visit-ulcinj.com\/blog\/wp-json\/wp\/v2\/media?parent=101653"}],"wp:term":[{"taxonomy":"category","embeddable":true,"href":"https:\/\/www.visit-ulcinj.com\/blog\/wp-json\/wp\/v2\/categories?post=101653"},{"taxonomy":"post_tag","embeddable":true,"href":"https:\/\/www.visit-ulcinj.com\/blog\/wp-json\/wp\/v2\/tags?post=101653"}],"curies":[{"name":"wp","href":"https:\/\/api.w.org\/{rel}","templated":true}]}}