{"id":101657,"date":"2016-12-14T13:07:23","date_gmt":"2016-12-14T12:07:23","guid":{"rendered":"http:\/\/www.visit-ulcinj.com\/blog\/?p=101657"},"modified":"2016-12-15T12:15:54","modified_gmt":"2016-12-15T11:15:54","slug":"70-cent-taksat-e-larta-turistike-do-ta-frenojne-zhvillimin-e-turizmit-ne-ulqin","status":"publish","type":"post","link":"https:\/\/www.visit-ulcinj.com\/blog\/2016\/12\/14\/70-cent-taksat-e-larta-turistike-do-ta-frenojne-zhvillimin-e-turizmit-ne-ulqin\/","title":{"rendered":"70 cent: Taksat e larta turistike, do ta frenojn\u00eb zhvillimin e turizmit n\u00eb Ulqin"},"content":{"rendered":"<p><span class=\"arial14 linkszi \"><a href=\"http:\/\/www.visit-ulcinj.com\/blog\/wp-content\/uploads\/2016\/12\/TAKSA-TURISTIKE-ULQIN.jpg\"><img loading=\"lazy\" class=\"alignleft wp-image-101658\" src=\"http:\/\/www.visit-ulcinj.com\/blog\/wp-content\/uploads\/2016\/12\/TAKSA-TURISTIKE-ULQIN.jpg\" alt=\"TAKSA TURISTIKE-ULQIN\" width=\"508\" height=\"290\" \/><\/a>N\u00eb Ulqin turizmi\u00a0 \u00ebsht\u00eb nj\u00eb nga deg\u00ebt m\u00eb t\u00eb r\u00ebnd\u00ebsishme t\u00eb ekonomis\u00eb vendase. Pas shum\u00eb vitesh sektori i turizmit do t\u00eb p\u00ebrballet p\u00ebr her\u00eb t\u00eb par\u00eb m\u00eb r\u00ebnie t\u00eb fort\u00eb turist\u00ebsh, q\u00eb sipas operator\u00ebve ajo \u00ebsht\u00eb e parapar\u00eb.<br \/>\n<\/span><\/p>\n<p>N\u00eb faqen e komun\u00ebs s\u00eb Ulqinit u publikua propozim vendimi i cili do jet n\u00eb rendin e dit\u00ebs n\u00eb seanc\u00ebn e radh\u00ebs t\u00eb kuvendit komunal, ku taks\u00eb banimi t\u00eb jet\u00eb 70 cent p\u00ebr musafir\u00ebt q\u00eb qendrojn n\u00eb rivier\u00ebn e Ulqinit.<\/p>\n<p><strong>Jemi duke publikuar Shqyrtimin publik p\u00ebr Vendimin p\u00ebr taks banimin n\u00eb Rivier\u00ebn e Ulqinit<br \/>\n<\/strong><\/p>\n<p>&nbsp;<\/p>\n<p>Na osnovu \u010dl. 1. i 7. Zakona o boravi\u0161noj taksi (&#8220;Sl. list RCG&#8221;, broj 11\/04 i 13\/04) i (\u201cSl.List CG\u201d broj 48\/15), \u010dlana 47. Zakona o lokalnoj samoupravi (&#8220;Sl. list RCG&#8221;, broj 42\/03, 28\/04,75\/05 i 13\/06) i (\u201cSl.List CG\u201d broj 88\/09, 03\/10, 38\/12, 10\/14, 57\/14 i 03\/16) i \u010dlana 46 StatutaOp\u0161tine Ulcinj (&#8220;Sl. list RCG-op\u0161tinski propisi&#8221;, broj 4\/96)<\/p>\n<p>Skup\u0161tina Op\u0161tina Ulcinj na sjednici odr\u017eanoj dana_________2016 god.donijela je:<\/p>\n<p style=\"text-align: center;\"><strong>Odluku o boravi\u0161noj taksi <\/strong><\/p>\n<p>&nbsp;<\/p>\n<p><strong>\u010clan 1 <\/strong><\/p>\n<p>Ovom odlukom uvodi se boravi\u0161na taksa na teritoriji Op\u0161tine Ulcinj.<\/p>\n<p>&nbsp;<\/p>\n<p><strong>\u010clan 2 <\/strong><\/p>\n<p>Obveznik pla\u0107anja boravi\u0161ne takse je lice koje izvan svog prebivali\u0161 ta koristi usluge smje\u0161taja u objektu u kojem se obavlja turisti\u010dka ili ugostiteljska djelatnost (u daljem tekstu: smje\u0161tajni \u00a0objekat).<\/p>\n<p>U smislu ove odluke smje\u0161tajnim objektom smatra se: hotel, motel, pansion, turisti\u010dki apartman, odmarali\u0161te, kamp, soba za iznajmljivanje i svi drugi objekti u kojima se pru\u017eaju usluge smje\u0161taja.<\/p>\n<p>&nbsp;<\/p>\n<p><strong>\u010clan 3 <\/strong><\/p>\n<p>&nbsp;<\/p>\n<p>Boravi\u0161nu taksu ne pla\u0107aju:<\/p>\n<p>1) Djeca do 12 godina starosti;<\/p>\n<p>2) Lice sa te\u0161kim \u010dulnim tjelesnim smetnjama (slijepi, gluvi, distrofi\u010dari i dr.);<\/p>\n<p>3) Lica upu\u0107ena na banjska i klimatska lije\u010denja, odnosno specijalizovanu r ehabilitaciju odnadle\u017ene ljekarske komisije;<\/p>\n<p>4) Lica koja obavljaju sezonske poslove sa prijavljenim boravkom u Ulcinju;<\/p>\n<p>5) Lica koja neprekidno borave u objektu za smje\u0161taj du\u017ee od 30 dana;<\/p>\n<p>6) U\u010denici \u0161kolskih ekskurzija odnosno u\u010denici, studenti \u010diji boravak organizuju \u0161kole i fakulteti u okviru redovnih programa odr\u017eavanja sportskih i kulturnih manifestacija;<\/p>\n<p>7) Strani dr\u017eavljani koji su po me\u0111unarodnim konvencijama i sporazumima oslobo\u0111eni pla\u0107anja taksa;<\/p>\n<p>8) Strani dr\u017eavljani koji organizovano, preko zvani\u010dnih humanitarnih organizacija, dolaze radi pru\u017eanja humanitarne pomo\u0107i;<\/p>\n<p>9) Lica koja predsjednik op\u0161tine ili po njegovom ovla\u0161\u0107enju odredi kao po\u010dasne goste grada Ulcinja. Lica iz stava 1. ovog \u010dlana ne pla\u0107aju boravi\u0161nu taksu ako podnesu dokaz o ispunjenju uslova utvr\u0111enih u istom stavu (\u010dlanska karta, potvrda \u0161kole, ljekara, ljekarski uput idr.).<\/p>\n<p>Boravi\u0161nu taksu umanjenu za 50% pla\u0107aju lica od 12 do 18 godina starosti i lica do 29 godina starosti koja su \u010dlanovi me\u0111unarodnih omladinskih organizacija i koriste usluge no\u0107enja u omladinskim objektima za smje\u0161taj koji su uklju\u010deni u me\u0111unarodnu mre\u017eu omladinskih objekata za smje\u0161taj IYHE.\u201d<\/p>\n<p>&nbsp;<\/p>\n<p><strong>\u010clan 4 <\/strong><\/p>\n<p>Naplatu boravi\u0161ne takse vr\u0161i pravno i fizi\u010dko lice koje pru\u017ea usluge smje\u0161taja (u daljem tekstu: davalac smje\u0161taja).<\/p>\n<p>Davalac smje\u0161taja napla\u0107uje boravi\u0161nu taksu istovremeno sa naplatom usluge smje\u0161taja.<\/p>\n<p>Ako davalac smje\u0161taja ne naplati boravi\u0161nu taksu, du\u017ean je da na svoj teret uplati iznos nenapla\u0107ene boravi\u0161ne takse.<\/p>\n<p>&nbsp;<\/p>\n<p><strong>\u010clan 5 <\/strong><\/p>\n<p>Davalac smje\u0161taja du\u017ean je da u roku od 24 sata po dolasku turista kojima pru\u017ea usluge smje\u0161taja prijavi dolazak i odlazak turista lokalnoj turisti\u010dkoj organizaciji, ili organizacionim djelovima \u2013 turisti\u010dkim informativnim biroima na \u010dijoj se teritoriji pru\u017eaju usluge smje\u0161taja.<\/p>\n<p>Lokalna turisti\u010dka organizacija du\u017ena je da ta\u010dno, potpuno i a\u017eurno vodi evidenciju prijava i odjava turista iz stava 1 ovog \u010dlana.<\/p>\n<p>Na\u010din podno\u0161enja prijave i odjave i na\u010din vo\u0111enja evidencije iz stava 2 ovog \u010dlana propisuje Ministarstvo.<\/p>\n<p>&nbsp;<\/p>\n<p><strong>\u010clan 6 <\/strong><\/p>\n<p>Davalac smje\u0161taja je du\u017ean da u ra\u010dun za uslugu smje\u0161taja posebno iska\u017ee iznos boravi\u0161ne takse, a u slu\u010dajevima iz \u010dlana 3. ove odluke da navede osnov osloba\u0111anja od pla\u0107anja boravi\u0161 ne takse uz dokaz.<\/p>\n<p>Davalac smje\u0161taja vodi evidenciju o pla\u0107enoj boravi\u0161noj taksi u knjizi, odnosno drugoj odgovaraju\u0107oj evidenciji.<\/p>\n<p>Davalac smje\u0161taja je du\u017ean da nadle\u017enom poreskom organu, do 15-og u mjesecu za prethodni mjesec, dostavi izvje\u0161taj o broju korisnika usluga smje\u0161taja i iznosu napla\u0107ene boravi\u0161ne takse.<\/p>\n<p>&nbsp;<\/p>\n<p><strong>\u010clan 7 <\/strong><\/p>\n<p>Sredstva od napla\u0107ene boravi\u0161ne takse davalac smje\u0161taja upla\u0107uje u roku od5 dana po isteku svakih 15 dana u mjesecu, odnosno po isteku mjeseca.<\/p>\n<p>&nbsp;<\/p>\n<p><strong>\u010clan 8 <\/strong><\/p>\n<p>Visina boravi\u0161ne takse utvr\u0111uje se u iznosu od 0.70 \u20ac.<\/p>\n<p>\u010clan 9<\/p>\n<p>Boravi\u0161na taksa mo\u017ee da se pla\u0107a u pau\u0161alnom iznosu za smje\u0161tajne objekte u doma\u0107instvima, \u00a0seoskim doma\u0107instvima i kampovima.<\/p>\n<p>Visina boravi\u0161ne takse iz prethodnog stava se pla\u0107a na osnovu lokacije, odnosno kategorizacije turisti\u010dkih mjesta, broja le\u017eaja ili smje\u0161taja ( kada se radi o kampovima ) i procjeni broj dana pune popunjenosti.<\/p>\n<p>&nbsp;<\/p>\n<p><strong>\u010clan 10 <\/strong><\/p>\n<p>Zona I:<\/p>\n<p>obuhvata Stari grad, prostor Pristana (po\u010dev od \u201ePlo\u010de\u201c do prostora oko biv\u0161eg hotela &#8220;Galeb&#8221;), Potok (ul.&#8221;Cafa Begu&#8221;), Liman I i II, i ulicu do hotela Albatros.<\/p>\n<p>&nbsp;<\/p>\n<p>Zona II:<\/p>\n<p>Velika pla\u017ea od kru\u017enog toka Bulevara Teuta do pristani\u0161ta, s druge strane do i sa objektom Lika i do \u010da\u010danskog odmarali\u0161ta.<\/p>\n<p>&nbsp;<\/p>\n<p>Zona III:<\/p>\n<p>od objekta Lika i \u010da\u010danskog odmarali\u0161ta do Ade Bojane i Kru\u010de.<\/p>\n<p>&nbsp;<\/p>\n<p>Zona IV:<\/p>\n<p>od kru\u017enog toka u centar grada ulica Hafiz Ali Ul\u0107inaku, Meterizi, Nova Mahala, Meraja, ulica Mujo Ul\u0107inaku Cakuli, Pinje\u0161, Kosovska ulica, Bulevar Gj.K.Skenderbeg, Bulevar Majka Tereza, Bulevar Bra\u0107a Fra\u0161eri, ulicu Ali Podrimja, Bulevar Teuta do kru\u017enog toka i \u0110erane I i II.<\/p>\n<p>&nbsp;<\/p>\n<p>Zona V:<\/p>\n<p>Kodre,Toto\u0161i i Solanski put.<\/p>\n<p>&nbsp;<\/p>\n<p>Zona VI:<\/p>\n<p>Obuhvata ostala podru\u010dja koja nijesu definisana ovom odlukom.<\/p>\n<p>&nbsp;<\/p>\n<p><strong>\u010clan 11 <\/strong><\/p>\n<p>Pau\u0161alni iznos za \u00a0Zonu I obra\u010dunava se za 60 dana.<\/p>\n<p>&nbsp;<\/p>\n<p>Pau\u0161alni iznos za Zonu II obra\u010dunava se za 50 dana.<\/p>\n<p>&nbsp;<\/p>\n<p>Pau\u0161alni iznos za Zonu III obra\u010dunava se za 40 dana.<\/p>\n<p>&nbsp;<\/p>\n<p>Pau\u0161alni iznos za Zonu IV obra\u010dunava se za 30 dana. Pau\u0161alni iznos za Zonu V obra\u010dunava se za 25 dana.<\/p>\n<p>&nbsp;<\/p>\n<p>Pau\u0161alni iznos za Zonu VI obra\u010dunava se za 20 dana.<\/p>\n<p>&nbsp;<\/p>\n<p><strong>\u010clan 12 <\/strong><\/p>\n<p>Prikupljanje i nadzor nad sredstvima od boravi\u0161ne takse vr\u0161i\u0107e Sekretarijat za bud\u017eet i finansije.<\/p>\n<p><strong>\u010clan13<\/strong><\/p>\n<p>Na odnose koji nijesu posebno ure\u0111eni ovom Odlukom (prinudna naplata, \u017ealbeni postupak, kamata I dr.) primjenjuju se odredbe zakona kojim se ure\u0111uje poreski postupak.<\/p>\n<p>&nbsp;<\/p>\n<p><strong>\u010clan 14 <\/strong><\/p>\n<p>Nov\u010danom kaznom od 500,00 do 10.000,00 eura kazni\u0107e se za prekr\u0161aj pravno lice \u2013 davalac smje\u0161taja, ako:<\/p>\n<p>&nbsp;<\/p>\n<p>1) ne naplati boravi\u0161nu taksu istovremeno sa naplatom usluge smje\u0161taja (\u010dlan 4 stav 2);<\/p>\n<p>2) u ra\u010dunu za uslugu smje\u0161taja posebno ne iska\u017ee iznos boravi\u0161ne takse ili ne navede osnove osloba\u0111anja od njenog pla\u0107anja (\u010dlan 5 stav 1);<\/p>\n<p>3) ne vodi evidenciju o obra\u010dunatoj i pla\u0107enoj boravi\u0161noj taksi u knjizi odnosno drugoj odgovaraju\u0107oj evidenciji (\u010dlan 5 stav 2);<\/p>\n<p>4) do 15-og u mjesecu za prethodni mjesec ne dostavi nadle\u017enom poreskom organu izvje\u0161taj o broju korisnika usluge smje\u0161taja i iznosu obra\u010dunate i napla\u0107ene boravi\u0161ne takse (\u010dlan 5 stav 3);<\/p>\n<p>5) sredstva od napla\u0107ene boravi\u0161ne takse ne uplati u roku od pet dana po isteku svakih 15 dana u \u00a0mjesecu odnosno po isteku mjeseca (\u010dlan 6);<\/p>\n<p>6) u roku od 24 sata po dolasku turista ne prijavi dolazak turista lokalnoj turisti\u010dkoj organizaciji ili organizacionim djelovima &#8211; turisti\u010dkim informativnim biroima na \u010dijoj se teritoriji pru\u017eaju usluge smje\u0161taja ili ne odjavi njihov boravak u roku od 24 sata nakon njihovog odlaska (\u010dlan 4a stav 1).<\/p>\n<p>Za prekr\u0161aj iz stava 1 ovog \u010dlana kazni\u0107e se i odgovorno lice u pravnom licu nov\u010danom kaznom od 250,00 do 1.500,00 eura.<\/p>\n<p>Za prekr\u0161aj iz stava 1 ovog \u010dlana kazni\u0107e se preduzetnik nov\u010danom kaznom od 250,00 do 5.000,00 eura.<\/p>\n<p>Za prekr\u0161aj iz stava 1 ovog \u010dlana kazni\u0107e se fizi\u010dko lice nov\u010danom kaznom od 250,00 do 1.500,00 eura.<\/p>\n<p>&nbsp;<\/p>\n<p><strong>\u010clan 15 <\/strong><\/p>\n<p>Nov\u010danom kaznom od 500,00 do 10.000 eura kazni\u0107e se za prekr\u0161aj pravno lice &#8211; lokalna turisti\u010dka organizacija, ako ta\u010dno, potpuno i a\u017eurno ne vodi evidenciju prijave i odjave turista iz \u010dlana (4a stav 2) ove odluke;<\/p>\n<p>Za prekr\u0161aj iz stava 1 ovog \u010dlana kazni\u0107e se i odgovorno lice u pravnom licu nov\u010danom kaznom od 250,00 do 1.500,00 eura.<\/p>\n<p><strong>\u00a0<\/strong><\/p>\n<p><strong>\u010clan 16 <\/strong><\/p>\n<p>Na sva pitanja koja nijesu ure\u0111ena ovom odlukom primjenjuje se Zakon o boravi\u0161noj taksi.<\/p>\n<p>&nbsp;<\/p>\n<p><strong>\u010clan 17 <\/strong><\/p>\n<p>Stupanjem na snagu ove odluke prestaje da va\u017ei Odluka o boravi\u0161noj taksi (&#8220;Sl. list RCG \u2013 op\u0161tinski propisi&#8221;, broj 21\/05) i (\u201cSl.List CG-op\u0161tinski propisi\u201c, broj 28\/15 i 35\/16)<\/p>\n<p>&nbsp;<\/p>\n<p><strong>\u010clan 18 <\/strong><\/p>\n<p>Ova odluka stupa na snagu osmog dana od dana objavljivanja u &#8220;Slu\u017ebenom listu CG-op\u0161tinskipropisi&#8221;.<\/p>\n<p>&nbsp;<\/p>\n<p>&nbsp;<\/p>\n<p><strong>SKUP\u0160TINA OP\u0160TINE ULCINJ <\/strong><\/p>\n<p><strong>\u00a0<\/strong><\/p>\n<p><strong>PREDSJEDNIK <\/strong><\/p>\n<p><strong>\u00a0<\/strong><\/p>\n<p><strong>Loro Nreki\u0107<\/strong><\/p>\n<p>&nbsp;<\/p>\n<p><span class=\"arial14 linkszi \">\u00a0\u00a0\u00a0 <\/span><\/p>\n","protected":false},"excerpt":{"rendered":"<p>N\u00eb Ulqin turizmi\u00a0 \u00ebsht\u00eb nj\u00eb nga deg\u00ebt m\u00eb t\u00eb r\u00ebnd\u00ebsishme t\u00eb ekonomis\u00eb vendase. Pas shum\u00eb vitesh sektori i turizmit do t\u00eb p\u00ebrballet p\u00ebr her\u00eb t\u00eb par\u00eb m\u00eb r\u00ebnie t\u00eb fort\u00eb turist\u00ebsh, q\u00eb sipas operator\u00ebve ajo \u00ebsht\u00eb e parapar\u00eb. N\u00eb faqen e komun\u00ebs s\u00eb Ulqinit u publikua propozim vendimi i cili do jet n\u00eb rendin e [&hellip;]<\/p>\n","protected":false},"author":1,"featured_media":0,"comment_status":"closed","ping_status":"closed","sticky":false,"template":"","format":"standard","meta":{"spay_email":"","jetpack_publicize_message":"","jetpack_is_tweetstorm":false,"jetpack_publicize_feature_enabled":true},"categories":[1,15],"tags":[],"jetpack_publicize_connections":[],"yoast_head":"<!-- This site is optimized with the Yoast SEO plugin v19.1 - https:\/\/yoast.com\/wordpress\/plugins\/seo\/ -->\n<title>70 cent: Taksat e larta turistike, do ta frenojn\u00eb zhvillimin e turizmit n\u00eb Ulqin - Lajme nga Ulqini<\/title>\n<meta name=\"description\" content=\"N\u00eb Ulqin turizmi\u00a0 \u00ebsht\u00eb nj\u00eb nga deg\u00ebt m\u00eb t\u00eb r\u00ebnd\u00ebsishme t\u00eb ekonomis\u00eb vendase. Pas shum\u00eb vitesh sektori i turizmit do t\u00eb p\u00ebrballet p\u00ebr her\u00eb t\u00eb par\u00eb m\u00eb\" \/>\n<meta name=\"robots\" content=\"index, follow, max-snippet:-1, max-image-preview:large, max-video-preview:-1\" \/>\n<link rel=\"canonical\" href=\"https:\/\/www.visit-ulcinj.com\/blog\/2016\/12\/14\/70-cent-taksat-e-larta-turistike-do-ta-frenojne-zhvillimin-e-turizmit-ne-ulqin\/\" \/>\n<meta property=\"og:locale\" content=\"en_US\" \/>\n<meta property=\"og:type\" content=\"article\" \/>\n<meta property=\"og:title\" content=\"70 cent: Taksat e larta turistike, do ta frenojn\u00eb zhvillimin e turizmit n\u00eb Ulqin - Lajme nga Ulqini\" \/>\n<meta property=\"og:description\" content=\"N\u00eb Ulqin turizmi\u00a0 \u00ebsht\u00eb nj\u00eb nga deg\u00ebt m\u00eb t\u00eb r\u00ebnd\u00ebsishme t\u00eb ekonomis\u00eb vendase. Pas shum\u00eb vitesh sektori i turizmit do t\u00eb p\u00ebrballet p\u00ebr her\u00eb t\u00eb par\u00eb m\u00eb\" \/>\n<meta property=\"og:url\" content=\"https:\/\/www.visit-ulcinj.com\/blog\/2016\/12\/14\/70-cent-taksat-e-larta-turistike-do-ta-frenojne-zhvillimin-e-turizmit-ne-ulqin\/\" \/>\n<meta property=\"og:site_name\" content=\"Lajme nga Ulqini\" \/>\n<meta property=\"article:published_time\" content=\"2016-12-14T12:07:23+00:00\" \/>\n<meta property=\"article:modified_time\" content=\"2016-12-15T11:15:54+00:00\" \/>\n<meta property=\"og:image\" content=\"http:\/\/www.visit-ulcinj.com\/blog\/wp-content\/uploads\/2016\/12\/TAKSA-TURISTIKE-ULQIN.jpg\" \/>\n<meta name=\"twitter:label1\" content=\"Written by\" \/>\n\t<meta name=\"twitter:data1\" content=\"ulqini\" \/>\n\t<meta name=\"twitter:label2\" content=\"Est. reading time\" \/>\n\t<meta name=\"twitter:data2\" content=\"7 minutes\" \/>\n<script type=\"application\/ld+json\" class=\"yoast-schema-graph\">{\"@context\":\"https:\/\/schema.org\",\"@graph\":[{\"@type\":\"WebSite\",\"@id\":\"https:\/\/www.visit-ulcinj.com\/blog\/#website\",\"url\":\"https:\/\/www.visit-ulcinj.com\/blog\/\",\"name\":\"Lajme nga Ulqini\",\"description\":\"Lajme,Vijesti,Ulqini,Ulqin,Crna Gora,Mali i Zi\",\"potentialAction\":[{\"@type\":\"SearchAction\",\"target\":{\"@type\":\"EntryPoint\",\"urlTemplate\":\"https:\/\/www.visit-ulcinj.com\/blog\/?s={search_term_string}\"},\"query-input\":\"required name=search_term_string\"}],\"inLanguage\":\"en-US\"},{\"@type\":\"ImageObject\",\"inLanguage\":\"en-US\",\"@id\":\"https:\/\/www.visit-ulcinj.com\/blog\/2016\/12\/14\/70-cent-taksat-e-larta-turistike-do-ta-frenojne-zhvillimin-e-turizmit-ne-ulqin\/#primaryimage\",\"url\":\"http:\/\/www.visit-ulcinj.com\/blog\/wp-content\/uploads\/2016\/12\/TAKSA-TURISTIKE-ULQIN.jpg\",\"contentUrl\":\"http:\/\/www.visit-ulcinj.com\/blog\/wp-content\/uploads\/2016\/12\/TAKSA-TURISTIKE-ULQIN.jpg\"},{\"@type\":\"WebPage\",\"@id\":\"https:\/\/www.visit-ulcinj.com\/blog\/2016\/12\/14\/70-cent-taksat-e-larta-turistike-do-ta-frenojne-zhvillimin-e-turizmit-ne-ulqin\/#webpage\",\"url\":\"https:\/\/www.visit-ulcinj.com\/blog\/2016\/12\/14\/70-cent-taksat-e-larta-turistike-do-ta-frenojne-zhvillimin-e-turizmit-ne-ulqin\/\",\"name\":\"70 cent: Taksat e larta turistike, do ta frenojn\u00eb zhvillimin e turizmit n\u00eb Ulqin - Lajme nga Ulqini\",\"isPartOf\":{\"@id\":\"https:\/\/www.visit-ulcinj.com\/blog\/#website\"},\"primaryImageOfPage\":{\"@id\":\"https:\/\/www.visit-ulcinj.com\/blog\/2016\/12\/14\/70-cent-taksat-e-larta-turistike-do-ta-frenojne-zhvillimin-e-turizmit-ne-ulqin\/#primaryimage\"},\"datePublished\":\"2016-12-14T12:07:23+00:00\",\"dateModified\":\"2016-12-15T11:15:54+00:00\",\"author\":{\"@id\":\"https:\/\/www.visit-ulcinj.com\/blog\/#\/schema\/person\/dcab619c614d3038751c63bc2aadc06d\"},\"description\":\"N\u00eb Ulqin turizmi\u00a0 \u00ebsht\u00eb nj\u00eb nga deg\u00ebt m\u00eb t\u00eb r\u00ebnd\u00ebsishme t\u00eb ekonomis\u00eb vendase. Pas shum\u00eb vitesh sektori i turizmit do t\u00eb p\u00ebrballet p\u00ebr her\u00eb t\u00eb par\u00eb m\u00eb\",\"breadcrumb\":{\"@id\":\"https:\/\/www.visit-ulcinj.com\/blog\/2016\/12\/14\/70-cent-taksat-e-larta-turistike-do-ta-frenojne-zhvillimin-e-turizmit-ne-ulqin\/#breadcrumb\"},\"inLanguage\":\"en-US\",\"potentialAction\":[{\"@type\":\"ReadAction\",\"target\":[\"https:\/\/www.visit-ulcinj.com\/blog\/2016\/12\/14\/70-cent-taksat-e-larta-turistike-do-ta-frenojne-zhvillimin-e-turizmit-ne-ulqin\/\"]}]},{\"@type\":\"BreadcrumbList\",\"@id\":\"https:\/\/www.visit-ulcinj.com\/blog\/2016\/12\/14\/70-cent-taksat-e-larta-turistike-do-ta-frenojne-zhvillimin-e-turizmit-ne-ulqin\/#breadcrumb\",\"itemListElement\":[{\"@type\":\"ListItem\",\"position\":1,\"name\":\"70 cent: Taksat e larta turistike, do ta frenojn\u00eb zhvillimin e turizmit n\u00eb Ulqin\"}]},{\"@type\":\"Person\",\"@id\":\"https:\/\/www.visit-ulcinj.com\/blog\/#\/schema\/person\/dcab619c614d3038751c63bc2aadc06d\",\"name\":\"ulqini\",\"sameAs\":[\"http:\/\/www.visit-ulcinj.com\"],\"url\":\"https:\/\/www.visit-ulcinj.com\/blog\/author\/admin\/\"}]}<\/script>\n<!-- \/ Yoast SEO plugin. -->","yoast_head_json":{"title":"70 cent: Taksat e larta turistike, do ta frenojn\u00eb zhvillimin e turizmit n\u00eb Ulqin - Lajme nga Ulqini","description":"N\u00eb Ulqin turizmi\u00a0 \u00ebsht\u00eb nj\u00eb nga deg\u00ebt m\u00eb t\u00eb r\u00ebnd\u00ebsishme t\u00eb ekonomis\u00eb vendase. Pas shum\u00eb vitesh sektori i turizmit do t\u00eb p\u00ebrballet p\u00ebr her\u00eb t\u00eb par\u00eb m\u00eb","robots":{"index":"index","follow":"follow","max-snippet":"max-snippet:-1","max-image-preview":"max-image-preview:large","max-video-preview":"max-video-preview:-1"},"canonical":"https:\/\/www.visit-ulcinj.com\/blog\/2016\/12\/14\/70-cent-taksat-e-larta-turistike-do-ta-frenojne-zhvillimin-e-turizmit-ne-ulqin\/","og_locale":"en_US","og_type":"article","og_title":"70 cent: Taksat e larta turistike, do ta frenojn\u00eb zhvillimin e turizmit n\u00eb Ulqin - Lajme nga Ulqini","og_description":"N\u00eb Ulqin turizmi\u00a0 \u00ebsht\u00eb nj\u00eb nga deg\u00ebt m\u00eb t\u00eb r\u00ebnd\u00ebsishme t\u00eb ekonomis\u00eb vendase. Pas shum\u00eb vitesh sektori i turizmit do t\u00eb p\u00ebrballet p\u00ebr her\u00eb t\u00eb par\u00eb m\u00eb","og_url":"https:\/\/www.visit-ulcinj.com\/blog\/2016\/12\/14\/70-cent-taksat-e-larta-turistike-do-ta-frenojne-zhvillimin-e-turizmit-ne-ulqin\/","og_site_name":"Lajme nga Ulqini","article_published_time":"2016-12-14T12:07:23+00:00","article_modified_time":"2016-12-15T11:15:54+00:00","og_image":[{"url":"http:\/\/www.visit-ulcinj.com\/blog\/wp-content\/uploads\/2016\/12\/TAKSA-TURISTIKE-ULQIN.jpg"}],"twitter_misc":{"Written by":"ulqini","Est. reading time":"7 minutes"},"schema":{"@context":"https:\/\/schema.org","@graph":[{"@type":"WebSite","@id":"https:\/\/www.visit-ulcinj.com\/blog\/#website","url":"https:\/\/www.visit-ulcinj.com\/blog\/","name":"Lajme nga Ulqini","description":"Lajme,Vijesti,Ulqini,Ulqin,Crna Gora,Mali i Zi","potentialAction":[{"@type":"SearchAction","target":{"@type":"EntryPoint","urlTemplate":"https:\/\/www.visit-ulcinj.com\/blog\/?s={search_term_string}"},"query-input":"required name=search_term_string"}],"inLanguage":"en-US"},{"@type":"ImageObject","inLanguage":"en-US","@id":"https:\/\/www.visit-ulcinj.com\/blog\/2016\/12\/14\/70-cent-taksat-e-larta-turistike-do-ta-frenojne-zhvillimin-e-turizmit-ne-ulqin\/#primaryimage","url":"http:\/\/www.visit-ulcinj.com\/blog\/wp-content\/uploads\/2016\/12\/TAKSA-TURISTIKE-ULQIN.jpg","contentUrl":"http:\/\/www.visit-ulcinj.com\/blog\/wp-content\/uploads\/2016\/12\/TAKSA-TURISTIKE-ULQIN.jpg"},{"@type":"WebPage","@id":"https:\/\/www.visit-ulcinj.com\/blog\/2016\/12\/14\/70-cent-taksat-e-larta-turistike-do-ta-frenojne-zhvillimin-e-turizmit-ne-ulqin\/#webpage","url":"https:\/\/www.visit-ulcinj.com\/blog\/2016\/12\/14\/70-cent-taksat-e-larta-turistike-do-ta-frenojne-zhvillimin-e-turizmit-ne-ulqin\/","name":"70 cent: Taksat e larta turistike, do ta frenojn\u00eb zhvillimin e turizmit n\u00eb Ulqin - Lajme nga Ulqini","isPartOf":{"@id":"https:\/\/www.visit-ulcinj.com\/blog\/#website"},"primaryImageOfPage":{"@id":"https:\/\/www.visit-ulcinj.com\/blog\/2016\/12\/14\/70-cent-taksat-e-larta-turistike-do-ta-frenojne-zhvillimin-e-turizmit-ne-ulqin\/#primaryimage"},"datePublished":"2016-12-14T12:07:23+00:00","dateModified":"2016-12-15T11:15:54+00:00","author":{"@id":"https:\/\/www.visit-ulcinj.com\/blog\/#\/schema\/person\/dcab619c614d3038751c63bc2aadc06d"},"description":"N\u00eb Ulqin turizmi\u00a0 \u00ebsht\u00eb nj\u00eb nga deg\u00ebt m\u00eb t\u00eb r\u00ebnd\u00ebsishme t\u00eb ekonomis\u00eb vendase. Pas shum\u00eb vitesh sektori i turizmit do t\u00eb p\u00ebrballet p\u00ebr her\u00eb t\u00eb par\u00eb m\u00eb","breadcrumb":{"@id":"https:\/\/www.visit-ulcinj.com\/blog\/2016\/12\/14\/70-cent-taksat-e-larta-turistike-do-ta-frenojne-zhvillimin-e-turizmit-ne-ulqin\/#breadcrumb"},"inLanguage":"en-US","potentialAction":[{"@type":"ReadAction","target":["https:\/\/www.visit-ulcinj.com\/blog\/2016\/12\/14\/70-cent-taksat-e-larta-turistike-do-ta-frenojne-zhvillimin-e-turizmit-ne-ulqin\/"]}]},{"@type":"BreadcrumbList","@id":"https:\/\/www.visit-ulcinj.com\/blog\/2016\/12\/14\/70-cent-taksat-e-larta-turistike-do-ta-frenojne-zhvillimin-e-turizmit-ne-ulqin\/#breadcrumb","itemListElement":[{"@type":"ListItem","position":1,"name":"70 cent: Taksat e larta turistike, do ta frenojn\u00eb zhvillimin e turizmit n\u00eb Ulqin"}]},{"@type":"Person","@id":"https:\/\/www.visit-ulcinj.com\/blog\/#\/schema\/person\/dcab619c614d3038751c63bc2aadc06d","name":"ulqini","sameAs":["http:\/\/www.visit-ulcinj.com"],"url":"https:\/\/www.visit-ulcinj.com\/blog\/author\/admin\/"}]}},"jetpack_featured_media_url":"","jetpack_sharing_enabled":true,"jetpack_shortlink":"https:\/\/wp.me\/pe6lTn-qrD","_links":{"self":[{"href":"https:\/\/www.visit-ulcinj.com\/blog\/wp-json\/wp\/v2\/posts\/101657"}],"collection":[{"href":"https:\/\/www.visit-ulcinj.com\/blog\/wp-json\/wp\/v2\/posts"}],"about":[{"href":"https:\/\/www.visit-ulcinj.com\/blog\/wp-json\/wp\/v2\/types\/post"}],"author":[{"embeddable":true,"href":"https:\/\/www.visit-ulcinj.com\/blog\/wp-json\/wp\/v2\/users\/1"}],"replies":[{"embeddable":true,"href":"https:\/\/www.visit-ulcinj.com\/blog\/wp-json\/wp\/v2\/comments?post=101657"}],"version-history":[{"count":2,"href":"https:\/\/www.visit-ulcinj.com\/blog\/wp-json\/wp\/v2\/posts\/101657\/revisions"}],"predecessor-version":[{"id":101673,"href":"https:\/\/www.visit-ulcinj.com\/blog\/wp-json\/wp\/v2\/posts\/101657\/revisions\/101673"}],"wp:attachment":[{"href":"https:\/\/www.visit-ulcinj.com\/blog\/wp-json\/wp\/v2\/media?parent=101657"}],"wp:term":[{"taxonomy":"category","embeddable":true,"href":"https:\/\/www.visit-ulcinj.com\/blog\/wp-json\/wp\/v2\/categories?post=101657"},{"taxonomy":"post_tag","embeddable":true,"href":"https:\/\/www.visit-ulcinj.com\/blog\/wp-json\/wp\/v2\/tags?post=101657"}],"curies":[{"name":"wp","href":"https:\/\/api.w.org\/{rel}","templated":true}]}}