{"id":101663,"date":"2016-12-14T18:50:38","date_gmt":"2016-12-14T17:50:38","guid":{"rendered":"http:\/\/www.visit-ulcinj.com\/blog\/?p=101663"},"modified":"2016-12-14T18:51:20","modified_gmt":"2016-12-14T17:51:20","slug":"abazovic-ne-vracamo-se-u-parlament","status":"publish","type":"post","link":"https:\/\/www.visit-ulcinj.com\/blog\/2016\/12\/14\/abazovic-ne-vracamo-se-u-parlament\/","title":{"rendered":"Abazovi\u0107: Ne vra\u0107amo se u parlament"},"content":{"rendered":"<p><a href=\"http:\/\/www.visit-ulcinj.com\/blog\/wp-content\/uploads\/2015\/06\/Dritan-abazovic.jpg\"><img loading=\"lazy\" class=\"alignleft wp-image-91056\" src=\"http:\/\/www.visit-ulcinj.com\/blog\/wp-content\/uploads\/2015\/06\/Dritan-abazovic.jpg\" alt=\"Dritan-abazovic\" width=\"508\" height=\"319\" srcset=\"https:\/\/www.visit-ulcinj.com\/blog\/wp-content\/uploads\/2015\/06\/Dritan-abazovic.jpg 560w, https:\/\/www.visit-ulcinj.com\/blog\/wp-content\/uploads\/2015\/06\/Dritan-abazovic-300x189.jpg 300w\" sizes=\"(max-width: 508px) 100vw, 508px\" \/><\/a>Potpredsjednik Gra\u0111anskog pokreta URA, Dritan Abazovi\u0107, rekao je da svaki poziv da se bilo koji opozicioni subjekt na bilo koji na\u010din involvira u vladu koja je izbrana u nelegitimnom i nelegalnom parlamentu, predstavlja pucanj u prazno.<\/p>\n<p><a href=\"http:\/\/cdm.me\/politika\/darmanovic-zavrsetak-ratifikacije-u-prvoj-polovini-naredne-godine\/\">Ministar vanjskih poslova Sr\u0111an Darmanovi\u0107 saop\u0161tio je ju\u010de da i dalje va\u017ei poziv premijera Du\u0161ka Markovi\u0107a opoziciji koja podr\u017eava NATO i EU integracije da u\u0111e u Vladu<\/a>.<\/p>\n<p>Komentari\u0161u\u0107i izjavu ministra vanjskih poslova, Sr\u0111ana Darmanovi\u0107a, da poziv premijera Du\u0161ka Markovi\u0107a opoziciji koja podr\u017eava EU i NATO da u\u0111e u vladu i dalje va\u017ei, Abazovi\u0107 je rekao da nema povratka u parlament niti bilo kakvog dijaloga, ili tra\u017eenja modela zajedni\u010dke saradnje, dok se ne udovolji zahtjevima opozicije.<\/p>\n<p>&#8220;Dakle, dok se ne raspi\u0161u ponovljeni parlamentarni izbori, jer su ovi 16. oktobra pokradeni, i dok se ne rije\u0161i &#8216;dr\u017eavni udar&#8217;, povratka u institucije nema. Znamo da takva situacija nervira Vladu Crne Gore, mi to potpuno razumijemo, ali nijesmo uop\u0161te optere\u0107eni time, i nadam se da opoziciono jedinstvo ne\u0107e biti bilo \u010dim naru\u0161eno&#8221;, istakao je Abazovi\u0107 za Dan.<\/p>\n<p>On je rekao da oni iz Gra\u0111anskog pokreta URA koji podr\u017eavaju \u010dlanstvo Crne Gore u NATO-u, pa i u vrednosnom smislu, \u017eele da Darmanovi\u0107u postave nekoliko pitanja.<\/p>\n<p>\u201cPitamo ministra vanjskih poslova Crne Gore da li zna neku \u010dlanicu NATO-a gdje se paralelno odr\u017eavaju slobodni izbori i sprovodi dr\u017eavni udar i da li zna neku \u010dlanicu NATO-a gdje se nesmetano obavljaju kupovina glasova i zloupotrebe javnih resursa, a onda se vlast progla\u0161ava legitimnom\u201d, naglasio je Abazovi\u0107.<\/p>\n<p><strong>Izvor: DAN \/ RTCG<\/strong><\/p>\n","protected":false},"excerpt":{"rendered":"<p>Potpredsjednik Gra\u0111anskog pokreta URA, Dritan Abazovi\u0107, rekao je da svaki poziv da se bilo koji opozicioni subjekt na bilo koji na\u010din involvira u vladu koja je izbrana u nelegitimnom i nelegalnom parlamentu, predstavlja pucanj u prazno. Ministar vanjskih poslova Sr\u0111an Darmanovi\u0107 saop\u0161tio je ju\u010de da i dalje va\u017ei poziv premijera Du\u0161ka Markovi\u0107a opoziciji koja podr\u017eava [&hellip;]<\/p>\n","protected":false},"author":1,"featured_media":0,"comment_status":"closed","ping_status":"closed","sticky":false,"template":"","format":"standard","meta":{"spay_email":"","jetpack_publicize_message":"","jetpack_is_tweetstorm":false,"jetpack_publicize_feature_enabled":true},"categories":[8],"tags":[],"jetpack_publicize_connections":[],"yoast_head":"<!-- This site is optimized with the Yoast SEO plugin v19.1 - https:\/\/yoast.com\/wordpress\/plugins\/seo\/ -->\n<title>Abazovi\u0107: Ne vra\u0107amo se u parlament - Lajme nga Ulqini<\/title>\n<meta name=\"description\" content=\"Potpredsjednik Gra\u0111anskog pokreta URA, Dritan Abazovi\u0107, rekao je da svaki poziv da se bilo koji opozicioni subjekt na bilo koji na\u010din involvira u vladu\" \/>\n<meta name=\"robots\" content=\"index, follow, max-snippet:-1, max-image-preview:large, max-video-preview:-1\" \/>\n<link rel=\"canonical\" href=\"https:\/\/www.visit-ulcinj.com\/blog\/2016\/12\/14\/abazovic-ne-vracamo-se-u-parlament\/\" \/>\n<meta property=\"og:locale\" content=\"en_US\" \/>\n<meta property=\"og:type\" content=\"article\" \/>\n<meta property=\"og:title\" content=\"Abazovi\u0107: Ne vra\u0107amo se u parlament - Lajme nga Ulqini\" \/>\n<meta property=\"og:description\" content=\"Potpredsjednik Gra\u0111anskog pokreta URA, Dritan Abazovi\u0107, rekao je da svaki poziv da se bilo koji opozicioni subjekt na bilo koji na\u010din involvira u vladu\" \/>\n<meta property=\"og:url\" content=\"https:\/\/www.visit-ulcinj.com\/blog\/2016\/12\/14\/abazovic-ne-vracamo-se-u-parlament\/\" \/>\n<meta property=\"og:site_name\" content=\"Lajme nga Ulqini\" \/>\n<meta property=\"article:published_time\" content=\"2016-12-14T17:50:38+00:00\" \/>\n<meta property=\"article:modified_time\" content=\"2016-12-14T17:51:20+00:00\" \/>\n<meta property=\"og:image\" content=\"http:\/\/www.visit-ulcinj.com\/blog\/wp-content\/uploads\/2015\/06\/Dritan-abazovic.jpg\" \/>\n<meta name=\"twitter:label1\" content=\"Written by\" \/>\n\t<meta name=\"twitter:data1\" content=\"ulqini\" \/>\n\t<meta name=\"twitter:label2\" content=\"Est. reading time\" \/>\n\t<meta name=\"twitter:data2\" content=\"1 minute\" \/>\n<script type=\"application\/ld+json\" class=\"yoast-schema-graph\">{\"@context\":\"https:\/\/schema.org\",\"@graph\":[{\"@type\":\"WebSite\",\"@id\":\"https:\/\/www.visit-ulcinj.com\/blog\/#website\",\"url\":\"https:\/\/www.visit-ulcinj.com\/blog\/\",\"name\":\"Lajme nga Ulqini\",\"description\":\"Lajme,Vijesti,Ulqini,Ulqin,Crna Gora,Mali i Zi\",\"potentialAction\":[{\"@type\":\"SearchAction\",\"target\":{\"@type\":\"EntryPoint\",\"urlTemplate\":\"https:\/\/www.visit-ulcinj.com\/blog\/?s={search_term_string}\"},\"query-input\":\"required name=search_term_string\"}],\"inLanguage\":\"en-US\"},{\"@type\":\"ImageObject\",\"inLanguage\":\"en-US\",\"@id\":\"https:\/\/www.visit-ulcinj.com\/blog\/2016\/12\/14\/abazovic-ne-vracamo-se-u-parlament\/#primaryimage\",\"url\":\"https:\/\/www.visit-ulcinj.com\/blog\/wp-content\/uploads\/2015\/06\/Dritan-abazovic.jpg\",\"contentUrl\":\"https:\/\/www.visit-ulcinj.com\/blog\/wp-content\/uploads\/2015\/06\/Dritan-abazovic.jpg\",\"width\":560,\"height\":352},{\"@type\":\"WebPage\",\"@id\":\"https:\/\/www.visit-ulcinj.com\/blog\/2016\/12\/14\/abazovic-ne-vracamo-se-u-parlament\/#webpage\",\"url\":\"https:\/\/www.visit-ulcinj.com\/blog\/2016\/12\/14\/abazovic-ne-vracamo-se-u-parlament\/\",\"name\":\"Abazovi\u0107: Ne vra\u0107amo se u parlament - Lajme nga Ulqini\",\"isPartOf\":{\"@id\":\"https:\/\/www.visit-ulcinj.com\/blog\/#website\"},\"primaryImageOfPage\":{\"@id\":\"https:\/\/www.visit-ulcinj.com\/blog\/2016\/12\/14\/abazovic-ne-vracamo-se-u-parlament\/#primaryimage\"},\"datePublished\":\"2016-12-14T17:50:38+00:00\",\"dateModified\":\"2016-12-14T17:51:20+00:00\",\"author\":{\"@id\":\"https:\/\/www.visit-ulcinj.com\/blog\/#\/schema\/person\/dcab619c614d3038751c63bc2aadc06d\"},\"description\":\"Potpredsjednik Gra\u0111anskog pokreta URA, Dritan Abazovi\u0107, rekao je da svaki poziv da se bilo koji opozicioni subjekt na bilo koji na\u010din involvira u vladu\",\"breadcrumb\":{\"@id\":\"https:\/\/www.visit-ulcinj.com\/blog\/2016\/12\/14\/abazovic-ne-vracamo-se-u-parlament\/#breadcrumb\"},\"inLanguage\":\"en-US\",\"potentialAction\":[{\"@type\":\"ReadAction\",\"target\":[\"https:\/\/www.visit-ulcinj.com\/blog\/2016\/12\/14\/abazovic-ne-vracamo-se-u-parlament\/\"]}]},{\"@type\":\"BreadcrumbList\",\"@id\":\"https:\/\/www.visit-ulcinj.com\/blog\/2016\/12\/14\/abazovic-ne-vracamo-se-u-parlament\/#breadcrumb\",\"itemListElement\":[{\"@type\":\"ListItem\",\"position\":1,\"name\":\"Abazovi\u0107: Ne vra\u0107amo se u parlament\"}]},{\"@type\":\"Person\",\"@id\":\"https:\/\/www.visit-ulcinj.com\/blog\/#\/schema\/person\/dcab619c614d3038751c63bc2aadc06d\",\"name\":\"ulqini\",\"sameAs\":[\"http:\/\/www.visit-ulcinj.com\"],\"url\":\"https:\/\/www.visit-ulcinj.com\/blog\/author\/admin\/\"}]}<\/script>\n<!-- \/ Yoast SEO plugin. -->","yoast_head_json":{"title":"Abazovi\u0107: Ne vra\u0107amo se u parlament - Lajme nga Ulqini","description":"Potpredsjednik Gra\u0111anskog pokreta URA, Dritan Abazovi\u0107, rekao je da svaki poziv da se bilo koji opozicioni subjekt na bilo koji na\u010din involvira u vladu","robots":{"index":"index","follow":"follow","max-snippet":"max-snippet:-1","max-image-preview":"max-image-preview:large","max-video-preview":"max-video-preview:-1"},"canonical":"https:\/\/www.visit-ulcinj.com\/blog\/2016\/12\/14\/abazovic-ne-vracamo-se-u-parlament\/","og_locale":"en_US","og_type":"article","og_title":"Abazovi\u0107: Ne vra\u0107amo se u parlament - Lajme nga Ulqini","og_description":"Potpredsjednik Gra\u0111anskog pokreta URA, Dritan Abazovi\u0107, rekao je da svaki poziv da se bilo koji opozicioni subjekt na bilo koji na\u010din involvira u vladu","og_url":"https:\/\/www.visit-ulcinj.com\/blog\/2016\/12\/14\/abazovic-ne-vracamo-se-u-parlament\/","og_site_name":"Lajme nga Ulqini","article_published_time":"2016-12-14T17:50:38+00:00","article_modified_time":"2016-12-14T17:51:20+00:00","og_image":[{"url":"http:\/\/www.visit-ulcinj.com\/blog\/wp-content\/uploads\/2015\/06\/Dritan-abazovic.jpg"}],"twitter_misc":{"Written by":"ulqini","Est. reading time":"1 minute"},"schema":{"@context":"https:\/\/schema.org","@graph":[{"@type":"WebSite","@id":"https:\/\/www.visit-ulcinj.com\/blog\/#website","url":"https:\/\/www.visit-ulcinj.com\/blog\/","name":"Lajme nga Ulqini","description":"Lajme,Vijesti,Ulqini,Ulqin,Crna Gora,Mali i Zi","potentialAction":[{"@type":"SearchAction","target":{"@type":"EntryPoint","urlTemplate":"https:\/\/www.visit-ulcinj.com\/blog\/?s={search_term_string}"},"query-input":"required name=search_term_string"}],"inLanguage":"en-US"},{"@type":"ImageObject","inLanguage":"en-US","@id":"https:\/\/www.visit-ulcinj.com\/blog\/2016\/12\/14\/abazovic-ne-vracamo-se-u-parlament\/#primaryimage","url":"https:\/\/www.visit-ulcinj.com\/blog\/wp-content\/uploads\/2015\/06\/Dritan-abazovic.jpg","contentUrl":"https:\/\/www.visit-ulcinj.com\/blog\/wp-content\/uploads\/2015\/06\/Dritan-abazovic.jpg","width":560,"height":352},{"@type":"WebPage","@id":"https:\/\/www.visit-ulcinj.com\/blog\/2016\/12\/14\/abazovic-ne-vracamo-se-u-parlament\/#webpage","url":"https:\/\/www.visit-ulcinj.com\/blog\/2016\/12\/14\/abazovic-ne-vracamo-se-u-parlament\/","name":"Abazovi\u0107: Ne vra\u0107amo se u parlament - Lajme nga Ulqini","isPartOf":{"@id":"https:\/\/www.visit-ulcinj.com\/blog\/#website"},"primaryImageOfPage":{"@id":"https:\/\/www.visit-ulcinj.com\/blog\/2016\/12\/14\/abazovic-ne-vracamo-se-u-parlament\/#primaryimage"},"datePublished":"2016-12-14T17:50:38+00:00","dateModified":"2016-12-14T17:51:20+00:00","author":{"@id":"https:\/\/www.visit-ulcinj.com\/blog\/#\/schema\/person\/dcab619c614d3038751c63bc2aadc06d"},"description":"Potpredsjednik Gra\u0111anskog pokreta URA, Dritan Abazovi\u0107, rekao je da svaki poziv da se bilo koji opozicioni subjekt na bilo koji na\u010din involvira u vladu","breadcrumb":{"@id":"https:\/\/www.visit-ulcinj.com\/blog\/2016\/12\/14\/abazovic-ne-vracamo-se-u-parlament\/#breadcrumb"},"inLanguage":"en-US","potentialAction":[{"@type":"ReadAction","target":["https:\/\/www.visit-ulcinj.com\/blog\/2016\/12\/14\/abazovic-ne-vracamo-se-u-parlament\/"]}]},{"@type":"BreadcrumbList","@id":"https:\/\/www.visit-ulcinj.com\/blog\/2016\/12\/14\/abazovic-ne-vracamo-se-u-parlament\/#breadcrumb","itemListElement":[{"@type":"ListItem","position":1,"name":"Abazovi\u0107: Ne vra\u0107amo se u parlament"}]},{"@type":"Person","@id":"https:\/\/www.visit-ulcinj.com\/blog\/#\/schema\/person\/dcab619c614d3038751c63bc2aadc06d","name":"ulqini","sameAs":["http:\/\/www.visit-ulcinj.com"],"url":"https:\/\/www.visit-ulcinj.com\/blog\/author\/admin\/"}]}},"jetpack_featured_media_url":"","jetpack_sharing_enabled":true,"jetpack_shortlink":"https:\/\/wp.me\/pe6lTn-qrJ","_links":{"self":[{"href":"https:\/\/www.visit-ulcinj.com\/blog\/wp-json\/wp\/v2\/posts\/101663"}],"collection":[{"href":"https:\/\/www.visit-ulcinj.com\/blog\/wp-json\/wp\/v2\/posts"}],"about":[{"href":"https:\/\/www.visit-ulcinj.com\/blog\/wp-json\/wp\/v2\/types\/post"}],"author":[{"embeddable":true,"href":"https:\/\/www.visit-ulcinj.com\/blog\/wp-json\/wp\/v2\/users\/1"}],"replies":[{"embeddable":true,"href":"https:\/\/www.visit-ulcinj.com\/blog\/wp-json\/wp\/v2\/comments?post=101663"}],"version-history":[{"count":1,"href":"https:\/\/www.visit-ulcinj.com\/blog\/wp-json\/wp\/v2\/posts\/101663\/revisions"}],"predecessor-version":[{"id":101664,"href":"https:\/\/www.visit-ulcinj.com\/blog\/wp-json\/wp\/v2\/posts\/101663\/revisions\/101664"}],"wp:attachment":[{"href":"https:\/\/www.visit-ulcinj.com\/blog\/wp-json\/wp\/v2\/media?parent=101663"}],"wp:term":[{"taxonomy":"category","embeddable":true,"href":"https:\/\/www.visit-ulcinj.com\/blog\/wp-json\/wp\/v2\/categories?post=101663"},{"taxonomy":"post_tag","embeddable":true,"href":"https:\/\/www.visit-ulcinj.com\/blog\/wp-json\/wp\/v2\/tags?post=101663"}],"curies":[{"name":"wp","href":"https:\/\/api.w.org\/{rel}","templated":true}]}}