{"id":101665,"date":"2016-12-14T21:40:21","date_gmt":"2016-12-14T20:40:21","guid":{"rendered":"http:\/\/www.visit-ulcinj.com\/blog\/?p=101665"},"modified":"2016-12-14T21:40:21","modified_gmt":"2016-12-14T20:40:21","slug":"dritan-abazoviq-nuk-ka-kthim-ne-parlament","status":"publish","type":"post","link":"https:\/\/www.visit-ulcinj.com\/blog\/2016\/12\/14\/dritan-abazoviq-nuk-ka-kthim-ne-parlament\/","title":{"rendered":"Dritan Abazoviq: Nuk ka kthim n\u00eb parlament!"},"content":{"rendered":"<p><strong><a href=\"http:\/\/www.visit-ulcinj.com\/blog\/wp-content\/uploads\/2015\/06\/Dritan-abazovic.jpg\"><img loading=\"lazy\" class=\"alignleft wp-image-91056\" src=\"http:\/\/www.visit-ulcinj.com\/blog\/wp-content\/uploads\/2015\/06\/Dritan-abazovic.jpg\" alt=\"Dritan-abazovic\" width=\"508\" height=\"319\" srcset=\"https:\/\/www.visit-ulcinj.com\/blog\/wp-content\/uploads\/2015\/06\/Dritan-abazovic.jpg 560w, https:\/\/www.visit-ulcinj.com\/blog\/wp-content\/uploads\/2015\/06\/Dritan-abazovic-300x189.jpg 300w\" sizes=\"(max-width: 508px) 100vw, 508px\" \/><\/a>Abazoviq &#8211; \u00e7do thirrje nga subjektet opozitare n\u00eb \u00e7far\u00eb do m\u00ebnyre t\u00eb involvohet n\u00eb Qeveri<\/strong><\/p>\n<p>N\u00ebnkryetari i L\u00ebvizjes qytetare URA, Dritan Abazoviq ka deklaruar se \u00e7do thirrje q\u00eb cilido nga subjektet opozitare n\u00eb \u00e7far\u00eb do m\u00ebnyre t\u00eb involvohet n\u00eb Qeveri e cila \u00ebsht\u00eb zgjedhur n\u00eb Kuvendin jo legjitim dhe jolegal paraqet apel t\u00eb pavler\u00eb. Duke komentuar deklarat\u00ebn e ministrit t\u00eb pun\u00ebve t\u00eb jashtme S\u00ebrgjan Darmanoviq q\u00eb ftesa e kryeministrit opozit\u00ebs e cila p\u00ebrkrah\u00eb Bashkimin Evropian dhe NATO-n, t\u00eb hyj\u00eb n\u00eb qeveri vlen edhe m\u00eb tej, Abazoviq ka deklaruar se nuk ka kthim n\u00eb parlament as \u00e7far\u00ebdo dialogu apo k\u00ebrkim t\u00eb modelit t\u00eb bashk\u00ebpunimit derisa mos t\u00eb k\u00ebnaqen k\u00ebrkesat e opozit\u00ebs.<\/p>\n<p>Pra derisa mos t\u00eb p\u00ebrs\u00ebrit\u00ebn zgjedhjet parlamentare, sepse k\u00ebta t\u00eb 16 dhjetorit jan\u00eb t\u00eb vjedhur dhe derisa mos t\u00eb zgjidhet \u00e7\u00ebshtja e grusht shtetit, nuk ka kthim n\u00eb institucione. E di se kjo situat\u00eb e nervozon Qeverin\u00eb e Malit t\u00eb Zi, por nuk jemi t\u00eb ngarkuar me at\u00eb dhe shpresojm\u00eb q\u00eb uniteti opozitar nuk do t\u00eb prishet, deklaroi Abazoviq p\u00ebr t\u00eb p\u00ebrditshmen DAN.<\/p>\n<p>TVCG<\/p>\n","protected":false},"excerpt":{"rendered":"<p>Abazoviq &#8211; \u00e7do thirrje nga subjektet opozitare n\u00eb \u00e7far\u00eb do m\u00ebnyre t\u00eb involvohet n\u00eb Qeveri N\u00ebnkryetari i L\u00ebvizjes qytetare URA, Dritan Abazoviq ka deklaruar se \u00e7do thirrje q\u00eb cilido nga subjektet opozitare n\u00eb \u00e7far\u00eb do m\u00ebnyre t\u00eb involvohet n\u00eb Qeveri e cila \u00ebsht\u00eb zgjedhur n\u00eb Kuvendin jo legjitim dhe jolegal paraqet apel t\u00eb pavler\u00eb. Duke [&hellip;]<\/p>\n","protected":false},"author":1,"featured_media":0,"comment_status":"closed","ping_status":"closed","sticky":false,"template":"","format":"standard","meta":{"spay_email":"","jetpack_publicize_message":"","jetpack_is_tweetstorm":false,"jetpack_publicize_feature_enabled":true},"categories":[12],"tags":[],"jetpack_publicize_connections":[],"yoast_head":"<!-- This site is optimized with the Yoast SEO plugin v19.1 - https:\/\/yoast.com\/wordpress\/plugins\/seo\/ -->\n<title>Dritan Abazoviq: Nuk ka kthim n\u00eb parlament! - Lajme nga Ulqini<\/title>\n<meta name=\"description\" content=\"Abazoviq - \u00e7do thirrje nga subjektet opozitare n\u00eb \u00e7far\u00eb do m\u00ebnyre t\u00eb involvohet n\u00eb Qeveri N\u00ebnkryetari i L\u00ebvizjes qytetare URA, Dritan Abazoviq ka\" \/>\n<meta name=\"robots\" content=\"index, follow, max-snippet:-1, max-image-preview:large, max-video-preview:-1\" \/>\n<link rel=\"canonical\" href=\"https:\/\/www.visit-ulcinj.com\/blog\/2016\/12\/14\/dritan-abazoviq-nuk-ka-kthim-ne-parlament\/\" \/>\n<meta property=\"og:locale\" content=\"en_US\" \/>\n<meta property=\"og:type\" content=\"article\" \/>\n<meta property=\"og:title\" content=\"Dritan Abazoviq: Nuk ka kthim n\u00eb parlament! - Lajme nga Ulqini\" \/>\n<meta property=\"og:description\" content=\"Abazoviq - \u00e7do thirrje nga subjektet opozitare n\u00eb \u00e7far\u00eb do m\u00ebnyre t\u00eb involvohet n\u00eb Qeveri N\u00ebnkryetari i L\u00ebvizjes qytetare URA, Dritan Abazoviq ka\" \/>\n<meta property=\"og:url\" content=\"https:\/\/www.visit-ulcinj.com\/blog\/2016\/12\/14\/dritan-abazoviq-nuk-ka-kthim-ne-parlament\/\" \/>\n<meta property=\"og:site_name\" content=\"Lajme nga Ulqini\" \/>\n<meta property=\"article:published_time\" content=\"2016-12-14T20:40:21+00:00\" \/>\n<meta property=\"og:image\" content=\"http:\/\/www.visit-ulcinj.com\/blog\/wp-content\/uploads\/2015\/06\/Dritan-abazovic.jpg\" \/>\n<meta name=\"twitter:label1\" content=\"Written by\" \/>\n\t<meta name=\"twitter:data1\" content=\"ulqini\" \/>\n\t<meta name=\"twitter:label2\" content=\"Est. reading time\" \/>\n\t<meta name=\"twitter:data2\" content=\"1 minute\" \/>\n<script type=\"application\/ld+json\" class=\"yoast-schema-graph\">{\"@context\":\"https:\/\/schema.org\",\"@graph\":[{\"@type\":\"WebSite\",\"@id\":\"https:\/\/www.visit-ulcinj.com\/blog\/#website\",\"url\":\"https:\/\/www.visit-ulcinj.com\/blog\/\",\"name\":\"Lajme nga Ulqini\",\"description\":\"Lajme,Vijesti,Ulqini,Ulqin,Crna Gora,Mali i Zi\",\"potentialAction\":[{\"@type\":\"SearchAction\",\"target\":{\"@type\":\"EntryPoint\",\"urlTemplate\":\"https:\/\/www.visit-ulcinj.com\/blog\/?s={search_term_string}\"},\"query-input\":\"required name=search_term_string\"}],\"inLanguage\":\"en-US\"},{\"@type\":\"ImageObject\",\"inLanguage\":\"en-US\",\"@id\":\"https:\/\/www.visit-ulcinj.com\/blog\/2016\/12\/14\/dritan-abazoviq-nuk-ka-kthim-ne-parlament\/#primaryimage\",\"url\":\"https:\/\/www.visit-ulcinj.com\/blog\/wp-content\/uploads\/2015\/06\/Dritan-abazovic.jpg\",\"contentUrl\":\"https:\/\/www.visit-ulcinj.com\/blog\/wp-content\/uploads\/2015\/06\/Dritan-abazovic.jpg\",\"width\":560,\"height\":352},{\"@type\":\"WebPage\",\"@id\":\"https:\/\/www.visit-ulcinj.com\/blog\/2016\/12\/14\/dritan-abazoviq-nuk-ka-kthim-ne-parlament\/#webpage\",\"url\":\"https:\/\/www.visit-ulcinj.com\/blog\/2016\/12\/14\/dritan-abazoviq-nuk-ka-kthim-ne-parlament\/\",\"name\":\"Dritan Abazoviq: Nuk ka kthim n\u00eb parlament! - Lajme nga Ulqini\",\"isPartOf\":{\"@id\":\"https:\/\/www.visit-ulcinj.com\/blog\/#website\"},\"primaryImageOfPage\":{\"@id\":\"https:\/\/www.visit-ulcinj.com\/blog\/2016\/12\/14\/dritan-abazoviq-nuk-ka-kthim-ne-parlament\/#primaryimage\"},\"datePublished\":\"2016-12-14T20:40:21+00:00\",\"dateModified\":\"2016-12-14T20:40:21+00:00\",\"author\":{\"@id\":\"https:\/\/www.visit-ulcinj.com\/blog\/#\/schema\/person\/dcab619c614d3038751c63bc2aadc06d\"},\"description\":\"Abazoviq - \u00e7do thirrje nga subjektet opozitare n\u00eb \u00e7far\u00eb do m\u00ebnyre t\u00eb involvohet n\u00eb Qeveri N\u00ebnkryetari i L\u00ebvizjes qytetare URA, Dritan Abazoviq ka\",\"breadcrumb\":{\"@id\":\"https:\/\/www.visit-ulcinj.com\/blog\/2016\/12\/14\/dritan-abazoviq-nuk-ka-kthim-ne-parlament\/#breadcrumb\"},\"inLanguage\":\"en-US\",\"potentialAction\":[{\"@type\":\"ReadAction\",\"target\":[\"https:\/\/www.visit-ulcinj.com\/blog\/2016\/12\/14\/dritan-abazoviq-nuk-ka-kthim-ne-parlament\/\"]}]},{\"@type\":\"BreadcrumbList\",\"@id\":\"https:\/\/www.visit-ulcinj.com\/blog\/2016\/12\/14\/dritan-abazoviq-nuk-ka-kthim-ne-parlament\/#breadcrumb\",\"itemListElement\":[{\"@type\":\"ListItem\",\"position\":1,\"name\":\"Dritan Abazoviq: Nuk ka kthim n\u00eb parlament!\"}]},{\"@type\":\"Person\",\"@id\":\"https:\/\/www.visit-ulcinj.com\/blog\/#\/schema\/person\/dcab619c614d3038751c63bc2aadc06d\",\"name\":\"ulqini\",\"sameAs\":[\"http:\/\/www.visit-ulcinj.com\"],\"url\":\"https:\/\/www.visit-ulcinj.com\/blog\/author\/admin\/\"}]}<\/script>\n<!-- \/ Yoast SEO plugin. -->","yoast_head_json":{"title":"Dritan Abazoviq: Nuk ka kthim n\u00eb parlament! - Lajme nga Ulqini","description":"Abazoviq - \u00e7do thirrje nga subjektet opozitare n\u00eb \u00e7far\u00eb do m\u00ebnyre t\u00eb involvohet n\u00eb Qeveri N\u00ebnkryetari i L\u00ebvizjes qytetare URA, Dritan Abazoviq ka","robots":{"index":"index","follow":"follow","max-snippet":"max-snippet:-1","max-image-preview":"max-image-preview:large","max-video-preview":"max-video-preview:-1"},"canonical":"https:\/\/www.visit-ulcinj.com\/blog\/2016\/12\/14\/dritan-abazoviq-nuk-ka-kthim-ne-parlament\/","og_locale":"en_US","og_type":"article","og_title":"Dritan Abazoviq: Nuk ka kthim n\u00eb parlament! - Lajme nga Ulqini","og_description":"Abazoviq - \u00e7do thirrje nga subjektet opozitare n\u00eb \u00e7far\u00eb do m\u00ebnyre t\u00eb involvohet n\u00eb Qeveri N\u00ebnkryetari i L\u00ebvizjes qytetare URA, Dritan Abazoviq ka","og_url":"https:\/\/www.visit-ulcinj.com\/blog\/2016\/12\/14\/dritan-abazoviq-nuk-ka-kthim-ne-parlament\/","og_site_name":"Lajme nga Ulqini","article_published_time":"2016-12-14T20:40:21+00:00","og_image":[{"url":"http:\/\/www.visit-ulcinj.com\/blog\/wp-content\/uploads\/2015\/06\/Dritan-abazovic.jpg"}],"twitter_misc":{"Written by":"ulqini","Est. reading time":"1 minute"},"schema":{"@context":"https:\/\/schema.org","@graph":[{"@type":"WebSite","@id":"https:\/\/www.visit-ulcinj.com\/blog\/#website","url":"https:\/\/www.visit-ulcinj.com\/blog\/","name":"Lajme nga Ulqini","description":"Lajme,Vijesti,Ulqini,Ulqin,Crna Gora,Mali i Zi","potentialAction":[{"@type":"SearchAction","target":{"@type":"EntryPoint","urlTemplate":"https:\/\/www.visit-ulcinj.com\/blog\/?s={search_term_string}"},"query-input":"required name=search_term_string"}],"inLanguage":"en-US"},{"@type":"ImageObject","inLanguage":"en-US","@id":"https:\/\/www.visit-ulcinj.com\/blog\/2016\/12\/14\/dritan-abazoviq-nuk-ka-kthim-ne-parlament\/#primaryimage","url":"https:\/\/www.visit-ulcinj.com\/blog\/wp-content\/uploads\/2015\/06\/Dritan-abazovic.jpg","contentUrl":"https:\/\/www.visit-ulcinj.com\/blog\/wp-content\/uploads\/2015\/06\/Dritan-abazovic.jpg","width":560,"height":352},{"@type":"WebPage","@id":"https:\/\/www.visit-ulcinj.com\/blog\/2016\/12\/14\/dritan-abazoviq-nuk-ka-kthim-ne-parlament\/#webpage","url":"https:\/\/www.visit-ulcinj.com\/blog\/2016\/12\/14\/dritan-abazoviq-nuk-ka-kthim-ne-parlament\/","name":"Dritan Abazoviq: Nuk ka kthim n\u00eb parlament! - Lajme nga Ulqini","isPartOf":{"@id":"https:\/\/www.visit-ulcinj.com\/blog\/#website"},"primaryImageOfPage":{"@id":"https:\/\/www.visit-ulcinj.com\/blog\/2016\/12\/14\/dritan-abazoviq-nuk-ka-kthim-ne-parlament\/#primaryimage"},"datePublished":"2016-12-14T20:40:21+00:00","dateModified":"2016-12-14T20:40:21+00:00","author":{"@id":"https:\/\/www.visit-ulcinj.com\/blog\/#\/schema\/person\/dcab619c614d3038751c63bc2aadc06d"},"description":"Abazoviq - \u00e7do thirrje nga subjektet opozitare n\u00eb \u00e7far\u00eb do m\u00ebnyre t\u00eb involvohet n\u00eb Qeveri N\u00ebnkryetari i L\u00ebvizjes qytetare URA, Dritan Abazoviq ka","breadcrumb":{"@id":"https:\/\/www.visit-ulcinj.com\/blog\/2016\/12\/14\/dritan-abazoviq-nuk-ka-kthim-ne-parlament\/#breadcrumb"},"inLanguage":"en-US","potentialAction":[{"@type":"ReadAction","target":["https:\/\/www.visit-ulcinj.com\/blog\/2016\/12\/14\/dritan-abazoviq-nuk-ka-kthim-ne-parlament\/"]}]},{"@type":"BreadcrumbList","@id":"https:\/\/www.visit-ulcinj.com\/blog\/2016\/12\/14\/dritan-abazoviq-nuk-ka-kthim-ne-parlament\/#breadcrumb","itemListElement":[{"@type":"ListItem","position":1,"name":"Dritan Abazoviq: Nuk ka kthim n\u00eb parlament!"}]},{"@type":"Person","@id":"https:\/\/www.visit-ulcinj.com\/blog\/#\/schema\/person\/dcab619c614d3038751c63bc2aadc06d","name":"ulqini","sameAs":["http:\/\/www.visit-ulcinj.com"],"url":"https:\/\/www.visit-ulcinj.com\/blog\/author\/admin\/"}]}},"jetpack_featured_media_url":"","jetpack_sharing_enabled":true,"jetpack_shortlink":"https:\/\/wp.me\/pe6lTn-qrL","_links":{"self":[{"href":"https:\/\/www.visit-ulcinj.com\/blog\/wp-json\/wp\/v2\/posts\/101665"}],"collection":[{"href":"https:\/\/www.visit-ulcinj.com\/blog\/wp-json\/wp\/v2\/posts"}],"about":[{"href":"https:\/\/www.visit-ulcinj.com\/blog\/wp-json\/wp\/v2\/types\/post"}],"author":[{"embeddable":true,"href":"https:\/\/www.visit-ulcinj.com\/blog\/wp-json\/wp\/v2\/users\/1"}],"replies":[{"embeddable":true,"href":"https:\/\/www.visit-ulcinj.com\/blog\/wp-json\/wp\/v2\/comments?post=101665"}],"version-history":[{"count":1,"href":"https:\/\/www.visit-ulcinj.com\/blog\/wp-json\/wp\/v2\/posts\/101665\/revisions"}],"predecessor-version":[{"id":101666,"href":"https:\/\/www.visit-ulcinj.com\/blog\/wp-json\/wp\/v2\/posts\/101665\/revisions\/101666"}],"wp:attachment":[{"href":"https:\/\/www.visit-ulcinj.com\/blog\/wp-json\/wp\/v2\/media?parent=101665"}],"wp:term":[{"taxonomy":"category","embeddable":true,"href":"https:\/\/www.visit-ulcinj.com\/blog\/wp-json\/wp\/v2\/categories?post=101665"},{"taxonomy":"post_tag","embeddable":true,"href":"https:\/\/www.visit-ulcinj.com\/blog\/wp-json\/wp\/v2\/tags?post=101665"}],"curies":[{"name":"wp","href":"https:\/\/api.w.org\/{rel}","templated":true}]}}