{"id":101696,"date":"2016-12-17T18:46:40","date_gmt":"2016-12-17T17:46:40","guid":{"rendered":"http:\/\/www.visit-ulcinj.com\/blog\/?p=101696"},"modified":"2016-12-18T07:53:09","modified_gmt":"2016-12-18T06:53:09","slug":"perfundon-parada-e-katert-te-komunitetit-lgbt-ne-podgorice-foto","status":"publish","type":"post","link":"https:\/\/www.visit-ulcinj.com\/blog\/2016\/12\/17\/perfundon-parada-e-katert-te-komunitetit-lgbt-ne-podgorice-foto\/","title":{"rendered":"P\u00ebrfundon parada e kat\u00ebrt t\u00eb komunitetit LGBT n\u00eb Podgoric\u00eb + Foto &#8211; Video"},"content":{"rendered":"<div class=\"body-container\">\n<div class=\"row\">\n<div class=\"col-xs-12 col-sm-12 col-md-10 col-lg-10 pull-right\">\n<div class=\"row\">\n<div class=\"col-xs-12 col-sm-12 col-md-8 col-lg-8 pull-left bottom-offset content-offset\">\n<div>\n<div class=\"wysiwyg\">\n<p><a href=\"http:\/\/www.visit-ulcinj.com\/blog\/wp-content\/uploads\/2016\/12\/P\u00ebrfundon-parada-e-komunitetit-LGBT-n\u00eb-Podgoric\u00eb-Zenka-Ljumoviq-1.jpg\"><img loading=\"lazy\" class=\"alignleft wp-image-101697\" src=\"http:\/\/www.visit-ulcinj.com\/blog\/wp-content\/uploads\/2016\/12\/P\u00ebrfundon-parada-e-komunitetit-LGBT-n\u00eb-Podgoric\u00eb-Zenka-Ljumoviq-1.jpg\" alt=\"P\u00ebrfundon parada e komunitetit LGBT n\u00eb Podgoric\u00eb - Zenka-Ljumoviq-1\" width=\"508\" height=\"322\" srcset=\"https:\/\/www.visit-ulcinj.com\/blog\/wp-content\/uploads\/2016\/12\/P\u00ebrfundon-parada-e-komunitetit-LGBT-n\u00eb-Podgoric\u00eb-Zenka-Ljumoviq-1.jpg 999w, https:\/\/www.visit-ulcinj.com\/blog\/wp-content\/uploads\/2016\/12\/P\u00ebrfundon-parada-e-komunitetit-LGBT-n\u00eb-Podgoric\u00eb-Zenka-Ljumoviq-1-300x190.jpg 300w, https:\/\/www.visit-ulcinj.com\/blog\/wp-content\/uploads\/2016\/12\/P\u00ebrfundon-parada-e-komunitetit-LGBT-n\u00eb-Podgoric\u00eb-Zenka-Ljumoviq-1-768x487.jpg 768w\" sizes=\"(max-width: 508px) 100vw, 508px\" \/><\/a>Sot n\u00eb kryeqytetin e Malit t\u00eb Zi para pak \u00e7astesh ka p\u00ebrfunduar Parada e Krenaris\u00eb. N\u00ebn masa t\u00eb rrepta sigurie, protestuesit kan\u00eb valuar flamurin e komunitetit LGBT<\/p>\n<p>Parada e organizuar p\u00ebr vitin e kat\u00ebrt me radh\u00eb n\u00eb Podgoric\u00eb, ku sot ka mbledhur rreth 200 pjes\u00ebmarr\u00ebs nga komuniteti LGBT t\u00eb cil\u00ebt p\u00ebr rreth nj\u00eb kilomet\u00ebr kan\u00eb marshuar rrug\u00ebve t\u00eb Podgoric\u00ebs.<\/p>\n<p>N\u00eb parad\u00ebn e shoq\u00ebruar nga forca t\u00eb m\u00ebdha t\u00eb siguris\u00eb, nuk \u00ebsht\u00eb sh\u00ebnuar asnj\u00eb incident.<\/p>\n<p><a href=\"http:\/\/www.visit-ulcinj.com\/blog\/wp-content\/uploads\/2016\/12\/Margaret-En-Ujehara-Ambasador-USA-Podgorica.jpg\"><img loading=\"lazy\" class=\"alignleft wp-image-101702\" src=\"http:\/\/www.visit-ulcinj.com\/blog\/wp-content\/uploads\/2016\/12\/Margaret-En-Ujehara-Ambasador-USA-Podgorica.jpg\" alt=\"Margaret En Ujehara-Ambasador-USA-Podgorica\" width=\"508\" height=\"381\" srcset=\"https:\/\/www.visit-ulcinj.com\/blog\/wp-content\/uploads\/2016\/12\/Margaret-En-Ujehara-Ambasador-USA-Podgorica.jpg 999w, https:\/\/www.visit-ulcinj.com\/blog\/wp-content\/uploads\/2016\/12\/Margaret-En-Ujehara-Ambasador-USA-Podgorica-300x225.jpg 300w, https:\/\/www.visit-ulcinj.com\/blog\/wp-content\/uploads\/2016\/12\/Margaret-En-Ujehara-Ambasador-USA-Podgorica-768x576.jpg 768w\" sizes=\"(max-width: 508px) 100vw, 508px\" \/><\/a><\/p>\n<p>P\u00ebrve\u00e7 komunitetit LGBT, n\u00eb parad\u00ebn e organizuar nga organizata joqeveritare \u201c Kvir Montenegro\u201d me moton \u201cVlera Familjare\u201d, n\u00eb mesin e turm\u00ebs ishte edhe Ministri p\u00ebr t\u00eb Drejtat e Njeriut n\u00eb Mal t\u00eb Zi Mehmet Zenka,\u00a0Ministri p\u00ebr kultur dhe arsim Janko Ljumoviq, Ambasadorja e SHBA-s n\u00eb Podgoric\u00eb zonja\u00a0Margaret En Ujehara, po ashtu edhe p\u00ebrfaq\u00ebsues t\u00eb partive politike, ata t\u00eb sektorit privat, sektorit civil, t\u00eb medieve dhe trupit diplomatik.<\/p>\n<p>[flv]http:\/\/www.rtcg.me\/upload\/boxFileData\/2016\/12\/17\/207612\/Rovcanin.mp4[\/flv]<\/p>\n<p><a href=\"http:\/\/www.visit-ulcinj.com\/blog\/wp-content\/uploads\/2016\/12\/P\u00ebrfundon-parada-e-komunitetit-LGBT-n\u00eb-Podgoric\u00eb-Mehmet-Zenka.jpg\"><img loading=\"lazy\" class=\"alignleft wp-image-101698\" src=\"http:\/\/www.visit-ulcinj.com\/blog\/wp-content\/uploads\/2016\/12\/P\u00ebrfundon-parada-e-komunitetit-LGBT-n\u00eb-Podgoric\u00eb-Mehmet-Zenka.jpg\" alt=\"P\u00ebrfundon parada e komunitetit LGBT n\u00eb Podgoric\u00eb - Mehmet-Zenka\" width=\"508\" height=\"337\" srcset=\"https:\/\/www.visit-ulcinj.com\/blog\/wp-content\/uploads\/2016\/12\/P\u00ebrfundon-parada-e-komunitetit-LGBT-n\u00eb-Podgoric\u00eb-Mehmet-Zenka.jpg 999w, https:\/\/www.visit-ulcinj.com\/blog\/wp-content\/uploads\/2016\/12\/P\u00ebrfundon-parada-e-komunitetit-LGBT-n\u00eb-Podgoric\u00eb-Mehmet-Zenka-300x199.jpg 300w, https:\/\/www.visit-ulcinj.com\/blog\/wp-content\/uploads\/2016\/12\/P\u00ebrfundon-parada-e-komunitetit-LGBT-n\u00eb-Podgoric\u00eb-Mehmet-Zenka-768x510.jpg 768w\" sizes=\"(max-width: 508px) 100vw, 508px\" \/><\/a> <a href=\"http:\/\/www.visit-ulcinj.com\/blog\/wp-content\/uploads\/2016\/12\/P\u00ebrfundon-parada-e-komunitetit-LGBT-n\u00eb-Podgoric\u00eb-Zenka-Ljumoviq.jpg\"><img loading=\"lazy\" class=\"alignleft wp-image-101699\" src=\"http:\/\/www.visit-ulcinj.com\/blog\/wp-content\/uploads\/2016\/12\/P\u00ebrfundon-parada-e-komunitetit-LGBT-n\u00eb-Podgoric\u00eb-Zenka-Ljumoviq.jpg\" alt=\"P\u00ebrfundon parada e komunitetit LGBT n\u00eb Podgoric\u00eb - Zenka-Ljumoviq\" width=\"508\" height=\"333\" srcset=\"https:\/\/www.visit-ulcinj.com\/blog\/wp-content\/uploads\/2016\/12\/P\u00ebrfundon-parada-e-komunitetit-LGBT-n\u00eb-Podgoric\u00eb-Zenka-Ljumoviq.jpg 999w, https:\/\/www.visit-ulcinj.com\/blog\/wp-content\/uploads\/2016\/12\/P\u00ebrfundon-parada-e-komunitetit-LGBT-n\u00eb-Podgoric\u00eb-Zenka-Ljumoviq-300x197.jpg 300w, https:\/\/www.visit-ulcinj.com\/blog\/wp-content\/uploads\/2016\/12\/P\u00ebrfundon-parada-e-komunitetit-LGBT-n\u00eb-Podgoric\u00eb-Zenka-Ljumoviq-768x504.jpg 768w\" sizes=\"(max-width: 508px) 100vw, 508px\" \/><\/a> <a href=\"http:\/\/www.visit-ulcinj.com\/blog\/wp-content\/uploads\/2016\/12\/P\u00ebrfundon-parada-e-komunitetit-LGBT-n\u00eb-Podgoric\u00eb-Zenka-Ljumoviq-2.jpg\"><img loading=\"lazy\" class=\"alignleft wp-image-101700\" src=\"http:\/\/www.visit-ulcinj.com\/blog\/wp-content\/uploads\/2016\/12\/P\u00ebrfundon-parada-e-komunitetit-LGBT-n\u00eb-Podgoric\u00eb-Zenka-Ljumoviq-2.jpg\" alt=\"P\u00ebrfundon parada e komunitetit LGBT n\u00eb Podgoric\u00eb - Zenka-Ljumoviq-2\" width=\"508\" height=\"286\" srcset=\"https:\/\/www.visit-ulcinj.com\/blog\/wp-content\/uploads\/2016\/12\/P\u00ebrfundon-parada-e-komunitetit-LGBT-n\u00eb-Podgoric\u00eb-Zenka-Ljumoviq-2.jpg 999w, https:\/\/www.visit-ulcinj.com\/blog\/wp-content\/uploads\/2016\/12\/P\u00ebrfundon-parada-e-komunitetit-LGBT-n\u00eb-Podgoric\u00eb-Zenka-Ljumoviq-2-300x169.jpg 300w, https:\/\/www.visit-ulcinj.com\/blog\/wp-content\/uploads\/2016\/12\/P\u00ebrfundon-parada-e-komunitetit-LGBT-n\u00eb-Podgoric\u00eb-Zenka-Ljumoviq-2-768x432.jpg 768w\" sizes=\"(max-width: 508px) 100vw, 508px\" \/><\/a> <a href=\"http:\/\/www.visit-ulcinj.com\/blog\/wp-content\/uploads\/2016\/12\/P\u00ebrfundon-parada-e-komunitetit-LGBT-n\u00eb-Podgoric\u00eb-Zenka-Ljumoviq-3.jpg\"><img loading=\"lazy\" class=\"alignleft wp-image-101701\" src=\"http:\/\/www.visit-ulcinj.com\/blog\/wp-content\/uploads\/2016\/12\/P\u00ebrfundon-parada-e-komunitetit-LGBT-n\u00eb-Podgoric\u00eb-Zenka-Ljumoviq-3.jpg\" alt=\"P\u00ebrfundon parada e komunitetit LGBT n\u00eb Podgoric\u00eb - Zenka-Ljumoviq-3\" width=\"508\" height=\"903\" srcset=\"https:\/\/www.visit-ulcinj.com\/blog\/wp-content\/uploads\/2016\/12\/P\u00ebrfundon-parada-e-komunitetit-LGBT-n\u00eb-Podgoric\u00eb-Zenka-Ljumoviq-3.jpg 562w, https:\/\/www.visit-ulcinj.com\/blog\/wp-content\/uploads\/2016\/12\/P\u00ebrfundon-parada-e-komunitetit-LGBT-n\u00eb-Podgoric\u00eb-Zenka-Ljumoviq-3-169x300.jpg 169w\" sizes=\"(max-width: 508px) 100vw, 508px\" \/><\/a><\/p>\n<\/div>\n<\/div>\n<\/div>\n<\/div>\n<\/div>\n<\/div>\n<\/div>\n","protected":false},"excerpt":{"rendered":"<p>Sot n\u00eb kryeqytetin e Malit t\u00eb Zi para pak \u00e7astesh ka p\u00ebrfunduar Parada e Krenaris\u00eb. N\u00ebn masa t\u00eb rrepta sigurie, protestuesit kan\u00eb valuar flamurin e komunitetit LGBT Parada e organizuar p\u00ebr vitin e kat\u00ebrt me radh\u00eb n\u00eb Podgoric\u00eb, ku sot ka mbledhur rreth 200 pjes\u00ebmarr\u00ebs nga komuniteti LGBT t\u00eb cil\u00ebt p\u00ebr rreth nj\u00eb kilomet\u00ebr kan\u00eb [&hellip;]<\/p>\n","protected":false},"author":1,"featured_media":0,"comment_status":"closed","ping_status":"closed","sticky":false,"template":"","format":"standard","meta":{"spay_email":"","jetpack_publicize_message":"","jetpack_is_tweetstorm":false,"jetpack_publicize_feature_enabled":true},"categories":[1,14],"tags":[],"jetpack_publicize_connections":[],"yoast_head":"<!-- This site is optimized with the Yoast SEO plugin v19.1 - https:\/\/yoast.com\/wordpress\/plugins\/seo\/ -->\n<title>P\u00ebrfundon parada e kat\u00ebrt t\u00eb komunitetit LGBT n\u00eb Podgoric\u00eb + Foto - Video - Lajme nga Ulqini<\/title>\n<meta name=\"description\" content=\"Sot n\u00eb kryeqytetin e Malit t\u00eb Zi para pak \u00e7astesh ka p\u00ebrfunduar Parada e Krenaris\u00eb. N\u00ebn masa t\u00eb rrepta sigurie, protestuesit kan\u00eb valuar flamurin e\" \/>\n<meta name=\"robots\" content=\"index, follow, max-snippet:-1, max-image-preview:large, max-video-preview:-1\" \/>\n<link rel=\"canonical\" href=\"https:\/\/www.visit-ulcinj.com\/blog\/2016\/12\/17\/perfundon-parada-e-katert-te-komunitetit-lgbt-ne-podgorice-foto\/\" \/>\n<meta property=\"og:locale\" content=\"en_US\" \/>\n<meta property=\"og:type\" content=\"article\" \/>\n<meta property=\"og:title\" content=\"P\u00ebrfundon parada e kat\u00ebrt t\u00eb komunitetit LGBT n\u00eb Podgoric\u00eb + Foto - Video - Lajme nga Ulqini\" \/>\n<meta property=\"og:description\" content=\"Sot n\u00eb kryeqytetin e Malit t\u00eb Zi para pak \u00e7astesh ka p\u00ebrfunduar Parada e Krenaris\u00eb. N\u00ebn masa t\u00eb rrepta sigurie, protestuesit kan\u00eb valuar flamurin e\" \/>\n<meta property=\"og:url\" content=\"https:\/\/www.visit-ulcinj.com\/blog\/2016\/12\/17\/perfundon-parada-e-katert-te-komunitetit-lgbt-ne-podgorice-foto\/\" \/>\n<meta property=\"og:site_name\" content=\"Lajme nga Ulqini\" \/>\n<meta property=\"article:published_time\" content=\"2016-12-17T17:46:40+00:00\" \/>\n<meta property=\"article:modified_time\" content=\"2016-12-18T06:53:09+00:00\" \/>\n<meta property=\"og:image\" content=\"http:\/\/www.visit-ulcinj.com\/blog\/wp-content\/uploads\/2016\/12\/Margaret-En-Ujehara-Ambasador-USA-Podgorica.jpg\" \/>\n<meta name=\"twitter:label1\" content=\"Written by\" \/>\n\t<meta name=\"twitter:data1\" content=\"ulqini\" \/>\n\t<meta name=\"twitter:label2\" content=\"Est. reading time\" \/>\n\t<meta name=\"twitter:data2\" content=\"1 minute\" \/>\n<script type=\"application\/ld+json\" class=\"yoast-schema-graph\">{\"@context\":\"https:\/\/schema.org\",\"@graph\":[{\"@type\":\"WebSite\",\"@id\":\"https:\/\/www.visit-ulcinj.com\/blog\/#website\",\"url\":\"https:\/\/www.visit-ulcinj.com\/blog\/\",\"name\":\"Lajme nga Ulqini\",\"description\":\"Lajme,Vijesti,Ulqini,Ulqin,Crna Gora,Mali i Zi\",\"potentialAction\":[{\"@type\":\"SearchAction\",\"target\":{\"@type\":\"EntryPoint\",\"urlTemplate\":\"https:\/\/www.visit-ulcinj.com\/blog\/?s={search_term_string}\"},\"query-input\":\"required name=search_term_string\"}],\"inLanguage\":\"en-US\"},{\"@type\":\"ImageObject\",\"inLanguage\":\"en-US\",\"@id\":\"https:\/\/www.visit-ulcinj.com\/blog\/2016\/12\/17\/perfundon-parada-e-katert-te-komunitetit-lgbt-ne-podgorice-foto\/#primaryimage\",\"url\":\"https:\/\/www.visit-ulcinj.com\/blog\/wp-content\/uploads\/2016\/12\/Margaret-En-Ujehara-Ambasador-USA-Podgorica.jpg\",\"contentUrl\":\"https:\/\/www.visit-ulcinj.com\/blog\/wp-content\/uploads\/2016\/12\/Margaret-En-Ujehara-Ambasador-USA-Podgorica.jpg\",\"width\":999,\"height\":749},{\"@type\":\"WebPage\",\"@id\":\"https:\/\/www.visit-ulcinj.com\/blog\/2016\/12\/17\/perfundon-parada-e-katert-te-komunitetit-lgbt-ne-podgorice-foto\/#webpage\",\"url\":\"https:\/\/www.visit-ulcinj.com\/blog\/2016\/12\/17\/perfundon-parada-e-katert-te-komunitetit-lgbt-ne-podgorice-foto\/\",\"name\":\"P\u00ebrfundon parada e kat\u00ebrt t\u00eb komunitetit LGBT n\u00eb Podgoric\u00eb + Foto - Video - Lajme nga Ulqini\",\"isPartOf\":{\"@id\":\"https:\/\/www.visit-ulcinj.com\/blog\/#website\"},\"primaryImageOfPage\":{\"@id\":\"https:\/\/www.visit-ulcinj.com\/blog\/2016\/12\/17\/perfundon-parada-e-katert-te-komunitetit-lgbt-ne-podgorice-foto\/#primaryimage\"},\"datePublished\":\"2016-12-17T17:46:40+00:00\",\"dateModified\":\"2016-12-18T06:53:09+00:00\",\"author\":{\"@id\":\"https:\/\/www.visit-ulcinj.com\/blog\/#\/schema\/person\/dcab619c614d3038751c63bc2aadc06d\"},\"description\":\"Sot n\u00eb kryeqytetin e Malit t\u00eb Zi para pak \u00e7astesh ka p\u00ebrfunduar Parada e Krenaris\u00eb. N\u00ebn masa t\u00eb rrepta sigurie, protestuesit kan\u00eb valuar flamurin e\",\"breadcrumb\":{\"@id\":\"https:\/\/www.visit-ulcinj.com\/blog\/2016\/12\/17\/perfundon-parada-e-katert-te-komunitetit-lgbt-ne-podgorice-foto\/#breadcrumb\"},\"inLanguage\":\"en-US\",\"potentialAction\":[{\"@type\":\"ReadAction\",\"target\":[\"https:\/\/www.visit-ulcinj.com\/blog\/2016\/12\/17\/perfundon-parada-e-katert-te-komunitetit-lgbt-ne-podgorice-foto\/\"]}]},{\"@type\":\"BreadcrumbList\",\"@id\":\"https:\/\/www.visit-ulcinj.com\/blog\/2016\/12\/17\/perfundon-parada-e-katert-te-komunitetit-lgbt-ne-podgorice-foto\/#breadcrumb\",\"itemListElement\":[{\"@type\":\"ListItem\",\"position\":1,\"name\":\"P\u00ebrfundon parada e kat\u00ebrt t\u00eb komunitetit LGBT n\u00eb Podgoric\u00eb + Foto &#8211; Video\"}]},{\"@type\":\"Person\",\"@id\":\"https:\/\/www.visit-ulcinj.com\/blog\/#\/schema\/person\/dcab619c614d3038751c63bc2aadc06d\",\"name\":\"ulqini\",\"sameAs\":[\"http:\/\/www.visit-ulcinj.com\"],\"url\":\"https:\/\/www.visit-ulcinj.com\/blog\/author\/admin\/\"}]}<\/script>\n<!-- \/ Yoast SEO plugin. -->","yoast_head_json":{"title":"P\u00ebrfundon parada e kat\u00ebrt t\u00eb komunitetit LGBT n\u00eb Podgoric\u00eb + Foto - Video - Lajme nga Ulqini","description":"Sot n\u00eb kryeqytetin e Malit t\u00eb Zi para pak \u00e7astesh ka p\u00ebrfunduar Parada e Krenaris\u00eb. N\u00ebn masa t\u00eb rrepta sigurie, protestuesit kan\u00eb valuar flamurin e","robots":{"index":"index","follow":"follow","max-snippet":"max-snippet:-1","max-image-preview":"max-image-preview:large","max-video-preview":"max-video-preview:-1"},"canonical":"https:\/\/www.visit-ulcinj.com\/blog\/2016\/12\/17\/perfundon-parada-e-katert-te-komunitetit-lgbt-ne-podgorice-foto\/","og_locale":"en_US","og_type":"article","og_title":"P\u00ebrfundon parada e kat\u00ebrt t\u00eb komunitetit LGBT n\u00eb Podgoric\u00eb + Foto - Video - Lajme nga Ulqini","og_description":"Sot n\u00eb kryeqytetin e Malit t\u00eb Zi para pak \u00e7astesh ka p\u00ebrfunduar Parada e Krenaris\u00eb. N\u00ebn masa t\u00eb rrepta sigurie, protestuesit kan\u00eb valuar flamurin e","og_url":"https:\/\/www.visit-ulcinj.com\/blog\/2016\/12\/17\/perfundon-parada-e-katert-te-komunitetit-lgbt-ne-podgorice-foto\/","og_site_name":"Lajme nga Ulqini","article_published_time":"2016-12-17T17:46:40+00:00","article_modified_time":"2016-12-18T06:53:09+00:00","og_image":[{"url":"http:\/\/www.visit-ulcinj.com\/blog\/wp-content\/uploads\/2016\/12\/Margaret-En-Ujehara-Ambasador-USA-Podgorica.jpg"}],"twitter_misc":{"Written by":"ulqini","Est. reading time":"1 minute"},"schema":{"@context":"https:\/\/schema.org","@graph":[{"@type":"WebSite","@id":"https:\/\/www.visit-ulcinj.com\/blog\/#website","url":"https:\/\/www.visit-ulcinj.com\/blog\/","name":"Lajme nga Ulqini","description":"Lajme,Vijesti,Ulqini,Ulqin,Crna Gora,Mali i Zi","potentialAction":[{"@type":"SearchAction","target":{"@type":"EntryPoint","urlTemplate":"https:\/\/www.visit-ulcinj.com\/blog\/?s={search_term_string}"},"query-input":"required name=search_term_string"}],"inLanguage":"en-US"},{"@type":"ImageObject","inLanguage":"en-US","@id":"https:\/\/www.visit-ulcinj.com\/blog\/2016\/12\/17\/perfundon-parada-e-katert-te-komunitetit-lgbt-ne-podgorice-foto\/#primaryimage","url":"https:\/\/www.visit-ulcinj.com\/blog\/wp-content\/uploads\/2016\/12\/Margaret-En-Ujehara-Ambasador-USA-Podgorica.jpg","contentUrl":"https:\/\/www.visit-ulcinj.com\/blog\/wp-content\/uploads\/2016\/12\/Margaret-En-Ujehara-Ambasador-USA-Podgorica.jpg","width":999,"height":749},{"@type":"WebPage","@id":"https:\/\/www.visit-ulcinj.com\/blog\/2016\/12\/17\/perfundon-parada-e-katert-te-komunitetit-lgbt-ne-podgorice-foto\/#webpage","url":"https:\/\/www.visit-ulcinj.com\/blog\/2016\/12\/17\/perfundon-parada-e-katert-te-komunitetit-lgbt-ne-podgorice-foto\/","name":"P\u00ebrfundon parada e kat\u00ebrt t\u00eb komunitetit LGBT n\u00eb Podgoric\u00eb + Foto - Video - Lajme nga Ulqini","isPartOf":{"@id":"https:\/\/www.visit-ulcinj.com\/blog\/#website"},"primaryImageOfPage":{"@id":"https:\/\/www.visit-ulcinj.com\/blog\/2016\/12\/17\/perfundon-parada-e-katert-te-komunitetit-lgbt-ne-podgorice-foto\/#primaryimage"},"datePublished":"2016-12-17T17:46:40+00:00","dateModified":"2016-12-18T06:53:09+00:00","author":{"@id":"https:\/\/www.visit-ulcinj.com\/blog\/#\/schema\/person\/dcab619c614d3038751c63bc2aadc06d"},"description":"Sot n\u00eb kryeqytetin e Malit t\u00eb Zi para pak \u00e7astesh ka p\u00ebrfunduar Parada e Krenaris\u00eb. N\u00ebn masa t\u00eb rrepta sigurie, protestuesit kan\u00eb valuar flamurin e","breadcrumb":{"@id":"https:\/\/www.visit-ulcinj.com\/blog\/2016\/12\/17\/perfundon-parada-e-katert-te-komunitetit-lgbt-ne-podgorice-foto\/#breadcrumb"},"inLanguage":"en-US","potentialAction":[{"@type":"ReadAction","target":["https:\/\/www.visit-ulcinj.com\/blog\/2016\/12\/17\/perfundon-parada-e-katert-te-komunitetit-lgbt-ne-podgorice-foto\/"]}]},{"@type":"BreadcrumbList","@id":"https:\/\/www.visit-ulcinj.com\/blog\/2016\/12\/17\/perfundon-parada-e-katert-te-komunitetit-lgbt-ne-podgorice-foto\/#breadcrumb","itemListElement":[{"@type":"ListItem","position":1,"name":"P\u00ebrfundon parada e kat\u00ebrt t\u00eb komunitetit LGBT n\u00eb Podgoric\u00eb + Foto &#8211; Video"}]},{"@type":"Person","@id":"https:\/\/www.visit-ulcinj.com\/blog\/#\/schema\/person\/dcab619c614d3038751c63bc2aadc06d","name":"ulqini","sameAs":["http:\/\/www.visit-ulcinj.com"],"url":"https:\/\/www.visit-ulcinj.com\/blog\/author\/admin\/"}]}},"jetpack_featured_media_url":"","jetpack_sharing_enabled":true,"jetpack_shortlink":"https:\/\/wp.me\/pe6lTn-qsg","_links":{"self":[{"href":"https:\/\/www.visit-ulcinj.com\/blog\/wp-json\/wp\/v2\/posts\/101696"}],"collection":[{"href":"https:\/\/www.visit-ulcinj.com\/blog\/wp-json\/wp\/v2\/posts"}],"about":[{"href":"https:\/\/www.visit-ulcinj.com\/blog\/wp-json\/wp\/v2\/types\/post"}],"author":[{"embeddable":true,"href":"https:\/\/www.visit-ulcinj.com\/blog\/wp-json\/wp\/v2\/users\/1"}],"replies":[{"embeddable":true,"href":"https:\/\/www.visit-ulcinj.com\/blog\/wp-json\/wp\/v2\/comments?post=101696"}],"version-history":[{"count":3,"href":"https:\/\/www.visit-ulcinj.com\/blog\/wp-json\/wp\/v2\/posts\/101696\/revisions"}],"predecessor-version":[{"id":101718,"href":"https:\/\/www.visit-ulcinj.com\/blog\/wp-json\/wp\/v2\/posts\/101696\/revisions\/101718"}],"wp:attachment":[{"href":"https:\/\/www.visit-ulcinj.com\/blog\/wp-json\/wp\/v2\/media?parent=101696"}],"wp:term":[{"taxonomy":"category","embeddable":true,"href":"https:\/\/www.visit-ulcinj.com\/blog\/wp-json\/wp\/v2\/categories?post=101696"},{"taxonomy":"post_tag","embeddable":true,"href":"https:\/\/www.visit-ulcinj.com\/blog\/wp-json\/wp\/v2\/tags?post=101696"}],"curies":[{"name":"wp","href":"https:\/\/api.w.org\/{rel}","templated":true}]}}