{"id":101709,"date":"2016-12-17T20:18:25","date_gmt":"2016-12-17T19:18:25","guid":{"rendered":"http:\/\/www.visit-ulcinj.com\/blog\/?p=101709"},"modified":"2016-12-17T20:18:25","modified_gmt":"2016-12-17T19:18:25","slug":"komuna-ulqinit-planifikon-rrethrrotullimin-ne-hyrje-te-qytetit","status":"publish","type":"post","link":"https:\/\/www.visit-ulcinj.com\/blog\/2016\/12\/17\/komuna-ulqinit-planifikon-rrethrrotullimin-ne-hyrje-te-qytetit\/","title":{"rendered":"Komuna Ulqinit planifikon Rrethrrotullimin n\u00eb hyrje t\u00eb qytetit"},"content":{"rendered":"<p><a href=\"http:\/\/www.visit-ulcinj.com\/blog\/wp-content\/uploads\/2016\/12\/Komuna-Ulqinit-planifikon-Rrethrrotullimin.jpg\"><img loading=\"lazy\" class=\"alignleft wp-image-101710\" src=\"http:\/\/www.visit-ulcinj.com\/blog\/wp-content\/uploads\/2016\/12\/Komuna-Ulqinit-planifikon-Rrethrrotullimin.jpg\" alt=\"Komuna Ulqinit planifikon Rrethrrotullimin\" width=\"508\" height=\"343\" srcset=\"https:\/\/www.visit-ulcinj.com\/blog\/wp-content\/uploads\/2016\/12\/Komuna-Ulqinit-planifikon-Rrethrrotullimin.jpg 502w, https:\/\/www.visit-ulcinj.com\/blog\/wp-content\/uploads\/2016\/12\/Komuna-Ulqinit-planifikon-Rrethrrotullimin-300x203.jpg 300w\" sizes=\"(max-width: 508px) 100vw, 508px\" \/><\/a>Pas insistimit t\u00eb organeve komunale, dhe sipas\u00a0 projektit t\u00eb buxhetit p\u00ebr vitin 2017,\u00a0Komuna e Ulqinit planifikon q\u00eb n\u00eb vend t\u00eb udh\u00ebkryqit me semafor\u00eb q\u00eb \u00ebsht\u00eb aktualisht n\u00eb qend\u00ebr t\u00eb qytetit t\u00eb nd\u00ebrtoj\u00eb rrethrrotullim modern, p\u00ebr t\u00eb cilin jan\u00eb planifikuar mjetet n\u00eb mas\u00ebn prej 250.000 eurove, raporton portali TV Teuta.<\/p>\n<p>Nd\u00ebrtimi i nj\u00eb rrethrrotullimi t\u00eb till\u00eb asht\u00eb nevoj\u00eb e kahmotshme p\u00ebr shkak t\u00eb numrit t\u00eb madh t\u00eb aksidenteve q\u00eb kan\u00eb ndodhur n\u00eb at\u00eb vend, ndaj komuna ka k\u00ebrkuar vazhdimisht q\u00eb kjo t\u00eb b\u00ebhet realitet.<\/p>\n<p>N\u00eb an\u00ebn tjet\u00ebr, disa zyrtar\u00ebt komunal\u00eb t\u00eb Ulqinit si dhe vet\u00eb kryetari Cungu, deklarojn\u00eb se rrethrrotullimi do t\u00eb p\u00ebrmir\u00ebsoj\u00eb qarkullimin n\u00eb trafik dhe se do t\u00eb zvog\u00ebloj\u00eb duksh\u00ebm numrin e aksidenteve n\u00eb trafikun lokal.<\/p>\n<p>&nbsp;<\/p>\n","protected":false},"excerpt":{"rendered":"<p>Pas insistimit t\u00eb organeve komunale, dhe sipas\u00a0 projektit t\u00eb buxhetit p\u00ebr vitin 2017,\u00a0Komuna e Ulqinit planifikon q\u00eb n\u00eb vend t\u00eb udh\u00ebkryqit me semafor\u00eb q\u00eb \u00ebsht\u00eb aktualisht n\u00eb qend\u00ebr t\u00eb qytetit t\u00eb nd\u00ebrtoj\u00eb rrethrrotullim modern, p\u00ebr t\u00eb cilin jan\u00eb planifikuar mjetet n\u00eb mas\u00ebn prej 250.000 eurove, raporton portali TV Teuta. Nd\u00ebrtimi i nj\u00eb rrethrrotullimi t\u00eb till\u00eb [&hellip;]<\/p>\n","protected":false},"author":1,"featured_media":0,"comment_status":"closed","ping_status":"closed","sticky":false,"template":"","format":"standard","meta":{"spay_email":"","jetpack_publicize_message":"","jetpack_is_tweetstorm":false,"jetpack_publicize_feature_enabled":true},"categories":[12],"tags":[],"jetpack_publicize_connections":[],"yoast_head":"<!-- This site is optimized with the Yoast SEO plugin v19.1 - https:\/\/yoast.com\/wordpress\/plugins\/seo\/ -->\n<title>Komuna Ulqinit planifikon Rrethrrotullimin n\u00eb hyrje t\u00eb qytetit - Lajme nga Ulqini<\/title>\n<meta name=\"description\" content=\"Pas insistimit t\u00eb organeve komunale, dhe sipas\u00a0 projektit t\u00eb buxhetit p\u00ebr vitin 2017,\u00a0Komuna e Ulqinit planifikon q\u00eb n\u00eb vend t\u00eb udh\u00ebkryqit me semafor\u00eb q\u00eb\" \/>\n<meta name=\"robots\" content=\"index, follow, max-snippet:-1, max-image-preview:large, max-video-preview:-1\" \/>\n<link rel=\"canonical\" href=\"https:\/\/www.visit-ulcinj.com\/blog\/2016\/12\/17\/komuna-ulqinit-planifikon-rrethrrotullimin-ne-hyrje-te-qytetit\/\" \/>\n<meta property=\"og:locale\" content=\"en_US\" \/>\n<meta property=\"og:type\" content=\"article\" \/>\n<meta property=\"og:title\" content=\"Komuna Ulqinit planifikon Rrethrrotullimin n\u00eb hyrje t\u00eb qytetit - Lajme nga Ulqini\" \/>\n<meta property=\"og:description\" content=\"Pas insistimit t\u00eb organeve komunale, dhe sipas\u00a0 projektit t\u00eb buxhetit p\u00ebr vitin 2017,\u00a0Komuna e Ulqinit planifikon q\u00eb n\u00eb vend t\u00eb udh\u00ebkryqit me semafor\u00eb q\u00eb\" \/>\n<meta property=\"og:url\" content=\"https:\/\/www.visit-ulcinj.com\/blog\/2016\/12\/17\/komuna-ulqinit-planifikon-rrethrrotullimin-ne-hyrje-te-qytetit\/\" \/>\n<meta property=\"og:site_name\" content=\"Lajme nga Ulqini\" \/>\n<meta property=\"article:published_time\" content=\"2016-12-17T19:18:25+00:00\" \/>\n<meta property=\"og:image\" content=\"http:\/\/www.visit-ulcinj.com\/blog\/wp-content\/uploads\/2016\/12\/Komuna-Ulqinit-planifikon-Rrethrrotullimin.jpg\" \/>\n<meta name=\"twitter:label1\" content=\"Written by\" \/>\n\t<meta name=\"twitter:data1\" content=\"ulqini\" \/>\n\t<meta name=\"twitter:label2\" content=\"Est. reading time\" \/>\n\t<meta name=\"twitter:data2\" content=\"1 minute\" \/>\n<script type=\"application\/ld+json\" class=\"yoast-schema-graph\">{\"@context\":\"https:\/\/schema.org\",\"@graph\":[{\"@type\":\"WebSite\",\"@id\":\"https:\/\/www.visit-ulcinj.com\/blog\/#website\",\"url\":\"https:\/\/www.visit-ulcinj.com\/blog\/\",\"name\":\"Lajme nga Ulqini\",\"description\":\"Lajme,Vijesti,Ulqini,Ulqin,Crna Gora,Mali i Zi\",\"potentialAction\":[{\"@type\":\"SearchAction\",\"target\":{\"@type\":\"EntryPoint\",\"urlTemplate\":\"https:\/\/www.visit-ulcinj.com\/blog\/?s={search_term_string}\"},\"query-input\":\"required name=search_term_string\"}],\"inLanguage\":\"en-US\"},{\"@type\":\"ImageObject\",\"inLanguage\":\"en-US\",\"@id\":\"https:\/\/www.visit-ulcinj.com\/blog\/2016\/12\/17\/komuna-ulqinit-planifikon-rrethrrotullimin-ne-hyrje-te-qytetit\/#primaryimage\",\"url\":\"https:\/\/www.visit-ulcinj.com\/blog\/wp-content\/uploads\/2016\/12\/Komuna-Ulqinit-planifikon-Rrethrrotullimin.jpg\",\"contentUrl\":\"https:\/\/www.visit-ulcinj.com\/blog\/wp-content\/uploads\/2016\/12\/Komuna-Ulqinit-planifikon-Rrethrrotullimin.jpg\",\"width\":502,\"height\":339},{\"@type\":\"WebPage\",\"@id\":\"https:\/\/www.visit-ulcinj.com\/blog\/2016\/12\/17\/komuna-ulqinit-planifikon-rrethrrotullimin-ne-hyrje-te-qytetit\/#webpage\",\"url\":\"https:\/\/www.visit-ulcinj.com\/blog\/2016\/12\/17\/komuna-ulqinit-planifikon-rrethrrotullimin-ne-hyrje-te-qytetit\/\",\"name\":\"Komuna Ulqinit planifikon Rrethrrotullimin n\u00eb hyrje t\u00eb qytetit - Lajme nga Ulqini\",\"isPartOf\":{\"@id\":\"https:\/\/www.visit-ulcinj.com\/blog\/#website\"},\"primaryImageOfPage\":{\"@id\":\"https:\/\/www.visit-ulcinj.com\/blog\/2016\/12\/17\/komuna-ulqinit-planifikon-rrethrrotullimin-ne-hyrje-te-qytetit\/#primaryimage\"},\"datePublished\":\"2016-12-17T19:18:25+00:00\",\"dateModified\":\"2016-12-17T19:18:25+00:00\",\"author\":{\"@id\":\"https:\/\/www.visit-ulcinj.com\/blog\/#\/schema\/person\/dcab619c614d3038751c63bc2aadc06d\"},\"description\":\"Pas insistimit t\u00eb organeve komunale, dhe sipas\u00a0 projektit t\u00eb buxhetit p\u00ebr vitin 2017,\u00a0Komuna e Ulqinit planifikon q\u00eb n\u00eb vend t\u00eb udh\u00ebkryqit me semafor\u00eb q\u00eb\",\"breadcrumb\":{\"@id\":\"https:\/\/www.visit-ulcinj.com\/blog\/2016\/12\/17\/komuna-ulqinit-planifikon-rrethrrotullimin-ne-hyrje-te-qytetit\/#breadcrumb\"},\"inLanguage\":\"en-US\",\"potentialAction\":[{\"@type\":\"ReadAction\",\"target\":[\"https:\/\/www.visit-ulcinj.com\/blog\/2016\/12\/17\/komuna-ulqinit-planifikon-rrethrrotullimin-ne-hyrje-te-qytetit\/\"]}]},{\"@type\":\"BreadcrumbList\",\"@id\":\"https:\/\/www.visit-ulcinj.com\/blog\/2016\/12\/17\/komuna-ulqinit-planifikon-rrethrrotullimin-ne-hyrje-te-qytetit\/#breadcrumb\",\"itemListElement\":[{\"@type\":\"ListItem\",\"position\":1,\"name\":\"Komuna Ulqinit planifikon Rrethrrotullimin n\u00eb hyrje t\u00eb qytetit\"}]},{\"@type\":\"Person\",\"@id\":\"https:\/\/www.visit-ulcinj.com\/blog\/#\/schema\/person\/dcab619c614d3038751c63bc2aadc06d\",\"name\":\"ulqini\",\"sameAs\":[\"http:\/\/www.visit-ulcinj.com\"],\"url\":\"https:\/\/www.visit-ulcinj.com\/blog\/author\/admin\/\"}]}<\/script>\n<!-- \/ Yoast SEO plugin. -->","yoast_head_json":{"title":"Komuna Ulqinit planifikon Rrethrrotullimin n\u00eb hyrje t\u00eb qytetit - Lajme nga Ulqini","description":"Pas insistimit t\u00eb organeve komunale, dhe sipas\u00a0 projektit t\u00eb buxhetit p\u00ebr vitin 2017,\u00a0Komuna e Ulqinit planifikon q\u00eb n\u00eb vend t\u00eb udh\u00ebkryqit me semafor\u00eb q\u00eb","robots":{"index":"index","follow":"follow","max-snippet":"max-snippet:-1","max-image-preview":"max-image-preview:large","max-video-preview":"max-video-preview:-1"},"canonical":"https:\/\/www.visit-ulcinj.com\/blog\/2016\/12\/17\/komuna-ulqinit-planifikon-rrethrrotullimin-ne-hyrje-te-qytetit\/","og_locale":"en_US","og_type":"article","og_title":"Komuna Ulqinit planifikon Rrethrrotullimin n\u00eb hyrje t\u00eb qytetit - Lajme nga Ulqini","og_description":"Pas insistimit t\u00eb organeve komunale, dhe sipas\u00a0 projektit t\u00eb buxhetit p\u00ebr vitin 2017,\u00a0Komuna e Ulqinit planifikon q\u00eb n\u00eb vend t\u00eb udh\u00ebkryqit me semafor\u00eb q\u00eb","og_url":"https:\/\/www.visit-ulcinj.com\/blog\/2016\/12\/17\/komuna-ulqinit-planifikon-rrethrrotullimin-ne-hyrje-te-qytetit\/","og_site_name":"Lajme nga Ulqini","article_published_time":"2016-12-17T19:18:25+00:00","og_image":[{"url":"http:\/\/www.visit-ulcinj.com\/blog\/wp-content\/uploads\/2016\/12\/Komuna-Ulqinit-planifikon-Rrethrrotullimin.jpg"}],"twitter_misc":{"Written by":"ulqini","Est. reading time":"1 minute"},"schema":{"@context":"https:\/\/schema.org","@graph":[{"@type":"WebSite","@id":"https:\/\/www.visit-ulcinj.com\/blog\/#website","url":"https:\/\/www.visit-ulcinj.com\/blog\/","name":"Lajme nga Ulqini","description":"Lajme,Vijesti,Ulqini,Ulqin,Crna Gora,Mali i Zi","potentialAction":[{"@type":"SearchAction","target":{"@type":"EntryPoint","urlTemplate":"https:\/\/www.visit-ulcinj.com\/blog\/?s={search_term_string}"},"query-input":"required name=search_term_string"}],"inLanguage":"en-US"},{"@type":"ImageObject","inLanguage":"en-US","@id":"https:\/\/www.visit-ulcinj.com\/blog\/2016\/12\/17\/komuna-ulqinit-planifikon-rrethrrotullimin-ne-hyrje-te-qytetit\/#primaryimage","url":"https:\/\/www.visit-ulcinj.com\/blog\/wp-content\/uploads\/2016\/12\/Komuna-Ulqinit-planifikon-Rrethrrotullimin.jpg","contentUrl":"https:\/\/www.visit-ulcinj.com\/blog\/wp-content\/uploads\/2016\/12\/Komuna-Ulqinit-planifikon-Rrethrrotullimin.jpg","width":502,"height":339},{"@type":"WebPage","@id":"https:\/\/www.visit-ulcinj.com\/blog\/2016\/12\/17\/komuna-ulqinit-planifikon-rrethrrotullimin-ne-hyrje-te-qytetit\/#webpage","url":"https:\/\/www.visit-ulcinj.com\/blog\/2016\/12\/17\/komuna-ulqinit-planifikon-rrethrrotullimin-ne-hyrje-te-qytetit\/","name":"Komuna Ulqinit planifikon Rrethrrotullimin n\u00eb hyrje t\u00eb qytetit - Lajme nga Ulqini","isPartOf":{"@id":"https:\/\/www.visit-ulcinj.com\/blog\/#website"},"primaryImageOfPage":{"@id":"https:\/\/www.visit-ulcinj.com\/blog\/2016\/12\/17\/komuna-ulqinit-planifikon-rrethrrotullimin-ne-hyrje-te-qytetit\/#primaryimage"},"datePublished":"2016-12-17T19:18:25+00:00","dateModified":"2016-12-17T19:18:25+00:00","author":{"@id":"https:\/\/www.visit-ulcinj.com\/blog\/#\/schema\/person\/dcab619c614d3038751c63bc2aadc06d"},"description":"Pas insistimit t\u00eb organeve komunale, dhe sipas\u00a0 projektit t\u00eb buxhetit p\u00ebr vitin 2017,\u00a0Komuna e Ulqinit planifikon q\u00eb n\u00eb vend t\u00eb udh\u00ebkryqit me semafor\u00eb q\u00eb","breadcrumb":{"@id":"https:\/\/www.visit-ulcinj.com\/blog\/2016\/12\/17\/komuna-ulqinit-planifikon-rrethrrotullimin-ne-hyrje-te-qytetit\/#breadcrumb"},"inLanguage":"en-US","potentialAction":[{"@type":"ReadAction","target":["https:\/\/www.visit-ulcinj.com\/blog\/2016\/12\/17\/komuna-ulqinit-planifikon-rrethrrotullimin-ne-hyrje-te-qytetit\/"]}]},{"@type":"BreadcrumbList","@id":"https:\/\/www.visit-ulcinj.com\/blog\/2016\/12\/17\/komuna-ulqinit-planifikon-rrethrrotullimin-ne-hyrje-te-qytetit\/#breadcrumb","itemListElement":[{"@type":"ListItem","position":1,"name":"Komuna Ulqinit planifikon Rrethrrotullimin n\u00eb hyrje t\u00eb qytetit"}]},{"@type":"Person","@id":"https:\/\/www.visit-ulcinj.com\/blog\/#\/schema\/person\/dcab619c614d3038751c63bc2aadc06d","name":"ulqini","sameAs":["http:\/\/www.visit-ulcinj.com"],"url":"https:\/\/www.visit-ulcinj.com\/blog\/author\/admin\/"}]}},"jetpack_featured_media_url":"","jetpack_sharing_enabled":true,"jetpack_shortlink":"https:\/\/wp.me\/pe6lTn-qst","_links":{"self":[{"href":"https:\/\/www.visit-ulcinj.com\/blog\/wp-json\/wp\/v2\/posts\/101709"}],"collection":[{"href":"https:\/\/www.visit-ulcinj.com\/blog\/wp-json\/wp\/v2\/posts"}],"about":[{"href":"https:\/\/www.visit-ulcinj.com\/blog\/wp-json\/wp\/v2\/types\/post"}],"author":[{"embeddable":true,"href":"https:\/\/www.visit-ulcinj.com\/blog\/wp-json\/wp\/v2\/users\/1"}],"replies":[{"embeddable":true,"href":"https:\/\/www.visit-ulcinj.com\/blog\/wp-json\/wp\/v2\/comments?post=101709"}],"version-history":[{"count":1,"href":"https:\/\/www.visit-ulcinj.com\/blog\/wp-json\/wp\/v2\/posts\/101709\/revisions"}],"predecessor-version":[{"id":101711,"href":"https:\/\/www.visit-ulcinj.com\/blog\/wp-json\/wp\/v2\/posts\/101709\/revisions\/101711"}],"wp:attachment":[{"href":"https:\/\/www.visit-ulcinj.com\/blog\/wp-json\/wp\/v2\/media?parent=101709"}],"wp:term":[{"taxonomy":"category","embeddable":true,"href":"https:\/\/www.visit-ulcinj.com\/blog\/wp-json\/wp\/v2\/categories?post=101709"},{"taxonomy":"post_tag","embeddable":true,"href":"https:\/\/www.visit-ulcinj.com\/blog\/wp-json\/wp\/v2\/tags?post=101709"}],"curies":[{"name":"wp","href":"https:\/\/api.w.org\/{rel}","templated":true}]}}