{"id":101715,"date":"2016-12-17T20:41:41","date_gmt":"2016-12-17T19:41:41","guid":{"rendered":"http:\/\/www.visit-ulcinj.com\/blog\/?p=101715"},"modified":"2016-12-17T20:41:41","modified_gmt":"2016-12-17T19:41:41","slug":"zenka-ljumovic-stigli-na-paradi-ponosa","status":"publish","type":"post","link":"https:\/\/www.visit-ulcinj.com\/blog\/2016\/12\/17\/zenka-ljumovic-stigli-na-paradi-ponosa\/","title":{"rendered":"Zenka i Ljumovi\u0107 stigli na Paradi ponosa"},"content":{"rendered":"<p><strong><a href=\"http:\/\/www.visit-ulcinj.com\/blog\/wp-content\/uploads\/2016\/12\/Zenka-i-Ljumovic-stigli-na-Paradi-ponosa.jpg\"><img loading=\"lazy\" class=\"alignleft wp-image-101716\" src=\"http:\/\/www.visit-ulcinj.com\/blog\/wp-content\/uploads\/2016\/12\/Zenka-i-Ljumovic-stigli-na-Paradi-ponosa.jpg\" alt=\"Zenka i Ljumovic stigli na Paradi ponosa\" width=\"508\" height=\"339\" srcset=\"https:\/\/www.visit-ulcinj.com\/blog\/wp-content\/uploads\/2016\/12\/Zenka-i-Ljumovic-stigli-na-Paradi-ponosa.jpg 640w, https:\/\/www.visit-ulcinj.com\/blog\/wp-content\/uploads\/2016\/12\/Zenka-i-Ljumovic-stigli-na-Paradi-ponosa-300x200.jpg 300w\" sizes=\"(max-width: 508px) 100vw, 508px\" \/><\/a>U Podgorici se danas odr\u017eava \u010detrvta Parada ponosa, pod sloganom \u201ePodr\u0161ka \u2013 Porodi\u010dna vrijednost\u201c. Na Povorku su stigli ministri za ljudska i manjinska prava i kulturu, Mehmed Zenka i Janko Ljumovi\u0107. <\/strong><\/p>\n<p>Reporter Portala RTCG sa lica mjesta javlja da je po\u010delo okupljanje u\u010desnika ovogodi\u0161njeg Prajda, te da je na ulicama primjetno poja\u010dano prisustvo policijskih snaga koje \u0107e obezbje\u0111ivati skup.<\/p>\n<p>Tako\u0111e, Paradu prate i brojne novinarske ekipe, a po\u010deli su da pristi\u017eu predstavnici civilnog sektora, diplomatskog kora i Vlade Crne Gore. Podr\u0161ku LGBT osobama pru\u017eio je i predsjednik Skup\u0161tine Glavnog grada, \u0110or\u0111e Suhih.<\/p>\n<p>Podr\u0161ku organizatorima i pripadnicima LGBT populacije u Crnoj Gori pru\u017eila je i ameri\u010dka ambasada u Podgorici. Naime, na njihovom Tviter nalogu objavljeno je da je na Povorci ponosa i ambasadorka Margaret En Uehara.<\/p>\n<p>Na ovogodi\u0161njem Prajdu dominiraju transparenti s porukom \u201eJednakost svima\u201c, \u201eSvi za porodicu, porodica za sve\u201c, \u201ePorodica = prihvatanje\u201c\u2026<\/p>\n<p>Zbog Parade je danas zatvoreno<\/p>\n<p>Podsje\u0107amo, odrganizator povorke je NVO Kvir Montenegro, a u\u010de\u0161\u0107e su u ime crnogorske Vlade najavili ministri za ljudska i manjinska prava i kulture, Mehmed Zenka i Janko Ljumovi\u0107.<\/p>\n<p dir=\"ltr\">U.S. Embassy\u2019s<\/p>\n<p>\u2014 US Embassy Podgorica (@USEmbassyMNE)<\/p>\n<p>Kako je bilo i najavljeno, Prajdu prisustvuju predstavnici politi\u010dkih partija, me\u0111u kojima su, za sada, \u010delni ljudi Liberalne partije i Pozitivne Crne Gore.<\/p>\n<p><strong>Izvor: <a href=\"http:\/\/www.rtcg.me\/vijesti\/drustvo\/150704\/na-paradu-stigli-zenka-i-ljumovic.html\">Radio Televizija Crne Gore<\/a><\/strong><\/p>\n<p>[flv]http:\/\/www.rtcg.me\/upload\/boxFileData\/2016\/12\/17\/207612\/Rovcanin.mp4[\/flv]<\/p>\n\n\t\t<style type=\"text\/css\">\n\t\t\t#gallery-1 {\n\t\t\t\tmargin: auto;\n\t\t\t}\n\t\t\t#gallery-1 .gallery-item {\n\t\t\t\tfloat: left;\n\t\t\t\tmargin-top: 10px;\n\t\t\t\ttext-align: center;\n\t\t\t\twidth: 33%;\n\t\t\t}\n\t\t\t#gallery-1 img {\n\t\t\t\tborder: 2px solid #cfcfcf;\n\t\t\t}\n\t\t\t#gallery-1 .gallery-caption {\n\t\t\t\tmargin-left: 0;\n\t\t\t}\n\t\t\t\/* see gallery_shortcode() in wp-includes\/media.php *\/\n\t\t<\/style>\n\t\t<div id='gallery-1' class='gallery galleryid-101715 gallery-columns-3 gallery-size-thumbnail'><dl class='gallery-item'>\n\t\t\t<dt class='gallery-icon portrait'>\n\t\t\t\t<a href='https:\/\/www.visit-ulcinj.com\/blog\/2016\/12\/17\/perfundon-parada-e-katert-te-komunitetit-lgbt-ne-podgorice-foto\/perfundon-parada-e-komunitetit-lgbt-ne-podgorice-zenka-ljumoviq-3\/'><img width=\"150\" height=\"150\" src=\"https:\/\/www.visit-ulcinj.com\/blog\/wp-content\/uploads\/2016\/12\/P\u00ebrfundon-parada-e-komunitetit-LGBT-n\u00eb-Podgoric\u00eb-Zenka-Ljumoviq-3-150x150.jpg\" class=\"attachment-thumbnail size-thumbnail\" alt=\"\" loading=\"lazy\" \/><\/a>\n\t\t\t<\/dt><\/dl><dl class='gallery-item'>\n\t\t\t<dt class='gallery-icon landscape'>\n\t\t\t\t<a href='https:\/\/www.visit-ulcinj.com\/blog\/2016\/12\/17\/perfundon-parada-e-katert-te-komunitetit-lgbt-ne-podgorice-foto\/margaret-en-ujehara-ambasador-usa-podgorica\/'><img width=\"150\" height=\"150\" src=\"https:\/\/www.visit-ulcinj.com\/blog\/wp-content\/uploads\/2016\/12\/Margaret-En-Ujehara-Ambasador-USA-Podgorica-150x150.jpg\" class=\"attachment-thumbnail size-thumbnail\" alt=\"\" loading=\"lazy\" \/><\/a>\n\t\t\t<\/dt><\/dl><dl class='gallery-item'>\n\t\t\t<dt class='gallery-icon landscape'>\n\t\t\t\t<a href='https:\/\/www.visit-ulcinj.com\/blog\/2016\/12\/17\/perfundon-parada-e-katert-te-komunitetit-lgbt-ne-podgorice-foto\/perfundon-parada-e-komunitetit-lgbt-ne-podgorice-zenka-ljumoviq-2\/'><img width=\"150\" height=\"150\" src=\"https:\/\/www.visit-ulcinj.com\/blog\/wp-content\/uploads\/2016\/12\/P\u00ebrfundon-parada-e-komunitetit-LGBT-n\u00eb-Podgoric\u00eb-Zenka-Ljumoviq-2-150x150.jpg\" class=\"attachment-thumbnail size-thumbnail\" alt=\"\" loading=\"lazy\" \/><\/a>\n\t\t\t<\/dt><\/dl><br style=\"clear: both\" \/><dl class='gallery-item'>\n\t\t\t<dt class='gallery-icon landscape'>\n\t\t\t\t<a href='https:\/\/www.visit-ulcinj.com\/blog\/2016\/12\/17\/perfundon-parada-e-katert-te-komunitetit-lgbt-ne-podgorice-foto\/perfundon-parada-e-komunitetit-lgbt-ne-podgorice-zenka-ljumoviq\/'><img width=\"150\" height=\"150\" src=\"https:\/\/www.visit-ulcinj.com\/blog\/wp-content\/uploads\/2016\/12\/P\u00ebrfundon-parada-e-komunitetit-LGBT-n\u00eb-Podgoric\u00eb-Zenka-Ljumoviq-150x150.jpg\" class=\"attachment-thumbnail size-thumbnail\" alt=\"\" loading=\"lazy\" \/><\/a>\n\t\t\t<\/dt><\/dl><dl class='gallery-item'>\n\t\t\t<dt class='gallery-icon landscape'>\n\t\t\t\t<a href='https:\/\/www.visit-ulcinj.com\/blog\/2016\/12\/17\/perfundon-parada-e-katert-te-komunitetit-lgbt-ne-podgorice-foto\/perfundon-parada-e-komunitetit-lgbt-ne-podgorice-mehmet-zenka\/'><img width=\"150\" height=\"150\" src=\"https:\/\/www.visit-ulcinj.com\/blog\/wp-content\/uploads\/2016\/12\/P\u00ebrfundon-parada-e-komunitetit-LGBT-n\u00eb-Podgoric\u00eb-Mehmet-Zenka-150x150.jpg\" class=\"attachment-thumbnail size-thumbnail\" alt=\"\" loading=\"lazy\" \/><\/a>\n\t\t\t<\/dt><\/dl><dl class='gallery-item'>\n\t\t\t<dt class='gallery-icon landscape'>\n\t\t\t\t<a href='https:\/\/www.visit-ulcinj.com\/blog\/2016\/12\/17\/perfundon-parada-e-katert-te-komunitetit-lgbt-ne-podgorice-foto\/perfundon-parada-e-komunitetit-lgbt-ne-podgorice-zenka-ljumoviq-1\/'><img width=\"150\" height=\"150\" src=\"https:\/\/www.visit-ulcinj.com\/blog\/wp-content\/uploads\/2016\/12\/P\u00ebrfundon-parada-e-komunitetit-LGBT-n\u00eb-Podgoric\u00eb-Zenka-Ljumoviq-1-150x150.jpg\" class=\"attachment-thumbnail size-thumbnail\" alt=\"\" loading=\"lazy\" \/><\/a>\n\t\t\t<\/dt><\/dl><br style=\"clear: both\" \/>\n\t\t<\/div>\n\n","protected":false},"excerpt":{"rendered":"<p>U Podgorici se danas odr\u017eava \u010detrvta Parada ponosa, pod sloganom \u201ePodr\u0161ka \u2013 Porodi\u010dna vrijednost\u201c. Na Povorku su stigli ministri za ljudska i manjinska prava i kulturu, Mehmed Zenka i Janko Ljumovi\u0107. Reporter Portala RTCG sa lica mjesta javlja da je po\u010delo okupljanje u\u010desnika ovogodi\u0161njeg Prajda, te da je na ulicama primjetno poja\u010dano prisustvo policijskih snaga [&hellip;]<\/p>\n","protected":false},"author":1,"featured_media":0,"comment_status":"closed","ping_status":"closed","sticky":false,"template":"","format":"standard","meta":{"spay_email":"","jetpack_publicize_message":"","jetpack_is_tweetstorm":false,"jetpack_publicize_feature_enabled":true},"categories":[8337],"tags":[],"jetpack_publicize_connections":[],"yoast_head":"<!-- This site is optimized with the Yoast SEO plugin v19.1 - https:\/\/yoast.com\/wordpress\/plugins\/seo\/ -->\n<title>Zenka i Ljumovi\u0107 stigli na Paradi ponosa - Lajme nga Ulqini<\/title>\n<meta name=\"description\" content=\"U Podgorici se danas odr\u017eava \u010detrvta Parada ponosa, pod sloganom \u201ePodr\u0161ka \u2013 Porodi\u010dna vrijednost\u201c. Na Povorku su stigli ministri za ljudska i manjinska\" \/>\n<meta name=\"robots\" content=\"index, follow, max-snippet:-1, max-image-preview:large, max-video-preview:-1\" \/>\n<link rel=\"canonical\" href=\"https:\/\/www.visit-ulcinj.com\/blog\/2016\/12\/17\/zenka-ljumovic-stigli-na-paradi-ponosa\/\" \/>\n<meta property=\"og:locale\" content=\"en_US\" \/>\n<meta property=\"og:type\" content=\"article\" \/>\n<meta property=\"og:title\" content=\"Zenka i Ljumovi\u0107 stigli na Paradi ponosa - Lajme nga Ulqini\" \/>\n<meta property=\"og:description\" content=\"U Podgorici se danas odr\u017eava \u010detrvta Parada ponosa, pod sloganom \u201ePodr\u0161ka \u2013 Porodi\u010dna vrijednost\u201c. Na Povorku su stigli ministri za ljudska i manjinska\" \/>\n<meta property=\"og:url\" content=\"https:\/\/www.visit-ulcinj.com\/blog\/2016\/12\/17\/zenka-ljumovic-stigli-na-paradi-ponosa\/\" \/>\n<meta property=\"og:site_name\" content=\"Lajme nga Ulqini\" \/>\n<meta property=\"article:published_time\" content=\"2016-12-17T19:41:41+00:00\" \/>\n<meta property=\"og:image\" content=\"https:\/\/www.visit-ulcinj.com\/blog\/wp-content\/uploads\/2016\/12\/P\u00ebrfundon-parada-e-komunitetit-LGBT-n\u00eb-Podgoric\u00eb-Zenka-Ljumoviq-3-150x150.jpg\" \/>\n<meta name=\"twitter:label1\" content=\"Written by\" \/>\n\t<meta name=\"twitter:data1\" content=\"ulqini\" \/>\n\t<meta name=\"twitter:label2\" content=\"Est. reading time\" \/>\n\t<meta name=\"twitter:data2\" content=\"1 minute\" \/>\n<script type=\"application\/ld+json\" class=\"yoast-schema-graph\">{\"@context\":\"https:\/\/schema.org\",\"@graph\":[{\"@type\":\"WebSite\",\"@id\":\"https:\/\/www.visit-ulcinj.com\/blog\/#website\",\"url\":\"https:\/\/www.visit-ulcinj.com\/blog\/\",\"name\":\"Lajme nga Ulqini\",\"description\":\"Lajme,Vijesti,Ulqini,Ulqin,Crna Gora,Mali i Zi\",\"potentialAction\":[{\"@type\":\"SearchAction\",\"target\":{\"@type\":\"EntryPoint\",\"urlTemplate\":\"https:\/\/www.visit-ulcinj.com\/blog\/?s={search_term_string}\"},\"query-input\":\"required name=search_term_string\"}],\"inLanguage\":\"en-US\"},{\"@type\":\"ImageObject\",\"inLanguage\":\"en-US\",\"@id\":\"https:\/\/www.visit-ulcinj.com\/blog\/2016\/12\/17\/zenka-ljumovic-stigli-na-paradi-ponosa\/#primaryimage\",\"url\":\"https:\/\/www.visit-ulcinj.com\/blog\/wp-content\/uploads\/2016\/12\/Zenka-i-Ljumovic-stigli-na-Paradi-ponosa.jpg\",\"contentUrl\":\"https:\/\/www.visit-ulcinj.com\/blog\/wp-content\/uploads\/2016\/12\/Zenka-i-Ljumovic-stigli-na-Paradi-ponosa.jpg\",\"width\":640,\"height\":427},{\"@type\":\"WebPage\",\"@id\":\"https:\/\/www.visit-ulcinj.com\/blog\/2016\/12\/17\/zenka-ljumovic-stigli-na-paradi-ponosa\/#webpage\",\"url\":\"https:\/\/www.visit-ulcinj.com\/blog\/2016\/12\/17\/zenka-ljumovic-stigli-na-paradi-ponosa\/\",\"name\":\"Zenka i Ljumovi\u0107 stigli na Paradi ponosa - Lajme nga Ulqini\",\"isPartOf\":{\"@id\":\"https:\/\/www.visit-ulcinj.com\/blog\/#website\"},\"primaryImageOfPage\":{\"@id\":\"https:\/\/www.visit-ulcinj.com\/blog\/2016\/12\/17\/zenka-ljumovic-stigli-na-paradi-ponosa\/#primaryimage\"},\"datePublished\":\"2016-12-17T19:41:41+00:00\",\"dateModified\":\"2016-12-17T19:41:41+00:00\",\"author\":{\"@id\":\"https:\/\/www.visit-ulcinj.com\/blog\/#\/schema\/person\/dcab619c614d3038751c63bc2aadc06d\"},\"description\":\"U Podgorici se danas odr\u017eava \u010detrvta Parada ponosa, pod sloganom \u201ePodr\u0161ka \u2013 Porodi\u010dna vrijednost\u201c. Na Povorku su stigli ministri za ljudska i manjinska\",\"breadcrumb\":{\"@id\":\"https:\/\/www.visit-ulcinj.com\/blog\/2016\/12\/17\/zenka-ljumovic-stigli-na-paradi-ponosa\/#breadcrumb\"},\"inLanguage\":\"en-US\",\"potentialAction\":[{\"@type\":\"ReadAction\",\"target\":[\"https:\/\/www.visit-ulcinj.com\/blog\/2016\/12\/17\/zenka-ljumovic-stigli-na-paradi-ponosa\/\"]}]},{\"@type\":\"BreadcrumbList\",\"@id\":\"https:\/\/www.visit-ulcinj.com\/blog\/2016\/12\/17\/zenka-ljumovic-stigli-na-paradi-ponosa\/#breadcrumb\",\"itemListElement\":[{\"@type\":\"ListItem\",\"position\":1,\"name\":\"Zenka i Ljumovi\u0107 stigli na Paradi ponosa\"}]},{\"@type\":\"Person\",\"@id\":\"https:\/\/www.visit-ulcinj.com\/blog\/#\/schema\/person\/dcab619c614d3038751c63bc2aadc06d\",\"name\":\"ulqini\",\"sameAs\":[\"http:\/\/www.visit-ulcinj.com\"],\"url\":\"https:\/\/www.visit-ulcinj.com\/blog\/author\/admin\/\"}]}<\/script>\n<!-- \/ Yoast SEO plugin. -->","yoast_head_json":{"title":"Zenka i Ljumovi\u0107 stigli na Paradi ponosa - Lajme nga Ulqini","description":"U Podgorici se danas odr\u017eava \u010detrvta Parada ponosa, pod sloganom \u201ePodr\u0161ka \u2013 Porodi\u010dna vrijednost\u201c. Na Povorku su stigli ministri za ljudska i manjinska","robots":{"index":"index","follow":"follow","max-snippet":"max-snippet:-1","max-image-preview":"max-image-preview:large","max-video-preview":"max-video-preview:-1"},"canonical":"https:\/\/www.visit-ulcinj.com\/blog\/2016\/12\/17\/zenka-ljumovic-stigli-na-paradi-ponosa\/","og_locale":"en_US","og_type":"article","og_title":"Zenka i Ljumovi\u0107 stigli na Paradi ponosa - Lajme nga Ulqini","og_description":"U Podgorici se danas odr\u017eava \u010detrvta Parada ponosa, pod sloganom \u201ePodr\u0161ka \u2013 Porodi\u010dna vrijednost\u201c. Na Povorku su stigli ministri za ljudska i manjinska","og_url":"https:\/\/www.visit-ulcinj.com\/blog\/2016\/12\/17\/zenka-ljumovic-stigli-na-paradi-ponosa\/","og_site_name":"Lajme nga Ulqini","article_published_time":"2016-12-17T19:41:41+00:00","og_image":[{"url":"https:\/\/www.visit-ulcinj.com\/blog\/wp-content\/uploads\/2016\/12\/P\u00ebrfundon-parada-e-komunitetit-LGBT-n\u00eb-Podgoric\u00eb-Zenka-Ljumoviq-3-150x150.jpg"}],"twitter_misc":{"Written by":"ulqini","Est. reading time":"1 minute"},"schema":{"@context":"https:\/\/schema.org","@graph":[{"@type":"WebSite","@id":"https:\/\/www.visit-ulcinj.com\/blog\/#website","url":"https:\/\/www.visit-ulcinj.com\/blog\/","name":"Lajme nga Ulqini","description":"Lajme,Vijesti,Ulqini,Ulqin,Crna Gora,Mali i Zi","potentialAction":[{"@type":"SearchAction","target":{"@type":"EntryPoint","urlTemplate":"https:\/\/www.visit-ulcinj.com\/blog\/?s={search_term_string}"},"query-input":"required name=search_term_string"}],"inLanguage":"en-US"},{"@type":"ImageObject","inLanguage":"en-US","@id":"https:\/\/www.visit-ulcinj.com\/blog\/2016\/12\/17\/zenka-ljumovic-stigli-na-paradi-ponosa\/#primaryimage","url":"https:\/\/www.visit-ulcinj.com\/blog\/wp-content\/uploads\/2016\/12\/Zenka-i-Ljumovic-stigli-na-Paradi-ponosa.jpg","contentUrl":"https:\/\/www.visit-ulcinj.com\/blog\/wp-content\/uploads\/2016\/12\/Zenka-i-Ljumovic-stigli-na-Paradi-ponosa.jpg","width":640,"height":427},{"@type":"WebPage","@id":"https:\/\/www.visit-ulcinj.com\/blog\/2016\/12\/17\/zenka-ljumovic-stigli-na-paradi-ponosa\/#webpage","url":"https:\/\/www.visit-ulcinj.com\/blog\/2016\/12\/17\/zenka-ljumovic-stigli-na-paradi-ponosa\/","name":"Zenka i Ljumovi\u0107 stigli na Paradi ponosa - Lajme nga Ulqini","isPartOf":{"@id":"https:\/\/www.visit-ulcinj.com\/blog\/#website"},"primaryImageOfPage":{"@id":"https:\/\/www.visit-ulcinj.com\/blog\/2016\/12\/17\/zenka-ljumovic-stigli-na-paradi-ponosa\/#primaryimage"},"datePublished":"2016-12-17T19:41:41+00:00","dateModified":"2016-12-17T19:41:41+00:00","author":{"@id":"https:\/\/www.visit-ulcinj.com\/blog\/#\/schema\/person\/dcab619c614d3038751c63bc2aadc06d"},"description":"U Podgorici se danas odr\u017eava \u010detrvta Parada ponosa, pod sloganom \u201ePodr\u0161ka \u2013 Porodi\u010dna vrijednost\u201c. Na Povorku su stigli ministri za ljudska i manjinska","breadcrumb":{"@id":"https:\/\/www.visit-ulcinj.com\/blog\/2016\/12\/17\/zenka-ljumovic-stigli-na-paradi-ponosa\/#breadcrumb"},"inLanguage":"en-US","potentialAction":[{"@type":"ReadAction","target":["https:\/\/www.visit-ulcinj.com\/blog\/2016\/12\/17\/zenka-ljumovic-stigli-na-paradi-ponosa\/"]}]},{"@type":"BreadcrumbList","@id":"https:\/\/www.visit-ulcinj.com\/blog\/2016\/12\/17\/zenka-ljumovic-stigli-na-paradi-ponosa\/#breadcrumb","itemListElement":[{"@type":"ListItem","position":1,"name":"Zenka i Ljumovi\u0107 stigli na Paradi ponosa"}]},{"@type":"Person","@id":"https:\/\/www.visit-ulcinj.com\/blog\/#\/schema\/person\/dcab619c614d3038751c63bc2aadc06d","name":"ulqini","sameAs":["http:\/\/www.visit-ulcinj.com"],"url":"https:\/\/www.visit-ulcinj.com\/blog\/author\/admin\/"}]}},"jetpack_featured_media_url":"","jetpack_sharing_enabled":true,"jetpack_shortlink":"https:\/\/wp.me\/pe6lTn-qsz","_links":{"self":[{"href":"https:\/\/www.visit-ulcinj.com\/blog\/wp-json\/wp\/v2\/posts\/101715"}],"collection":[{"href":"https:\/\/www.visit-ulcinj.com\/blog\/wp-json\/wp\/v2\/posts"}],"about":[{"href":"https:\/\/www.visit-ulcinj.com\/blog\/wp-json\/wp\/v2\/types\/post"}],"author":[{"embeddable":true,"href":"https:\/\/www.visit-ulcinj.com\/blog\/wp-json\/wp\/v2\/users\/1"}],"replies":[{"embeddable":true,"href":"https:\/\/www.visit-ulcinj.com\/blog\/wp-json\/wp\/v2\/comments?post=101715"}],"version-history":[{"count":1,"href":"https:\/\/www.visit-ulcinj.com\/blog\/wp-json\/wp\/v2\/posts\/101715\/revisions"}],"predecessor-version":[{"id":101717,"href":"https:\/\/www.visit-ulcinj.com\/blog\/wp-json\/wp\/v2\/posts\/101715\/revisions\/101717"}],"wp:attachment":[{"href":"https:\/\/www.visit-ulcinj.com\/blog\/wp-json\/wp\/v2\/media?parent=101715"}],"wp:term":[{"taxonomy":"category","embeddable":true,"href":"https:\/\/www.visit-ulcinj.com\/blog\/wp-json\/wp\/v2\/categories?post=101715"},{"taxonomy":"post_tag","embeddable":true,"href":"https:\/\/www.visit-ulcinj.com\/blog\/wp-json\/wp\/v2\/tags?post=101715"}],"curies":[{"name":"wp","href":"https:\/\/api.w.org\/{rel}","templated":true}]}}