{"id":101719,"date":"2016-12-18T00:03:35","date_gmt":"2016-12-17T23:03:35","guid":{"rendered":"http:\/\/www.visit-ulcinj.com\/blog\/?p=101719"},"modified":"2016-12-18T00:03:35","modified_gmt":"2016-12-17T23:03:35","slug":"argezon-sulejmani-qence-nuk-jetohet-ma","status":"publish","type":"post","link":"https:\/\/www.visit-ulcinj.com\/blog\/2016\/12\/18\/argezon-sulejmani-qence-nuk-jetohet-ma\/","title":{"rendered":"Arg\u00ebzon Sulejmani:  Qen\u00e7e nuk jetohet ma*"},"content":{"rendered":"<p><strong><a href=\"http:\/\/www.visit-ulcinj.com\/blog\/wp-content\/uploads\/2016\/12\/Arg\u00ebzon-Sulejmani.jpg\"><img loading=\"lazy\" class=\"alignleft wp-image-101720\" src=\"http:\/\/www.visit-ulcinj.com\/blog\/wp-content\/uploads\/2016\/12\/Arg\u00ebzon-Sulejmani.jpg\" alt=\"Arg\u00ebzon Sulejmani\" width=\"508\" height=\"361\" srcset=\"https:\/\/www.visit-ulcinj.com\/blog\/wp-content\/uploads\/2016\/12\/Arg\u00ebzon-Sulejmani.jpg 960w, https:\/\/www.visit-ulcinj.com\/blog\/wp-content\/uploads\/2016\/12\/Arg\u00ebzon-Sulejmani-300x213.jpg 300w, https:\/\/www.visit-ulcinj.com\/blog\/wp-content\/uploads\/2016\/12\/Arg\u00ebzon-Sulejmani-768x546.jpg 768w\" sizes=\"(max-width: 508px) 100vw, 508px\" \/><\/a>Thon\u00eb se historia q\u00eb harrohet, p\u00ebrs\u00ebritet. Si duket, ne arrit\u00ebm t\u00eb b\u00ebhemi studiues me grada, por mbet\u00ebm nx\u00ebn\u00ebs t\u00eb k\u00ebqinj e harrues t\u00eb mir\u00eb. P\u00ebr k\u00ebt\u00eb, me gjas\u00eb, nga gjenerata n\u00eb gjenerat\u00eb po na jepen leksione t\u00eb nj\u00ebjta, biles t\u00eb p\u00ebrshtatura e slow motion, p\u00ebr t\u00eb cilat po paguajm\u00eb gjithnj\u00eb e m\u00eb shtrenjt\u00eb. Se, cili do t\u00eb jet\u00eb viti D, nga ku brezat do t\u00eb thirren n\u00eb kujtes\u00eb, do t\u00eb m\u00ebsojn\u00eb t\u00eb mendojn\u00eb dhe do t\u00eb shk\u00ebmbejn\u00eb p\u00ebrvoja, kjo mbetet e hapur. Deri at\u00ebher\u00eb, do vazhdojm\u00eb t\u00eb luajm\u00eb aktorin dhe shikuesin tekanjoz, me dhe ndaj jet\u00ebve tona<\/strong><\/p>\n<p><strong>Arg\u00ebzon Sulejmani<\/strong><\/p>\n<p>Kur bota thuhet t\u00eb kal\u00ebroj\u00eb n\u00ebp\u00ebr krizat e saj, me dhe pa njeriun, neve si nj\u00ebsi a subnj\u00ebsi e saj, p\u00ebrdit\u00eb na bien morte dhe at\u00ebher\u00eb kujtohemi p\u00ebr nj\u00ebri-tjetrin. Rrjetet virtuale na mund\u00ebsojn\u00eb t\u00eb gjendemi sa n\u00eb Tiran\u00eb e Prishtin\u00eb, aq n\u00eb Shkup, Lugin\u00eb e Ulqin. Jo vet\u00ebm kaq, koh\u00eb pas kohe si p\u00ebr kortezi vemi edhe n\u00eb Stamboll, Pariz e Washington. Pa\u00e7kase, kemi koh\u00eb pa b\u00ebr\u00eb vizita tek m\u00eb t\u00eb af\u00ebrmit, u b\u00eb koh\u00eb q\u00eb e kemi l\u00ebn\u00eb anash ritualin e pamjeve dhe as nuk mbahet mend kur s\u00eb fundmi jemi solidarizuar me ndonj\u00eb t\u00eb braktisur.<\/p>\n<div class=\"post-container cf\">\n<div class=\"post-content-right\">\n<div class=\"post-content description \">\n<div class=\"post-container cf\">\n<div class=\"post-content-right\">\n<div class=\"post-content description \">\n<div class=\"post-container cf\">\n<div class=\"post-content-right\">\n<div class=\"post-content description \">\n<div class=\"post-container cf\">\n<div class=\"post-content-right\">\n<div class=\"post-content description \">\n<div class=\"post-container cf\">\n<div class=\"post-content-right\">\n<div class=\"post-content description \">\n<div class=\"post-container cf\">\n<div class=\"post-content-right\">\n<div class=\"post-content description \">\n<div class=\"post-container cf\">\n<div class=\"post-content-right\">\n<div class=\"post-content description \">\n<div class=\"post-container cf\">\n<div class=\"post-content-right\">\n<div class=\"post-content description \">\n<div class=\"post-container cf\">\n<div class=\"post-content-right\">\n<div class=\"post-content description \">\n<div class=\"post-container cf\">\n<div class=\"post-content-right\">\n<div class=\"post-content description \">\n<div class=\"post-container cf\">\n<div class=\"post-content-right\">\n<div class=\"post-content description \">\n<div class=\"post-container cf\">\n<div class=\"post-content-right\">\n<div class=\"post-content description \">\n<div class=\"post-container cf\">\n<div class=\"post-content-right\">\n<div class=\"post-content description \">\n<div class=\"post-container cf\">\n<div class=\"post-content-right\">\n<div class=\"post-content description \">\n<div class=\"post-container cf\">\n<div class=\"post-content-right\">\n<div class=\"post-content description \">\n<div class=\"post-container cf\">\n<div class=\"post-content-right\">\n<div class=\"post-content description \">\n<div class=\"post-container cf\">\n<div class=\"post-content-right\">\n<div class=\"post-content description \">\n<p><strong>M\u00eb gjer\u00ebsisht mund ta lexoni n\u00eb numrin \u201c744\u201d t\u00eb revist\u00ebs Koha Javore<\/strong><\/p>\n<\/div>\n<\/div>\n<\/div>\n<\/div>\n<\/div>\n<\/div>\n<\/div>\n<\/div>\n<\/div>\n<\/div>\n<\/div>\n<\/div>\n<\/div>\n<\/div>\n<\/div>\n<\/div>\n<\/div>\n<\/div>\n<\/div>\n<\/div>\n<\/div>\n<\/div>\n<\/div>\n<\/div>\n<\/div>\n<\/div>\n<\/div>\n<\/div>\n<\/div>\n<\/div>\n<\/div>\n<\/div>\n<\/div>\n<\/div>\n<\/div>\n<\/div>\n<\/div>\n<\/div>\n<\/div>\n<\/div>\n<\/div>\n<\/div>\n<\/div>\n<\/div>\n<\/div>\n<\/div>\n<\/div>\n<\/div>\n<\/div>\n<\/div>\n<\/div>\n","protected":false},"excerpt":{"rendered":"<p>Thon\u00eb se historia q\u00eb harrohet, p\u00ebrs\u00ebritet. Si duket, ne arrit\u00ebm t\u00eb b\u00ebhemi studiues me grada, por mbet\u00ebm nx\u00ebn\u00ebs t\u00eb k\u00ebqinj e harrues t\u00eb mir\u00eb. P\u00ebr k\u00ebt\u00eb, me gjas\u00eb, nga gjenerata n\u00eb gjenerat\u00eb po na jepen leksione t\u00eb nj\u00ebjta, biles t\u00eb p\u00ebrshtatura e slow motion, p\u00ebr t\u00eb cilat po paguajm\u00eb gjithnj\u00eb e m\u00eb shtrenjt\u00eb. Se, cili [&hellip;]<\/p>\n","protected":false},"author":1,"featured_media":0,"comment_status":"closed","ping_status":"closed","sticky":false,"template":"","format":"standard","meta":{"spay_email":"","jetpack_publicize_message":"","jetpack_is_tweetstorm":false,"jetpack_publicize_feature_enabled":true},"categories":[11],"tags":[],"jetpack_publicize_connections":[],"yoast_head":"<!-- This site is optimized with the Yoast SEO plugin v19.1 - https:\/\/yoast.com\/wordpress\/plugins\/seo\/ -->\n<title>Arg\u00ebzon Sulejmani: Qen\u00e7e nuk jetohet ma* - Lajme nga Ulqini<\/title>\n<meta name=\"description\" content=\"Thon\u00eb se historia q\u00eb harrohet, p\u00ebrs\u00ebritet. Si duket, ne arrit\u00ebm t\u00eb b\u00ebhemi studiues me grada, por mbet\u00ebm nx\u00ebn\u00ebs t\u00eb k\u00ebqinj e harrues t\u00eb mir\u00eb. P\u00ebr k\u00ebt\u00eb, me\" \/>\n<meta name=\"robots\" content=\"index, follow, max-snippet:-1, max-image-preview:large, max-video-preview:-1\" \/>\n<link rel=\"canonical\" href=\"https:\/\/www.visit-ulcinj.com\/blog\/2016\/12\/18\/argezon-sulejmani-qence-nuk-jetohet-ma\/\" \/>\n<meta property=\"og:locale\" content=\"en_US\" \/>\n<meta property=\"og:type\" content=\"article\" \/>\n<meta property=\"og:title\" content=\"Arg\u00ebzon Sulejmani: Qen\u00e7e nuk jetohet ma* - Lajme nga Ulqini\" \/>\n<meta property=\"og:description\" content=\"Thon\u00eb se historia q\u00eb harrohet, p\u00ebrs\u00ebritet. Si duket, ne arrit\u00ebm t\u00eb b\u00ebhemi studiues me grada, por mbet\u00ebm nx\u00ebn\u00ebs t\u00eb k\u00ebqinj e harrues t\u00eb mir\u00eb. P\u00ebr k\u00ebt\u00eb, me\" \/>\n<meta property=\"og:url\" content=\"https:\/\/www.visit-ulcinj.com\/blog\/2016\/12\/18\/argezon-sulejmani-qence-nuk-jetohet-ma\/\" \/>\n<meta property=\"og:site_name\" content=\"Lajme nga Ulqini\" \/>\n<meta property=\"article:published_time\" content=\"2016-12-17T23:03:35+00:00\" \/>\n<meta name=\"twitter:label1\" content=\"Written by\" \/>\n\t<meta name=\"twitter:data1\" content=\"ulqini\" \/>\n\t<meta name=\"twitter:label2\" content=\"Est. reading time\" \/>\n\t<meta name=\"twitter:data2\" content=\"1 minute\" \/>\n<script type=\"application\/ld+json\" class=\"yoast-schema-graph\">{\"@context\":\"https:\/\/schema.org\",\"@graph\":[{\"@type\":\"WebSite\",\"@id\":\"https:\/\/www.visit-ulcinj.com\/blog\/#website\",\"url\":\"https:\/\/www.visit-ulcinj.com\/blog\/\",\"name\":\"Lajme nga Ulqini\",\"description\":\"Lajme,Vijesti,Ulqini,Ulqin,Crna Gora,Mali i Zi\",\"potentialAction\":[{\"@type\":\"SearchAction\",\"target\":{\"@type\":\"EntryPoint\",\"urlTemplate\":\"https:\/\/www.visit-ulcinj.com\/blog\/?s={search_term_string}\"},\"query-input\":\"required name=search_term_string\"}],\"inLanguage\":\"en-US\"},{\"@type\":\"WebPage\",\"@id\":\"https:\/\/www.visit-ulcinj.com\/blog\/2016\/12\/18\/argezon-sulejmani-qence-nuk-jetohet-ma\/#webpage\",\"url\":\"https:\/\/www.visit-ulcinj.com\/blog\/2016\/12\/18\/argezon-sulejmani-qence-nuk-jetohet-ma\/\",\"name\":\"Arg\u00ebzon Sulejmani: Qen\u00e7e nuk jetohet ma* - Lajme nga Ulqini\",\"isPartOf\":{\"@id\":\"https:\/\/www.visit-ulcinj.com\/blog\/#website\"},\"datePublished\":\"2016-12-17T23:03:35+00:00\",\"dateModified\":\"2016-12-17T23:03:35+00:00\",\"author\":{\"@id\":\"https:\/\/www.visit-ulcinj.com\/blog\/#\/schema\/person\/dcab619c614d3038751c63bc2aadc06d\"},\"description\":\"Thon\u00eb se historia q\u00eb harrohet, p\u00ebrs\u00ebritet. Si duket, ne arrit\u00ebm t\u00eb b\u00ebhemi studiues me grada, por mbet\u00ebm nx\u00ebn\u00ebs t\u00eb k\u00ebqinj e harrues t\u00eb mir\u00eb. P\u00ebr k\u00ebt\u00eb, me\",\"breadcrumb\":{\"@id\":\"https:\/\/www.visit-ulcinj.com\/blog\/2016\/12\/18\/argezon-sulejmani-qence-nuk-jetohet-ma\/#breadcrumb\"},\"inLanguage\":\"en-US\",\"potentialAction\":[{\"@type\":\"ReadAction\",\"target\":[\"https:\/\/www.visit-ulcinj.com\/blog\/2016\/12\/18\/argezon-sulejmani-qence-nuk-jetohet-ma\/\"]}]},{\"@type\":\"BreadcrumbList\",\"@id\":\"https:\/\/www.visit-ulcinj.com\/blog\/2016\/12\/18\/argezon-sulejmani-qence-nuk-jetohet-ma\/#breadcrumb\",\"itemListElement\":[{\"@type\":\"ListItem\",\"position\":1,\"name\":\"Arg\u00ebzon Sulejmani: Qen\u00e7e nuk jetohet ma*\"}]},{\"@type\":\"Person\",\"@id\":\"https:\/\/www.visit-ulcinj.com\/blog\/#\/schema\/person\/dcab619c614d3038751c63bc2aadc06d\",\"name\":\"ulqini\",\"sameAs\":[\"http:\/\/www.visit-ulcinj.com\"],\"url\":\"https:\/\/www.visit-ulcinj.com\/blog\/author\/admin\/\"}]}<\/script>\n<!-- \/ Yoast SEO plugin. -->","yoast_head_json":{"title":"Arg\u00ebzon Sulejmani: Qen\u00e7e nuk jetohet ma* - Lajme nga Ulqini","description":"Thon\u00eb se historia q\u00eb harrohet, p\u00ebrs\u00ebritet. Si duket, ne arrit\u00ebm t\u00eb b\u00ebhemi studiues me grada, por mbet\u00ebm nx\u00ebn\u00ebs t\u00eb k\u00ebqinj e harrues t\u00eb mir\u00eb. P\u00ebr k\u00ebt\u00eb, me","robots":{"index":"index","follow":"follow","max-snippet":"max-snippet:-1","max-image-preview":"max-image-preview:large","max-video-preview":"max-video-preview:-1"},"canonical":"https:\/\/www.visit-ulcinj.com\/blog\/2016\/12\/18\/argezon-sulejmani-qence-nuk-jetohet-ma\/","og_locale":"en_US","og_type":"article","og_title":"Arg\u00ebzon Sulejmani: Qen\u00e7e nuk jetohet ma* - Lajme nga Ulqini","og_description":"Thon\u00eb se historia q\u00eb harrohet, p\u00ebrs\u00ebritet. Si duket, ne arrit\u00ebm t\u00eb b\u00ebhemi studiues me grada, por mbet\u00ebm nx\u00ebn\u00ebs t\u00eb k\u00ebqinj e harrues t\u00eb mir\u00eb. P\u00ebr k\u00ebt\u00eb, me","og_url":"https:\/\/www.visit-ulcinj.com\/blog\/2016\/12\/18\/argezon-sulejmani-qence-nuk-jetohet-ma\/","og_site_name":"Lajme nga Ulqini","article_published_time":"2016-12-17T23:03:35+00:00","twitter_misc":{"Written by":"ulqini","Est. reading time":"1 minute"},"schema":{"@context":"https:\/\/schema.org","@graph":[{"@type":"WebSite","@id":"https:\/\/www.visit-ulcinj.com\/blog\/#website","url":"https:\/\/www.visit-ulcinj.com\/blog\/","name":"Lajme nga Ulqini","description":"Lajme,Vijesti,Ulqini,Ulqin,Crna Gora,Mali i Zi","potentialAction":[{"@type":"SearchAction","target":{"@type":"EntryPoint","urlTemplate":"https:\/\/www.visit-ulcinj.com\/blog\/?s={search_term_string}"},"query-input":"required name=search_term_string"}],"inLanguage":"en-US"},{"@type":"WebPage","@id":"https:\/\/www.visit-ulcinj.com\/blog\/2016\/12\/18\/argezon-sulejmani-qence-nuk-jetohet-ma\/#webpage","url":"https:\/\/www.visit-ulcinj.com\/blog\/2016\/12\/18\/argezon-sulejmani-qence-nuk-jetohet-ma\/","name":"Arg\u00ebzon Sulejmani: Qen\u00e7e nuk jetohet ma* - Lajme nga Ulqini","isPartOf":{"@id":"https:\/\/www.visit-ulcinj.com\/blog\/#website"},"datePublished":"2016-12-17T23:03:35+00:00","dateModified":"2016-12-17T23:03:35+00:00","author":{"@id":"https:\/\/www.visit-ulcinj.com\/blog\/#\/schema\/person\/dcab619c614d3038751c63bc2aadc06d"},"description":"Thon\u00eb se historia q\u00eb harrohet, p\u00ebrs\u00ebritet. Si duket, ne arrit\u00ebm t\u00eb b\u00ebhemi studiues me grada, por mbet\u00ebm nx\u00ebn\u00ebs t\u00eb k\u00ebqinj e harrues t\u00eb mir\u00eb. P\u00ebr k\u00ebt\u00eb, me","breadcrumb":{"@id":"https:\/\/www.visit-ulcinj.com\/blog\/2016\/12\/18\/argezon-sulejmani-qence-nuk-jetohet-ma\/#breadcrumb"},"inLanguage":"en-US","potentialAction":[{"@type":"ReadAction","target":["https:\/\/www.visit-ulcinj.com\/blog\/2016\/12\/18\/argezon-sulejmani-qence-nuk-jetohet-ma\/"]}]},{"@type":"BreadcrumbList","@id":"https:\/\/www.visit-ulcinj.com\/blog\/2016\/12\/18\/argezon-sulejmani-qence-nuk-jetohet-ma\/#breadcrumb","itemListElement":[{"@type":"ListItem","position":1,"name":"Arg\u00ebzon Sulejmani: Qen\u00e7e nuk jetohet ma*"}]},{"@type":"Person","@id":"https:\/\/www.visit-ulcinj.com\/blog\/#\/schema\/person\/dcab619c614d3038751c63bc2aadc06d","name":"ulqini","sameAs":["http:\/\/www.visit-ulcinj.com"],"url":"https:\/\/www.visit-ulcinj.com\/blog\/author\/admin\/"}]}},"jetpack_featured_media_url":"","jetpack_sharing_enabled":true,"jetpack_shortlink":"https:\/\/wp.me\/pe6lTn-qsD","_links":{"self":[{"href":"https:\/\/www.visit-ulcinj.com\/blog\/wp-json\/wp\/v2\/posts\/101719"}],"collection":[{"href":"https:\/\/www.visit-ulcinj.com\/blog\/wp-json\/wp\/v2\/posts"}],"about":[{"href":"https:\/\/www.visit-ulcinj.com\/blog\/wp-json\/wp\/v2\/types\/post"}],"author":[{"embeddable":true,"href":"https:\/\/www.visit-ulcinj.com\/blog\/wp-json\/wp\/v2\/users\/1"}],"replies":[{"embeddable":true,"href":"https:\/\/www.visit-ulcinj.com\/blog\/wp-json\/wp\/v2\/comments?post=101719"}],"version-history":[{"count":1,"href":"https:\/\/www.visit-ulcinj.com\/blog\/wp-json\/wp\/v2\/posts\/101719\/revisions"}],"predecessor-version":[{"id":101721,"href":"https:\/\/www.visit-ulcinj.com\/blog\/wp-json\/wp\/v2\/posts\/101719\/revisions\/101721"}],"wp:attachment":[{"href":"https:\/\/www.visit-ulcinj.com\/blog\/wp-json\/wp\/v2\/media?parent=101719"}],"wp:term":[{"taxonomy":"category","embeddable":true,"href":"https:\/\/www.visit-ulcinj.com\/blog\/wp-json\/wp\/v2\/categories?post=101719"},{"taxonomy":"post_tag","embeddable":true,"href":"https:\/\/www.visit-ulcinj.com\/blog\/wp-json\/wp\/v2\/tags?post=101719"}],"curies":[{"name":"wp","href":"https:\/\/api.w.org\/{rel}","templated":true}]}}