{"id":101753,"date":"2016-12-19T15:13:38","date_gmt":"2016-12-19T14:13:38","guid":{"rendered":"http:\/\/www.visit-ulcinj.com\/blog\/?p=101753"},"modified":"2016-12-21T18:34:50","modified_gmt":"2016-12-21T17:34:50","slug":"nika-pse-nuk-ka-shanse-te-kthehet-mbledhja-e-kripes-qyrek","status":"publish","type":"post","link":"https:\/\/www.visit-ulcinj.com\/blog\/2016\/12\/19\/nika-pse-nuk-ka-shanse-te-kthehet-mbledhja-e-kripes-qyrek\/","title":{"rendered":"Nika: Pse nuk ka shanse t\u00eb kthehet mbledhja e kripes me qyrek..?!"},"content":{"rendered":"<p><strong><em><a href=\"http:\/\/www.visit-ulcinj.com\/blog\/wp-content\/uploads\/2016\/12\/Kriporja-e-ulqinit.jpg\"><img loading=\"lazy\" class=\"alignleft wp-image-101755\" src=\"http:\/\/www.visit-ulcinj.com\/blog\/wp-content\/uploads\/2016\/12\/Kriporja-e-ulqinit.jpg\" alt=\"Kriporja-e-ulqinit\" width=\"508\" height=\"300\" srcset=\"https:\/\/www.visit-ulcinj.com\/blog\/wp-content\/uploads\/2016\/12\/Kriporja-e-ulqinit.jpg 999w, https:\/\/www.visit-ulcinj.com\/blog\/wp-content\/uploads\/2016\/12\/Kriporja-e-ulqinit-300x177.jpg 300w, https:\/\/www.visit-ulcinj.com\/blog\/wp-content\/uploads\/2016\/12\/Kriporja-e-ulqinit-768x453.jpg 768w\" sizes=\"(max-width: 508px) 100vw, 508px\" \/><\/a>Shkruan Muhamet Nika<\/em><\/strong><\/p>\n<p>N\u00eb mesin\u00a0 e shum\u00eb propozimeve t\u00eb asociacioneve t\u00eb ndryshme t\u00eb ekolog\u00ebve dhe ruajt\u00ebsve t\u00eb mjedisit , \u00a0nga Ulqini, \u00a0shohim q\u00eb k\u00ebtyre dit\u00ebve\u00a0 t\u00eb\u00a0 flitet shum\u00eb p\u00ebr t\u00eb analizuar \u00a0edhe mund\u00ebsin\u00eb e kthimit t\u00eb kripores n\u00eb gjendje t\u00eb para disa viteve ,\u00a0 n\u00eb koh\u00ebn kur mbledhja e krip\u00ebs b\u00ebhej me dor\u00eb..?!<\/p>\n<p>Por sipas neve \u00a0dhe shum\u00eb kujt , kjo \u00ebsht\u00eb pun\u00eb e pa mundur sepse\u00a0 bashk\u00eb me m\u00ebnyr\u00ebn tradicionale t\u00eb mbledhjes s\u00eb saj , si duket \u00a0kan\u00eb shkuar edhe faktor\u00ebt t\u00eb cil\u00ebt avanconin n\u00eb treg k\u00ebt\u00eb metod\u00eb t\u00eb\u00a0 mbledhjes dhe shitjes s\u00eb krip\u00ebs.<\/p>\n<p>Cil\u00ebt jan\u00eb k\u00ebto faktor q\u00eb favorizonin metod\u00ebn tradicioanele t\u00eb mbledhjes s\u00eb krip\u00ebs:<\/p>\n<ul>\n<li>P\u00ebr t\u00eb qen\u00eb efikase, puna e mbledhjes s\u00eb krip\u00ebs me dor\u00eb n\u00ebnkupton, \u00a0pik\u00eb s\u00eb pari, q\u00eb edhe nj\u00ebher\u00eb t\u00eb formohej Jugosllavia e madhe si ka qen\u00eb dikur , p\u00ebr tu siguruar \u00a0tregu &#8230;?! Kuptohet me ekonomi socialiste e t\u00eb planifikuar\u00a0 q\u00eb nuk lejonte importin e krip\u00ebs nga jasht\u00eb edhe me \u00e7mim m\u00eb t\u00eb lir\u00eb \u00a0pa u shitur kripa e kriporeve t\u00eb saja.<\/li>\n<li>Doemos duhet t\u00eb aft\u00ebsohen nj\u00ebkoh\u00ebsisht edhe fshatar\u00ebt q\u00eb t\u00eb p\u00ebrgatisin turshi e pastrem si dikur p\u00ebr t\u00eb ter\u00eb vitin dhe duke e thar\u00eb \u00a0mishin mbi tym&#8230;?!!<\/li>\n<li>T\u00eb ringjallet edhe nj\u00ebher\u00eb armata jugosllave , p\u00ebr t\u00eb bler\u00eb rezerva kripe \u00a0t\u00eb nj\u00eb viti p\u00ebr raste lufte.<\/li>\n<li>T\u00eb gjejm\u00eb edhe nj\u00ebher\u00eb fuqi pun\u00ebtore t\u00eb kalitur q\u00eb n\u00eb temperatur\u00eb mbi 30 shkall\u00eb e me diell mbi kok\u00eb&#8230;, \u00a0t\u00eb mbaj\u00eb edhe\u00a0 \u00e7izme uji e t\u00eb ket\u00eb muskuj p\u00ebr t\u00eb ngarkuar transportierin .<\/li>\n<\/ul>\n<p>Por\u00a0 ndoshta me k\u00ebt\u00eb edhe mund t\u2019ia b\u00ebjm\u00eb disi, n\u00ebse marrim fuqi pun\u00ebtore fizike nga Shqip\u00ebria e Kosova, sepse rinia e rrethin\u00ebs s\u00eb Ulqinit , nuk e b\u00ebn\u00eb m\u00eb k\u00ebt\u00eb pun\u00eb.<\/p>\n<ul>\n<li>Plus k\u00ebsaj si mas\u00eb\u00a0 emergjente\u00a0 do t\u00eb\u00a0 ishte q\u00eb n\u00eb kuvend t\u00eb sigurojm\u00eb kuorum dhe\u00a0 \u00a0ta shpallim ambasadork\u00ebn gjermane Shtajnaker , p\u00ebr qytetare nderi sepse \u201cpo \u00a0na e mbron kriporen \u201csi dikur para t\u00eb huajve\u00a0 nga nd\u00ebrtimet \u00a0eventuale \u00a0duke ruajtur basenet e zogjve\u00a0 shtegtar\u00eb\u00a0 , q\u00eb k\u00ebtu pushojn\u00eb n\u00eb rrug\u00ebn prej Afrik\u00ebs p\u00ebr Gjermani?! E dhe pse shteti i saj q\u00eb ajo p\u00ebrfaq\u00ebson , \u00ebsht\u00eb fajtori kryesor (sipas neve)p\u00ebr\u00a0 d\u00ebshtim \u00a0t\u00eb kripores n\u00eb Ulqin, plus\u201d budallakia\u201d komuniste , q\u00eb ata vendosen dhe \u00a0blen\u00eb nga gjerman\u00ebt teknologjin\u00eb(fabrik\u00ebn)\u00a0 e prodhimit t\u00eb krip\u00ebs me avullim t\u00eb ujit t\u00eb detit me rrym\u00eb elektrike \u00a0e cila prodhohej \u00a0kuptohet me nj\u00eb\u00a0 \u00e7mim\u00a0 shum\u00eb t\u00eb lart\u00eb\u00a0 dhe nuk\u00a0 gjente treg .<\/li>\n<\/ul>\n<p>Kuptohet se \u00a0at\u00ebher\u00eb gjerman\u00ebt , me k\u00ebt\u00eb na e futen&#8230;., \u00a0ashtu si duan edhe \u00a0sot t\u00eb na e fus me zogj &#8230;, sepse \u00a0dihej q\u00eb det kan\u00eb \u00a0e kishin edhe gjerman\u00ebt, por \u00a0nuk pam\u00eb q\u00eb ata\u00a0\u00a0 t\u00eb \u00a0ken\u00eb \u00a0dh\u00ebn\u00eb para\u00a0 p\u00ebr t\u00eb l\u00ebshuar\u00a0 n\u00eb pun\u00eb nj\u00eb fabrik\u00eb eksperimentale \u00a0si kjo q\u00eb na e dhan\u00eb neve n\u00eb Ulqin.<\/p>\n","protected":false},"excerpt":{"rendered":"<p>Shkruan Muhamet Nika N\u00eb mesin\u00a0 e shum\u00eb propozimeve t\u00eb asociacioneve t\u00eb ndryshme t\u00eb ekolog\u00ebve dhe ruajt\u00ebsve t\u00eb mjedisit , \u00a0nga Ulqini, \u00a0shohim q\u00eb k\u00ebtyre dit\u00ebve\u00a0 t\u00eb\u00a0 flitet shum\u00eb p\u00ebr t\u00eb analizuar \u00a0edhe mund\u00ebsin\u00eb e kthimit t\u00eb kripores n\u00eb gjendje t\u00eb para disa viteve ,\u00a0 n\u00eb koh\u00ebn kur mbledhja e krip\u00ebs b\u00ebhej me dor\u00eb..?! Por sipas [&hellip;]<\/p>\n","protected":false},"author":1,"featured_media":0,"comment_status":"closed","ping_status":"closed","sticky":false,"template":"","format":"standard","meta":{"spay_email":"","jetpack_publicize_message":"","jetpack_is_tweetstorm":false,"jetpack_publicize_feature_enabled":true},"categories":[1,14249],"tags":[],"jetpack_publicize_connections":[],"yoast_head":"<!-- This site is optimized with the Yoast SEO plugin v19.1 - https:\/\/yoast.com\/wordpress\/plugins\/seo\/ -->\n<title>Nika: Pse nuk ka shanse t\u00eb kthehet mbledhja e kripes me qyrek..?! - Lajme nga Ulqini<\/title>\n<meta name=\"description\" content=\"Shkruan Muhamet Nika N\u00eb mesin\u00a0 e shum\u00eb propozimeve t\u00eb asociacioneve t\u00eb ndryshme t\u00eb ekolog\u00ebve dhe ruajt\u00ebsve t\u00eb mjedisit , \u00a0nga Ulqini, \u00a0shohim q\u00eb k\u00ebtyre\" \/>\n<meta name=\"robots\" content=\"index, follow, max-snippet:-1, max-image-preview:large, max-video-preview:-1\" \/>\n<link rel=\"canonical\" href=\"https:\/\/www.visit-ulcinj.com\/blog\/2016\/12\/19\/nika-pse-nuk-ka-shanse-te-kthehet-mbledhja-e-kripes-qyrek\/\" \/>\n<meta property=\"og:locale\" content=\"en_US\" \/>\n<meta property=\"og:type\" content=\"article\" \/>\n<meta property=\"og:title\" content=\"Nika: Pse nuk ka shanse t\u00eb kthehet mbledhja e kripes me qyrek..?! - Lajme nga Ulqini\" \/>\n<meta property=\"og:description\" content=\"Shkruan Muhamet Nika N\u00eb mesin\u00a0 e shum\u00eb propozimeve t\u00eb asociacioneve t\u00eb ndryshme t\u00eb ekolog\u00ebve dhe ruajt\u00ebsve t\u00eb mjedisit , \u00a0nga Ulqini, \u00a0shohim q\u00eb k\u00ebtyre\" \/>\n<meta property=\"og:url\" content=\"https:\/\/www.visit-ulcinj.com\/blog\/2016\/12\/19\/nika-pse-nuk-ka-shanse-te-kthehet-mbledhja-e-kripes-qyrek\/\" \/>\n<meta property=\"og:site_name\" content=\"Lajme nga Ulqini\" \/>\n<meta property=\"article:published_time\" content=\"2016-12-19T14:13:38+00:00\" \/>\n<meta property=\"article:modified_time\" content=\"2016-12-21T17:34:50+00:00\" \/>\n<meta property=\"og:image\" content=\"http:\/\/www.visit-ulcinj.com\/blog\/wp-content\/uploads\/2016\/12\/Kriporja-e-ulqinit.jpg\" \/>\n<meta name=\"twitter:label1\" content=\"Written by\" \/>\n\t<meta name=\"twitter:data1\" content=\"ulqini\" \/>\n\t<meta name=\"twitter:label2\" content=\"Est. reading time\" \/>\n\t<meta name=\"twitter:data2\" content=\"3 minutes\" \/>\n<script type=\"application\/ld+json\" class=\"yoast-schema-graph\">{\"@context\":\"https:\/\/schema.org\",\"@graph\":[{\"@type\":\"WebSite\",\"@id\":\"https:\/\/www.visit-ulcinj.com\/blog\/#website\",\"url\":\"https:\/\/www.visit-ulcinj.com\/blog\/\",\"name\":\"Lajme nga Ulqini\",\"description\":\"Lajme,Vijesti,Ulqini,Ulqin,Crna Gora,Mali i Zi\",\"potentialAction\":[{\"@type\":\"SearchAction\",\"target\":{\"@type\":\"EntryPoint\",\"urlTemplate\":\"https:\/\/www.visit-ulcinj.com\/blog\/?s={search_term_string}\"},\"query-input\":\"required name=search_term_string\"}],\"inLanguage\":\"en-US\"},{\"@type\":\"ImageObject\",\"inLanguage\":\"en-US\",\"@id\":\"https:\/\/www.visit-ulcinj.com\/blog\/2016\/12\/19\/nika-pse-nuk-ka-shanse-te-kthehet-mbledhja-e-kripes-qyrek\/#primaryimage\",\"url\":\"https:\/\/www.visit-ulcinj.com\/blog\/wp-content\/uploads\/2016\/12\/Kriporja-e-ulqinit.jpg\",\"contentUrl\":\"https:\/\/www.visit-ulcinj.com\/blog\/wp-content\/uploads\/2016\/12\/Kriporja-e-ulqinit.jpg\",\"width\":999,\"height\":589},{\"@type\":\"WebPage\",\"@id\":\"https:\/\/www.visit-ulcinj.com\/blog\/2016\/12\/19\/nika-pse-nuk-ka-shanse-te-kthehet-mbledhja-e-kripes-qyrek\/#webpage\",\"url\":\"https:\/\/www.visit-ulcinj.com\/blog\/2016\/12\/19\/nika-pse-nuk-ka-shanse-te-kthehet-mbledhja-e-kripes-qyrek\/\",\"name\":\"Nika: Pse nuk ka shanse t\u00eb kthehet mbledhja e kripes me qyrek..?! - Lajme nga Ulqini\",\"isPartOf\":{\"@id\":\"https:\/\/www.visit-ulcinj.com\/blog\/#website\"},\"primaryImageOfPage\":{\"@id\":\"https:\/\/www.visit-ulcinj.com\/blog\/2016\/12\/19\/nika-pse-nuk-ka-shanse-te-kthehet-mbledhja-e-kripes-qyrek\/#primaryimage\"},\"datePublished\":\"2016-12-19T14:13:38+00:00\",\"dateModified\":\"2016-12-21T17:34:50+00:00\",\"author\":{\"@id\":\"https:\/\/www.visit-ulcinj.com\/blog\/#\/schema\/person\/dcab619c614d3038751c63bc2aadc06d\"},\"description\":\"Shkruan Muhamet Nika N\u00eb mesin\u00a0 e shum\u00eb propozimeve t\u00eb asociacioneve t\u00eb ndryshme t\u00eb ekolog\u00ebve dhe ruajt\u00ebsve t\u00eb mjedisit , \u00a0nga Ulqini, \u00a0shohim q\u00eb k\u00ebtyre\",\"breadcrumb\":{\"@id\":\"https:\/\/www.visit-ulcinj.com\/blog\/2016\/12\/19\/nika-pse-nuk-ka-shanse-te-kthehet-mbledhja-e-kripes-qyrek\/#breadcrumb\"},\"inLanguage\":\"en-US\",\"potentialAction\":[{\"@type\":\"ReadAction\",\"target\":[\"https:\/\/www.visit-ulcinj.com\/blog\/2016\/12\/19\/nika-pse-nuk-ka-shanse-te-kthehet-mbledhja-e-kripes-qyrek\/\"]}]},{\"@type\":\"BreadcrumbList\",\"@id\":\"https:\/\/www.visit-ulcinj.com\/blog\/2016\/12\/19\/nika-pse-nuk-ka-shanse-te-kthehet-mbledhja-e-kripes-qyrek\/#breadcrumb\",\"itemListElement\":[{\"@type\":\"ListItem\",\"position\":1,\"name\":\"Nika: Pse nuk ka shanse t\u00eb kthehet mbledhja e kripes me qyrek..?!\"}]},{\"@type\":\"Person\",\"@id\":\"https:\/\/www.visit-ulcinj.com\/blog\/#\/schema\/person\/dcab619c614d3038751c63bc2aadc06d\",\"name\":\"ulqini\",\"sameAs\":[\"http:\/\/www.visit-ulcinj.com\"],\"url\":\"https:\/\/www.visit-ulcinj.com\/blog\/author\/admin\/\"}]}<\/script>\n<!-- \/ Yoast SEO plugin. -->","yoast_head_json":{"title":"Nika: Pse nuk ka shanse t\u00eb kthehet mbledhja e kripes me qyrek..?! - Lajme nga Ulqini","description":"Shkruan Muhamet Nika N\u00eb mesin\u00a0 e shum\u00eb propozimeve t\u00eb asociacioneve t\u00eb ndryshme t\u00eb ekolog\u00ebve dhe ruajt\u00ebsve t\u00eb mjedisit , \u00a0nga Ulqini, \u00a0shohim q\u00eb k\u00ebtyre","robots":{"index":"index","follow":"follow","max-snippet":"max-snippet:-1","max-image-preview":"max-image-preview:large","max-video-preview":"max-video-preview:-1"},"canonical":"https:\/\/www.visit-ulcinj.com\/blog\/2016\/12\/19\/nika-pse-nuk-ka-shanse-te-kthehet-mbledhja-e-kripes-qyrek\/","og_locale":"en_US","og_type":"article","og_title":"Nika: Pse nuk ka shanse t\u00eb kthehet mbledhja e kripes me qyrek..?! - Lajme nga Ulqini","og_description":"Shkruan Muhamet Nika N\u00eb mesin\u00a0 e shum\u00eb propozimeve t\u00eb asociacioneve t\u00eb ndryshme t\u00eb ekolog\u00ebve dhe ruajt\u00ebsve t\u00eb mjedisit , \u00a0nga Ulqini, \u00a0shohim q\u00eb k\u00ebtyre","og_url":"https:\/\/www.visit-ulcinj.com\/blog\/2016\/12\/19\/nika-pse-nuk-ka-shanse-te-kthehet-mbledhja-e-kripes-qyrek\/","og_site_name":"Lajme nga Ulqini","article_published_time":"2016-12-19T14:13:38+00:00","article_modified_time":"2016-12-21T17:34:50+00:00","og_image":[{"url":"http:\/\/www.visit-ulcinj.com\/blog\/wp-content\/uploads\/2016\/12\/Kriporja-e-ulqinit.jpg"}],"twitter_misc":{"Written by":"ulqini","Est. reading time":"3 minutes"},"schema":{"@context":"https:\/\/schema.org","@graph":[{"@type":"WebSite","@id":"https:\/\/www.visit-ulcinj.com\/blog\/#website","url":"https:\/\/www.visit-ulcinj.com\/blog\/","name":"Lajme nga Ulqini","description":"Lajme,Vijesti,Ulqini,Ulqin,Crna Gora,Mali i Zi","potentialAction":[{"@type":"SearchAction","target":{"@type":"EntryPoint","urlTemplate":"https:\/\/www.visit-ulcinj.com\/blog\/?s={search_term_string}"},"query-input":"required name=search_term_string"}],"inLanguage":"en-US"},{"@type":"ImageObject","inLanguage":"en-US","@id":"https:\/\/www.visit-ulcinj.com\/blog\/2016\/12\/19\/nika-pse-nuk-ka-shanse-te-kthehet-mbledhja-e-kripes-qyrek\/#primaryimage","url":"https:\/\/www.visit-ulcinj.com\/blog\/wp-content\/uploads\/2016\/12\/Kriporja-e-ulqinit.jpg","contentUrl":"https:\/\/www.visit-ulcinj.com\/blog\/wp-content\/uploads\/2016\/12\/Kriporja-e-ulqinit.jpg","width":999,"height":589},{"@type":"WebPage","@id":"https:\/\/www.visit-ulcinj.com\/blog\/2016\/12\/19\/nika-pse-nuk-ka-shanse-te-kthehet-mbledhja-e-kripes-qyrek\/#webpage","url":"https:\/\/www.visit-ulcinj.com\/blog\/2016\/12\/19\/nika-pse-nuk-ka-shanse-te-kthehet-mbledhja-e-kripes-qyrek\/","name":"Nika: Pse nuk ka shanse t\u00eb kthehet mbledhja e kripes me qyrek..?! - Lajme nga Ulqini","isPartOf":{"@id":"https:\/\/www.visit-ulcinj.com\/blog\/#website"},"primaryImageOfPage":{"@id":"https:\/\/www.visit-ulcinj.com\/blog\/2016\/12\/19\/nika-pse-nuk-ka-shanse-te-kthehet-mbledhja-e-kripes-qyrek\/#primaryimage"},"datePublished":"2016-12-19T14:13:38+00:00","dateModified":"2016-12-21T17:34:50+00:00","author":{"@id":"https:\/\/www.visit-ulcinj.com\/blog\/#\/schema\/person\/dcab619c614d3038751c63bc2aadc06d"},"description":"Shkruan Muhamet Nika N\u00eb mesin\u00a0 e shum\u00eb propozimeve t\u00eb asociacioneve t\u00eb ndryshme t\u00eb ekolog\u00ebve dhe ruajt\u00ebsve t\u00eb mjedisit , \u00a0nga Ulqini, \u00a0shohim q\u00eb k\u00ebtyre","breadcrumb":{"@id":"https:\/\/www.visit-ulcinj.com\/blog\/2016\/12\/19\/nika-pse-nuk-ka-shanse-te-kthehet-mbledhja-e-kripes-qyrek\/#breadcrumb"},"inLanguage":"en-US","potentialAction":[{"@type":"ReadAction","target":["https:\/\/www.visit-ulcinj.com\/blog\/2016\/12\/19\/nika-pse-nuk-ka-shanse-te-kthehet-mbledhja-e-kripes-qyrek\/"]}]},{"@type":"BreadcrumbList","@id":"https:\/\/www.visit-ulcinj.com\/blog\/2016\/12\/19\/nika-pse-nuk-ka-shanse-te-kthehet-mbledhja-e-kripes-qyrek\/#breadcrumb","itemListElement":[{"@type":"ListItem","position":1,"name":"Nika: Pse nuk ka shanse t\u00eb kthehet mbledhja e kripes me qyrek..?!"}]},{"@type":"Person","@id":"https:\/\/www.visit-ulcinj.com\/blog\/#\/schema\/person\/dcab619c614d3038751c63bc2aadc06d","name":"ulqini","sameAs":["http:\/\/www.visit-ulcinj.com"],"url":"https:\/\/www.visit-ulcinj.com\/blog\/author\/admin\/"}]}},"jetpack_featured_media_url":"","jetpack_sharing_enabled":true,"jetpack_shortlink":"https:\/\/wp.me\/pe6lTn-qtb","_links":{"self":[{"href":"https:\/\/www.visit-ulcinj.com\/blog\/wp-json\/wp\/v2\/posts\/101753"}],"collection":[{"href":"https:\/\/www.visit-ulcinj.com\/blog\/wp-json\/wp\/v2\/posts"}],"about":[{"href":"https:\/\/www.visit-ulcinj.com\/blog\/wp-json\/wp\/v2\/types\/post"}],"author":[{"embeddable":true,"href":"https:\/\/www.visit-ulcinj.com\/blog\/wp-json\/wp\/v2\/users\/1"}],"replies":[{"embeddable":true,"href":"https:\/\/www.visit-ulcinj.com\/blog\/wp-json\/wp\/v2\/comments?post=101753"}],"version-history":[{"count":1,"href":"https:\/\/www.visit-ulcinj.com\/blog\/wp-json\/wp\/v2\/posts\/101753\/revisions"}],"predecessor-version":[{"id":101756,"href":"https:\/\/www.visit-ulcinj.com\/blog\/wp-json\/wp\/v2\/posts\/101753\/revisions\/101756"}],"wp:attachment":[{"href":"https:\/\/www.visit-ulcinj.com\/blog\/wp-json\/wp\/v2\/media?parent=101753"}],"wp:term":[{"taxonomy":"category","embeddable":true,"href":"https:\/\/www.visit-ulcinj.com\/blog\/wp-json\/wp\/v2\/categories?post=101753"},{"taxonomy":"post_tag","embeddable":true,"href":"https:\/\/www.visit-ulcinj.com\/blog\/wp-json\/wp\/v2\/tags?post=101753"}],"curies":[{"name":"wp","href":"https:\/\/api.w.org\/{rel}","templated":true}]}}