{"id":101757,"date":"2016-12-19T18:43:48","date_gmt":"2016-12-19T17:43:48","guid":{"rendered":"http:\/\/www.visit-ulcinj.com\/blog\/?p=101757"},"modified":"2016-12-19T18:43:48","modified_gmt":"2016-12-19T17:43:48","slug":"performanca-ulqinakeve-ne-gjuhen-turke","status":"publish","type":"post","link":"https:\/\/www.visit-ulcinj.com\/blog\/2016\/12\/19\/performanca-ulqinakeve-ne-gjuhen-turke\/","title":{"rendered":"Performanca ulqinak\u00ebve n\u00eb gjuh\u00ebn turke"},"content":{"rendered":"<p><a href=\"http:\/\/www.visit-ulcinj.com\/blog\/wp-content\/uploads\/2016\/12\/Performanca-ulqinak\u00ebve-n\u00eb-gjuh\u00ebn-turke.jpg\"><img loading=\"lazy\" class=\"alignleft wp-image-101758\" src=\"http:\/\/www.visit-ulcinj.com\/blog\/wp-content\/uploads\/2016\/12\/Performanca-ulqinak\u00ebve-n\u00eb-gjuh\u00ebn-turke.jpg\" alt=\"Performanca ulqinak\u00ebve n\u00eb gjuh\u00ebn turke\" width=\"508\" height=\"649\" srcset=\"https:\/\/www.visit-ulcinj.com\/blog\/wp-content\/uploads\/2016\/12\/Performanca-ulqinak\u00ebve-n\u00eb-gjuh\u00ebn-turke.jpg 555w, https:\/\/www.visit-ulcinj.com\/blog\/wp-content\/uploads\/2016\/12\/Performanca-ulqinak\u00ebve-n\u00eb-gjuh\u00ebn-turke-235x300.jpg 235w\" sizes=\"(max-width: 508px) 100vw, 508px\" \/><\/a>N\u00eb garimin \u2018\u2019Mali i Zi n\u00eb ritmin e Evrop\u00ebs\u2019\u2019, Komun\u00ebn e Ulqinin do ta p\u00ebrfaq\u00ebsojn\u00eb nx\u00ebn\u00ebsit e shkollave t\u00eb mesme dhe fillore &#8211; Eliza Markiq, Irina \u00c7oboviq, Behrami Manushaqe, Sandra Marnikoviq, Anastasija Glavi\u00e7iq, Tamara Zhivkoviq, Erina Rexha dhe Leudrita Mustafa. Organizatori ka vendosur q\u00eb garuesit nga Ulqini t\u00eb prezantohen me k\u00ebng\u00eb dhe vall\u00ebzim n\u00eb gjuh\u00ebn e Turqis\u00eb. Nata finale e garimit do t\u00eb mbahet n\u00eb prill t\u00eb vitit 2017 n\u00eb Podgoric\u00eb.<\/p>\n<p>Manifestimin \u201cMali i Zi n\u00eb ritmin e Evrop\u00ebs\u201d e kan\u00eb p\u00ebrkrahur ambasador\u00ebt e shteteve t\u00eb Evrop\u00ebs dhe Bashkimit Evropian. Garimi \u00ebsht\u00eb i dizajnuar n\u00eb p\u00ebrputhje me Konvent\u00ebn Evropiane p\u00ebr pjes\u00ebmarrjen e t\u00eb rinjve n\u00eb ngjarjet lokale dhe rajonale, dhe ka p\u00ebr q\u00ebllim p\u00ebrkrahjen, zhvillimin, identifikim dhe ruatjen e talent\u00ebve n\u00eb Mal t\u00eb Zi, promovimin e kultur\u00ebs, toleranc\u00ebs, barazis\u00eb gjinore, respektimin e t\u00eb drejtave t\u00eb njeriut, diverzitetit, bashk\u00ebpunimit n\u00ebp\u00ebrmjet k\u00ebng\u00ebs dhe vall\u00ebzimit.<\/p>\n","protected":false},"excerpt":{"rendered":"<p>N\u00eb garimin \u2018\u2019Mali i Zi n\u00eb ritmin e Evrop\u00ebs\u2019\u2019, Komun\u00ebn e Ulqinin do ta p\u00ebrfaq\u00ebsojn\u00eb nx\u00ebn\u00ebsit e shkollave t\u00eb mesme dhe fillore &#8211; Eliza Markiq, Irina \u00c7oboviq, Behrami Manushaqe, Sandra Marnikoviq, Anastasija Glavi\u00e7iq, Tamara Zhivkoviq, Erina Rexha dhe Leudrita Mustafa. Organizatori ka vendosur q\u00eb garuesit nga Ulqini t\u00eb prezantohen me k\u00ebng\u00eb dhe vall\u00ebzim n\u00eb gjuh\u00ebn [&hellip;]<\/p>\n","protected":false},"author":1,"featured_media":0,"comment_status":"closed","ping_status":"closed","sticky":false,"template":"","format":"standard","meta":{"spay_email":"","jetpack_publicize_message":"","jetpack_is_tweetstorm":false,"jetpack_publicize_feature_enabled":true},"categories":[6950],"tags":[],"jetpack_publicize_connections":[],"yoast_head":"<!-- This site is optimized with the Yoast SEO plugin v19.1 - https:\/\/yoast.com\/wordpress\/plugins\/seo\/ -->\n<title>Performanca ulqinak\u00ebve n\u00eb gjuh\u00ebn turke - Lajme nga Ulqini<\/title>\n<meta name=\"description\" content=\"N\u00eb garimin \u2018\u2019Mali i Zi n\u00eb ritmin e Evrop\u00ebs\u2019\u2019, Komun\u00ebn e Ulqinin do ta p\u00ebrfaq\u00ebsojn\u00eb nx\u00ebn\u00ebsit e shkollave t\u00eb mesme dhe fillore - Eliza Markiq, Irina\" \/>\n<meta name=\"robots\" content=\"index, follow, max-snippet:-1, max-image-preview:large, max-video-preview:-1\" \/>\n<link rel=\"canonical\" href=\"https:\/\/www.visit-ulcinj.com\/blog\/2016\/12\/19\/performanca-ulqinakeve-ne-gjuhen-turke\/\" \/>\n<meta property=\"og:locale\" content=\"en_US\" \/>\n<meta property=\"og:type\" content=\"article\" \/>\n<meta property=\"og:title\" content=\"Performanca ulqinak\u00ebve n\u00eb gjuh\u00ebn turke - Lajme nga Ulqini\" \/>\n<meta property=\"og:description\" content=\"N\u00eb garimin \u2018\u2019Mali i Zi n\u00eb ritmin e Evrop\u00ebs\u2019\u2019, Komun\u00ebn e Ulqinin do ta p\u00ebrfaq\u00ebsojn\u00eb nx\u00ebn\u00ebsit e shkollave t\u00eb mesme dhe fillore - Eliza Markiq, Irina\" \/>\n<meta property=\"og:url\" content=\"https:\/\/www.visit-ulcinj.com\/blog\/2016\/12\/19\/performanca-ulqinakeve-ne-gjuhen-turke\/\" \/>\n<meta property=\"og:site_name\" content=\"Lajme nga Ulqini\" \/>\n<meta property=\"article:published_time\" content=\"2016-12-19T17:43:48+00:00\" \/>\n<meta name=\"twitter:label1\" content=\"Written by\" \/>\n\t<meta name=\"twitter:data1\" content=\"ulqini\" \/>\n\t<meta name=\"twitter:label2\" content=\"Est. reading time\" \/>\n\t<meta name=\"twitter:data2\" content=\"1 minute\" \/>\n<script type=\"application\/ld+json\" class=\"yoast-schema-graph\">{\"@context\":\"https:\/\/schema.org\",\"@graph\":[{\"@type\":\"WebSite\",\"@id\":\"https:\/\/www.visit-ulcinj.com\/blog\/#website\",\"url\":\"https:\/\/www.visit-ulcinj.com\/blog\/\",\"name\":\"Lajme nga Ulqini\",\"description\":\"Lajme,Vijesti,Ulqini,Ulqin,Crna Gora,Mali i Zi\",\"potentialAction\":[{\"@type\":\"SearchAction\",\"target\":{\"@type\":\"EntryPoint\",\"urlTemplate\":\"https:\/\/www.visit-ulcinj.com\/blog\/?s={search_term_string}\"},\"query-input\":\"required name=search_term_string\"}],\"inLanguage\":\"en-US\"},{\"@type\":\"WebPage\",\"@id\":\"https:\/\/www.visit-ulcinj.com\/blog\/2016\/12\/19\/performanca-ulqinakeve-ne-gjuhen-turke\/#webpage\",\"url\":\"https:\/\/www.visit-ulcinj.com\/blog\/2016\/12\/19\/performanca-ulqinakeve-ne-gjuhen-turke\/\",\"name\":\"Performanca ulqinak\u00ebve n\u00eb gjuh\u00ebn turke - Lajme nga Ulqini\",\"isPartOf\":{\"@id\":\"https:\/\/www.visit-ulcinj.com\/blog\/#website\"},\"datePublished\":\"2016-12-19T17:43:48+00:00\",\"dateModified\":\"2016-12-19T17:43:48+00:00\",\"author\":{\"@id\":\"https:\/\/www.visit-ulcinj.com\/blog\/#\/schema\/person\/dcab619c614d3038751c63bc2aadc06d\"},\"description\":\"N\u00eb garimin \u2018\u2019Mali i Zi n\u00eb ritmin e Evrop\u00ebs\u2019\u2019, Komun\u00ebn e Ulqinin do ta p\u00ebrfaq\u00ebsojn\u00eb nx\u00ebn\u00ebsit e shkollave t\u00eb mesme dhe fillore - Eliza Markiq, Irina\",\"breadcrumb\":{\"@id\":\"https:\/\/www.visit-ulcinj.com\/blog\/2016\/12\/19\/performanca-ulqinakeve-ne-gjuhen-turke\/#breadcrumb\"},\"inLanguage\":\"en-US\",\"potentialAction\":[{\"@type\":\"ReadAction\",\"target\":[\"https:\/\/www.visit-ulcinj.com\/blog\/2016\/12\/19\/performanca-ulqinakeve-ne-gjuhen-turke\/\"]}]},{\"@type\":\"BreadcrumbList\",\"@id\":\"https:\/\/www.visit-ulcinj.com\/blog\/2016\/12\/19\/performanca-ulqinakeve-ne-gjuhen-turke\/#breadcrumb\",\"itemListElement\":[{\"@type\":\"ListItem\",\"position\":1,\"name\":\"Performanca ulqinak\u00ebve n\u00eb gjuh\u00ebn turke\"}]},{\"@type\":\"Person\",\"@id\":\"https:\/\/www.visit-ulcinj.com\/blog\/#\/schema\/person\/dcab619c614d3038751c63bc2aadc06d\",\"name\":\"ulqini\",\"sameAs\":[\"http:\/\/www.visit-ulcinj.com\"],\"url\":\"https:\/\/www.visit-ulcinj.com\/blog\/author\/admin\/\"}]}<\/script>\n<!-- \/ Yoast SEO plugin. -->","yoast_head_json":{"title":"Performanca ulqinak\u00ebve n\u00eb gjuh\u00ebn turke - Lajme nga Ulqini","description":"N\u00eb garimin \u2018\u2019Mali i Zi n\u00eb ritmin e Evrop\u00ebs\u2019\u2019, Komun\u00ebn e Ulqinin do ta p\u00ebrfaq\u00ebsojn\u00eb nx\u00ebn\u00ebsit e shkollave t\u00eb mesme dhe fillore - Eliza Markiq, Irina","robots":{"index":"index","follow":"follow","max-snippet":"max-snippet:-1","max-image-preview":"max-image-preview:large","max-video-preview":"max-video-preview:-1"},"canonical":"https:\/\/www.visit-ulcinj.com\/blog\/2016\/12\/19\/performanca-ulqinakeve-ne-gjuhen-turke\/","og_locale":"en_US","og_type":"article","og_title":"Performanca ulqinak\u00ebve n\u00eb gjuh\u00ebn turke - Lajme nga Ulqini","og_description":"N\u00eb garimin \u2018\u2019Mali i Zi n\u00eb ritmin e Evrop\u00ebs\u2019\u2019, Komun\u00ebn e Ulqinin do ta p\u00ebrfaq\u00ebsojn\u00eb nx\u00ebn\u00ebsit e shkollave t\u00eb mesme dhe fillore - Eliza Markiq, Irina","og_url":"https:\/\/www.visit-ulcinj.com\/blog\/2016\/12\/19\/performanca-ulqinakeve-ne-gjuhen-turke\/","og_site_name":"Lajme nga Ulqini","article_published_time":"2016-12-19T17:43:48+00:00","twitter_misc":{"Written by":"ulqini","Est. reading time":"1 minute"},"schema":{"@context":"https:\/\/schema.org","@graph":[{"@type":"WebSite","@id":"https:\/\/www.visit-ulcinj.com\/blog\/#website","url":"https:\/\/www.visit-ulcinj.com\/blog\/","name":"Lajme nga Ulqini","description":"Lajme,Vijesti,Ulqini,Ulqin,Crna Gora,Mali i Zi","potentialAction":[{"@type":"SearchAction","target":{"@type":"EntryPoint","urlTemplate":"https:\/\/www.visit-ulcinj.com\/blog\/?s={search_term_string}"},"query-input":"required name=search_term_string"}],"inLanguage":"en-US"},{"@type":"WebPage","@id":"https:\/\/www.visit-ulcinj.com\/blog\/2016\/12\/19\/performanca-ulqinakeve-ne-gjuhen-turke\/#webpage","url":"https:\/\/www.visit-ulcinj.com\/blog\/2016\/12\/19\/performanca-ulqinakeve-ne-gjuhen-turke\/","name":"Performanca ulqinak\u00ebve n\u00eb gjuh\u00ebn turke - Lajme nga Ulqini","isPartOf":{"@id":"https:\/\/www.visit-ulcinj.com\/blog\/#website"},"datePublished":"2016-12-19T17:43:48+00:00","dateModified":"2016-12-19T17:43:48+00:00","author":{"@id":"https:\/\/www.visit-ulcinj.com\/blog\/#\/schema\/person\/dcab619c614d3038751c63bc2aadc06d"},"description":"N\u00eb garimin \u2018\u2019Mali i Zi n\u00eb ritmin e Evrop\u00ebs\u2019\u2019, Komun\u00ebn e Ulqinin do ta p\u00ebrfaq\u00ebsojn\u00eb nx\u00ebn\u00ebsit e shkollave t\u00eb mesme dhe fillore - Eliza Markiq, Irina","breadcrumb":{"@id":"https:\/\/www.visit-ulcinj.com\/blog\/2016\/12\/19\/performanca-ulqinakeve-ne-gjuhen-turke\/#breadcrumb"},"inLanguage":"en-US","potentialAction":[{"@type":"ReadAction","target":["https:\/\/www.visit-ulcinj.com\/blog\/2016\/12\/19\/performanca-ulqinakeve-ne-gjuhen-turke\/"]}]},{"@type":"BreadcrumbList","@id":"https:\/\/www.visit-ulcinj.com\/blog\/2016\/12\/19\/performanca-ulqinakeve-ne-gjuhen-turke\/#breadcrumb","itemListElement":[{"@type":"ListItem","position":1,"name":"Performanca ulqinak\u00ebve n\u00eb gjuh\u00ebn turke"}]},{"@type":"Person","@id":"https:\/\/www.visit-ulcinj.com\/blog\/#\/schema\/person\/dcab619c614d3038751c63bc2aadc06d","name":"ulqini","sameAs":["http:\/\/www.visit-ulcinj.com"],"url":"https:\/\/www.visit-ulcinj.com\/blog\/author\/admin\/"}]}},"jetpack_featured_media_url":"","jetpack_sharing_enabled":true,"jetpack_shortlink":"https:\/\/wp.me\/pe6lTn-qtf","_links":{"self":[{"href":"https:\/\/www.visit-ulcinj.com\/blog\/wp-json\/wp\/v2\/posts\/101757"}],"collection":[{"href":"https:\/\/www.visit-ulcinj.com\/blog\/wp-json\/wp\/v2\/posts"}],"about":[{"href":"https:\/\/www.visit-ulcinj.com\/blog\/wp-json\/wp\/v2\/types\/post"}],"author":[{"embeddable":true,"href":"https:\/\/www.visit-ulcinj.com\/blog\/wp-json\/wp\/v2\/users\/1"}],"replies":[{"embeddable":true,"href":"https:\/\/www.visit-ulcinj.com\/blog\/wp-json\/wp\/v2\/comments?post=101757"}],"version-history":[{"count":1,"href":"https:\/\/www.visit-ulcinj.com\/blog\/wp-json\/wp\/v2\/posts\/101757\/revisions"}],"predecessor-version":[{"id":101759,"href":"https:\/\/www.visit-ulcinj.com\/blog\/wp-json\/wp\/v2\/posts\/101757\/revisions\/101759"}],"wp:attachment":[{"href":"https:\/\/www.visit-ulcinj.com\/blog\/wp-json\/wp\/v2\/media?parent=101757"}],"wp:term":[{"taxonomy":"category","embeddable":true,"href":"https:\/\/www.visit-ulcinj.com\/blog\/wp-json\/wp\/v2\/categories?post=101757"},{"taxonomy":"post_tag","embeddable":true,"href":"https:\/\/www.visit-ulcinj.com\/blog\/wp-json\/wp\/v2\/tags?post=101757"}],"curies":[{"name":"wp","href":"https:\/\/api.w.org\/{rel}","templated":true}]}}