{"id":101760,"date":"2016-12-21T18:32:39","date_gmt":"2016-12-21T17:32:39","guid":{"rendered":"http:\/\/www.visit-ulcinj.com\/blog\/?p=101760"},"modified":"2016-12-21T20:51:28","modified_gmt":"2016-12-21T19:51:28","slug":"nika-shkatrrimi-anijeve-dhe-detarise-ulqinake","status":"publish","type":"post","link":"https:\/\/www.visit-ulcinj.com\/blog\/2016\/12\/21\/nika-shkatrrimi-anijeve-dhe-detarise-ulqinake\/","title":{"rendered":"Nika: Shkatrrimi i anijeve dhe detaris\u00eb ulqinake&#8230;?!"},"content":{"rendered":"<p><strong><em><a href=\"http:\/\/www.visit-ulcinj.com\/blog\/wp-content\/uploads\/2016\/12\/Shkatrrimi-i-anijeve-dhe-detaris\u00eb-ulqinake-1-SKJE-Ostros-Kraj\u00eb-1.jpg\"><img loading=\"lazy\" class=\"alignleft wp-image-101763\" src=\"http:\/\/www.visit-ulcinj.com\/blog\/wp-content\/uploads\/2016\/12\/Shkatrrimi-i-anijeve-dhe-detaris\u00eb-ulqinake-1-SKJE-Ostros-Kraj\u00eb-1.jpg\" alt=\"Shkatrrimi i anijeve dhe detaris\u00eb ulqinake-1-SKJE-Ostros-Kraj\u00eb-1\" width=\"508\" height=\"329\" srcset=\"https:\/\/www.visit-ulcinj.com\/blog\/wp-content\/uploads\/2016\/12\/Shkatrrimi-i-anijeve-dhe-detaris\u00eb-ulqinake-1-SKJE-Ostros-Kraj\u00eb-1.jpg 566w, https:\/\/www.visit-ulcinj.com\/blog\/wp-content\/uploads\/2016\/12\/Shkatrrimi-i-anijeve-dhe-detaris\u00eb-ulqinake-1-SKJE-Ostros-Kraj\u00eb-1-300x195.jpg 300w\" sizes=\"(max-width: 508px) 100vw, 508px\" \/><\/a>Shkruan Muhamet Nika<\/em><\/strong><\/p>\n<p><strong><em>S\u2019di pse \u00a0por para se ta nisja \u00a0shkrimin, mu kujtuan \u00a0vargjet\u00a0 e Mjed\u00ebs: Molla t <\/em><\/strong><strong><em>\u2019<\/em><\/strong><strong><em>k\u00ebputna n\u00eb nj\u00eb deg\u00eb- dy qershija lidh\u00a0 me\u00a0 nji \u00a0rrfan\u00eb \u2013 ku fillojn\u00eb kufijt me geg\u00eb &#8211;\u00a0 rrijn\u00eb dy \u00e7ika me nj\u00eb nan\u00eb&#8230;?!!<\/em><\/strong><\/p>\n<p><strong>\u00a0<\/strong><\/p>\n<p>Sa p\u00ebr fatin\u00a0 e hidhur t\u00eb flot\u00ebs ulqinake q\u00eb e p\u00ebrpiu deti , n\u00eb Luft\u00ebn e Par\u00eb Bot\u00ebrore , duke lexuar romanin e Llalliqit, me titull : Deri sa t\u00eb \u00c7el\u00eb Gjethi &#8230;,\u00a0\u00a0 mund t\u00eb m\u00ebsohet edhe kjo q\u00eb po shtojm\u00eb m\u00eb posht\u00eb, ku p\u00ebraf\u00ebrsisht\u00a0 thuhet:<\/p>\n<p>Ashtu si n\u00eb Mal t\u00eb Zi, q\u00eb ndihej munges\u00eb e madhe e ushqimit gjat\u00eb Luft\u00ebs s\u00eb Par\u00eb\u00a0 Bot\u00ebrore(viti 1915),ajo sa erdhi dhe\u00a0 u shtua \u00a0me rastin e t\u00ebrheqjes s\u00eb ushtris\u00eb serbe e cila \u00a0evakuohej p\u00ebr n\u00eb frontin e Korfuzit\u00a0 p\u00ebrmes \u00a0Shqip\u00ebris\u00eb .<\/p>\n<p>N\u00eb k\u00ebt\u00eb situat\u00eb Komesariati kryesor\u00a0 \u00a0malazez pat mobilizuar detar\u00ebt e njohur ulqinak\u00eb\u00a0 bashk\u00eb me \u00a0anijet e tyre \u00a0p\u00ebr t\u00eb siguruar transportin\u00a0 e drithit nga Shqip\u00ebria \u2013 Porti i Vlor\u00ebs.<\/p>\n<p>Nd\u00ebrsa Gjurashkoviqit \u00a0malazez t\u00eb autorizuar\u00a0 p\u00ebr k\u00ebt\u00eb \u00a0n\u00eb Durr\u00ebs i pat urdh\u00ebruar\u00a0 q\u00eb t\u00eb nxjerr\u00eb jasht\u00eb anijet me vela t\u00eb Shqip\u00ebris\u00eb \u00a0\u00a0n\u00eb m\u00ebnyr\u00eb q\u00eb t\u00eb transferojn\u00eb nj\u00eb sasi t\u00eb miellit dhe misrit q\u00eb kish arritur n\u00eb portin e cekur , por q\u00eb p\u00ebr arsye t\u00eb embargos detare t\u00eb v\u00ebn\u00eb p\u00ebr Adriatik , nuk guxonte q\u00eb me anijen \u201c Mihail\u201d- t\u00eb nj\u00eb pronari grek , \u00a0t\u00eb hynte n\u00eb\u00a0 portet \u00a0e Malit\u00a0 t\u00eb Zi.<\/p>\n<p>Dhe si\u00e7 \u00a0shihet , pas k\u00ebsaj ndodhi q\u00eb pjesa m\u00eb e madhe e anijeve \u00a0u vran\u00eb me ekuipazhet e veta e u mbyten nga stuhia .<\/p>\n<p>Dalja n\u00eb det n\u00eb koh\u00eb lufte dhe embargoje ishte e kobshme p\u00ebr ta&#8230;?!<\/p>\n<p>Tjet\u00ebr m\u00ebsohet se, sipas regjistrit t\u00eb Gjurashkoviqit, \u00a0\u00a0n\u00eb anijet e cekura ulqinake dhe shqiptare u ngarkuan 5.245 thas\u00eb miell dhe 13.540 thas\u00eb mis\u00ebr. Por nuk \u00ebsht\u00eb e njohur\u00a0 sa ishte sasia e drithit t\u00eb arritur n\u00eb portin e Tivarit dhe t\u00eb Pllavnic\u00ebs*Liqeni i Shkodr\u00ebs, p\u00ebrmes \u00a0Lumit Buna.<\/p>\n<p><a href=\"http:\/\/www.visit-ulcinj.com\/blog\/wp-content\/uploads\/2016\/12\/Shkatrrimi-i-anijeve-dhe-detaris\u00eb-ulqinake.jpg\"><img loading=\"lazy\" class=\"alignleft wp-image-101761\" src=\"http:\/\/www.visit-ulcinj.com\/blog\/wp-content\/uploads\/2016\/12\/Shkatrrimi-i-anijeve-dhe-detaris\u00eb-ulqinake.jpg\" alt=\"Shkatrrimi i anijeve dhe detaris\u00eb ulqinake\" width=\"508\" height=\"322\" srcset=\"https:\/\/www.visit-ulcinj.com\/blog\/wp-content\/uploads\/2016\/12\/Shkatrrimi-i-anijeve-dhe-detaris\u00eb-ulqinake.jpg 623w, https:\/\/www.visit-ulcinj.com\/blog\/wp-content\/uploads\/2016\/12\/Shkatrrimi-i-anijeve-dhe-detaris\u00eb-ulqinake-300x190.jpg 300w\" sizes=\"(max-width: 508px) 100vw, 508px\" \/><\/a><\/p>\n<p>Shkat\u00ebrrimi i anijeve\u00a0 dhe detaris\u00eb ulqinake e shqiptare\u00a0 n\u00eb p\u00ebrgjith\u00ebsi\u00a0 dhe \u00a0sidomos n\u00eb Mal t\u00eb\u00a0 Zi, po duket kish p\u00ebrmasa apokaliptike &#8230;. Me ta u shua \u00e7\u2019 do gj\u00eb , pra\u00a0 edhe\u00a0 vet\u00eb jeta \u00a0n\u00eb disa treva&#8230;?!?<\/p>\n<p>Shih ca\u00a0 pamje p\u00ebr Molin \u2013 Vani \u00a0i Skjes\u00eb n\u00eb Kraj\u00eb.<\/p>\n<p>Edhe pse \u00a0sot , mund t\u00eb kish qen\u00eb nj\u00eb \u00a0PORTA \u00a0KRAJA\u00a0 ashtu si <strong>PORTA MONTENEGRA<\/strong> , ka mbetur si duket vet\u00ebm nj\u00eb <strong>\u00a0PORTO- MORTO&#8230;.?! <\/strong><\/p>\n<p><strong>\u00a0<\/strong>Tash \u00a0ti po e kuptoj, boll mir\u00eb ,\u00a0 p\u00ebrse mu kujtuan vargjet e Mjed\u00ebs q\u00eb i shkojn\u00eb Kraj\u00ebs s\u00eb boshatisur&#8230;?!<\/p>\n<p><a href=\"http:\/\/www.visit-ulcinj.com\/blog\/wp-content\/uploads\/2016\/12\/Shkatrrimi-i-anijeve-dhe-detaris\u00eb-ulqinake-1-SKJE-Ostros-Kraj\u00eb.jpg\"><img loading=\"lazy\" class=\"alignleft wp-image-101762\" src=\"http:\/\/www.visit-ulcinj.com\/blog\/wp-content\/uploads\/2016\/12\/Shkatrrimi-i-anijeve-dhe-detaris\u00eb-ulqinake-1-SKJE-Ostros-Kraj\u00eb.jpg\" alt=\"Shkatrrimi i anijeve dhe detaris\u00eb ulqinake-1-SKJE-Ostros-Kraj\u00eb\" width=\"508\" height=\"730\" srcset=\"https:\/\/www.visit-ulcinj.com\/blog\/wp-content\/uploads\/2016\/12\/Shkatrrimi-i-anijeve-dhe-detaris\u00eb-ulqinake-1-SKJE-Ostros-Kraj\u00eb.jpg 518w, https:\/\/www.visit-ulcinj.com\/blog\/wp-content\/uploads\/2016\/12\/Shkatrrimi-i-anijeve-dhe-detaris\u00eb-ulqinake-1-SKJE-Ostros-Kraj\u00eb-209x300.jpg 209w\" sizes=\"(max-width: 508px) 100vw, 508px\" \/><\/a><\/p>\n<p><strong>Po desh harrova p\u00ebrsh\u00ebndetje ambasadork\u00ebs gjermane Shtajnaker\u00ebs dhe selam p\u00ebr k\u00ebto pamje nga Kraja .<br \/>\nE inshalla angazhohet edhe p\u00ebr k\u00ebt\u00eb mol t\u00eb Kraj\u00ebs, ashtu si p\u00ebr Kripore n\u00eb kuad\u00ebr t\u00eb ndonj\u00eb mega projekti zhvillimor nd\u00ebrkomb\u00ebtar q\u00eb duhet t\u00eb p\u00ebrfshij\u00eb basenin e Liqenit t\u00eb Shkodr\u00ebs- si mol p\u00ebr anijet tej oqeanike t\u00eb Mesdheut ,e t\u00eb cilin tash mbase ( nuk ) e p\u00ebrkrah shteti gjerman n\u00eb kuad\u00ebr t\u00eb Bashkimit Evropian &#8230;?!!<\/strong><\/p>\n","protected":false},"excerpt":{"rendered":"<p>Shkruan Muhamet Nika S\u2019di pse \u00a0por para se ta nisja \u00a0shkrimin, mu kujtuan \u00a0vargjet\u00a0 e Mjed\u00ebs: Molla t \u2019k\u00ebputna n\u00eb nj\u00eb deg\u00eb- dy qershija lidh\u00a0 me\u00a0 nji \u00a0rrfan\u00eb \u2013 ku fillojn\u00eb kufijt me geg\u00eb &#8211;\u00a0 rrijn\u00eb dy \u00e7ika me nj\u00eb nan\u00eb&#8230;?!! \u00a0 Sa p\u00ebr fatin\u00a0 e hidhur t\u00eb flot\u00ebs ulqinake q\u00eb e p\u00ebrpiu deti , [&hellip;]<\/p>\n","protected":false},"author":1,"featured_media":0,"comment_status":"closed","ping_status":"closed","sticky":false,"template":"","format":"standard","meta":{"spay_email":"","jetpack_publicize_message":"","jetpack_is_tweetstorm":false,"jetpack_publicize_feature_enabled":true},"categories":[1,14249],"tags":[],"jetpack_publicize_connections":[],"yoast_head":"<!-- This site is optimized with the Yoast SEO plugin v19.1 - https:\/\/yoast.com\/wordpress\/plugins\/seo\/ -->\n<title>Nika: Shkatrrimi i anijeve dhe detaris\u00eb ulqinake...?! - Lajme nga Ulqini<\/title>\n<meta name=\"description\" content=\"Shkruan Muhamet Nika S\u2019di pse \u00a0por para se ta nisja \u00a0shkrimin, mu kujtuan \u00a0vargjet\u00a0 e Mjed\u00ebs: Molla t \u2019k\u00ebputna n\u00eb nj\u00eb deg\u00eb- dy qershija lidh\u00a0 me\u00a0 nji\" \/>\n<meta name=\"robots\" content=\"index, follow, max-snippet:-1, max-image-preview:large, max-video-preview:-1\" \/>\n<link rel=\"canonical\" href=\"https:\/\/www.visit-ulcinj.com\/blog\/2016\/12\/21\/nika-shkatrrimi-anijeve-dhe-detarise-ulqinake\/\" \/>\n<meta property=\"og:locale\" content=\"en_US\" \/>\n<meta property=\"og:type\" content=\"article\" \/>\n<meta property=\"og:title\" content=\"Nika: Shkatrrimi i anijeve dhe detaris\u00eb ulqinake...?! - Lajme nga Ulqini\" \/>\n<meta property=\"og:description\" content=\"Shkruan Muhamet Nika S\u2019di pse \u00a0por para se ta nisja \u00a0shkrimin, mu kujtuan \u00a0vargjet\u00a0 e Mjed\u00ebs: Molla t \u2019k\u00ebputna n\u00eb nj\u00eb deg\u00eb- dy qershija lidh\u00a0 me\u00a0 nji\" \/>\n<meta property=\"og:url\" content=\"https:\/\/www.visit-ulcinj.com\/blog\/2016\/12\/21\/nika-shkatrrimi-anijeve-dhe-detarise-ulqinake\/\" \/>\n<meta property=\"og:site_name\" content=\"Lajme nga Ulqini\" \/>\n<meta property=\"article:published_time\" content=\"2016-12-21T17:32:39+00:00\" \/>\n<meta property=\"article:modified_time\" content=\"2016-12-21T19:51:28+00:00\" \/>\n<meta name=\"twitter:label1\" content=\"Written by\" \/>\n\t<meta name=\"twitter:data1\" content=\"ulqini\" \/>\n\t<meta name=\"twitter:label2\" content=\"Est. reading time\" \/>\n\t<meta name=\"twitter:data2\" content=\"3 minutes\" \/>\n<script type=\"application\/ld+json\" class=\"yoast-schema-graph\">{\"@context\":\"https:\/\/schema.org\",\"@graph\":[{\"@type\":\"WebSite\",\"@id\":\"https:\/\/www.visit-ulcinj.com\/blog\/#website\",\"url\":\"https:\/\/www.visit-ulcinj.com\/blog\/\",\"name\":\"Lajme nga Ulqini\",\"description\":\"Lajme,Vijesti,Ulqini,Ulqin,Crna Gora,Mali i Zi\",\"potentialAction\":[{\"@type\":\"SearchAction\",\"target\":{\"@type\":\"EntryPoint\",\"urlTemplate\":\"https:\/\/www.visit-ulcinj.com\/blog\/?s={search_term_string}\"},\"query-input\":\"required name=search_term_string\"}],\"inLanguage\":\"en-US\"},{\"@type\":\"WebPage\",\"@id\":\"https:\/\/www.visit-ulcinj.com\/blog\/2016\/12\/21\/nika-shkatrrimi-anijeve-dhe-detarise-ulqinake\/#webpage\",\"url\":\"https:\/\/www.visit-ulcinj.com\/blog\/2016\/12\/21\/nika-shkatrrimi-anijeve-dhe-detarise-ulqinake\/\",\"name\":\"Nika: Shkatrrimi i anijeve dhe detaris\u00eb ulqinake...?! - Lajme nga Ulqini\",\"isPartOf\":{\"@id\":\"https:\/\/www.visit-ulcinj.com\/blog\/#website\"},\"datePublished\":\"2016-12-21T17:32:39+00:00\",\"dateModified\":\"2016-12-21T19:51:28+00:00\",\"author\":{\"@id\":\"https:\/\/www.visit-ulcinj.com\/blog\/#\/schema\/person\/dcab619c614d3038751c63bc2aadc06d\"},\"description\":\"Shkruan Muhamet Nika S\u2019di pse \u00a0por para se ta nisja \u00a0shkrimin, mu kujtuan \u00a0vargjet\u00a0 e Mjed\u00ebs: Molla t \u2019k\u00ebputna n\u00eb nj\u00eb deg\u00eb- dy qershija lidh\u00a0 me\u00a0 nji\",\"breadcrumb\":{\"@id\":\"https:\/\/www.visit-ulcinj.com\/blog\/2016\/12\/21\/nika-shkatrrimi-anijeve-dhe-detarise-ulqinake\/#breadcrumb\"},\"inLanguage\":\"en-US\",\"potentialAction\":[{\"@type\":\"ReadAction\",\"target\":[\"https:\/\/www.visit-ulcinj.com\/blog\/2016\/12\/21\/nika-shkatrrimi-anijeve-dhe-detarise-ulqinake\/\"]}]},{\"@type\":\"BreadcrumbList\",\"@id\":\"https:\/\/www.visit-ulcinj.com\/blog\/2016\/12\/21\/nika-shkatrrimi-anijeve-dhe-detarise-ulqinake\/#breadcrumb\",\"itemListElement\":[{\"@type\":\"ListItem\",\"position\":1,\"name\":\"Nika: Shkatrrimi i anijeve dhe detaris\u00eb ulqinake&#8230;?!\"}]},{\"@type\":\"Person\",\"@id\":\"https:\/\/www.visit-ulcinj.com\/blog\/#\/schema\/person\/dcab619c614d3038751c63bc2aadc06d\",\"name\":\"ulqini\",\"sameAs\":[\"http:\/\/www.visit-ulcinj.com\"],\"url\":\"https:\/\/www.visit-ulcinj.com\/blog\/author\/admin\/\"}]}<\/script>\n<!-- \/ Yoast SEO plugin. -->","yoast_head_json":{"title":"Nika: Shkatrrimi i anijeve dhe detaris\u00eb ulqinake...?! - Lajme nga Ulqini","description":"Shkruan Muhamet Nika S\u2019di pse \u00a0por para se ta nisja \u00a0shkrimin, mu kujtuan \u00a0vargjet\u00a0 e Mjed\u00ebs: Molla t \u2019k\u00ebputna n\u00eb nj\u00eb deg\u00eb- dy qershija lidh\u00a0 me\u00a0 nji","robots":{"index":"index","follow":"follow","max-snippet":"max-snippet:-1","max-image-preview":"max-image-preview:large","max-video-preview":"max-video-preview:-1"},"canonical":"https:\/\/www.visit-ulcinj.com\/blog\/2016\/12\/21\/nika-shkatrrimi-anijeve-dhe-detarise-ulqinake\/","og_locale":"en_US","og_type":"article","og_title":"Nika: Shkatrrimi i anijeve dhe detaris\u00eb ulqinake...?! - Lajme nga Ulqini","og_description":"Shkruan Muhamet Nika S\u2019di pse \u00a0por para se ta nisja \u00a0shkrimin, mu kujtuan \u00a0vargjet\u00a0 e Mjed\u00ebs: Molla t \u2019k\u00ebputna n\u00eb nj\u00eb deg\u00eb- dy qershija lidh\u00a0 me\u00a0 nji","og_url":"https:\/\/www.visit-ulcinj.com\/blog\/2016\/12\/21\/nika-shkatrrimi-anijeve-dhe-detarise-ulqinake\/","og_site_name":"Lajme nga Ulqini","article_published_time":"2016-12-21T17:32:39+00:00","article_modified_time":"2016-12-21T19:51:28+00:00","twitter_misc":{"Written by":"ulqini","Est. reading time":"3 minutes"},"schema":{"@context":"https:\/\/schema.org","@graph":[{"@type":"WebSite","@id":"https:\/\/www.visit-ulcinj.com\/blog\/#website","url":"https:\/\/www.visit-ulcinj.com\/blog\/","name":"Lajme nga Ulqini","description":"Lajme,Vijesti,Ulqini,Ulqin,Crna Gora,Mali i Zi","potentialAction":[{"@type":"SearchAction","target":{"@type":"EntryPoint","urlTemplate":"https:\/\/www.visit-ulcinj.com\/blog\/?s={search_term_string}"},"query-input":"required name=search_term_string"}],"inLanguage":"en-US"},{"@type":"WebPage","@id":"https:\/\/www.visit-ulcinj.com\/blog\/2016\/12\/21\/nika-shkatrrimi-anijeve-dhe-detarise-ulqinake\/#webpage","url":"https:\/\/www.visit-ulcinj.com\/blog\/2016\/12\/21\/nika-shkatrrimi-anijeve-dhe-detarise-ulqinake\/","name":"Nika: Shkatrrimi i anijeve dhe detaris\u00eb ulqinake...?! - Lajme nga Ulqini","isPartOf":{"@id":"https:\/\/www.visit-ulcinj.com\/blog\/#website"},"datePublished":"2016-12-21T17:32:39+00:00","dateModified":"2016-12-21T19:51:28+00:00","author":{"@id":"https:\/\/www.visit-ulcinj.com\/blog\/#\/schema\/person\/dcab619c614d3038751c63bc2aadc06d"},"description":"Shkruan Muhamet Nika S\u2019di pse \u00a0por para se ta nisja \u00a0shkrimin, mu kujtuan \u00a0vargjet\u00a0 e Mjed\u00ebs: Molla t \u2019k\u00ebputna n\u00eb nj\u00eb deg\u00eb- dy qershija lidh\u00a0 me\u00a0 nji","breadcrumb":{"@id":"https:\/\/www.visit-ulcinj.com\/blog\/2016\/12\/21\/nika-shkatrrimi-anijeve-dhe-detarise-ulqinake\/#breadcrumb"},"inLanguage":"en-US","potentialAction":[{"@type":"ReadAction","target":["https:\/\/www.visit-ulcinj.com\/blog\/2016\/12\/21\/nika-shkatrrimi-anijeve-dhe-detarise-ulqinake\/"]}]},{"@type":"BreadcrumbList","@id":"https:\/\/www.visit-ulcinj.com\/blog\/2016\/12\/21\/nika-shkatrrimi-anijeve-dhe-detarise-ulqinake\/#breadcrumb","itemListElement":[{"@type":"ListItem","position":1,"name":"Nika: Shkatrrimi i anijeve dhe detaris\u00eb ulqinake&#8230;?!"}]},{"@type":"Person","@id":"https:\/\/www.visit-ulcinj.com\/blog\/#\/schema\/person\/dcab619c614d3038751c63bc2aadc06d","name":"ulqini","sameAs":["http:\/\/www.visit-ulcinj.com"],"url":"https:\/\/www.visit-ulcinj.com\/blog\/author\/admin\/"}]}},"jetpack_featured_media_url":"","jetpack_sharing_enabled":true,"jetpack_shortlink":"https:\/\/wp.me\/pe6lTn-qti","_links":{"self":[{"href":"https:\/\/www.visit-ulcinj.com\/blog\/wp-json\/wp\/v2\/posts\/101760"}],"collection":[{"href":"https:\/\/www.visit-ulcinj.com\/blog\/wp-json\/wp\/v2\/posts"}],"about":[{"href":"https:\/\/www.visit-ulcinj.com\/blog\/wp-json\/wp\/v2\/types\/post"}],"author":[{"embeddable":true,"href":"https:\/\/www.visit-ulcinj.com\/blog\/wp-json\/wp\/v2\/users\/1"}],"replies":[{"embeddable":true,"href":"https:\/\/www.visit-ulcinj.com\/blog\/wp-json\/wp\/v2\/comments?post=101760"}],"version-history":[{"count":2,"href":"https:\/\/www.visit-ulcinj.com\/blog\/wp-json\/wp\/v2\/posts\/101760\/revisions"}],"predecessor-version":[{"id":101772,"href":"https:\/\/www.visit-ulcinj.com\/blog\/wp-json\/wp\/v2\/posts\/101760\/revisions\/101772"}],"wp:attachment":[{"href":"https:\/\/www.visit-ulcinj.com\/blog\/wp-json\/wp\/v2\/media?parent=101760"}],"wp:term":[{"taxonomy":"category","embeddable":true,"href":"https:\/\/www.visit-ulcinj.com\/blog\/wp-json\/wp\/v2\/categories?post=101760"},{"taxonomy":"post_tag","embeddable":true,"href":"https:\/\/www.visit-ulcinj.com\/blog\/wp-json\/wp\/v2\/tags?post=101760"}],"curies":[{"name":"wp","href":"https:\/\/api.w.org\/{rel}","templated":true}]}}