{"id":101784,"date":"2016-12-22T07:45:59","date_gmt":"2016-12-22T06:45:59","guid":{"rendered":"http:\/\/www.visit-ulcinj.com\/blog\/?p=101784"},"modified":"2016-12-22T07:51:17","modified_gmt":"2016-12-22T06:51:17","slug":"cungu-mori-pjese-ne-konferencen-e-katert-te-ambasadoreve-ne-prishtine","status":"publish","type":"post","link":"https:\/\/www.visit-ulcinj.com\/blog\/2016\/12\/22\/cungu-mori-pjese-ne-konferencen-e-katert-te-ambasadoreve-ne-prishtine\/","title":{"rendered":"Cungu mori pjes\u00eb n\u00eb konferenc\u00ebn e kat\u00ebrt t\u00eb ambasador\u00ebve n\u00eb Prishtin\u00eb"},"content":{"rendered":"<p><a href=\"http:\/\/www.visit-ulcinj.com\/blog\/wp-content\/uploads\/2016\/12\/Nazif-Cungu-n\u00eb-konferenc\u00ebn-e-kat\u00ebrt-t\u00eb-ambasador\u00ebve-n\u00eb-Prishtin\u00eb.jpg\"><img loading=\"lazy\" class=\"alignleft wp-image-101785\" src=\"http:\/\/www.visit-ulcinj.com\/blog\/wp-content\/uploads\/2016\/12\/Nazif-Cungu-n\u00eb-konferenc\u00ebn-e-kat\u00ebrt-t\u00eb-ambasador\u00ebve-n\u00eb-Prishtin\u00eb.jpg\" alt=\"Nazif-Cungu-n\u00eb konferenc\u00ebn e kat\u00ebrt t\u00eb ambasador\u00ebve n\u00eb Prishtin\u00eb\" width=\"508\" height=\"381\" srcset=\"https:\/\/www.visit-ulcinj.com\/blog\/wp-content\/uploads\/2016\/12\/Nazif-Cungu-n\u00eb-konferenc\u00ebn-e-kat\u00ebrt-t\u00eb-ambasador\u00ebve-n\u00eb-Prishtin\u00eb.jpg 960w, https:\/\/www.visit-ulcinj.com\/blog\/wp-content\/uploads\/2016\/12\/Nazif-Cungu-n\u00eb-konferenc\u00ebn-e-kat\u00ebrt-t\u00eb-ambasador\u00ebve-n\u00eb-Prishtin\u00eb-300x225.jpg 300w, https:\/\/www.visit-ulcinj.com\/blog\/wp-content\/uploads\/2016\/12\/Nazif-Cungu-n\u00eb-konferenc\u00ebn-e-kat\u00ebrt-t\u00eb-ambasador\u00ebve-n\u00eb-Prishtin\u00eb-768x576.jpg 768w\" sizes=\"(max-width: 508px) 100vw, 508px\" \/><\/a>Kryetari i komun\u00ebs s\u00eb Ulqinit, Nazif Cungu, mori pjes\u00eb n\u00eb konferenc\u00ebn e kat\u00ebrt t\u00eb ambasador\u00ebve n\u00eb Prishtin\u00eb, q\u00eb po mbahet m\u00eb 19-22 dhjetor.<\/p>\n<p>Mnistri i Pun\u00ebve t\u00eb Jashtme t\u00eb Kosov\u00ebs, Enver Hoxhaj, fal\u00ebnderoi Nazif Cungun p\u00ebr pjes\u00ebmarrjen dhe kontributin e tij n\u00eb Konferenc\u00ebn e sivjetme t\u00eb Ambasador\u00ebve, nd\u00ebrsa biseduan p\u00ebr projektet e p\u00ebrbashk\u00ebta t\u00eb parapara mes Kosov\u00ebs dhe Ulqinit.<\/p>\n<p><span id=\"fbPhotoSnowliftCaption\" class=\"fbPhotosPhotoCaption\" tabindex=\"0\" data-ft=\"{&quot;tn&quot;:&quot;K&quot;}\"><span class=\"hasCaption\">Cungu theksoi n\u00eb<span class=\"st\"> faqen e tij\u00eb t\u00eb Facebook-ut: <\/span>Sot pata rastin te marr pjese n\u00eb Konferenc\u00ebn e Kat\u00ebrt t\u00eb Ambasador\u00ebve ne Prishtine madje edhe ne diskutimet p\u00ebr City Diplomacy me kryetar\u00ebt nga qytetet e kat\u00ebr shteteve.<\/span><\/span><\/p>\n<p class=\"selectionShareable\">Konferenca e kat\u00ebrt e Ambasador\u00ebve e organizuar nga Ministria e Pun\u00ebve t\u00eb Jashtme t\u00eb Republik\u00ebs s\u00eb Kosov\u00ebs, ka filluar dit\u00ebn e dyt\u00eb me diskutimet n\u00eb panelin e par\u00eb ku \u00ebsht\u00eb folur p\u00ebr sigurin\u00eb e Kosov\u00ebs dhe marr\u00ebdh\u00ebnien me NATO-n, transmeton Anadolu Agency (AA).<\/p>\n<p class=\"selectionShareable\">N\u00eb nj\u00eb njoftim nga MPJ e Kosov\u00ebs b\u00ebhet e ditur se panelist\u00ebt kan\u00eb vler\u00ebsuar se siguria n\u00eb rajon dhe n\u00eb bot\u00eb, ka ndikim edhe n\u00eb sigurin\u00eb e Kosov\u00ebs.<\/p>\n<p class=\"selectionShareable\">Gjat\u00eb fjalimit t\u00eb tij z\u00ebvend\u00ebskryeministri i Kosov\u00ebs, Hajredin Ku\u00e7i ka th\u00ebn\u00eb se siguria globale ka ndikim direkt n\u00eb sigurin\u00eb e Kosov\u00ebs dhe, sipas tij, an\u00ebtar\u00ebsimi i Kosov\u00ebs n\u00eb NATO, do t\u00eb ndikoj\u00eb p\u00ebr sigurin\u00eb e Kosov\u00ebs dhe at\u00eb globale. Ai ka theksuar se zhvillimet n\u00eb rajon, por edhe n\u00eb Lindjen e Mesme kan\u00eb ndikim edhe n\u00eb Kosov\u00eb.<\/p>\n<p class=\"selectionShareable\">Nga ana tjet\u00ebr ministri i Pun\u00ebve t\u00eb Jashtme t\u00eb Shqip\u00ebris\u00eb, Ditmir Bushati, tha se koha n\u00eb t\u00eb cil\u00ebn jetojm\u00eb dhe e ardhmja, shkon drejt nd\u00ebrlidhshm\u00ebris\u00eb dhe theksoi se njohja sa m\u00eb par\u00eb e pavar\u00ebsis\u00eb s\u00eb Kosov\u00ebs nga Serbia \u00ebsht\u00eb me r\u00ebnd\u00ebsi p\u00ebr stabilitetin dhe integrimin evropian t\u00eb dy shteteve.<\/p>\n<p class=\"selectionShareable\">Ministri i Pun\u00ebve t\u00eb Brendshme t\u00eb Kosov\u00ebs, Sk\u00ebnder Hyseni, tha se gjat\u00eb viteve t\u00eb fundit MPB-ja dhe agjencit\u00eb tjera kan\u00eb sh\u00ebnuar rezultate t\u00eb prekshme, por ai theksoi se n\u00eb rrafshin e p\u00ebrgjithsh\u00ebm, sfidat mbesin edhe m\u00eb tej.<\/p>\n<p class=\"selectionShareable\">Sipas Hysenit, integrimi i Kosov\u00ebs n\u00eb strukturat e siguris\u00eb, euroatlantike dhe nd\u00ebrkomb\u00ebtare \u00ebsht\u00eb i nj\u00eb r\u00ebnd\u00ebsie tep\u00ebr t\u00eb ve\u00e7ant\u00eb, sepse n\u00eb koh\u00ebn e internetit, k\u00ebmbimi i informacionit \u00ebsht\u00eb thelb\u00ebsor p\u00ebr luftimin e dukurive negative.<\/p>\n<p class=\"selectionShareable\">Duke folur edhe p\u00ebr sfid\u00ebn e an\u00ebtar\u00ebsimit t\u00eb Kosov\u00ebs n\u00eb Interpol, Hyseni theksoi se Kosova do t\u00eb vazhdoj\u00eb p\u00ebr p\u00ebrpjekjet q\u00eb n\u00eb vitin e ardhsh\u00ebm t\u00eb jet\u00eb pjes\u00eb e k\u00ebsaj agjencie.<\/p>\n<p class=\"selectionShareable\">Kurse ministri i Forc\u00ebs s\u00eb Siguris\u00eb t\u00eb Kosov\u00ebs (FSK), Haki Demolli ka th\u00ebn\u00eb se procesi i transformimit t\u00eb FSK-s\u00eb \u00ebsht\u00eb paraqitur n\u00eb dy rrafshe, at\u00eb legjislativ dhe p\u00ebrgatitjeve p\u00ebr planifikim t\u00eb transformimit t\u00eb FSK-s\u00eb n\u00eb forc\u00eb t\u00eb armatosur, q\u00eb gjithsej jan\u00eb pes\u00eb shtylla t\u00eb transformimit. Ai tha se MFSK, n\u00eb rrafshin bilateral, deri m\u00eb tash ka n\u00ebnshkruar 12 marr\u00ebveshje bashk\u00ebpunimi, p\u00ebrfshir\u00eb edhe shtete t\u00eb NATO-s.<\/p>\n<p class=\"selectionShareable\">Nd\u00ebrkaq, ambasadori amerikan n\u00eb Kosov\u00eb, Greg Delawie ka vler\u00ebsuar lart\u00eb letr\u00ebn e NATO-s d\u00ebrguar Kosov\u00ebs p\u00ebr intensifikimin e bashk\u00ebpunimit dhe sipas tij, Kosova po kalon n\u00eb nj\u00eb tranzicion, nga konsumuese e siguris\u00eb n\u00eb kontribuuese t\u00eb saj. Kurse, ambasadorja e Republik\u00ebs s\u00eb Kosov\u00ebs n\u00eb SHBA, Vlora \u00c7itaku ka folur p\u00ebr bashk\u00ebpunimin e NATO-s me Kosov\u00ebn dhe n\u00eb ve\u00e7anti p\u00ebr partneritetin p\u00ebr paqe.<\/p>\n<p class=\"selectionShareable\">Konferenca e kat\u00ebrt e Ambasador\u00ebve t\u00eb Republik\u00ebs s\u00eb Kosov\u00ebs do t\u00eb vazhdoj\u00eb punimet gjat\u00eb dit\u00ebs ku do t\u00eb diskutohet p\u00ebr marr\u00ebdh\u00ebniet e Kosov\u00ebs me BE-n\u00eb dhe aplikimi p\u00ebr statusin e kandidatit\u00eb Diplomacin\u00eb Ekonomike dhe t\u00ebrheqjen e investimeve t\u00eb huaja, Diplomacin\u00eb multilaterale: p\u00ebrfitimet nga an\u00ebtar\u00ebsimet dhe aplikimet e reja.<\/p>\n<p class=\"selectionShareable\"><strong>Anadolu Agency<\/strong><\/p>\n","protected":false},"excerpt":{"rendered":"<p>Kryetari i komun\u00ebs s\u00eb Ulqinit, Nazif Cungu, mori pjes\u00eb n\u00eb konferenc\u00ebn e kat\u00ebrt t\u00eb ambasador\u00ebve n\u00eb Prishtin\u00eb, q\u00eb po mbahet m\u00eb 19-22 dhjetor. Mnistri i Pun\u00ebve t\u00eb Jashtme t\u00eb Kosov\u00ebs, Enver Hoxhaj, fal\u00ebnderoi Nazif Cungun p\u00ebr pjes\u00ebmarrjen dhe kontributin e tij n\u00eb Konferenc\u00ebn e sivjetme t\u00eb Ambasador\u00ebve, nd\u00ebrsa biseduan p\u00ebr projektet e p\u00ebrbashk\u00ebta t\u00eb parapara [&hellip;]<\/p>\n","protected":false},"author":1,"featured_media":0,"comment_status":"closed","ping_status":"closed","sticky":false,"template":"","format":"standard","meta":{"spay_email":"","jetpack_publicize_message":"","jetpack_is_tweetstorm":false,"jetpack_publicize_feature_enabled":true},"categories":[6],"tags":[],"jetpack_publicize_connections":[],"yoast_head":"<!-- This site is optimized with the Yoast SEO plugin v19.1 - https:\/\/yoast.com\/wordpress\/plugins\/seo\/ -->\n<title>Cungu mori pjes\u00eb n\u00eb konferenc\u00ebn e kat\u00ebrt t\u00eb ambasador\u00ebve n\u00eb Prishtin\u00eb - Lajme nga Ulqini<\/title>\n<meta name=\"description\" content=\"Kryetari i komun\u00ebs s\u00eb Ulqinit, Nazif Cungu, mori pjes\u00eb n\u00eb konferenc\u00ebn e kat\u00ebrt t\u00eb ambasador\u00ebve n\u00eb Prishtin\u00eb, q\u00eb po mbahet m\u00eb 19-22 dhjetor. Mnistri i\" \/>\n<meta name=\"robots\" content=\"index, follow, max-snippet:-1, max-image-preview:large, max-video-preview:-1\" \/>\n<link rel=\"canonical\" href=\"https:\/\/www.visit-ulcinj.com\/blog\/2016\/12\/22\/cungu-mori-pjese-ne-konferencen-e-katert-te-ambasadoreve-ne-prishtine\/\" \/>\n<meta property=\"og:locale\" content=\"en_US\" \/>\n<meta property=\"og:type\" content=\"article\" \/>\n<meta property=\"og:title\" content=\"Cungu mori pjes\u00eb n\u00eb konferenc\u00ebn e kat\u00ebrt t\u00eb ambasador\u00ebve n\u00eb Prishtin\u00eb - Lajme nga Ulqini\" \/>\n<meta property=\"og:description\" content=\"Kryetari i komun\u00ebs s\u00eb Ulqinit, Nazif Cungu, mori pjes\u00eb n\u00eb konferenc\u00ebn e kat\u00ebrt t\u00eb ambasador\u00ebve n\u00eb Prishtin\u00eb, q\u00eb po mbahet m\u00eb 19-22 dhjetor. Mnistri i\" \/>\n<meta property=\"og:url\" content=\"https:\/\/www.visit-ulcinj.com\/blog\/2016\/12\/22\/cungu-mori-pjese-ne-konferencen-e-katert-te-ambasadoreve-ne-prishtine\/\" \/>\n<meta property=\"og:site_name\" content=\"Lajme nga Ulqini\" \/>\n<meta property=\"article:published_time\" content=\"2016-12-22T06:45:59+00:00\" \/>\n<meta property=\"article:modified_time\" content=\"2016-12-22T06:51:17+00:00\" \/>\n<meta name=\"twitter:label1\" content=\"Written by\" \/>\n\t<meta name=\"twitter:data1\" content=\"ulqini\" \/>\n\t<meta name=\"twitter:label2\" content=\"Est. reading time\" \/>\n\t<meta name=\"twitter:data2\" content=\"3 minutes\" \/>\n<script type=\"application\/ld+json\" class=\"yoast-schema-graph\">{\"@context\":\"https:\/\/schema.org\",\"@graph\":[{\"@type\":\"WebSite\",\"@id\":\"https:\/\/www.visit-ulcinj.com\/blog\/#website\",\"url\":\"https:\/\/www.visit-ulcinj.com\/blog\/\",\"name\":\"Lajme nga Ulqini\",\"description\":\"Lajme,Vijesti,Ulqini,Ulqin,Crna Gora,Mali i Zi\",\"potentialAction\":[{\"@type\":\"SearchAction\",\"target\":{\"@type\":\"EntryPoint\",\"urlTemplate\":\"https:\/\/www.visit-ulcinj.com\/blog\/?s={search_term_string}\"},\"query-input\":\"required name=search_term_string\"}],\"inLanguage\":\"en-US\"},{\"@type\":\"WebPage\",\"@id\":\"https:\/\/www.visit-ulcinj.com\/blog\/2016\/12\/22\/cungu-mori-pjese-ne-konferencen-e-katert-te-ambasadoreve-ne-prishtine\/#webpage\",\"url\":\"https:\/\/www.visit-ulcinj.com\/blog\/2016\/12\/22\/cungu-mori-pjese-ne-konferencen-e-katert-te-ambasadoreve-ne-prishtine\/\",\"name\":\"Cungu mori pjes\u00eb n\u00eb konferenc\u00ebn e kat\u00ebrt t\u00eb ambasador\u00ebve n\u00eb Prishtin\u00eb - Lajme nga Ulqini\",\"isPartOf\":{\"@id\":\"https:\/\/www.visit-ulcinj.com\/blog\/#website\"},\"datePublished\":\"2016-12-22T06:45:59+00:00\",\"dateModified\":\"2016-12-22T06:51:17+00:00\",\"author\":{\"@id\":\"https:\/\/www.visit-ulcinj.com\/blog\/#\/schema\/person\/dcab619c614d3038751c63bc2aadc06d\"},\"description\":\"Kryetari i komun\u00ebs s\u00eb Ulqinit, Nazif Cungu, mori pjes\u00eb n\u00eb konferenc\u00ebn e kat\u00ebrt t\u00eb ambasador\u00ebve n\u00eb Prishtin\u00eb, q\u00eb po mbahet m\u00eb 19-22 dhjetor. Mnistri i\",\"breadcrumb\":{\"@id\":\"https:\/\/www.visit-ulcinj.com\/blog\/2016\/12\/22\/cungu-mori-pjese-ne-konferencen-e-katert-te-ambasadoreve-ne-prishtine\/#breadcrumb\"},\"inLanguage\":\"en-US\",\"potentialAction\":[{\"@type\":\"ReadAction\",\"target\":[\"https:\/\/www.visit-ulcinj.com\/blog\/2016\/12\/22\/cungu-mori-pjese-ne-konferencen-e-katert-te-ambasadoreve-ne-prishtine\/\"]}]},{\"@type\":\"BreadcrumbList\",\"@id\":\"https:\/\/www.visit-ulcinj.com\/blog\/2016\/12\/22\/cungu-mori-pjese-ne-konferencen-e-katert-te-ambasadoreve-ne-prishtine\/#breadcrumb\",\"itemListElement\":[{\"@type\":\"ListItem\",\"position\":1,\"name\":\"Cungu mori pjes\u00eb n\u00eb konferenc\u00ebn e kat\u00ebrt t\u00eb ambasador\u00ebve n\u00eb Prishtin\u00eb\"}]},{\"@type\":\"Person\",\"@id\":\"https:\/\/www.visit-ulcinj.com\/blog\/#\/schema\/person\/dcab619c614d3038751c63bc2aadc06d\",\"name\":\"ulqini\",\"sameAs\":[\"http:\/\/www.visit-ulcinj.com\"],\"url\":\"https:\/\/www.visit-ulcinj.com\/blog\/author\/admin\/\"}]}<\/script>\n<!-- \/ Yoast SEO plugin. -->","yoast_head_json":{"title":"Cungu mori pjes\u00eb n\u00eb konferenc\u00ebn e kat\u00ebrt t\u00eb ambasador\u00ebve n\u00eb Prishtin\u00eb - Lajme nga Ulqini","description":"Kryetari i komun\u00ebs s\u00eb Ulqinit, Nazif Cungu, mori pjes\u00eb n\u00eb konferenc\u00ebn e kat\u00ebrt t\u00eb ambasador\u00ebve n\u00eb Prishtin\u00eb, q\u00eb po mbahet m\u00eb 19-22 dhjetor. Mnistri i","robots":{"index":"index","follow":"follow","max-snippet":"max-snippet:-1","max-image-preview":"max-image-preview:large","max-video-preview":"max-video-preview:-1"},"canonical":"https:\/\/www.visit-ulcinj.com\/blog\/2016\/12\/22\/cungu-mori-pjese-ne-konferencen-e-katert-te-ambasadoreve-ne-prishtine\/","og_locale":"en_US","og_type":"article","og_title":"Cungu mori pjes\u00eb n\u00eb konferenc\u00ebn e kat\u00ebrt t\u00eb ambasador\u00ebve n\u00eb Prishtin\u00eb - Lajme nga Ulqini","og_description":"Kryetari i komun\u00ebs s\u00eb Ulqinit, Nazif Cungu, mori pjes\u00eb n\u00eb konferenc\u00ebn e kat\u00ebrt t\u00eb ambasador\u00ebve n\u00eb Prishtin\u00eb, q\u00eb po mbahet m\u00eb 19-22 dhjetor. Mnistri i","og_url":"https:\/\/www.visit-ulcinj.com\/blog\/2016\/12\/22\/cungu-mori-pjese-ne-konferencen-e-katert-te-ambasadoreve-ne-prishtine\/","og_site_name":"Lajme nga Ulqini","article_published_time":"2016-12-22T06:45:59+00:00","article_modified_time":"2016-12-22T06:51:17+00:00","twitter_misc":{"Written by":"ulqini","Est. reading time":"3 minutes"},"schema":{"@context":"https:\/\/schema.org","@graph":[{"@type":"WebSite","@id":"https:\/\/www.visit-ulcinj.com\/blog\/#website","url":"https:\/\/www.visit-ulcinj.com\/blog\/","name":"Lajme nga Ulqini","description":"Lajme,Vijesti,Ulqini,Ulqin,Crna Gora,Mali i Zi","potentialAction":[{"@type":"SearchAction","target":{"@type":"EntryPoint","urlTemplate":"https:\/\/www.visit-ulcinj.com\/blog\/?s={search_term_string}"},"query-input":"required name=search_term_string"}],"inLanguage":"en-US"},{"@type":"WebPage","@id":"https:\/\/www.visit-ulcinj.com\/blog\/2016\/12\/22\/cungu-mori-pjese-ne-konferencen-e-katert-te-ambasadoreve-ne-prishtine\/#webpage","url":"https:\/\/www.visit-ulcinj.com\/blog\/2016\/12\/22\/cungu-mori-pjese-ne-konferencen-e-katert-te-ambasadoreve-ne-prishtine\/","name":"Cungu mori pjes\u00eb n\u00eb konferenc\u00ebn e kat\u00ebrt t\u00eb ambasador\u00ebve n\u00eb Prishtin\u00eb - Lajme nga Ulqini","isPartOf":{"@id":"https:\/\/www.visit-ulcinj.com\/blog\/#website"},"datePublished":"2016-12-22T06:45:59+00:00","dateModified":"2016-12-22T06:51:17+00:00","author":{"@id":"https:\/\/www.visit-ulcinj.com\/blog\/#\/schema\/person\/dcab619c614d3038751c63bc2aadc06d"},"description":"Kryetari i komun\u00ebs s\u00eb Ulqinit, Nazif Cungu, mori pjes\u00eb n\u00eb konferenc\u00ebn e kat\u00ebrt t\u00eb ambasador\u00ebve n\u00eb Prishtin\u00eb, q\u00eb po mbahet m\u00eb 19-22 dhjetor. Mnistri i","breadcrumb":{"@id":"https:\/\/www.visit-ulcinj.com\/blog\/2016\/12\/22\/cungu-mori-pjese-ne-konferencen-e-katert-te-ambasadoreve-ne-prishtine\/#breadcrumb"},"inLanguage":"en-US","potentialAction":[{"@type":"ReadAction","target":["https:\/\/www.visit-ulcinj.com\/blog\/2016\/12\/22\/cungu-mori-pjese-ne-konferencen-e-katert-te-ambasadoreve-ne-prishtine\/"]}]},{"@type":"BreadcrumbList","@id":"https:\/\/www.visit-ulcinj.com\/blog\/2016\/12\/22\/cungu-mori-pjese-ne-konferencen-e-katert-te-ambasadoreve-ne-prishtine\/#breadcrumb","itemListElement":[{"@type":"ListItem","position":1,"name":"Cungu mori pjes\u00eb n\u00eb konferenc\u00ebn e kat\u00ebrt t\u00eb ambasador\u00ebve n\u00eb Prishtin\u00eb"}]},{"@type":"Person","@id":"https:\/\/www.visit-ulcinj.com\/blog\/#\/schema\/person\/dcab619c614d3038751c63bc2aadc06d","name":"ulqini","sameAs":["http:\/\/www.visit-ulcinj.com"],"url":"https:\/\/www.visit-ulcinj.com\/blog\/author\/admin\/"}]}},"jetpack_featured_media_url":"","jetpack_sharing_enabled":true,"jetpack_shortlink":"https:\/\/wp.me\/pe6lTn-qtG","_links":{"self":[{"href":"https:\/\/www.visit-ulcinj.com\/blog\/wp-json\/wp\/v2\/posts\/101784"}],"collection":[{"href":"https:\/\/www.visit-ulcinj.com\/blog\/wp-json\/wp\/v2\/posts"}],"about":[{"href":"https:\/\/www.visit-ulcinj.com\/blog\/wp-json\/wp\/v2\/types\/post"}],"author":[{"embeddable":true,"href":"https:\/\/www.visit-ulcinj.com\/blog\/wp-json\/wp\/v2\/users\/1"}],"replies":[{"embeddable":true,"href":"https:\/\/www.visit-ulcinj.com\/blog\/wp-json\/wp\/v2\/comments?post=101784"}],"version-history":[{"count":2,"href":"https:\/\/www.visit-ulcinj.com\/blog\/wp-json\/wp\/v2\/posts\/101784\/revisions"}],"predecessor-version":[{"id":101787,"href":"https:\/\/www.visit-ulcinj.com\/blog\/wp-json\/wp\/v2\/posts\/101784\/revisions\/101787"}],"wp:attachment":[{"href":"https:\/\/www.visit-ulcinj.com\/blog\/wp-json\/wp\/v2\/media?parent=101784"}],"wp:term":[{"taxonomy":"category","embeddable":true,"href":"https:\/\/www.visit-ulcinj.com\/blog\/wp-json\/wp\/v2\/categories?post=101784"},{"taxonomy":"post_tag","embeddable":true,"href":"https:\/\/www.visit-ulcinj.com\/blog\/wp-json\/wp\/v2\/tags?post=101784"}],"curies":[{"name":"wp","href":"https:\/\/api.w.org\/{rel}","templated":true}]}}