{"id":101792,"date":"2016-12-22T08:05:55","date_gmt":"2016-12-22T07:05:55","guid":{"rendered":"http:\/\/www.visit-ulcinj.com\/blog\/?p=101792"},"modified":"2016-12-22T08:05:55","modified_gmt":"2016-12-22T07:05:55","slug":"fatmir-limaj-takon-ambasadorin-e-ri-te-malit-te-zi-ferhat-dinoshen","status":"publish","type":"post","link":"https:\/\/www.visit-ulcinj.com\/blog\/2016\/12\/22\/fatmir-limaj-takon-ambasadorin-e-ri-te-malit-te-zi-ferhat-dinoshen\/","title":{"rendered":"Fatmir Limaj takon ambasadorin e ri t\u00eb Malit t\u00eb Zi, Ferhat Dinosh\u00ebn"},"content":{"rendered":"<div class=\"full-text\">\n<p><a href=\"http:\/\/www.visit-ulcinj.com\/blog\/wp-content\/uploads\/2016\/12\/Fatmir-Limaj-Ferhat-Dinosha.jpg\"><img loading=\"lazy\" class=\"alignleft wp-image-101794\" src=\"http:\/\/www.visit-ulcinj.com\/blog\/wp-content\/uploads\/2016\/12\/Fatmir-Limaj-Ferhat-Dinosha.jpg\" alt=\"Fatmir-Limaj-Ferhat-Dinosha\" width=\"508\" height=\"339\" srcset=\"https:\/\/www.visit-ulcinj.com\/blog\/wp-content\/uploads\/2016\/12\/Fatmir-Limaj-Ferhat-Dinosha.jpg 999w, https:\/\/www.visit-ulcinj.com\/blog\/wp-content\/uploads\/2016\/12\/Fatmir-Limaj-Ferhat-Dinosha-300x200.jpg 300w, https:\/\/www.visit-ulcinj.com\/blog\/wp-content\/uploads\/2016\/12\/Fatmir-Limaj-Ferhat-Dinosha-768x512.jpg 768w\" sizes=\"(max-width: 508px) 100vw, 508px\" \/><\/a>Kryetari i NISMA p\u00ebr Kosov\u00ebn, Fatmir Limaj, bashk\u00eb me sekretarin p\u00ebr Marr\u00ebdh\u00ebnie me Jasht\u00eb, Skender Re\u00e7ica, prit\u00ebn sot n\u00eb takim Ambasadorin e Malit t\u00eb Zi n\u00eb Kosov\u00eb, Ferhat Dinosha.<\/p>\n<p>Limaj, e ka uruar ambasadorin e ri t\u00eb Malit t\u00eb Zi n\u00eb Kosov\u00eb, Ferhat Dinosha, p\u00ebr detyr\u00ebn e re.<\/p>\n<p>N\u00eb k\u00ebt\u00eb takim, sipas njoftimit t\u00eb NISMA\u2019s, \u00a0p\u00ebrve\u00e7 karakterit njoftues, tem\u00eb diskutimi ishte situata politike n\u00eb vend, e po ashtu u diskutua edhe p\u00ebr zhvillimet tjera ekonomike, sociale, etj, n\u00eb Kosov\u00eb.<\/p>\n<p>Limaj tha se edhe n\u00eb t\u00eb kaluar\u00ebn, Kosova dhe Mali i Zi e kan\u00eb mb\u00ebshtetur nj\u00ebra-tjetr\u00ebn, dhe kjo mb\u00ebshtetje po vazhdon edhe tani, kur Kosova \u00ebsht\u00eb n\u00eb rrug\u00ebn e saj t\u00eb integrimeve europiane, dhe Mali i Zi drejt an\u00ebtar\u00ebsimit n\u00eb NATO.<\/p>\n<p>Ambasadori i Malit t\u00eb Zi n\u00eb Kosov\u00eb, Ferhat Dinosha, tha se e \u00e7moj angazhimin e k\u00ebtij subjekti politik n\u00eb sken\u00ebn politike t\u00eb Kosov\u00ebs, orientimin e saj pro-per\u00ebndimor, dhe uroj q\u00eb edhe n\u00eb t\u00eb ardhmen NISMA t\u00eb vazhdoj t\u00eb jet\u00eb e till\u00eb, dhe t\u00eb ket\u00eb sa m\u00eb shum\u00eb suksese, n\u00eb sh\u00ebrbim t\u00eb qytetar\u00ebve t\u00eb vendit.<\/p>\n<p>Dinosha, tha se Mali i Zi \u00ebsht\u00eb i p\u00ebrkushtuar maksimalisht q\u00eb ta mb\u00ebshtes Kosov\u00ebn n\u00eb rrug\u00ebtimin Evropian.<\/p>\n<\/div>\n<p><strong> Portali Indeksonline<\/strong><\/p>\n","protected":false},"excerpt":{"rendered":"<p>Kryetari i NISMA p\u00ebr Kosov\u00ebn, Fatmir Limaj, bashk\u00eb me sekretarin p\u00ebr Marr\u00ebdh\u00ebnie me Jasht\u00eb, Skender Re\u00e7ica, prit\u00ebn sot n\u00eb takim Ambasadorin e Malit t\u00eb Zi n\u00eb Kosov\u00eb, Ferhat Dinosha. Limaj, e ka uruar ambasadorin e ri t\u00eb Malit t\u00eb Zi n\u00eb Kosov\u00eb, Ferhat Dinosha, p\u00ebr detyr\u00ebn e re. N\u00eb k\u00ebt\u00eb takim, sipas njoftimit t\u00eb NISMA\u2019s, [&hellip;]<\/p>\n","protected":false},"author":1,"featured_media":0,"comment_status":"closed","ping_status":"closed","sticky":false,"template":"","format":"standard","meta":{"spay_email":"","jetpack_publicize_message":"","jetpack_is_tweetstorm":false,"jetpack_publicize_feature_enabled":true},"categories":[6950],"tags":[],"jetpack_publicize_connections":[],"yoast_head":"<!-- This site is optimized with the Yoast SEO plugin v19.1 - https:\/\/yoast.com\/wordpress\/plugins\/seo\/ -->\n<title>Fatmir Limaj takon ambasadorin e ri t\u00eb Malit t\u00eb Zi, Ferhat Dinosh\u00ebn - Lajme nga Ulqini<\/title>\n<meta name=\"description\" content=\"Kryetari i NISMA p\u00ebr Kosov\u00ebn, Fatmir Limaj, bashk\u00eb me sekretarin p\u00ebr Marr\u00ebdh\u00ebnie me Jasht\u00eb, Skender Re\u00e7ica, prit\u00ebn sot n\u00eb takim Ambasadorin e Malit t\u00eb Zi\" \/>\n<meta name=\"robots\" content=\"index, follow, max-snippet:-1, max-image-preview:large, max-video-preview:-1\" \/>\n<link rel=\"canonical\" href=\"https:\/\/www.visit-ulcinj.com\/blog\/2016\/12\/22\/fatmir-limaj-takon-ambasadorin-e-ri-te-malit-te-zi-ferhat-dinoshen\/\" \/>\n<meta property=\"og:locale\" content=\"en_US\" \/>\n<meta property=\"og:type\" content=\"article\" \/>\n<meta property=\"og:title\" content=\"Fatmir Limaj takon ambasadorin e ri t\u00eb Malit t\u00eb Zi, Ferhat Dinosh\u00ebn - Lajme nga Ulqini\" \/>\n<meta property=\"og:description\" content=\"Kryetari i NISMA p\u00ebr Kosov\u00ebn, Fatmir Limaj, bashk\u00eb me sekretarin p\u00ebr Marr\u00ebdh\u00ebnie me Jasht\u00eb, Skender Re\u00e7ica, prit\u00ebn sot n\u00eb takim Ambasadorin e Malit t\u00eb Zi\" \/>\n<meta property=\"og:url\" content=\"https:\/\/www.visit-ulcinj.com\/blog\/2016\/12\/22\/fatmir-limaj-takon-ambasadorin-e-ri-te-malit-te-zi-ferhat-dinoshen\/\" \/>\n<meta property=\"og:site_name\" content=\"Lajme nga Ulqini\" \/>\n<meta property=\"article:published_time\" content=\"2016-12-22T07:05:55+00:00\" \/>\n<meta property=\"og:image\" content=\"http:\/\/www.visit-ulcinj.com\/blog\/wp-content\/uploads\/2016\/12\/Fatmir-Limaj-Ferhat-Dinosha.jpg\" \/>\n<meta name=\"twitter:label1\" content=\"Written by\" \/>\n\t<meta name=\"twitter:data1\" content=\"ulqini\" \/>\n\t<meta name=\"twitter:label2\" content=\"Est. reading time\" \/>\n\t<meta name=\"twitter:data2\" content=\"1 minute\" \/>\n<script type=\"application\/ld+json\" class=\"yoast-schema-graph\">{\"@context\":\"https:\/\/schema.org\",\"@graph\":[{\"@type\":\"WebSite\",\"@id\":\"https:\/\/www.visit-ulcinj.com\/blog\/#website\",\"url\":\"https:\/\/www.visit-ulcinj.com\/blog\/\",\"name\":\"Lajme nga Ulqini\",\"description\":\"Lajme,Vijesti,Ulqini,Ulqin,Crna Gora,Mali i Zi\",\"potentialAction\":[{\"@type\":\"SearchAction\",\"target\":{\"@type\":\"EntryPoint\",\"urlTemplate\":\"https:\/\/www.visit-ulcinj.com\/blog\/?s={search_term_string}\"},\"query-input\":\"required name=search_term_string\"}],\"inLanguage\":\"en-US\"},{\"@type\":\"ImageObject\",\"inLanguage\":\"en-US\",\"@id\":\"https:\/\/www.visit-ulcinj.com\/blog\/2016\/12\/22\/fatmir-limaj-takon-ambasadorin-e-ri-te-malit-te-zi-ferhat-dinoshen\/#primaryimage\",\"url\":\"https:\/\/www.visit-ulcinj.com\/blog\/wp-content\/uploads\/2016\/12\/Fatmir-Limaj-Ferhat-Dinosha.jpg\",\"contentUrl\":\"https:\/\/www.visit-ulcinj.com\/blog\/wp-content\/uploads\/2016\/12\/Fatmir-Limaj-Ferhat-Dinosha.jpg\",\"width\":999,\"height\":666},{\"@type\":\"WebPage\",\"@id\":\"https:\/\/www.visit-ulcinj.com\/blog\/2016\/12\/22\/fatmir-limaj-takon-ambasadorin-e-ri-te-malit-te-zi-ferhat-dinoshen\/#webpage\",\"url\":\"https:\/\/www.visit-ulcinj.com\/blog\/2016\/12\/22\/fatmir-limaj-takon-ambasadorin-e-ri-te-malit-te-zi-ferhat-dinoshen\/\",\"name\":\"Fatmir Limaj takon ambasadorin e ri t\u00eb Malit t\u00eb Zi, Ferhat Dinosh\u00ebn - Lajme nga Ulqini\",\"isPartOf\":{\"@id\":\"https:\/\/www.visit-ulcinj.com\/blog\/#website\"},\"primaryImageOfPage\":{\"@id\":\"https:\/\/www.visit-ulcinj.com\/blog\/2016\/12\/22\/fatmir-limaj-takon-ambasadorin-e-ri-te-malit-te-zi-ferhat-dinoshen\/#primaryimage\"},\"datePublished\":\"2016-12-22T07:05:55+00:00\",\"dateModified\":\"2016-12-22T07:05:55+00:00\",\"author\":{\"@id\":\"https:\/\/www.visit-ulcinj.com\/blog\/#\/schema\/person\/dcab619c614d3038751c63bc2aadc06d\"},\"description\":\"Kryetari i NISMA p\u00ebr Kosov\u00ebn, Fatmir Limaj, bashk\u00eb me sekretarin p\u00ebr Marr\u00ebdh\u00ebnie me Jasht\u00eb, Skender Re\u00e7ica, prit\u00ebn sot n\u00eb takim Ambasadorin e Malit t\u00eb Zi\",\"breadcrumb\":{\"@id\":\"https:\/\/www.visit-ulcinj.com\/blog\/2016\/12\/22\/fatmir-limaj-takon-ambasadorin-e-ri-te-malit-te-zi-ferhat-dinoshen\/#breadcrumb\"},\"inLanguage\":\"en-US\",\"potentialAction\":[{\"@type\":\"ReadAction\",\"target\":[\"https:\/\/www.visit-ulcinj.com\/blog\/2016\/12\/22\/fatmir-limaj-takon-ambasadorin-e-ri-te-malit-te-zi-ferhat-dinoshen\/\"]}]},{\"@type\":\"BreadcrumbList\",\"@id\":\"https:\/\/www.visit-ulcinj.com\/blog\/2016\/12\/22\/fatmir-limaj-takon-ambasadorin-e-ri-te-malit-te-zi-ferhat-dinoshen\/#breadcrumb\",\"itemListElement\":[{\"@type\":\"ListItem\",\"position\":1,\"name\":\"Fatmir Limaj takon ambasadorin e ri t\u00eb Malit t\u00eb Zi, Ferhat Dinosh\u00ebn\"}]},{\"@type\":\"Person\",\"@id\":\"https:\/\/www.visit-ulcinj.com\/blog\/#\/schema\/person\/dcab619c614d3038751c63bc2aadc06d\",\"name\":\"ulqini\",\"sameAs\":[\"http:\/\/www.visit-ulcinj.com\"],\"url\":\"https:\/\/www.visit-ulcinj.com\/blog\/author\/admin\/\"}]}<\/script>\n<!-- \/ Yoast SEO plugin. -->","yoast_head_json":{"title":"Fatmir Limaj takon ambasadorin e ri t\u00eb Malit t\u00eb Zi, Ferhat Dinosh\u00ebn - Lajme nga Ulqini","description":"Kryetari i NISMA p\u00ebr Kosov\u00ebn, Fatmir Limaj, bashk\u00eb me sekretarin p\u00ebr Marr\u00ebdh\u00ebnie me Jasht\u00eb, Skender Re\u00e7ica, prit\u00ebn sot n\u00eb takim Ambasadorin e Malit t\u00eb Zi","robots":{"index":"index","follow":"follow","max-snippet":"max-snippet:-1","max-image-preview":"max-image-preview:large","max-video-preview":"max-video-preview:-1"},"canonical":"https:\/\/www.visit-ulcinj.com\/blog\/2016\/12\/22\/fatmir-limaj-takon-ambasadorin-e-ri-te-malit-te-zi-ferhat-dinoshen\/","og_locale":"en_US","og_type":"article","og_title":"Fatmir Limaj takon ambasadorin e ri t\u00eb Malit t\u00eb Zi, Ferhat Dinosh\u00ebn - Lajme nga Ulqini","og_description":"Kryetari i NISMA p\u00ebr Kosov\u00ebn, Fatmir Limaj, bashk\u00eb me sekretarin p\u00ebr Marr\u00ebdh\u00ebnie me Jasht\u00eb, Skender Re\u00e7ica, prit\u00ebn sot n\u00eb takim Ambasadorin e Malit t\u00eb Zi","og_url":"https:\/\/www.visit-ulcinj.com\/blog\/2016\/12\/22\/fatmir-limaj-takon-ambasadorin-e-ri-te-malit-te-zi-ferhat-dinoshen\/","og_site_name":"Lajme nga Ulqini","article_published_time":"2016-12-22T07:05:55+00:00","og_image":[{"url":"http:\/\/www.visit-ulcinj.com\/blog\/wp-content\/uploads\/2016\/12\/Fatmir-Limaj-Ferhat-Dinosha.jpg"}],"twitter_misc":{"Written by":"ulqini","Est. reading time":"1 minute"},"schema":{"@context":"https:\/\/schema.org","@graph":[{"@type":"WebSite","@id":"https:\/\/www.visit-ulcinj.com\/blog\/#website","url":"https:\/\/www.visit-ulcinj.com\/blog\/","name":"Lajme nga Ulqini","description":"Lajme,Vijesti,Ulqini,Ulqin,Crna Gora,Mali i Zi","potentialAction":[{"@type":"SearchAction","target":{"@type":"EntryPoint","urlTemplate":"https:\/\/www.visit-ulcinj.com\/blog\/?s={search_term_string}"},"query-input":"required name=search_term_string"}],"inLanguage":"en-US"},{"@type":"ImageObject","inLanguage":"en-US","@id":"https:\/\/www.visit-ulcinj.com\/blog\/2016\/12\/22\/fatmir-limaj-takon-ambasadorin-e-ri-te-malit-te-zi-ferhat-dinoshen\/#primaryimage","url":"https:\/\/www.visit-ulcinj.com\/blog\/wp-content\/uploads\/2016\/12\/Fatmir-Limaj-Ferhat-Dinosha.jpg","contentUrl":"https:\/\/www.visit-ulcinj.com\/blog\/wp-content\/uploads\/2016\/12\/Fatmir-Limaj-Ferhat-Dinosha.jpg","width":999,"height":666},{"@type":"WebPage","@id":"https:\/\/www.visit-ulcinj.com\/blog\/2016\/12\/22\/fatmir-limaj-takon-ambasadorin-e-ri-te-malit-te-zi-ferhat-dinoshen\/#webpage","url":"https:\/\/www.visit-ulcinj.com\/blog\/2016\/12\/22\/fatmir-limaj-takon-ambasadorin-e-ri-te-malit-te-zi-ferhat-dinoshen\/","name":"Fatmir Limaj takon ambasadorin e ri t\u00eb Malit t\u00eb Zi, Ferhat Dinosh\u00ebn - Lajme nga Ulqini","isPartOf":{"@id":"https:\/\/www.visit-ulcinj.com\/blog\/#website"},"primaryImageOfPage":{"@id":"https:\/\/www.visit-ulcinj.com\/blog\/2016\/12\/22\/fatmir-limaj-takon-ambasadorin-e-ri-te-malit-te-zi-ferhat-dinoshen\/#primaryimage"},"datePublished":"2016-12-22T07:05:55+00:00","dateModified":"2016-12-22T07:05:55+00:00","author":{"@id":"https:\/\/www.visit-ulcinj.com\/blog\/#\/schema\/person\/dcab619c614d3038751c63bc2aadc06d"},"description":"Kryetari i NISMA p\u00ebr Kosov\u00ebn, Fatmir Limaj, bashk\u00eb me sekretarin p\u00ebr Marr\u00ebdh\u00ebnie me Jasht\u00eb, Skender Re\u00e7ica, prit\u00ebn sot n\u00eb takim Ambasadorin e Malit t\u00eb Zi","breadcrumb":{"@id":"https:\/\/www.visit-ulcinj.com\/blog\/2016\/12\/22\/fatmir-limaj-takon-ambasadorin-e-ri-te-malit-te-zi-ferhat-dinoshen\/#breadcrumb"},"inLanguage":"en-US","potentialAction":[{"@type":"ReadAction","target":["https:\/\/www.visit-ulcinj.com\/blog\/2016\/12\/22\/fatmir-limaj-takon-ambasadorin-e-ri-te-malit-te-zi-ferhat-dinoshen\/"]}]},{"@type":"BreadcrumbList","@id":"https:\/\/www.visit-ulcinj.com\/blog\/2016\/12\/22\/fatmir-limaj-takon-ambasadorin-e-ri-te-malit-te-zi-ferhat-dinoshen\/#breadcrumb","itemListElement":[{"@type":"ListItem","position":1,"name":"Fatmir Limaj takon ambasadorin e ri t\u00eb Malit t\u00eb Zi, Ferhat Dinosh\u00ebn"}]},{"@type":"Person","@id":"https:\/\/www.visit-ulcinj.com\/blog\/#\/schema\/person\/dcab619c614d3038751c63bc2aadc06d","name":"ulqini","sameAs":["http:\/\/www.visit-ulcinj.com"],"url":"https:\/\/www.visit-ulcinj.com\/blog\/author\/admin\/"}]}},"jetpack_featured_media_url":"","jetpack_sharing_enabled":true,"jetpack_shortlink":"https:\/\/wp.me\/pe6lTn-qtO","_links":{"self":[{"href":"https:\/\/www.visit-ulcinj.com\/blog\/wp-json\/wp\/v2\/posts\/101792"}],"collection":[{"href":"https:\/\/www.visit-ulcinj.com\/blog\/wp-json\/wp\/v2\/posts"}],"about":[{"href":"https:\/\/www.visit-ulcinj.com\/blog\/wp-json\/wp\/v2\/types\/post"}],"author":[{"embeddable":true,"href":"https:\/\/www.visit-ulcinj.com\/blog\/wp-json\/wp\/v2\/users\/1"}],"replies":[{"embeddable":true,"href":"https:\/\/www.visit-ulcinj.com\/blog\/wp-json\/wp\/v2\/comments?post=101792"}],"version-history":[{"count":1,"href":"https:\/\/www.visit-ulcinj.com\/blog\/wp-json\/wp\/v2\/posts\/101792\/revisions"}],"predecessor-version":[{"id":101795,"href":"https:\/\/www.visit-ulcinj.com\/blog\/wp-json\/wp\/v2\/posts\/101792\/revisions\/101795"}],"wp:attachment":[{"href":"https:\/\/www.visit-ulcinj.com\/blog\/wp-json\/wp\/v2\/media?parent=101792"}],"wp:term":[{"taxonomy":"category","embeddable":true,"href":"https:\/\/www.visit-ulcinj.com\/blog\/wp-json\/wp\/v2\/categories?post=101792"},{"taxonomy":"post_tag","embeddable":true,"href":"https:\/\/www.visit-ulcinj.com\/blog\/wp-json\/wp\/v2\/tags?post=101792"}],"curies":[{"name":"wp","href":"https:\/\/api.w.org\/{rel}","templated":true}]}}