{"id":101796,"date":"2016-12-22T08:26:53","date_gmt":"2016-12-22T07:26:53","guid":{"rendered":"http:\/\/www.visit-ulcinj.com\/blog\/?p=101796"},"modified":"2016-12-22T08:29:17","modified_gmt":"2016-12-22T07:29:17","slug":"andrija-qetkoviq-qeveria-godet-te-varferit","status":"publish","type":"post","link":"https:\/\/www.visit-ulcinj.com\/blog\/2016\/12\/22\/andrija-qetkoviq-qeveria-godet-te-varferit\/","title":{"rendered":"Andrija Qetkoviq: Qeveria godet t\u00eb varf\u00ebrit"},"content":{"rendered":"<p><a href=\"http:\/\/www.visit-ulcinj.com\/blog\/wp-content\/uploads\/2016\/12\/Andrija-Cetkovic-Ulcinj.jpg\"><img loading=\"lazy\" class=\"alignleft wp-image-101798\" src=\"http:\/\/www.visit-ulcinj.com\/blog\/wp-content\/uploads\/2016\/12\/Andrija-Cetkovic-Ulcinj.jpg\" alt=\"Andrija-Cetkovic-Ulcinj\" width=\"508\" height=\"384\" srcset=\"https:\/\/www.visit-ulcinj.com\/blog\/wp-content\/uploads\/2016\/12\/Andrija-Cetkovic-Ulcinj.jpg 903w, https:\/\/www.visit-ulcinj.com\/blog\/wp-content\/uploads\/2016\/12\/Andrija-Cetkovic-Ulcinj-300x227.jpg 300w, https:\/\/www.visit-ulcinj.com\/blog\/wp-content\/uploads\/2016\/12\/Andrija-Cetkovic-Ulcinj-768x580.jpg 768w\" sizes=\"(max-width: 508px) 100vw, 508px\" \/><\/a>Qeveria miratoi projektbuxhetin p\u00ebr vitin 2017 n\u00eb vler\u00eb prej 2 miliard\u00eb euro, i cili nd\u00ebr t\u00eb tjer parashikon p\u00ebr uljen e pagave t\u00eb zyrtar\u00ebve publik\u00eb dhe kompensimin e n\u00ebnave me tre apo m\u00eb shum\u00eb f\u00ebmij\u00eb. Kryetari i K\u00ebshillit Komunal t\u00eb Partis\u00eb Socialiste Popullore n\u00eb Ulqin Andrija Qetkoviq thot\u00eb p\u00ebr televizionin Teuta se k\u00ebto masa shtr\u00ebnguese n\u00eb kurriz t\u00eb qytetar\u00ebve t\u00eb varf\u00ebr t\u00eb Malit t\u00eb Zi do t\u00eb ken\u00eb pasoja t\u00eb paparashikueshme, por gjithashtu jan\u00eb edhe rrjedhoj\u00eb logjike e ngjarjeve pas formimit t\u00eb qeveris\u00eb s\u00eb Dushko Markoviq<strong>.<\/strong><\/p>\n<p>\u201cBuxheti mund t\u00eb plot\u00ebsohet n\u00eb shum\u00eb m\u00ebnyra, e para \u00ebsht\u00eb padyshim tatimi mbi mallrat luksoze. N\u00ebse jemi shtet i mir\u00ebqenies sociale, at\u00ebher\u00eb pse me k\u00ebto masa qeveria d\u00ebshiron t\u00eb varf\u00ebroj\u00eb edhe m\u00eb tej qytetar\u00ebt tan\u00eb\u201d, tha Qetkoviq. Ai shprehu bindjen \u00a0se edhe pse ky \u00ebsht\u00eb ende nj\u00eb projekt-buxhet p\u00ebr vitin e ardhsh\u00ebm, \u00a0qytetar\u00ebt tashm\u00eb mund t\u00eb jen\u00eb t\u00eb sigurt se ai edhe do t\u00eb miratohet.<\/p>\n","protected":false},"excerpt":{"rendered":"<p>Qeveria miratoi projektbuxhetin p\u00ebr vitin 2017 n\u00eb vler\u00eb prej 2 miliard\u00eb euro, i cili nd\u00ebr t\u00eb tjer parashikon p\u00ebr uljen e pagave t\u00eb zyrtar\u00ebve publik\u00eb dhe kompensimin e n\u00ebnave me tre apo m\u00eb shum\u00eb f\u00ebmij\u00eb. Kryetari i K\u00ebshillit Komunal t\u00eb Partis\u00eb Socialiste Popullore n\u00eb Ulqin Andrija Qetkoviq thot\u00eb p\u00ebr televizionin Teuta se k\u00ebto masa shtr\u00ebnguese [&hellip;]<\/p>\n","protected":false},"author":1,"featured_media":0,"comment_status":"closed","ping_status":"closed","sticky":false,"template":"","format":"standard","meta":{"spay_email":"","jetpack_publicize_message":"","jetpack_is_tweetstorm":false,"jetpack_publicize_feature_enabled":true},"categories":[6950],"tags":[],"jetpack_publicize_connections":[],"yoast_head":"<!-- This site is optimized with the Yoast SEO plugin v19.1 - https:\/\/yoast.com\/wordpress\/plugins\/seo\/ -->\n<title>Andrija Qetkoviq: Qeveria godet t\u00eb varf\u00ebrit - Lajme nga Ulqini<\/title>\n<meta name=\"description\" content=\"Qeveria miratoi projektbuxhetin p\u00ebr vitin 2017 n\u00eb vler\u00eb prej 2 miliard\u00eb euro, i cili nd\u00ebr t\u00eb tjer parashikon p\u00ebr uljen e pagave t\u00eb zyrtar\u00ebve publik\u00eb dhe\" \/>\n<meta name=\"robots\" content=\"index, follow, max-snippet:-1, max-image-preview:large, max-video-preview:-1\" \/>\n<link rel=\"canonical\" href=\"https:\/\/www.visit-ulcinj.com\/blog\/2016\/12\/22\/andrija-qetkoviq-qeveria-godet-te-varferit\/\" \/>\n<meta property=\"og:locale\" content=\"en_US\" \/>\n<meta property=\"og:type\" content=\"article\" \/>\n<meta property=\"og:title\" content=\"Andrija Qetkoviq: Qeveria godet t\u00eb varf\u00ebrit - Lajme nga Ulqini\" \/>\n<meta property=\"og:description\" content=\"Qeveria miratoi projektbuxhetin p\u00ebr vitin 2017 n\u00eb vler\u00eb prej 2 miliard\u00eb euro, i cili nd\u00ebr t\u00eb tjer parashikon p\u00ebr uljen e pagave t\u00eb zyrtar\u00ebve publik\u00eb dhe\" \/>\n<meta property=\"og:url\" content=\"https:\/\/www.visit-ulcinj.com\/blog\/2016\/12\/22\/andrija-qetkoviq-qeveria-godet-te-varferit\/\" \/>\n<meta property=\"og:site_name\" content=\"Lajme nga Ulqini\" \/>\n<meta property=\"article:published_time\" content=\"2016-12-22T07:26:53+00:00\" \/>\n<meta property=\"article:modified_time\" content=\"2016-12-22T07:29:17+00:00\" \/>\n<meta property=\"og:image\" content=\"http:\/\/www.visit-ulcinj.com\/blog\/wp-content\/uploads\/2016\/12\/Andrija-Cetkovic-Ulcinj.jpg\" \/>\n<meta name=\"twitter:label1\" content=\"Written by\" \/>\n\t<meta name=\"twitter:data1\" content=\"ulqini\" \/>\n\t<meta name=\"twitter:label2\" content=\"Est. reading time\" \/>\n\t<meta name=\"twitter:data2\" content=\"1 minute\" \/>\n<script type=\"application\/ld+json\" class=\"yoast-schema-graph\">{\"@context\":\"https:\/\/schema.org\",\"@graph\":[{\"@type\":\"WebSite\",\"@id\":\"https:\/\/www.visit-ulcinj.com\/blog\/#website\",\"url\":\"https:\/\/www.visit-ulcinj.com\/blog\/\",\"name\":\"Lajme nga Ulqini\",\"description\":\"Lajme,Vijesti,Ulqini,Ulqin,Crna Gora,Mali i Zi\",\"potentialAction\":[{\"@type\":\"SearchAction\",\"target\":{\"@type\":\"EntryPoint\",\"urlTemplate\":\"https:\/\/www.visit-ulcinj.com\/blog\/?s={search_term_string}\"},\"query-input\":\"required name=search_term_string\"}],\"inLanguage\":\"en-US\"},{\"@type\":\"ImageObject\",\"inLanguage\":\"en-US\",\"@id\":\"https:\/\/www.visit-ulcinj.com\/blog\/2016\/12\/22\/andrija-qetkoviq-qeveria-godet-te-varferit\/#primaryimage\",\"url\":\"https:\/\/www.visit-ulcinj.com\/blog\/wp-content\/uploads\/2016\/12\/Andrija-Cetkovic-Ulcinj.jpg\",\"contentUrl\":\"https:\/\/www.visit-ulcinj.com\/blog\/wp-content\/uploads\/2016\/12\/Andrija-Cetkovic-Ulcinj.jpg\",\"width\":903,\"height\":682},{\"@type\":\"WebPage\",\"@id\":\"https:\/\/www.visit-ulcinj.com\/blog\/2016\/12\/22\/andrija-qetkoviq-qeveria-godet-te-varferit\/#webpage\",\"url\":\"https:\/\/www.visit-ulcinj.com\/blog\/2016\/12\/22\/andrija-qetkoviq-qeveria-godet-te-varferit\/\",\"name\":\"Andrija Qetkoviq: Qeveria godet t\u00eb varf\u00ebrit - Lajme nga Ulqini\",\"isPartOf\":{\"@id\":\"https:\/\/www.visit-ulcinj.com\/blog\/#website\"},\"primaryImageOfPage\":{\"@id\":\"https:\/\/www.visit-ulcinj.com\/blog\/2016\/12\/22\/andrija-qetkoviq-qeveria-godet-te-varferit\/#primaryimage\"},\"datePublished\":\"2016-12-22T07:26:53+00:00\",\"dateModified\":\"2016-12-22T07:29:17+00:00\",\"author\":{\"@id\":\"https:\/\/www.visit-ulcinj.com\/blog\/#\/schema\/person\/dcab619c614d3038751c63bc2aadc06d\"},\"description\":\"Qeveria miratoi projektbuxhetin p\u00ebr vitin 2017 n\u00eb vler\u00eb prej 2 miliard\u00eb euro, i cili nd\u00ebr t\u00eb tjer parashikon p\u00ebr uljen e pagave t\u00eb zyrtar\u00ebve publik\u00eb dhe\",\"breadcrumb\":{\"@id\":\"https:\/\/www.visit-ulcinj.com\/blog\/2016\/12\/22\/andrija-qetkoviq-qeveria-godet-te-varferit\/#breadcrumb\"},\"inLanguage\":\"en-US\",\"potentialAction\":[{\"@type\":\"ReadAction\",\"target\":[\"https:\/\/www.visit-ulcinj.com\/blog\/2016\/12\/22\/andrija-qetkoviq-qeveria-godet-te-varferit\/\"]}]},{\"@type\":\"BreadcrumbList\",\"@id\":\"https:\/\/www.visit-ulcinj.com\/blog\/2016\/12\/22\/andrija-qetkoviq-qeveria-godet-te-varferit\/#breadcrumb\",\"itemListElement\":[{\"@type\":\"ListItem\",\"position\":1,\"name\":\"Andrija Qetkoviq: Qeveria godet t\u00eb varf\u00ebrit\"}]},{\"@type\":\"Person\",\"@id\":\"https:\/\/www.visit-ulcinj.com\/blog\/#\/schema\/person\/dcab619c614d3038751c63bc2aadc06d\",\"name\":\"ulqini\",\"sameAs\":[\"http:\/\/www.visit-ulcinj.com\"],\"url\":\"https:\/\/www.visit-ulcinj.com\/blog\/author\/admin\/\"}]}<\/script>\n<!-- \/ Yoast SEO plugin. -->","yoast_head_json":{"title":"Andrija Qetkoviq: Qeveria godet t\u00eb varf\u00ebrit - Lajme nga Ulqini","description":"Qeveria miratoi projektbuxhetin p\u00ebr vitin 2017 n\u00eb vler\u00eb prej 2 miliard\u00eb euro, i cili nd\u00ebr t\u00eb tjer parashikon p\u00ebr uljen e pagave t\u00eb zyrtar\u00ebve publik\u00eb dhe","robots":{"index":"index","follow":"follow","max-snippet":"max-snippet:-1","max-image-preview":"max-image-preview:large","max-video-preview":"max-video-preview:-1"},"canonical":"https:\/\/www.visit-ulcinj.com\/blog\/2016\/12\/22\/andrija-qetkoviq-qeveria-godet-te-varferit\/","og_locale":"en_US","og_type":"article","og_title":"Andrija Qetkoviq: Qeveria godet t\u00eb varf\u00ebrit - Lajme nga Ulqini","og_description":"Qeveria miratoi projektbuxhetin p\u00ebr vitin 2017 n\u00eb vler\u00eb prej 2 miliard\u00eb euro, i cili nd\u00ebr t\u00eb tjer parashikon p\u00ebr uljen e pagave t\u00eb zyrtar\u00ebve publik\u00eb dhe","og_url":"https:\/\/www.visit-ulcinj.com\/blog\/2016\/12\/22\/andrija-qetkoviq-qeveria-godet-te-varferit\/","og_site_name":"Lajme nga Ulqini","article_published_time":"2016-12-22T07:26:53+00:00","article_modified_time":"2016-12-22T07:29:17+00:00","og_image":[{"url":"http:\/\/www.visit-ulcinj.com\/blog\/wp-content\/uploads\/2016\/12\/Andrija-Cetkovic-Ulcinj.jpg"}],"twitter_misc":{"Written by":"ulqini","Est. reading time":"1 minute"},"schema":{"@context":"https:\/\/schema.org","@graph":[{"@type":"WebSite","@id":"https:\/\/www.visit-ulcinj.com\/blog\/#website","url":"https:\/\/www.visit-ulcinj.com\/blog\/","name":"Lajme nga Ulqini","description":"Lajme,Vijesti,Ulqini,Ulqin,Crna Gora,Mali i Zi","potentialAction":[{"@type":"SearchAction","target":{"@type":"EntryPoint","urlTemplate":"https:\/\/www.visit-ulcinj.com\/blog\/?s={search_term_string}"},"query-input":"required name=search_term_string"}],"inLanguage":"en-US"},{"@type":"ImageObject","inLanguage":"en-US","@id":"https:\/\/www.visit-ulcinj.com\/blog\/2016\/12\/22\/andrija-qetkoviq-qeveria-godet-te-varferit\/#primaryimage","url":"https:\/\/www.visit-ulcinj.com\/blog\/wp-content\/uploads\/2016\/12\/Andrija-Cetkovic-Ulcinj.jpg","contentUrl":"https:\/\/www.visit-ulcinj.com\/blog\/wp-content\/uploads\/2016\/12\/Andrija-Cetkovic-Ulcinj.jpg","width":903,"height":682},{"@type":"WebPage","@id":"https:\/\/www.visit-ulcinj.com\/blog\/2016\/12\/22\/andrija-qetkoviq-qeveria-godet-te-varferit\/#webpage","url":"https:\/\/www.visit-ulcinj.com\/blog\/2016\/12\/22\/andrija-qetkoviq-qeveria-godet-te-varferit\/","name":"Andrija Qetkoviq: Qeveria godet t\u00eb varf\u00ebrit - Lajme nga Ulqini","isPartOf":{"@id":"https:\/\/www.visit-ulcinj.com\/blog\/#website"},"primaryImageOfPage":{"@id":"https:\/\/www.visit-ulcinj.com\/blog\/2016\/12\/22\/andrija-qetkoviq-qeveria-godet-te-varferit\/#primaryimage"},"datePublished":"2016-12-22T07:26:53+00:00","dateModified":"2016-12-22T07:29:17+00:00","author":{"@id":"https:\/\/www.visit-ulcinj.com\/blog\/#\/schema\/person\/dcab619c614d3038751c63bc2aadc06d"},"description":"Qeveria miratoi projektbuxhetin p\u00ebr vitin 2017 n\u00eb vler\u00eb prej 2 miliard\u00eb euro, i cili nd\u00ebr t\u00eb tjer parashikon p\u00ebr uljen e pagave t\u00eb zyrtar\u00ebve publik\u00eb dhe","breadcrumb":{"@id":"https:\/\/www.visit-ulcinj.com\/blog\/2016\/12\/22\/andrija-qetkoviq-qeveria-godet-te-varferit\/#breadcrumb"},"inLanguage":"en-US","potentialAction":[{"@type":"ReadAction","target":["https:\/\/www.visit-ulcinj.com\/blog\/2016\/12\/22\/andrija-qetkoviq-qeveria-godet-te-varferit\/"]}]},{"@type":"BreadcrumbList","@id":"https:\/\/www.visit-ulcinj.com\/blog\/2016\/12\/22\/andrija-qetkoviq-qeveria-godet-te-varferit\/#breadcrumb","itemListElement":[{"@type":"ListItem","position":1,"name":"Andrija Qetkoviq: Qeveria godet t\u00eb varf\u00ebrit"}]},{"@type":"Person","@id":"https:\/\/www.visit-ulcinj.com\/blog\/#\/schema\/person\/dcab619c614d3038751c63bc2aadc06d","name":"ulqini","sameAs":["http:\/\/www.visit-ulcinj.com"],"url":"https:\/\/www.visit-ulcinj.com\/blog\/author\/admin\/"}]}},"jetpack_featured_media_url":"","jetpack_sharing_enabled":true,"jetpack_shortlink":"https:\/\/wp.me\/pe6lTn-qtS","_links":{"self":[{"href":"https:\/\/www.visit-ulcinj.com\/blog\/wp-json\/wp\/v2\/posts\/101796"}],"collection":[{"href":"https:\/\/www.visit-ulcinj.com\/blog\/wp-json\/wp\/v2\/posts"}],"about":[{"href":"https:\/\/www.visit-ulcinj.com\/blog\/wp-json\/wp\/v2\/types\/post"}],"author":[{"embeddable":true,"href":"https:\/\/www.visit-ulcinj.com\/blog\/wp-json\/wp\/v2\/users\/1"}],"replies":[{"embeddable":true,"href":"https:\/\/www.visit-ulcinj.com\/blog\/wp-json\/wp\/v2\/comments?post=101796"}],"version-history":[{"count":1,"href":"https:\/\/www.visit-ulcinj.com\/blog\/wp-json\/wp\/v2\/posts\/101796\/revisions"}],"predecessor-version":[{"id":101799,"href":"https:\/\/www.visit-ulcinj.com\/blog\/wp-json\/wp\/v2\/posts\/101796\/revisions\/101799"}],"wp:attachment":[{"href":"https:\/\/www.visit-ulcinj.com\/blog\/wp-json\/wp\/v2\/media?parent=101796"}],"wp:term":[{"taxonomy":"category","embeddable":true,"href":"https:\/\/www.visit-ulcinj.com\/blog\/wp-json\/wp\/v2\/categories?post=101796"},{"taxonomy":"post_tag","embeddable":true,"href":"https:\/\/www.visit-ulcinj.com\/blog\/wp-json\/wp\/v2\/tags?post=101796"}],"curies":[{"name":"wp","href":"https:\/\/api.w.org\/{rel}","templated":true}]}}