{"id":101807,"date":"2016-12-22T22:01:25","date_gmt":"2016-12-22T21:01:25","guid":{"rendered":"http:\/\/www.visit-ulcinj.com\/blog\/?p=101807"},"modified":"2016-12-22T22:01:25","modified_gmt":"2016-12-22T21:01:25","slug":"berjashi-mos-na-diskreditoni-ekonomikisht-e-moralisht","status":"publish","type":"post","link":"https:\/\/www.visit-ulcinj.com\/blog\/2016\/12\/22\/berjashi-mos-na-diskreditoni-ekonomikisht-e-moralisht\/","title":{"rendered":"Berjashi: Mos na diskreditoni ekonomikisht e moralisht!"},"content":{"rendered":"<p><a href=\"http:\/\/www.visit-ulcinj.com\/blog\/wp-content\/uploads\/2016\/12\/Ibrahim-Berjashi.jpg\"><img loading=\"lazy\" class=\"alignleft wp-image-101809\" src=\"http:\/\/www.visit-ulcinj.com\/blog\/wp-content\/uploads\/2016\/12\/Ibrahim-Berjashi.jpg\" alt=\"Ibrahim-Berjashi\" width=\"508\" height=\"421\" srcset=\"https:\/\/www.visit-ulcinj.com\/blog\/wp-content\/uploads\/2016\/12\/Ibrahim-Berjashi.jpg 540w, https:\/\/www.visit-ulcinj.com\/blog\/wp-content\/uploads\/2016\/12\/Ibrahim-Berjashi-300x248.jpg 300w\" sizes=\"(max-width: 508px) 100vw, 508px\" \/><\/a>Ish-pun\u00ebtor\u00ebt e nd\u00ebrmarrjeve t\u00eb Kosov\u00ebs, shtetas t\u00eb Malit t\u00eb Zi e qytetar\u00eb t\u00eb Ulqinit, k\u00ebrkojn\u00eb pensionet p\u00ebr vitet e dekadat e pun\u00ebs, atje n\u00eb Kosov\u00eb. Shumica jan\u00eb t\u00eb moshuar, jetojn\u00eb n\u00eb varf\u00ebri ekstreme edhe gjendje t\u00eb r\u00ebnd\u00eb sh\u00ebndet\u00ebsore, disa edhe kan\u00eb vdekur t\u00eb zhgenjyer q\u00eb s\u2019kan\u00eb arritur t\u00eb jet\u00ebsojn\u00eb k\u00ebt\u00eb t\u00eb drejt\u00eb njer\u00ebzore. \u00c7`ka \u00ebsht\u00eb edhe m\u00eb keq, kemi t\u00eb b\u00ebjm\u00eb me emra dhe personalitete t\u00eb spikatura t\u00eb kultur\u00ebs, shkenc\u00ebs, arsimit, gjyqit, administrat\u00ebs n\u00eb Kosov\u00eb edhe te shqiptar\u00ebt n\u00eb Malin e Zi.<\/p>\n<p>Kontributi dhe sakrificat e tyre jan\u00eb t\u00eb pamohueshme mbi mveht\u00ebsimin e Republik\u00ebs s\u00eb Kosov\u00ebs. Ish-pun\u00ebtor\u00ebt e nd\u00ebrmarrjeve t\u00eb Kosov\u00ebs, shtetas t\u00eb Malit t\u00eb Zi kan\u00eb b\u00ebr\u00eb thirrje institucioneve t\u00eb Kosov\u00ebs q\u00eb t\u00eb realizojn\u00eb t\u00eb drejtat e tyre. Ja letra e tyre: Let\u00ebr e hapur kryekuvendarit, Kadri Veselit, kryeministrit, Isa Mustafa dhe ministrit, Arban Abrashi. T\u00eb nd\u00ebruara autoritete t\u00eb Republik\u00ebs s\u00eb Kosov\u00ebs, kemi shum\u00eb konsiderata p\u00ebr p\u00ebrpjekjet q\u00eb po b\u00ebni p\u00ebr t\u00eb nd\u00ebrtuar shtetin demokratik, ligjor dhe evroatlantik. Q\u00eb n\u00eb vitin 2008, kur Kosova u shpall shtet sovran edhe i pavarur, kemi trokitur n\u00eb zyrat e Ministris\u00eb s\u00eb Pun\u00ebs dhe t\u00eb Mir\u00ebqenies Sociale n\u00eb Prishtin\u00eb p\u00ebr t\u00eb marr\u00eb mundin edhe djers\u00ebn ton\u00eb t\u00eb derdhur n\u00eb vitet m\u00eb t\u00eb shtrenjta t\u00eb jet\u00ebs, por kot.<\/p>\n<p>T\u00eb gjith\u00eb zyrtar\u00ebve t\u00eb Republik\u00ebs s\u00eb Kosov\u00ebs, Tha\u00e7it, Kuqit, Tahirit, Brovin\u00ebs, Kurtit, Kurteshit etj t\u00eb cil\u00ebt kan\u00eb vizituar Ulqinin, ua kemi shprehur qart\u00eb e sakt\u00eb shqet\u00ebsimin ton\u00eb. S`ka p\u00ebrgjigje as sot e k\u00ebsaj dite! N\u00eb fund t\u00eb vitit 2014, dy ministrit\u00eb e pun\u00ebs dhe t\u00eb mir\u00ebqenies sociale, t\u00eb Malit t\u00eb Zi e Kosov\u00ebs, kan\u00eb n\u00ebnshkruar nj\u00eb marr\u00ebveshje p\u00ebr njohjen reciproke t\u00eb stazhit p\u00ebr t\u00eb marr\u00eb pensionin minimal p\u00ebr 15 vite me kontribute t\u00eb paguara. Mali i Zi q\u00eb n\u00eb fillim t\u00eb vitit 2015 ka nisur edhe \u00ebsht\u00eb duke implementuar k\u00ebt\u00eb marr\u00ebveshje t\u00eb n\u00ebnshkruar p\u00ebr vitet q\u00eb kan\u00eb punuar n\u00eb k\u00ebt\u00eb shtet, nd\u00ebrsa ato t\u00eb Kosov\u00ebs sh\u00ebrbejn\u00eb vet\u00ebm p\u00ebr t\u00eb plot\u00ebsuar 15- vjet\u00ebshin e marrjes s\u00eb pensionit minimal!? \u201cPra, Mali i Zi,po e kryen obligimin e vet, penges\u00eb \u00ebsht\u00eb Kosova. Qeveria e Republik\u00ebs s\u00eb Kosov\u00ebs, p\u00ebrkat\u00ebsisht Ministria e Pun\u00ebs dhe e Mir\u00ebqenies Sociale na kan\u00eb Borxh pensionet tona\u201d, thot\u00eb Ibrahim Berjashi, kryetar i Shoqat\u00ebs s\u00eb ish- pun\u00ebtor\u00ebve t\u00eb Kosov\u00ebs n\u00eb themelim Ulqin.<\/p>\n<p>Ai tregon se me rastin e takimit n\u00eb majin e k\u00ebtij viti m\u00eb ministrin Abrashi, i informoi se n\u00eb hartim e sip\u00ebr \u00ebsht\u00eb Ligji, i cili kodifikon skemat pensionale. N\u00eb k\u00ebt\u00eb nd\u00ebrlidhje, n\u00eb nj\u00eb atmosfer\u00eb shum\u00eb miq\u00ebsore dhe mir\u00ebkuptimi, kemi pas vazhduar bisedimet me Bahri Xhaferin, drejtor i Departamentit t\u00eb Pensioneve t\u00eb ministris\u00eb p\u00ebrkat\u00ebse. N\u00eb pranin\u00eb edhe t\u00eb k\u00ebshilltar\u00ebve t\u00eb ministrit, Xhaferit ia kemi dor\u00ebzuar e plota p\u00ebr kat\u00ebr pensionist\u00ebt, t\u00eb cil\u00ebt kan\u00eb nga 15 e deri n\u00eb 30 vjet pune n\u00eb nd\u00ebrmarrjet kosovare deri n\u00eb vitin 1999. Drejtori Bahri Xhaferi na pat premtuar se do t\u00eb definojm\u00eb m\u00ebnyr\u00ebn m\u00eb t\u00eb mir\u00eb q\u00eb t\u00eb zgjidhjet \u00e7\u00ebshtja juaj. \u201cNe jemi shum\u00eb t\u00eb pak\u00ebnaqur me zvarritjen e k\u00ebsaj \u00e7\u00ebshtjeje, sepse pensionist\u00ebt me familjet e tyre jan\u00eb n\u00eb nj\u00eb varf\u00ebri t\u00eb skajshme,me gjendje t\u00eb r\u00ebnd\u00eb sh\u00ebndet\u00ebsore pa pasur mund\u00ebsi t\u00eb blejn\u00eb ila\u00e7et e duhura\u201d, tah Berjashi.<\/p>\n<p>Ai shtoi se nga radh\u00ebt tona shum\u00eb veta kan\u00eb vdekur, sepse mesatarja e mosh\u00ebs s\u00eb pensionist\u00ebve kosovar\u00eb n\u00eb Ulqin, p\u00ebrkat\u00ebsisht n\u00eb Mal t\u00eb Zi \u00ebsht\u00eb 62 vjet. Drejtorit Xhaferi n\u00eb fund t\u00eb shtatorit i jemi drejtuar me nj\u00eb let\u00ebr d\u00ebrguar n\u00eb post\u00ebn e tij zartare elektronike,ku nd\u00ebr t\u00eb tjera kemi shkruar: \u201cKan\u00eb kaluar disa muaj nga takimi jon\u00eb q\u00eb kishim n\u00eb ministri. Kemi pritur ndonj\u00eb lajm t\u00eb mir\u00eb, por ende asgje. Ne, pensionist\u00ebt e Kosov\u00ebs n\u00eb Ulqin, shtetas t\u00eb Malit t\u00eb Zi, e vler\u00ebsojm\u00eb (k\u00ebt\u00eb, sh\u00ebnimi yn\u00eb) si nj\u00eb degradim shum\u00eb t\u00eb r\u00ebnd\u00eb edhe antihuman\u201d.<\/p>\n<p>Nuk kemi ku t\u00eb ankohemi, sepse Qeveria e Republik\u00ebs s\u00eb Kosov\u00ebs \u00ebsht\u00eb trash\u00ebgimtare t\u00eb atyre nd\u00ebrmarrjeve ku kemi punuar. Ish punonj\u00ebsit lusin kryetarin e Kuvendit, Kadri Veseli dhe kryeministri, Isa Mustafa, q\u00eb n\u00eb institucionet shtet\u00ebrore brenda k\u00ebtij viti ta zgjidhni \u00e7\u00ebshtjen ton\u00eb, n\u00eb m\u00ebnyr\u00eb ministria respektive t\u00eb nd\u00ebrtoj\u00eb infrastruktur\u00ebn ligjore edhe rreth 60 pensionist\u00ebt e Kosov\u00ebs n\u00eb Ulqin, t\u00eb g\u00ebzojn\u00eb at\u00eb q\u00eb u takon. Nga ana tjet\u00ebr \u201cToskanapres.info\u201d, disa her\u00eb ka shkruar rreth mos zgjidhjes s\u00eb \u00e7\u00ebshtjes s\u00eb pensioneve dhe ministri pati premtuar se do t\u2019i pres pensionist\u00ebt nga Mali i Zi dh e do ta zgjidh \u00e7\u00ebshtjen, por si duket ai nuk ka mbajtur premtimet.<\/p>\n<p><strong>Toskanapres.info<\/strong><\/p>\n","protected":false},"excerpt":{"rendered":"<p>Ish-pun\u00ebtor\u00ebt e nd\u00ebrmarrjeve t\u00eb Kosov\u00ebs, shtetas t\u00eb Malit t\u00eb Zi e qytetar\u00eb t\u00eb Ulqinit, k\u00ebrkojn\u00eb pensionet p\u00ebr vitet e dekadat e pun\u00ebs, atje n\u00eb Kosov\u00eb. Shumica jan\u00eb t\u00eb moshuar, jetojn\u00eb n\u00eb varf\u00ebri ekstreme edhe gjendje t\u00eb r\u00ebnd\u00eb sh\u00ebndet\u00ebsore, disa edhe kan\u00eb vdekur t\u00eb zhgenjyer q\u00eb s\u2019kan\u00eb arritur t\u00eb jet\u00ebsojn\u00eb k\u00ebt\u00eb t\u00eb drejt\u00eb njer\u00ebzore. \u00c7`ka \u00ebsht\u00eb [&hellip;]<\/p>\n","protected":false},"author":1,"featured_media":0,"comment_status":"closed","ping_status":"closed","sticky":false,"template":"","format":"standard","meta":{"spay_email":"","jetpack_publicize_message":"","jetpack_is_tweetstorm":false,"jetpack_publicize_feature_enabled":true},"categories":[12],"tags":[],"jetpack_publicize_connections":[],"yoast_head":"<!-- This site is optimized with the Yoast SEO plugin v19.1 - https:\/\/yoast.com\/wordpress\/plugins\/seo\/ -->\n<title>Berjashi: Mos na diskreditoni ekonomikisht e moralisht! - Lajme nga Ulqini<\/title>\n<meta name=\"description\" content=\"Ish-pun\u00ebtor\u00ebt e nd\u00ebrmarrjeve t\u00eb Kosov\u00ebs, shtetas t\u00eb Malit t\u00eb Zi e qytetar\u00eb t\u00eb Ulqinit, k\u00ebrkojn\u00eb pensionet p\u00ebr vitet e dekadat e pun\u00ebs, atje n\u00eb Kosov\u00eb.\" \/>\n<meta name=\"robots\" content=\"index, follow, max-snippet:-1, max-image-preview:large, max-video-preview:-1\" \/>\n<link rel=\"canonical\" href=\"https:\/\/www.visit-ulcinj.com\/blog\/2016\/12\/22\/berjashi-mos-na-diskreditoni-ekonomikisht-e-moralisht\/\" \/>\n<meta property=\"og:locale\" content=\"en_US\" \/>\n<meta property=\"og:type\" content=\"article\" \/>\n<meta property=\"og:title\" content=\"Berjashi: Mos na diskreditoni ekonomikisht e moralisht! - Lajme nga Ulqini\" \/>\n<meta property=\"og:description\" content=\"Ish-pun\u00ebtor\u00ebt e nd\u00ebrmarrjeve t\u00eb Kosov\u00ebs, shtetas t\u00eb Malit t\u00eb Zi e qytetar\u00eb t\u00eb Ulqinit, k\u00ebrkojn\u00eb pensionet p\u00ebr vitet e dekadat e pun\u00ebs, atje n\u00eb Kosov\u00eb.\" \/>\n<meta property=\"og:url\" content=\"https:\/\/www.visit-ulcinj.com\/blog\/2016\/12\/22\/berjashi-mos-na-diskreditoni-ekonomikisht-e-moralisht\/\" \/>\n<meta property=\"og:site_name\" content=\"Lajme nga Ulqini\" \/>\n<meta property=\"article:published_time\" content=\"2016-12-22T21:01:25+00:00\" \/>\n<meta property=\"og:image\" content=\"http:\/\/www.visit-ulcinj.com\/blog\/wp-content\/uploads\/2016\/12\/Ibrahim-Berjashi.jpg\" \/>\n<meta name=\"twitter:label1\" content=\"Written by\" \/>\n\t<meta name=\"twitter:data1\" content=\"ulqini\" \/>\n\t<meta name=\"twitter:label2\" content=\"Est. reading time\" \/>\n\t<meta name=\"twitter:data2\" content=\"4 minutes\" \/>\n<script type=\"application\/ld+json\" class=\"yoast-schema-graph\">{\"@context\":\"https:\/\/schema.org\",\"@graph\":[{\"@type\":\"WebSite\",\"@id\":\"https:\/\/www.visit-ulcinj.com\/blog\/#website\",\"url\":\"https:\/\/www.visit-ulcinj.com\/blog\/\",\"name\":\"Lajme nga Ulqini\",\"description\":\"Lajme,Vijesti,Ulqini,Ulqin,Crna Gora,Mali i Zi\",\"potentialAction\":[{\"@type\":\"SearchAction\",\"target\":{\"@type\":\"EntryPoint\",\"urlTemplate\":\"https:\/\/www.visit-ulcinj.com\/blog\/?s={search_term_string}\"},\"query-input\":\"required name=search_term_string\"}],\"inLanguage\":\"en-US\"},{\"@type\":\"ImageObject\",\"inLanguage\":\"en-US\",\"@id\":\"https:\/\/www.visit-ulcinj.com\/blog\/2016\/12\/22\/berjashi-mos-na-diskreditoni-ekonomikisht-e-moralisht\/#primaryimage\",\"url\":\"https:\/\/www.visit-ulcinj.com\/blog\/wp-content\/uploads\/2016\/12\/Ibrahim-Berjashi.jpg\",\"contentUrl\":\"https:\/\/www.visit-ulcinj.com\/blog\/wp-content\/uploads\/2016\/12\/Ibrahim-Berjashi.jpg\",\"width\":540,\"height\":447},{\"@type\":\"WebPage\",\"@id\":\"https:\/\/www.visit-ulcinj.com\/blog\/2016\/12\/22\/berjashi-mos-na-diskreditoni-ekonomikisht-e-moralisht\/#webpage\",\"url\":\"https:\/\/www.visit-ulcinj.com\/blog\/2016\/12\/22\/berjashi-mos-na-diskreditoni-ekonomikisht-e-moralisht\/\",\"name\":\"Berjashi: Mos na diskreditoni ekonomikisht e moralisht! - Lajme nga Ulqini\",\"isPartOf\":{\"@id\":\"https:\/\/www.visit-ulcinj.com\/blog\/#website\"},\"primaryImageOfPage\":{\"@id\":\"https:\/\/www.visit-ulcinj.com\/blog\/2016\/12\/22\/berjashi-mos-na-diskreditoni-ekonomikisht-e-moralisht\/#primaryimage\"},\"datePublished\":\"2016-12-22T21:01:25+00:00\",\"dateModified\":\"2016-12-22T21:01:25+00:00\",\"author\":{\"@id\":\"https:\/\/www.visit-ulcinj.com\/blog\/#\/schema\/person\/dcab619c614d3038751c63bc2aadc06d\"},\"description\":\"Ish-pun\u00ebtor\u00ebt e nd\u00ebrmarrjeve t\u00eb Kosov\u00ebs, shtetas t\u00eb Malit t\u00eb Zi e qytetar\u00eb t\u00eb Ulqinit, k\u00ebrkojn\u00eb pensionet p\u00ebr vitet e dekadat e pun\u00ebs, atje n\u00eb Kosov\u00eb.\",\"breadcrumb\":{\"@id\":\"https:\/\/www.visit-ulcinj.com\/blog\/2016\/12\/22\/berjashi-mos-na-diskreditoni-ekonomikisht-e-moralisht\/#breadcrumb\"},\"inLanguage\":\"en-US\",\"potentialAction\":[{\"@type\":\"ReadAction\",\"target\":[\"https:\/\/www.visit-ulcinj.com\/blog\/2016\/12\/22\/berjashi-mos-na-diskreditoni-ekonomikisht-e-moralisht\/\"]}]},{\"@type\":\"BreadcrumbList\",\"@id\":\"https:\/\/www.visit-ulcinj.com\/blog\/2016\/12\/22\/berjashi-mos-na-diskreditoni-ekonomikisht-e-moralisht\/#breadcrumb\",\"itemListElement\":[{\"@type\":\"ListItem\",\"position\":1,\"name\":\"Berjashi: Mos na diskreditoni ekonomikisht e moralisht!\"}]},{\"@type\":\"Person\",\"@id\":\"https:\/\/www.visit-ulcinj.com\/blog\/#\/schema\/person\/dcab619c614d3038751c63bc2aadc06d\",\"name\":\"ulqini\",\"sameAs\":[\"http:\/\/www.visit-ulcinj.com\"],\"url\":\"https:\/\/www.visit-ulcinj.com\/blog\/author\/admin\/\"}]}<\/script>\n<!-- \/ Yoast SEO plugin. -->","yoast_head_json":{"title":"Berjashi: Mos na diskreditoni ekonomikisht e moralisht! - Lajme nga Ulqini","description":"Ish-pun\u00ebtor\u00ebt e nd\u00ebrmarrjeve t\u00eb Kosov\u00ebs, shtetas t\u00eb Malit t\u00eb Zi e qytetar\u00eb t\u00eb Ulqinit, k\u00ebrkojn\u00eb pensionet p\u00ebr vitet e dekadat e pun\u00ebs, atje n\u00eb Kosov\u00eb.","robots":{"index":"index","follow":"follow","max-snippet":"max-snippet:-1","max-image-preview":"max-image-preview:large","max-video-preview":"max-video-preview:-1"},"canonical":"https:\/\/www.visit-ulcinj.com\/blog\/2016\/12\/22\/berjashi-mos-na-diskreditoni-ekonomikisht-e-moralisht\/","og_locale":"en_US","og_type":"article","og_title":"Berjashi: Mos na diskreditoni ekonomikisht e moralisht! - Lajme nga Ulqini","og_description":"Ish-pun\u00ebtor\u00ebt e nd\u00ebrmarrjeve t\u00eb Kosov\u00ebs, shtetas t\u00eb Malit t\u00eb Zi e qytetar\u00eb t\u00eb Ulqinit, k\u00ebrkojn\u00eb pensionet p\u00ebr vitet e dekadat e pun\u00ebs, atje n\u00eb Kosov\u00eb.","og_url":"https:\/\/www.visit-ulcinj.com\/blog\/2016\/12\/22\/berjashi-mos-na-diskreditoni-ekonomikisht-e-moralisht\/","og_site_name":"Lajme nga Ulqini","article_published_time":"2016-12-22T21:01:25+00:00","og_image":[{"url":"http:\/\/www.visit-ulcinj.com\/blog\/wp-content\/uploads\/2016\/12\/Ibrahim-Berjashi.jpg"}],"twitter_misc":{"Written by":"ulqini","Est. reading time":"4 minutes"},"schema":{"@context":"https:\/\/schema.org","@graph":[{"@type":"WebSite","@id":"https:\/\/www.visit-ulcinj.com\/blog\/#website","url":"https:\/\/www.visit-ulcinj.com\/blog\/","name":"Lajme nga Ulqini","description":"Lajme,Vijesti,Ulqini,Ulqin,Crna Gora,Mali i Zi","potentialAction":[{"@type":"SearchAction","target":{"@type":"EntryPoint","urlTemplate":"https:\/\/www.visit-ulcinj.com\/blog\/?s={search_term_string}"},"query-input":"required name=search_term_string"}],"inLanguage":"en-US"},{"@type":"ImageObject","inLanguage":"en-US","@id":"https:\/\/www.visit-ulcinj.com\/blog\/2016\/12\/22\/berjashi-mos-na-diskreditoni-ekonomikisht-e-moralisht\/#primaryimage","url":"https:\/\/www.visit-ulcinj.com\/blog\/wp-content\/uploads\/2016\/12\/Ibrahim-Berjashi.jpg","contentUrl":"https:\/\/www.visit-ulcinj.com\/blog\/wp-content\/uploads\/2016\/12\/Ibrahim-Berjashi.jpg","width":540,"height":447},{"@type":"WebPage","@id":"https:\/\/www.visit-ulcinj.com\/blog\/2016\/12\/22\/berjashi-mos-na-diskreditoni-ekonomikisht-e-moralisht\/#webpage","url":"https:\/\/www.visit-ulcinj.com\/blog\/2016\/12\/22\/berjashi-mos-na-diskreditoni-ekonomikisht-e-moralisht\/","name":"Berjashi: Mos na diskreditoni ekonomikisht e moralisht! - Lajme nga Ulqini","isPartOf":{"@id":"https:\/\/www.visit-ulcinj.com\/blog\/#website"},"primaryImageOfPage":{"@id":"https:\/\/www.visit-ulcinj.com\/blog\/2016\/12\/22\/berjashi-mos-na-diskreditoni-ekonomikisht-e-moralisht\/#primaryimage"},"datePublished":"2016-12-22T21:01:25+00:00","dateModified":"2016-12-22T21:01:25+00:00","author":{"@id":"https:\/\/www.visit-ulcinj.com\/blog\/#\/schema\/person\/dcab619c614d3038751c63bc2aadc06d"},"description":"Ish-pun\u00ebtor\u00ebt e nd\u00ebrmarrjeve t\u00eb Kosov\u00ebs, shtetas t\u00eb Malit t\u00eb Zi e qytetar\u00eb t\u00eb Ulqinit, k\u00ebrkojn\u00eb pensionet p\u00ebr vitet e dekadat e pun\u00ebs, atje n\u00eb Kosov\u00eb.","breadcrumb":{"@id":"https:\/\/www.visit-ulcinj.com\/blog\/2016\/12\/22\/berjashi-mos-na-diskreditoni-ekonomikisht-e-moralisht\/#breadcrumb"},"inLanguage":"en-US","potentialAction":[{"@type":"ReadAction","target":["https:\/\/www.visit-ulcinj.com\/blog\/2016\/12\/22\/berjashi-mos-na-diskreditoni-ekonomikisht-e-moralisht\/"]}]},{"@type":"BreadcrumbList","@id":"https:\/\/www.visit-ulcinj.com\/blog\/2016\/12\/22\/berjashi-mos-na-diskreditoni-ekonomikisht-e-moralisht\/#breadcrumb","itemListElement":[{"@type":"ListItem","position":1,"name":"Berjashi: Mos na diskreditoni ekonomikisht e moralisht!"}]},{"@type":"Person","@id":"https:\/\/www.visit-ulcinj.com\/blog\/#\/schema\/person\/dcab619c614d3038751c63bc2aadc06d","name":"ulqini","sameAs":["http:\/\/www.visit-ulcinj.com"],"url":"https:\/\/www.visit-ulcinj.com\/blog\/author\/admin\/"}]}},"jetpack_featured_media_url":"","jetpack_sharing_enabled":true,"jetpack_shortlink":"https:\/\/wp.me\/pe6lTn-qu3","_links":{"self":[{"href":"https:\/\/www.visit-ulcinj.com\/blog\/wp-json\/wp\/v2\/posts\/101807"}],"collection":[{"href":"https:\/\/www.visit-ulcinj.com\/blog\/wp-json\/wp\/v2\/posts"}],"about":[{"href":"https:\/\/www.visit-ulcinj.com\/blog\/wp-json\/wp\/v2\/types\/post"}],"author":[{"embeddable":true,"href":"https:\/\/www.visit-ulcinj.com\/blog\/wp-json\/wp\/v2\/users\/1"}],"replies":[{"embeddable":true,"href":"https:\/\/www.visit-ulcinj.com\/blog\/wp-json\/wp\/v2\/comments?post=101807"}],"version-history":[{"count":1,"href":"https:\/\/www.visit-ulcinj.com\/blog\/wp-json\/wp\/v2\/posts\/101807\/revisions"}],"predecessor-version":[{"id":101810,"href":"https:\/\/www.visit-ulcinj.com\/blog\/wp-json\/wp\/v2\/posts\/101807\/revisions\/101810"}],"wp:attachment":[{"href":"https:\/\/www.visit-ulcinj.com\/blog\/wp-json\/wp\/v2\/media?parent=101807"}],"wp:term":[{"taxonomy":"category","embeddable":true,"href":"https:\/\/www.visit-ulcinj.com\/blog\/wp-json\/wp\/v2\/categories?post=101807"},{"taxonomy":"post_tag","embeddable":true,"href":"https:\/\/www.visit-ulcinj.com\/blog\/wp-json\/wp\/v2\/tags?post=101807"}],"curies":[{"name":"wp","href":"https:\/\/api.w.org\/{rel}","templated":true}]}}