{"id":101824,"date":"2016-12-23T17:18:55","date_gmt":"2016-12-23T16:18:55","guid":{"rendered":"http:\/\/www.visit-ulcinj.com\/blog\/?p=101824"},"modified":"2016-12-23T17:18:55","modified_gmt":"2016-12-23T16:18:55","slug":"usvojen-program-rada-turisticke-organizacije-ulcinj-za-2017","status":"publish","type":"post","link":"https:\/\/www.visit-ulcinj.com\/blog\/2016\/12\/23\/usvojen-program-rada-turisticke-organizacije-ulcinj-za-2017\/","title":{"rendered":"Usvojen Program rada Turisti\u010dke Organizacije Ulcinj za 2017"},"content":{"rendered":"<p><strong><a href=\"http:\/\/www.visit-ulcinj.com\/blog\/wp-content\/uploads\/2016\/12\/U-miratua-programi-i-ri-operativ-i-OT-ULQIN-ULCINJ-2.jpg\"><img loading=\"lazy\" class=\"alignleft wp-image-101822\" src=\"http:\/\/www.visit-ulcinj.com\/blog\/wp-content\/uploads\/2016\/12\/U-miratua-programi-i-ri-operativ-i-OT-ULQIN-ULCINJ-2.jpg\" alt=\"U miratua programi i ri operativ i OT-ULQIN-ULCINJ-2\" width=\"508\" height=\"381\" srcset=\"https:\/\/www.visit-ulcinj.com\/blog\/wp-content\/uploads\/2016\/12\/U-miratua-programi-i-ri-operativ-i-OT-ULQIN-ULCINJ-2.jpg 824w, https:\/\/www.visit-ulcinj.com\/blog\/wp-content\/uploads\/2016\/12\/U-miratua-programi-i-ri-operativ-i-OT-ULQIN-ULCINJ-2-300x225.jpg 300w, https:\/\/www.visit-ulcinj.com\/blog\/wp-content\/uploads\/2016\/12\/U-miratua-programi-i-ri-operativ-i-OT-ULQIN-ULCINJ-2-768x576.jpg 768w\" sizes=\"(max-width: 508px) 100vw, 508px\" \/><\/a>Saop\u0161tenje povodom sjednice Skup\u0161tine Turisti\u010dke Organizacije <\/strong><\/p>\n<p>Danas je na velikoj Sali Op\u0161tine Ulcinj odr\u017eana sjednica Skup\u0161tine Turisti\u010dke Organizacije Ulcinj u kojoj je usvojen Program rada Turisti\u010dke Organizacije Ulcinj za 2017. godinu uz sugestije \u010dlanova skup\u0161tine.<\/p>\n<p>Tokom prezentacije Godi\u0161njeg plana za 2017. godinu, Direktor Turisti\u010dke Organizacije mr. Fuad Had\u017eibeti je naglasio da o\u010dekuje pobolj\u0161anje u procesu prikupljanja ulaznih sredstava \u0161ta \u0107e i omogu\u0107iti realizaciju planiranih investicija u promociji grada Ulcinja, razvoju kulture, organizovanju raznih manifestacija i festivala, u\u010destvovanje na raznim me\u0111unarodnim sajmovima i investicije u manjim infrastrukturnim projektima u teritoriji Op\u0161tine Ulcinj, sve u cilju kvalitetnog pozicioniranja Ulcinja na me\u0111unarodnom tr\u017ei\u0161tu turizma.<\/p>\n<p>Osim\u00a0 navedenog posebna pa\u017enja posve\u0107ena je smanjenju tro\u0161kova i kori\u0161\u0107enju sredstava na ekonomi\u010dan i efikasan na\u010din \u0161ta su potvrdili i \u010dlanovi izvr\u0161nog odbora. Bitni projekti koji su noviteti Godi\u0161njeg plana za 2017. godinu su izgradnja vidikovaca u \u0160tegva\u0161u i Mavrijanu, izgradnja teretane u prirodi, organizacija dana Servantesa, manifestaciji \u201eSvi za turizam\u201c dodata je manifestacija \u201eDani Ulcinjskog Kulinarstva\u201c i jo\u0161 mnogo drugih manifestacija i festivala u saradnji sa Centrom za Kulturu, Op\u0161tinom Ulcinj i drugim nevladinim organizacijama u cilju realizacije bitnih projekata za 2017. godinu.<\/p>\n<p>Sjednicom je predsjedavao predsjednik Cungu, koji je izme\u0111u ostalog naglasio da se tokom 2017. godine o\u010dekuje realizacija bitnih infrastrukturnih projekata za razvoj turizma u na\u0161em gradu i dodao da su ve\u0107 prvi preuzeti prvi koraci u cilju vra\u0107enja Njema\u010dkih tur-operatora u Op\u0161tini Ulcinj. Predsjednik Cungu je potvrdio da \u0107e Op\u0161tina Ulcinj posvetiti posebnu pa\u017enju saradnji sa privatnim sektorom u cilju stvaranja adekvatne strategije za razvoj grada i na to je jo\u0161 dodao da se o\u010dekuju intenzivnije aktivnosti u procesu prikupljanja boravi\u0161ne takse kako bi se investiralo u razvoj elitnog turizma.<\/p>\n<p><a href=\"http:\/\/www.visit-ulcinj.com\/blog\/wp-content\/uploads\/2016\/12\/U-miratua-programi-i-ri-operativ-i-OT-ULQIN-ULCINJ-1.jpg\"><img loading=\"lazy\" class=\"alignleft wp-image-101821\" src=\"http:\/\/www.visit-ulcinj.com\/blog\/wp-content\/uploads\/2016\/12\/U-miratua-programi-i-ri-operativ-i-OT-ULQIN-ULCINJ-1.jpg\" alt=\"U miratua programi i ri operativ i OT-ULQIN-ULCINJ-1\" width=\"508\" height=\"381\" srcset=\"https:\/\/www.visit-ulcinj.com\/blog\/wp-content\/uploads\/2016\/12\/U-miratua-programi-i-ri-operativ-i-OT-ULQIN-ULCINJ-1.jpg 824w, https:\/\/www.visit-ulcinj.com\/blog\/wp-content\/uploads\/2016\/12\/U-miratua-programi-i-ri-operativ-i-OT-ULQIN-ULCINJ-1-300x225.jpg 300w, https:\/\/www.visit-ulcinj.com\/blog\/wp-content\/uploads\/2016\/12\/U-miratua-programi-i-ri-operativ-i-OT-ULQIN-ULCINJ-1-768x576.jpg 768w\" sizes=\"(max-width: 508px) 100vw, 508px\" \/><\/a><\/p>\n","protected":false},"excerpt":{"rendered":"<p>Saop\u0161tenje povodom sjednice Skup\u0161tine Turisti\u010dke Organizacije Danas je na velikoj Sali Op\u0161tine Ulcinj odr\u017eana sjednica Skup\u0161tine Turisti\u010dke Organizacije Ulcinj u kojoj je usvojen Program rada Turisti\u010dke Organizacije Ulcinj za 2017. godinu uz sugestije \u010dlanova skup\u0161tine. Tokom prezentacije Godi\u0161njeg plana za 2017. godinu, Direktor Turisti\u010dke Organizacije mr. Fuad Had\u017eibeti je naglasio da o\u010dekuje pobolj\u0161anje u procesu [&hellip;]<\/p>\n","protected":false},"author":1,"featured_media":0,"comment_status":"closed","ping_status":"closed","sticky":false,"template":"","format":"standard","meta":{"spay_email":"","jetpack_publicize_message":"","jetpack_is_tweetstorm":false,"jetpack_publicize_feature_enabled":true},"categories":[8337],"tags":[],"jetpack_publicize_connections":[],"yoast_head":"<!-- This site is optimized with the Yoast SEO plugin v19.1 - https:\/\/yoast.com\/wordpress\/plugins\/seo\/ -->\n<title>Usvojen Program rada Turisti\u010dke Organizacije Ulcinj za 2017 - Lajme nga Ulqini<\/title>\n<meta name=\"description\" content=\"Saop\u0161tenje povodom sjednice Skup\u0161tine Turisti\u010dke Organizacije Danas je na velikoj Sali Op\u0161tine Ulcinj odr\u017eana sjednica Skup\u0161tine Turisti\u010dke Organizacije\" \/>\n<meta name=\"robots\" content=\"index, follow, max-snippet:-1, max-image-preview:large, max-video-preview:-1\" \/>\n<link rel=\"canonical\" href=\"https:\/\/www.visit-ulcinj.com\/blog\/2016\/12\/23\/usvojen-program-rada-turisticke-organizacije-ulcinj-za-2017\/\" \/>\n<meta property=\"og:locale\" content=\"en_US\" \/>\n<meta property=\"og:type\" content=\"article\" \/>\n<meta property=\"og:title\" content=\"Usvojen Program rada Turisti\u010dke Organizacije Ulcinj za 2017 - Lajme nga Ulqini\" \/>\n<meta property=\"og:description\" content=\"Saop\u0161tenje povodom sjednice Skup\u0161tine Turisti\u010dke Organizacije Danas je na velikoj Sali Op\u0161tine Ulcinj odr\u017eana sjednica Skup\u0161tine Turisti\u010dke Organizacije\" \/>\n<meta property=\"og:url\" content=\"https:\/\/www.visit-ulcinj.com\/blog\/2016\/12\/23\/usvojen-program-rada-turisticke-organizacije-ulcinj-za-2017\/\" \/>\n<meta property=\"og:site_name\" content=\"Lajme nga Ulqini\" \/>\n<meta property=\"article:published_time\" content=\"2016-12-23T16:18:55+00:00\" \/>\n<meta property=\"og:image\" content=\"http:\/\/www.visit-ulcinj.com\/blog\/wp-content\/uploads\/2016\/12\/U-miratua-programi-i-ri-operativ-i-OT-ULQIN-ULCINJ-2.jpg\" \/>\n<meta name=\"twitter:label1\" content=\"Written by\" \/>\n\t<meta name=\"twitter:data1\" content=\"ulqini\" \/>\n\t<meta name=\"twitter:label2\" content=\"Est. reading time\" \/>\n\t<meta name=\"twitter:data2\" content=\"2 minutes\" \/>\n<script type=\"application\/ld+json\" class=\"yoast-schema-graph\">{\"@context\":\"https:\/\/schema.org\",\"@graph\":[{\"@type\":\"WebSite\",\"@id\":\"https:\/\/www.visit-ulcinj.com\/blog\/#website\",\"url\":\"https:\/\/www.visit-ulcinj.com\/blog\/\",\"name\":\"Lajme nga Ulqini\",\"description\":\"Lajme,Vijesti,Ulqini,Ulqin,Crna Gora,Mali i Zi\",\"potentialAction\":[{\"@type\":\"SearchAction\",\"target\":{\"@type\":\"EntryPoint\",\"urlTemplate\":\"https:\/\/www.visit-ulcinj.com\/blog\/?s={search_term_string}\"},\"query-input\":\"required name=search_term_string\"}],\"inLanguage\":\"en-US\"},{\"@type\":\"ImageObject\",\"inLanguage\":\"en-US\",\"@id\":\"https:\/\/www.visit-ulcinj.com\/blog\/2016\/12\/23\/usvojen-program-rada-turisticke-organizacije-ulcinj-za-2017\/#primaryimage\",\"url\":\"https:\/\/www.visit-ulcinj.com\/blog\/wp-content\/uploads\/2016\/12\/U-miratua-programi-i-ri-operativ-i-OT-ULQIN-ULCINJ-2.jpg\",\"contentUrl\":\"https:\/\/www.visit-ulcinj.com\/blog\/wp-content\/uploads\/2016\/12\/U-miratua-programi-i-ri-operativ-i-OT-ULQIN-ULCINJ-2.jpg\",\"width\":824,\"height\":618},{\"@type\":\"WebPage\",\"@id\":\"https:\/\/www.visit-ulcinj.com\/blog\/2016\/12\/23\/usvojen-program-rada-turisticke-organizacije-ulcinj-za-2017\/#webpage\",\"url\":\"https:\/\/www.visit-ulcinj.com\/blog\/2016\/12\/23\/usvojen-program-rada-turisticke-organizacije-ulcinj-za-2017\/\",\"name\":\"Usvojen Program rada Turisti\u010dke Organizacije Ulcinj za 2017 - Lajme nga Ulqini\",\"isPartOf\":{\"@id\":\"https:\/\/www.visit-ulcinj.com\/blog\/#website\"},\"primaryImageOfPage\":{\"@id\":\"https:\/\/www.visit-ulcinj.com\/blog\/2016\/12\/23\/usvojen-program-rada-turisticke-organizacije-ulcinj-za-2017\/#primaryimage\"},\"datePublished\":\"2016-12-23T16:18:55+00:00\",\"dateModified\":\"2016-12-23T16:18:55+00:00\",\"author\":{\"@id\":\"https:\/\/www.visit-ulcinj.com\/blog\/#\/schema\/person\/dcab619c614d3038751c63bc2aadc06d\"},\"description\":\"Saop\u0161tenje povodom sjednice Skup\u0161tine Turisti\u010dke Organizacije Danas je na velikoj Sali Op\u0161tine Ulcinj odr\u017eana sjednica Skup\u0161tine Turisti\u010dke Organizacije\",\"breadcrumb\":{\"@id\":\"https:\/\/www.visit-ulcinj.com\/blog\/2016\/12\/23\/usvojen-program-rada-turisticke-organizacije-ulcinj-za-2017\/#breadcrumb\"},\"inLanguage\":\"en-US\",\"potentialAction\":[{\"@type\":\"ReadAction\",\"target\":[\"https:\/\/www.visit-ulcinj.com\/blog\/2016\/12\/23\/usvojen-program-rada-turisticke-organizacije-ulcinj-za-2017\/\"]}]},{\"@type\":\"BreadcrumbList\",\"@id\":\"https:\/\/www.visit-ulcinj.com\/blog\/2016\/12\/23\/usvojen-program-rada-turisticke-organizacije-ulcinj-za-2017\/#breadcrumb\",\"itemListElement\":[{\"@type\":\"ListItem\",\"position\":1,\"name\":\"Usvojen Program rada Turisti\u010dke Organizacije Ulcinj za 2017\"}]},{\"@type\":\"Person\",\"@id\":\"https:\/\/www.visit-ulcinj.com\/blog\/#\/schema\/person\/dcab619c614d3038751c63bc2aadc06d\",\"name\":\"ulqini\",\"sameAs\":[\"http:\/\/www.visit-ulcinj.com\"],\"url\":\"https:\/\/www.visit-ulcinj.com\/blog\/author\/admin\/\"}]}<\/script>\n<!-- \/ Yoast SEO plugin. -->","yoast_head_json":{"title":"Usvojen Program rada Turisti\u010dke Organizacije Ulcinj za 2017 - Lajme nga Ulqini","description":"Saop\u0161tenje povodom sjednice Skup\u0161tine Turisti\u010dke Organizacije Danas je na velikoj Sali Op\u0161tine Ulcinj odr\u017eana sjednica Skup\u0161tine Turisti\u010dke Organizacije","robots":{"index":"index","follow":"follow","max-snippet":"max-snippet:-1","max-image-preview":"max-image-preview:large","max-video-preview":"max-video-preview:-1"},"canonical":"https:\/\/www.visit-ulcinj.com\/blog\/2016\/12\/23\/usvojen-program-rada-turisticke-organizacije-ulcinj-za-2017\/","og_locale":"en_US","og_type":"article","og_title":"Usvojen Program rada Turisti\u010dke Organizacije Ulcinj za 2017 - Lajme nga Ulqini","og_description":"Saop\u0161tenje povodom sjednice Skup\u0161tine Turisti\u010dke Organizacije Danas je na velikoj Sali Op\u0161tine Ulcinj odr\u017eana sjednica Skup\u0161tine Turisti\u010dke Organizacije","og_url":"https:\/\/www.visit-ulcinj.com\/blog\/2016\/12\/23\/usvojen-program-rada-turisticke-organizacije-ulcinj-za-2017\/","og_site_name":"Lajme nga Ulqini","article_published_time":"2016-12-23T16:18:55+00:00","og_image":[{"url":"http:\/\/www.visit-ulcinj.com\/blog\/wp-content\/uploads\/2016\/12\/U-miratua-programi-i-ri-operativ-i-OT-ULQIN-ULCINJ-2.jpg"}],"twitter_misc":{"Written by":"ulqini","Est. reading time":"2 minutes"},"schema":{"@context":"https:\/\/schema.org","@graph":[{"@type":"WebSite","@id":"https:\/\/www.visit-ulcinj.com\/blog\/#website","url":"https:\/\/www.visit-ulcinj.com\/blog\/","name":"Lajme nga Ulqini","description":"Lajme,Vijesti,Ulqini,Ulqin,Crna Gora,Mali i Zi","potentialAction":[{"@type":"SearchAction","target":{"@type":"EntryPoint","urlTemplate":"https:\/\/www.visit-ulcinj.com\/blog\/?s={search_term_string}"},"query-input":"required name=search_term_string"}],"inLanguage":"en-US"},{"@type":"ImageObject","inLanguage":"en-US","@id":"https:\/\/www.visit-ulcinj.com\/blog\/2016\/12\/23\/usvojen-program-rada-turisticke-organizacije-ulcinj-za-2017\/#primaryimage","url":"https:\/\/www.visit-ulcinj.com\/blog\/wp-content\/uploads\/2016\/12\/U-miratua-programi-i-ri-operativ-i-OT-ULQIN-ULCINJ-2.jpg","contentUrl":"https:\/\/www.visit-ulcinj.com\/blog\/wp-content\/uploads\/2016\/12\/U-miratua-programi-i-ri-operativ-i-OT-ULQIN-ULCINJ-2.jpg","width":824,"height":618},{"@type":"WebPage","@id":"https:\/\/www.visit-ulcinj.com\/blog\/2016\/12\/23\/usvojen-program-rada-turisticke-organizacije-ulcinj-za-2017\/#webpage","url":"https:\/\/www.visit-ulcinj.com\/blog\/2016\/12\/23\/usvojen-program-rada-turisticke-organizacije-ulcinj-za-2017\/","name":"Usvojen Program rada Turisti\u010dke Organizacije Ulcinj za 2017 - Lajme nga Ulqini","isPartOf":{"@id":"https:\/\/www.visit-ulcinj.com\/blog\/#website"},"primaryImageOfPage":{"@id":"https:\/\/www.visit-ulcinj.com\/blog\/2016\/12\/23\/usvojen-program-rada-turisticke-organizacije-ulcinj-za-2017\/#primaryimage"},"datePublished":"2016-12-23T16:18:55+00:00","dateModified":"2016-12-23T16:18:55+00:00","author":{"@id":"https:\/\/www.visit-ulcinj.com\/blog\/#\/schema\/person\/dcab619c614d3038751c63bc2aadc06d"},"description":"Saop\u0161tenje povodom sjednice Skup\u0161tine Turisti\u010dke Organizacije Danas je na velikoj Sali Op\u0161tine Ulcinj odr\u017eana sjednica Skup\u0161tine Turisti\u010dke Organizacije","breadcrumb":{"@id":"https:\/\/www.visit-ulcinj.com\/blog\/2016\/12\/23\/usvojen-program-rada-turisticke-organizacije-ulcinj-za-2017\/#breadcrumb"},"inLanguage":"en-US","potentialAction":[{"@type":"ReadAction","target":["https:\/\/www.visit-ulcinj.com\/blog\/2016\/12\/23\/usvojen-program-rada-turisticke-organizacije-ulcinj-za-2017\/"]}]},{"@type":"BreadcrumbList","@id":"https:\/\/www.visit-ulcinj.com\/blog\/2016\/12\/23\/usvojen-program-rada-turisticke-organizacije-ulcinj-za-2017\/#breadcrumb","itemListElement":[{"@type":"ListItem","position":1,"name":"Usvojen Program rada Turisti\u010dke Organizacije Ulcinj za 2017"}]},{"@type":"Person","@id":"https:\/\/www.visit-ulcinj.com\/blog\/#\/schema\/person\/dcab619c614d3038751c63bc2aadc06d","name":"ulqini","sameAs":["http:\/\/www.visit-ulcinj.com"],"url":"https:\/\/www.visit-ulcinj.com\/blog\/author\/admin\/"}]}},"jetpack_featured_media_url":"","jetpack_sharing_enabled":true,"jetpack_shortlink":"https:\/\/wp.me\/pe6lTn-quk","_links":{"self":[{"href":"https:\/\/www.visit-ulcinj.com\/blog\/wp-json\/wp\/v2\/posts\/101824"}],"collection":[{"href":"https:\/\/www.visit-ulcinj.com\/blog\/wp-json\/wp\/v2\/posts"}],"about":[{"href":"https:\/\/www.visit-ulcinj.com\/blog\/wp-json\/wp\/v2\/types\/post"}],"author":[{"embeddable":true,"href":"https:\/\/www.visit-ulcinj.com\/blog\/wp-json\/wp\/v2\/users\/1"}],"replies":[{"embeddable":true,"href":"https:\/\/www.visit-ulcinj.com\/blog\/wp-json\/wp\/v2\/comments?post=101824"}],"version-history":[{"count":1,"href":"https:\/\/www.visit-ulcinj.com\/blog\/wp-json\/wp\/v2\/posts\/101824\/revisions"}],"predecessor-version":[{"id":101825,"href":"https:\/\/www.visit-ulcinj.com\/blog\/wp-json\/wp\/v2\/posts\/101824\/revisions\/101825"}],"wp:attachment":[{"href":"https:\/\/www.visit-ulcinj.com\/blog\/wp-json\/wp\/v2\/media?parent=101824"}],"wp:term":[{"taxonomy":"category","embeddable":true,"href":"https:\/\/www.visit-ulcinj.com\/blog\/wp-json\/wp\/v2\/categories?post=101824"},{"taxonomy":"post_tag","embeddable":true,"href":"https:\/\/www.visit-ulcinj.com\/blog\/wp-json\/wp\/v2\/tags?post=101824"}],"curies":[{"name":"wp","href":"https:\/\/api.w.org\/{rel}","templated":true}]}}