{"id":101835,"date":"2016-12-24T14:55:41","date_gmt":"2016-12-24T13:55:41","guid":{"rendered":"http:\/\/www.visit-ulcinj.com\/blog\/?p=101835"},"modified":"2016-12-25T18:46:05","modified_gmt":"2016-12-25T17:46:05","slug":"bregdeti-ulqinit-ne-kantier-ndertimi-cungu-rrit-kompetencat-objektet-shemben","status":"publish","type":"post","link":"https:\/\/www.visit-ulcinj.com\/blog\/2016\/12\/24\/bregdeti-ulqinit-ne-kantier-ndertimi-cungu-rrit-kompetencat-objektet-shemben\/","title":{"rendered":"Bregdeti Ulqinit n\u00eb kantier nd\u00ebrtimi, Cungu i rrit kompetencat, objektet do shemben"},"content":{"rendered":"<p><strong><span class=\"st\"><a href=\"http:\/\/www.visit-ulcinj.com\/blog\/wp-content\/uploads\/2016\/12\/N\u00eb-Ulqin-shemben-ndertimet-pa-leje.jpg\"><img loading=\"lazy\" class=\"alignleft wp-image-101836\" src=\"http:\/\/www.visit-ulcinj.com\/blog\/wp-content\/uploads\/2016\/12\/N\u00eb-Ulqin-shemben-ndertimet-pa-leje.jpg\" alt=\"N\u00eb Ulqin-shemben ndertimet pa leje\" width=\"508\" height=\"291\" srcset=\"https:\/\/www.visit-ulcinj.com\/blog\/wp-content\/uploads\/2016\/12\/N\u00eb-Ulqin-shemben-ndertimet-pa-leje.jpg 680w, https:\/\/www.visit-ulcinj.com\/blog\/wp-content\/uploads\/2016\/12\/N\u00eb-Ulqin-shemben-ndertimet-pa-leje-300x172.jpg 300w\" sizes=\"(max-width: 508px) 100vw, 508px\" \/><\/a>Komuna e Ulqinit merr vendimin nga qeveria saj\u00eb n\u00eb nd\u00ebrhyrje p\u00ebr nd\u00ebrtimet q\u00eb shkeljin ligjin n\u00eb t\u00eb gjith\u00eb territorin e saj\u00eb. K\u00ebsaj here inspektorati do t\u00eb veproj\u00eb me dor\u00eb t\u00eb fort\u00eb.<\/span><\/strong><\/p>\n<p><strong>Paralajm\u00ebrohen masa rigoroze p\u00ebr ndalimin e nd\u00ebrtimit t\u00eb eg\u00ebr<\/strong><\/p>\n<div class=\"text\">\n<p>N\u00eb iniciativ\u00eb t\u00eb kryetarit t\u00eb Komun\u00ebs s\u00eb Ulqinit\u00a0z. Nazif\u00a0 Cungu, u organizua takimi ku n\u00eb fokus\u00a0ishte\u00a0nd\u00ebrtimi\u00a0 jolegal\u00a0n\u00eb territorin e komun\u00ebs s\u00eb Ulqinit.<\/p>\n<p>Pjes\u00ebmarr\u00ebsit e takimit\u00a0theksuan q\u00eb kjo\u00a0dukuri n\u00eb\u00a0komun\u00ebn ton\u00eb\u00a0p\u00ebrs\u00ebritet\u00a0prej vitesh, andaj duhet nd\u00ebrprer\u00eb me k\u00ebt\u00eb praktik\u00eb\u00a0dhe ajo t\u00eb\u00a0vihet n\u00eb suaza ligjore tha n\u00ebnkryetarja Hadixha Gjoni. Sipas\u00a0Biljana Jakiq,\u00a0ndihm\u00ebs drejtoresh\u00eb n\u00eb Drejtorin\u00eb\u00a0p\u00ebr \u00e7\u00ebshtje t\u00eb inspeksionit\u00a0kjo\u00a0dukuri\u00a0vjen si pasoj\u00eb\u00a0e muges\u00ebs s\u00eb\u00a0dokumentacionit planimetrik.<\/p>\n<p>Ligji p\u00ebr legalizimin e objekteve q\u00eb do t\u00eb filloj\u00eb t\u00eb\u00a0implementohet ne mars t\u00eb vitit t\u00eb ardhesh\u00ebm\u00a0ka\u00a0p\u00ebr synim\u00a0q\u00eb kjo dukuri t\u00eb nd\u00ebrpritet\u00a0n\u00ebnvizoi ajo. Mendim t\u00eb ngjash\u00ebm shprehu dhe Inspektori\u00a0Hajredin Osmanoviq\u00a0sipas t\u00eb cilit n\u00eb nd\u00ebrtimin e eg\u00ebr p\u00ebr momentin kryeson Shtoji\u00a0i cili nuk \u00ebsht\u00eb i mbuluar me plane p\u00ebrkatese.<\/p>\n<p>Pjes\u00ebmarr\u00ebsit e takimit\u00a0insistuan\u00a0p\u00ebr nj\u00eb\u00a0bashk\u00ebpunim t\u00eb nd\u00ebrsjellt\u00eb nd\u00ebrmjet organeve komunale, Drejtoris\u00eb s\u00eb inspeksionit,\u00a0Drejtoris\u00eb s\u00eb policis\u00eb, Prokuroris\u00eb\u00a0dhe\u00a0Gjykat\u00ebs.<\/p>\n<p>Po ashtu\u00a0u konstatua q\u00eb nd\u00ebrtimi i eg\u00ebr\u00a0n\u00eb komun\u00ebn ton\u00eb \u00ebsht\u00eb\u00a0prezent edhe n\u00eb\u00a0zonat q\u00eb jan\u00eb t\u00eb mbuluar me plane, dhe n\u00eb\u00a0zon\u00ebn e t\u00eb mirave detare.<\/p>\n<p>\u00cbsht\u00eb obligim i komun\u00ebs q\u00eb sa m\u00eb par\u00eb\u00a0t\u00eb mbuloj\u00eb me plane\u00a0pjes\u00eb t\u00eb tjera t\u00eb komun\u00ebs s\u00eb Ulqinit, nd\u00ebrsa\u00a0Drejtoria p\u00ebr \u00e7\u00ebshtje t\u00eb inspeksionit\u00a0t\u00eb nd\u00ebrrmar\u00eb masa\u00a0adekuate\u00a0q\u00eb t\u00eb nd\u00ebrpres\u00eb k\u00ebt\u00eb dukuri.<\/p>\n<\/div>\n","protected":false},"excerpt":{"rendered":"<p>Komuna e Ulqinit merr vendimin nga qeveria saj\u00eb n\u00eb nd\u00ebrhyrje p\u00ebr nd\u00ebrtimet q\u00eb shkeljin ligjin n\u00eb t\u00eb gjith\u00eb territorin e saj\u00eb. K\u00ebsaj here inspektorati do t\u00eb veproj\u00eb me dor\u00eb t\u00eb fort\u00eb. Paralajm\u00ebrohen masa rigoroze p\u00ebr ndalimin e nd\u00ebrtimit t\u00eb eg\u00ebr N\u00eb iniciativ\u00eb t\u00eb kryetarit t\u00eb Komun\u00ebs s\u00eb Ulqinit\u00a0z. Nazif\u00a0 Cungu, u organizua takimi ku n\u00eb [&hellip;]<\/p>\n","protected":false},"author":1,"featured_media":0,"comment_status":"closed","ping_status":"closed","sticky":false,"template":"","format":"standard","meta":{"spay_email":"","jetpack_publicize_message":"","jetpack_is_tweetstorm":false,"jetpack_publicize_feature_enabled":true},"categories":[1,11],"tags":[],"jetpack_publicize_connections":[],"yoast_head":"<!-- This site is optimized with the Yoast SEO plugin v19.1 - https:\/\/yoast.com\/wordpress\/plugins\/seo\/ -->\n<title>Bregdeti Ulqinit n\u00eb kantier nd\u00ebrtimi, Cungu i rrit kompetencat, objektet do shemben - Lajme nga Ulqini<\/title>\n<meta name=\"description\" content=\"Komuna e Ulqinit merr vendimin nga qeveria saj\u00eb n\u00eb nd\u00ebrhyrje p\u00ebr nd\u00ebrtimet q\u00eb shkeljin ligjin n\u00eb t\u00eb gjith\u00eb territorin e saj\u00eb. K\u00ebsaj here inspektorati do\" \/>\n<meta name=\"robots\" content=\"index, follow, max-snippet:-1, max-image-preview:large, max-video-preview:-1\" \/>\n<link rel=\"canonical\" href=\"https:\/\/www.visit-ulcinj.com\/blog\/2016\/12\/24\/bregdeti-ulqinit-ne-kantier-ndertimi-cungu-rrit-kompetencat-objektet-shemben\/\" \/>\n<meta property=\"og:locale\" content=\"en_US\" \/>\n<meta property=\"og:type\" content=\"article\" \/>\n<meta property=\"og:title\" content=\"Bregdeti Ulqinit n\u00eb kantier nd\u00ebrtimi, Cungu i rrit kompetencat, objektet do shemben - Lajme nga Ulqini\" \/>\n<meta property=\"og:description\" content=\"Komuna e Ulqinit merr vendimin nga qeveria saj\u00eb n\u00eb nd\u00ebrhyrje p\u00ebr nd\u00ebrtimet q\u00eb shkeljin ligjin n\u00eb t\u00eb gjith\u00eb territorin e saj\u00eb. K\u00ebsaj here inspektorati do\" \/>\n<meta property=\"og:url\" content=\"https:\/\/www.visit-ulcinj.com\/blog\/2016\/12\/24\/bregdeti-ulqinit-ne-kantier-ndertimi-cungu-rrit-kompetencat-objektet-shemben\/\" \/>\n<meta property=\"og:site_name\" content=\"Lajme nga Ulqini\" \/>\n<meta property=\"article:published_time\" content=\"2016-12-24T13:55:41+00:00\" \/>\n<meta property=\"article:modified_time\" content=\"2016-12-25T17:46:05+00:00\" \/>\n<meta name=\"twitter:label1\" content=\"Written by\" \/>\n\t<meta name=\"twitter:data1\" content=\"ulqini\" \/>\n\t<meta name=\"twitter:label2\" content=\"Est. reading time\" \/>\n\t<meta name=\"twitter:data2\" content=\"2 minutes\" \/>\n<script type=\"application\/ld+json\" class=\"yoast-schema-graph\">{\"@context\":\"https:\/\/schema.org\",\"@graph\":[{\"@type\":\"WebSite\",\"@id\":\"https:\/\/www.visit-ulcinj.com\/blog\/#website\",\"url\":\"https:\/\/www.visit-ulcinj.com\/blog\/\",\"name\":\"Lajme nga Ulqini\",\"description\":\"Lajme,Vijesti,Ulqini,Ulqin,Crna Gora,Mali i Zi\",\"potentialAction\":[{\"@type\":\"SearchAction\",\"target\":{\"@type\":\"EntryPoint\",\"urlTemplate\":\"https:\/\/www.visit-ulcinj.com\/blog\/?s={search_term_string}\"},\"query-input\":\"required name=search_term_string\"}],\"inLanguage\":\"en-US\"},{\"@type\":\"WebPage\",\"@id\":\"https:\/\/www.visit-ulcinj.com\/blog\/2016\/12\/24\/bregdeti-ulqinit-ne-kantier-ndertimi-cungu-rrit-kompetencat-objektet-shemben\/#webpage\",\"url\":\"https:\/\/www.visit-ulcinj.com\/blog\/2016\/12\/24\/bregdeti-ulqinit-ne-kantier-ndertimi-cungu-rrit-kompetencat-objektet-shemben\/\",\"name\":\"Bregdeti Ulqinit n\u00eb kantier nd\u00ebrtimi, Cungu i rrit kompetencat, objektet do shemben - Lajme nga Ulqini\",\"isPartOf\":{\"@id\":\"https:\/\/www.visit-ulcinj.com\/blog\/#website\"},\"datePublished\":\"2016-12-24T13:55:41+00:00\",\"dateModified\":\"2016-12-25T17:46:05+00:00\",\"author\":{\"@id\":\"https:\/\/www.visit-ulcinj.com\/blog\/#\/schema\/person\/dcab619c614d3038751c63bc2aadc06d\"},\"description\":\"Komuna e Ulqinit merr vendimin nga qeveria saj\u00eb n\u00eb nd\u00ebrhyrje p\u00ebr nd\u00ebrtimet q\u00eb shkeljin ligjin n\u00eb t\u00eb gjith\u00eb territorin e saj\u00eb. K\u00ebsaj here inspektorati do\",\"breadcrumb\":{\"@id\":\"https:\/\/www.visit-ulcinj.com\/blog\/2016\/12\/24\/bregdeti-ulqinit-ne-kantier-ndertimi-cungu-rrit-kompetencat-objektet-shemben\/#breadcrumb\"},\"inLanguage\":\"en-US\",\"potentialAction\":[{\"@type\":\"ReadAction\",\"target\":[\"https:\/\/www.visit-ulcinj.com\/blog\/2016\/12\/24\/bregdeti-ulqinit-ne-kantier-ndertimi-cungu-rrit-kompetencat-objektet-shemben\/\"]}]},{\"@type\":\"BreadcrumbList\",\"@id\":\"https:\/\/www.visit-ulcinj.com\/blog\/2016\/12\/24\/bregdeti-ulqinit-ne-kantier-ndertimi-cungu-rrit-kompetencat-objektet-shemben\/#breadcrumb\",\"itemListElement\":[{\"@type\":\"ListItem\",\"position\":1,\"name\":\"Bregdeti Ulqinit n\u00eb kantier nd\u00ebrtimi, Cungu i rrit kompetencat, objektet do shemben\"}]},{\"@type\":\"Person\",\"@id\":\"https:\/\/www.visit-ulcinj.com\/blog\/#\/schema\/person\/dcab619c614d3038751c63bc2aadc06d\",\"name\":\"ulqini\",\"sameAs\":[\"http:\/\/www.visit-ulcinj.com\"],\"url\":\"https:\/\/www.visit-ulcinj.com\/blog\/author\/admin\/\"}]}<\/script>\n<!-- \/ Yoast SEO plugin. -->","yoast_head_json":{"title":"Bregdeti Ulqinit n\u00eb kantier nd\u00ebrtimi, Cungu i rrit kompetencat, objektet do shemben - Lajme nga Ulqini","description":"Komuna e Ulqinit merr vendimin nga qeveria saj\u00eb n\u00eb nd\u00ebrhyrje p\u00ebr nd\u00ebrtimet q\u00eb shkeljin ligjin n\u00eb t\u00eb gjith\u00eb territorin e saj\u00eb. K\u00ebsaj here inspektorati do","robots":{"index":"index","follow":"follow","max-snippet":"max-snippet:-1","max-image-preview":"max-image-preview:large","max-video-preview":"max-video-preview:-1"},"canonical":"https:\/\/www.visit-ulcinj.com\/blog\/2016\/12\/24\/bregdeti-ulqinit-ne-kantier-ndertimi-cungu-rrit-kompetencat-objektet-shemben\/","og_locale":"en_US","og_type":"article","og_title":"Bregdeti Ulqinit n\u00eb kantier nd\u00ebrtimi, Cungu i rrit kompetencat, objektet do shemben - Lajme nga Ulqini","og_description":"Komuna e Ulqinit merr vendimin nga qeveria saj\u00eb n\u00eb nd\u00ebrhyrje p\u00ebr nd\u00ebrtimet q\u00eb shkeljin ligjin n\u00eb t\u00eb gjith\u00eb territorin e saj\u00eb. K\u00ebsaj here inspektorati do","og_url":"https:\/\/www.visit-ulcinj.com\/blog\/2016\/12\/24\/bregdeti-ulqinit-ne-kantier-ndertimi-cungu-rrit-kompetencat-objektet-shemben\/","og_site_name":"Lajme nga Ulqini","article_published_time":"2016-12-24T13:55:41+00:00","article_modified_time":"2016-12-25T17:46:05+00:00","twitter_misc":{"Written by":"ulqini","Est. reading time":"2 minutes"},"schema":{"@context":"https:\/\/schema.org","@graph":[{"@type":"WebSite","@id":"https:\/\/www.visit-ulcinj.com\/blog\/#website","url":"https:\/\/www.visit-ulcinj.com\/blog\/","name":"Lajme nga Ulqini","description":"Lajme,Vijesti,Ulqini,Ulqin,Crna Gora,Mali i Zi","potentialAction":[{"@type":"SearchAction","target":{"@type":"EntryPoint","urlTemplate":"https:\/\/www.visit-ulcinj.com\/blog\/?s={search_term_string}"},"query-input":"required name=search_term_string"}],"inLanguage":"en-US"},{"@type":"WebPage","@id":"https:\/\/www.visit-ulcinj.com\/blog\/2016\/12\/24\/bregdeti-ulqinit-ne-kantier-ndertimi-cungu-rrit-kompetencat-objektet-shemben\/#webpage","url":"https:\/\/www.visit-ulcinj.com\/blog\/2016\/12\/24\/bregdeti-ulqinit-ne-kantier-ndertimi-cungu-rrit-kompetencat-objektet-shemben\/","name":"Bregdeti Ulqinit n\u00eb kantier nd\u00ebrtimi, Cungu i rrit kompetencat, objektet do shemben - Lajme nga Ulqini","isPartOf":{"@id":"https:\/\/www.visit-ulcinj.com\/blog\/#website"},"datePublished":"2016-12-24T13:55:41+00:00","dateModified":"2016-12-25T17:46:05+00:00","author":{"@id":"https:\/\/www.visit-ulcinj.com\/blog\/#\/schema\/person\/dcab619c614d3038751c63bc2aadc06d"},"description":"Komuna e Ulqinit merr vendimin nga qeveria saj\u00eb n\u00eb nd\u00ebrhyrje p\u00ebr nd\u00ebrtimet q\u00eb shkeljin ligjin n\u00eb t\u00eb gjith\u00eb territorin e saj\u00eb. K\u00ebsaj here inspektorati do","breadcrumb":{"@id":"https:\/\/www.visit-ulcinj.com\/blog\/2016\/12\/24\/bregdeti-ulqinit-ne-kantier-ndertimi-cungu-rrit-kompetencat-objektet-shemben\/#breadcrumb"},"inLanguage":"en-US","potentialAction":[{"@type":"ReadAction","target":["https:\/\/www.visit-ulcinj.com\/blog\/2016\/12\/24\/bregdeti-ulqinit-ne-kantier-ndertimi-cungu-rrit-kompetencat-objektet-shemben\/"]}]},{"@type":"BreadcrumbList","@id":"https:\/\/www.visit-ulcinj.com\/blog\/2016\/12\/24\/bregdeti-ulqinit-ne-kantier-ndertimi-cungu-rrit-kompetencat-objektet-shemben\/#breadcrumb","itemListElement":[{"@type":"ListItem","position":1,"name":"Bregdeti Ulqinit n\u00eb kantier nd\u00ebrtimi, Cungu i rrit kompetencat, objektet do shemben"}]},{"@type":"Person","@id":"https:\/\/www.visit-ulcinj.com\/blog\/#\/schema\/person\/dcab619c614d3038751c63bc2aadc06d","name":"ulqini","sameAs":["http:\/\/www.visit-ulcinj.com"],"url":"https:\/\/www.visit-ulcinj.com\/blog\/author\/admin\/"}]}},"jetpack_featured_media_url":"","jetpack_sharing_enabled":true,"jetpack_shortlink":"https:\/\/wp.me\/pe6lTn-quv","_links":{"self":[{"href":"https:\/\/www.visit-ulcinj.com\/blog\/wp-json\/wp\/v2\/posts\/101835"}],"collection":[{"href":"https:\/\/www.visit-ulcinj.com\/blog\/wp-json\/wp\/v2\/posts"}],"about":[{"href":"https:\/\/www.visit-ulcinj.com\/blog\/wp-json\/wp\/v2\/types\/post"}],"author":[{"embeddable":true,"href":"https:\/\/www.visit-ulcinj.com\/blog\/wp-json\/wp\/v2\/users\/1"}],"replies":[{"embeddable":true,"href":"https:\/\/www.visit-ulcinj.com\/blog\/wp-json\/wp\/v2\/comments?post=101835"}],"version-history":[{"count":1,"href":"https:\/\/www.visit-ulcinj.com\/blog\/wp-json\/wp\/v2\/posts\/101835\/revisions"}],"predecessor-version":[{"id":101837,"href":"https:\/\/www.visit-ulcinj.com\/blog\/wp-json\/wp\/v2\/posts\/101835\/revisions\/101837"}],"wp:attachment":[{"href":"https:\/\/www.visit-ulcinj.com\/blog\/wp-json\/wp\/v2\/media?parent=101835"}],"wp:term":[{"taxonomy":"category","embeddable":true,"href":"https:\/\/www.visit-ulcinj.com\/blog\/wp-json\/wp\/v2\/categories?post=101835"},{"taxonomy":"post_tag","embeddable":true,"href":"https:\/\/www.visit-ulcinj.com\/blog\/wp-json\/wp\/v2\/tags?post=101835"}],"curies":[{"name":"wp","href":"https:\/\/api.w.org\/{rel}","templated":true}]}}