{"id":101838,"date":"2016-12-24T15:00:34","date_gmt":"2016-12-24T14:00:34","guid":{"rendered":"http:\/\/www.visit-ulcinj.com\/blog\/?p=101838"},"modified":"2016-12-24T15:00:34","modified_gmt":"2016-12-24T14:00:34","slug":"u-ulcinj-talas-divlje-gradnje-cungu-najavljuje-rigorozne-mjere-protiv-divlje-gradnje","status":"publish","type":"post","link":"https:\/\/www.visit-ulcinj.com\/blog\/2016\/12\/24\/u-ulcinj-talas-divlje-gradnje-cungu-najavljuje-rigorozne-mjere-protiv-divlje-gradnje\/","title":{"rendered":"U Ulcinj talas divlje gradnje, Cungu najavljuje rigorozne mjere protiv divlje gradnje"},"content":{"rendered":"<div class=\"text\">\n<p><a href=\"http:\/\/www.visit-ulcinj.com\/blog\/wp-content\/uploads\/2016\/12\/N\u00eb-Ulqin-shemben-ndertimet-pa-leje.jpg\"><img loading=\"lazy\" class=\"alignleft wp-image-101836\" src=\"http:\/\/www.visit-ulcinj.com\/blog\/wp-content\/uploads\/2016\/12\/N\u00eb-Ulqin-shemben-ndertimet-pa-leje.jpg\" alt=\"N\u00eb Ulqin-shemben ndertimet pa leje\" width=\"508\" height=\"291\" srcset=\"https:\/\/www.visit-ulcinj.com\/blog\/wp-content\/uploads\/2016\/12\/N\u00eb-Ulqin-shemben-ndertimet-pa-leje.jpg 680w, https:\/\/www.visit-ulcinj.com\/blog\/wp-content\/uploads\/2016\/12\/N\u00eb-Ulqin-shemben-ndertimet-pa-leje-300x172.jpg 300w\" sizes=\"(max-width: 508px) 100vw, 508px\" \/><\/a>Na inicijativu predsjednika Op\u0161tine Ulcinj, Nazifa Cungua odr\u017ean je sastanak u \u010dijem je fokusu bila nelegalna gradnja na teritoriji op\u0161tine Ulcinj.<\/p>\n<p>Ovaj fenomen se iz godine u godinu ponavlja, i treba hitno preduzeti mjere u cilju njegovog stavljanja u zakonske okvire, rekla je potpredsjednica Op\u0161tine, Hadid\u017ea \u0110oni. Pomo\u0107nica direktora u Upravi za inspekcijske polove, Biljana Jaki\u0107 je konstatovala da je ova pojava rezultat nepostojanja planskih dokumenata. Zakon o legalizaciji objekata, \u010dija primjena po\u010dinje u martu naredne godine, ima za cilj da divlju gradnju stavi pod kontrolu &#8211; dodala je ona<\/p>\n<p>Sli\u010dnog mi\u0161ljenja je i inspektor Hajredin Osmanovi\u0107, koji je naglasion da je ova pojava najizra\u017eenija u \u0160toju, za koji ne postoje odgovaraju\u0107i planski dokumenti.<\/p>\n<p>U\u010desnici sastanka instistirali su na aktivnijoj i tje\u0161njijoj saradnji organa lokalne samouprave, Uprava za inspekcijske poslove, Uprave policije, Tu\u017eila\u0161tva i sudova.<\/p>\n<p>Tako\u0111e je konstatovano da je divlja gradnja prisutna i u zonama koje su pokrivene planovima, kao i u zoni Morskog dobra.<\/p>\n<\/div>\n","protected":false},"excerpt":{"rendered":"<p>Na inicijativu predsjednika Op\u0161tine Ulcinj, Nazifa Cungua odr\u017ean je sastanak u \u010dijem je fokusu bila nelegalna gradnja na teritoriji op\u0161tine Ulcinj. Ovaj fenomen se iz godine u godinu ponavlja, i treba hitno preduzeti mjere u cilju njegovog stavljanja u zakonske okvire, rekla je potpredsjednica Op\u0161tine, Hadid\u017ea \u0110oni. Pomo\u0107nica direktora u Upravi za inspekcijske polove, Biljana [&hellip;]<\/p>\n","protected":false},"author":1,"featured_media":0,"comment_status":"closed","ping_status":"closed","sticky":false,"template":"","format":"standard","meta":{"spay_email":"","jetpack_publicize_message":"","jetpack_is_tweetstorm":false,"jetpack_publicize_feature_enabled":true},"categories":[8337],"tags":[],"jetpack_publicize_connections":[],"yoast_head":"<!-- This site is optimized with the Yoast SEO plugin v19.1 - https:\/\/yoast.com\/wordpress\/plugins\/seo\/ -->\n<title>U Ulcinj talas divlje gradnje, Cungu najavljuje rigorozne mjere protiv divlje gradnje - Lajme nga Ulqini<\/title>\n<meta name=\"description\" content=\"Na inicijativu predsjednika Op\u0161tine Ulcinj, Nazifa Cungua odr\u017ean je sastanak u \u010dijem je fokusu bila nelegalna gradnja na teritoriji op\u0161tine Ulcinj. Ovaj\" \/>\n<meta name=\"robots\" content=\"index, follow, max-snippet:-1, max-image-preview:large, max-video-preview:-1\" \/>\n<link rel=\"canonical\" href=\"https:\/\/www.visit-ulcinj.com\/blog\/2016\/12\/24\/u-ulcinj-talas-divlje-gradnje-cungu-najavljuje-rigorozne-mjere-protiv-divlje-gradnje\/\" \/>\n<meta property=\"og:locale\" content=\"en_US\" \/>\n<meta property=\"og:type\" content=\"article\" \/>\n<meta property=\"og:title\" content=\"U Ulcinj talas divlje gradnje, Cungu najavljuje rigorozne mjere protiv divlje gradnje - Lajme nga Ulqini\" \/>\n<meta property=\"og:description\" content=\"Na inicijativu predsjednika Op\u0161tine Ulcinj, Nazifa Cungua odr\u017ean je sastanak u \u010dijem je fokusu bila nelegalna gradnja na teritoriji op\u0161tine Ulcinj. Ovaj\" \/>\n<meta property=\"og:url\" content=\"https:\/\/www.visit-ulcinj.com\/blog\/2016\/12\/24\/u-ulcinj-talas-divlje-gradnje-cungu-najavljuje-rigorozne-mjere-protiv-divlje-gradnje\/\" \/>\n<meta property=\"og:site_name\" content=\"Lajme nga Ulqini\" \/>\n<meta property=\"article:published_time\" content=\"2016-12-24T14:00:34+00:00\" \/>\n<meta name=\"twitter:label1\" content=\"Written by\" \/>\n\t<meta name=\"twitter:data1\" content=\"ulqini\" \/>\n\t<meta name=\"twitter:label2\" content=\"Est. reading time\" \/>\n\t<meta name=\"twitter:data2\" content=\"1 minute\" \/>\n<script type=\"application\/ld+json\" class=\"yoast-schema-graph\">{\"@context\":\"https:\/\/schema.org\",\"@graph\":[{\"@type\":\"WebSite\",\"@id\":\"https:\/\/www.visit-ulcinj.com\/blog\/#website\",\"url\":\"https:\/\/www.visit-ulcinj.com\/blog\/\",\"name\":\"Lajme nga Ulqini\",\"description\":\"Lajme,Vijesti,Ulqini,Ulqin,Crna Gora,Mali i Zi\",\"potentialAction\":[{\"@type\":\"SearchAction\",\"target\":{\"@type\":\"EntryPoint\",\"urlTemplate\":\"https:\/\/www.visit-ulcinj.com\/blog\/?s={search_term_string}\"},\"query-input\":\"required name=search_term_string\"}],\"inLanguage\":\"en-US\"},{\"@type\":\"WebPage\",\"@id\":\"https:\/\/www.visit-ulcinj.com\/blog\/2016\/12\/24\/u-ulcinj-talas-divlje-gradnje-cungu-najavljuje-rigorozne-mjere-protiv-divlje-gradnje\/#webpage\",\"url\":\"https:\/\/www.visit-ulcinj.com\/blog\/2016\/12\/24\/u-ulcinj-talas-divlje-gradnje-cungu-najavljuje-rigorozne-mjere-protiv-divlje-gradnje\/\",\"name\":\"U Ulcinj talas divlje gradnje, Cungu najavljuje rigorozne mjere protiv divlje gradnje - Lajme nga Ulqini\",\"isPartOf\":{\"@id\":\"https:\/\/www.visit-ulcinj.com\/blog\/#website\"},\"datePublished\":\"2016-12-24T14:00:34+00:00\",\"dateModified\":\"2016-12-24T14:00:34+00:00\",\"author\":{\"@id\":\"https:\/\/www.visit-ulcinj.com\/blog\/#\/schema\/person\/dcab619c614d3038751c63bc2aadc06d\"},\"description\":\"Na inicijativu predsjednika Op\u0161tine Ulcinj, Nazifa Cungua odr\u017ean je sastanak u \u010dijem je fokusu bila nelegalna gradnja na teritoriji op\u0161tine Ulcinj. Ovaj\",\"breadcrumb\":{\"@id\":\"https:\/\/www.visit-ulcinj.com\/blog\/2016\/12\/24\/u-ulcinj-talas-divlje-gradnje-cungu-najavljuje-rigorozne-mjere-protiv-divlje-gradnje\/#breadcrumb\"},\"inLanguage\":\"en-US\",\"potentialAction\":[{\"@type\":\"ReadAction\",\"target\":[\"https:\/\/www.visit-ulcinj.com\/blog\/2016\/12\/24\/u-ulcinj-talas-divlje-gradnje-cungu-najavljuje-rigorozne-mjere-protiv-divlje-gradnje\/\"]}]},{\"@type\":\"BreadcrumbList\",\"@id\":\"https:\/\/www.visit-ulcinj.com\/blog\/2016\/12\/24\/u-ulcinj-talas-divlje-gradnje-cungu-najavljuje-rigorozne-mjere-protiv-divlje-gradnje\/#breadcrumb\",\"itemListElement\":[{\"@type\":\"ListItem\",\"position\":1,\"name\":\"U Ulcinj talas divlje gradnje, Cungu najavljuje rigorozne mjere protiv divlje gradnje\"}]},{\"@type\":\"Person\",\"@id\":\"https:\/\/www.visit-ulcinj.com\/blog\/#\/schema\/person\/dcab619c614d3038751c63bc2aadc06d\",\"name\":\"ulqini\",\"sameAs\":[\"http:\/\/www.visit-ulcinj.com\"],\"url\":\"https:\/\/www.visit-ulcinj.com\/blog\/author\/admin\/\"}]}<\/script>\n<!-- \/ Yoast SEO plugin. -->","yoast_head_json":{"title":"U Ulcinj talas divlje gradnje, Cungu najavljuje rigorozne mjere protiv divlje gradnje - Lajme nga Ulqini","description":"Na inicijativu predsjednika Op\u0161tine Ulcinj, Nazifa Cungua odr\u017ean je sastanak u \u010dijem je fokusu bila nelegalna gradnja na teritoriji op\u0161tine Ulcinj. Ovaj","robots":{"index":"index","follow":"follow","max-snippet":"max-snippet:-1","max-image-preview":"max-image-preview:large","max-video-preview":"max-video-preview:-1"},"canonical":"https:\/\/www.visit-ulcinj.com\/blog\/2016\/12\/24\/u-ulcinj-talas-divlje-gradnje-cungu-najavljuje-rigorozne-mjere-protiv-divlje-gradnje\/","og_locale":"en_US","og_type":"article","og_title":"U Ulcinj talas divlje gradnje, Cungu najavljuje rigorozne mjere protiv divlje gradnje - Lajme nga Ulqini","og_description":"Na inicijativu predsjednika Op\u0161tine Ulcinj, Nazifa Cungua odr\u017ean je sastanak u \u010dijem je fokusu bila nelegalna gradnja na teritoriji op\u0161tine Ulcinj. Ovaj","og_url":"https:\/\/www.visit-ulcinj.com\/blog\/2016\/12\/24\/u-ulcinj-talas-divlje-gradnje-cungu-najavljuje-rigorozne-mjere-protiv-divlje-gradnje\/","og_site_name":"Lajme nga Ulqini","article_published_time":"2016-12-24T14:00:34+00:00","twitter_misc":{"Written by":"ulqini","Est. reading time":"1 minute"},"schema":{"@context":"https:\/\/schema.org","@graph":[{"@type":"WebSite","@id":"https:\/\/www.visit-ulcinj.com\/blog\/#website","url":"https:\/\/www.visit-ulcinj.com\/blog\/","name":"Lajme nga Ulqini","description":"Lajme,Vijesti,Ulqini,Ulqin,Crna Gora,Mali i Zi","potentialAction":[{"@type":"SearchAction","target":{"@type":"EntryPoint","urlTemplate":"https:\/\/www.visit-ulcinj.com\/blog\/?s={search_term_string}"},"query-input":"required name=search_term_string"}],"inLanguage":"en-US"},{"@type":"WebPage","@id":"https:\/\/www.visit-ulcinj.com\/blog\/2016\/12\/24\/u-ulcinj-talas-divlje-gradnje-cungu-najavljuje-rigorozne-mjere-protiv-divlje-gradnje\/#webpage","url":"https:\/\/www.visit-ulcinj.com\/blog\/2016\/12\/24\/u-ulcinj-talas-divlje-gradnje-cungu-najavljuje-rigorozne-mjere-protiv-divlje-gradnje\/","name":"U Ulcinj talas divlje gradnje, Cungu najavljuje rigorozne mjere protiv divlje gradnje - Lajme nga Ulqini","isPartOf":{"@id":"https:\/\/www.visit-ulcinj.com\/blog\/#website"},"datePublished":"2016-12-24T14:00:34+00:00","dateModified":"2016-12-24T14:00:34+00:00","author":{"@id":"https:\/\/www.visit-ulcinj.com\/blog\/#\/schema\/person\/dcab619c614d3038751c63bc2aadc06d"},"description":"Na inicijativu predsjednika Op\u0161tine Ulcinj, Nazifa Cungua odr\u017ean je sastanak u \u010dijem je fokusu bila nelegalna gradnja na teritoriji op\u0161tine Ulcinj. Ovaj","breadcrumb":{"@id":"https:\/\/www.visit-ulcinj.com\/blog\/2016\/12\/24\/u-ulcinj-talas-divlje-gradnje-cungu-najavljuje-rigorozne-mjere-protiv-divlje-gradnje\/#breadcrumb"},"inLanguage":"en-US","potentialAction":[{"@type":"ReadAction","target":["https:\/\/www.visit-ulcinj.com\/blog\/2016\/12\/24\/u-ulcinj-talas-divlje-gradnje-cungu-najavljuje-rigorozne-mjere-protiv-divlje-gradnje\/"]}]},{"@type":"BreadcrumbList","@id":"https:\/\/www.visit-ulcinj.com\/blog\/2016\/12\/24\/u-ulcinj-talas-divlje-gradnje-cungu-najavljuje-rigorozne-mjere-protiv-divlje-gradnje\/#breadcrumb","itemListElement":[{"@type":"ListItem","position":1,"name":"U Ulcinj talas divlje gradnje, Cungu najavljuje rigorozne mjere protiv divlje gradnje"}]},{"@type":"Person","@id":"https:\/\/www.visit-ulcinj.com\/blog\/#\/schema\/person\/dcab619c614d3038751c63bc2aadc06d","name":"ulqini","sameAs":["http:\/\/www.visit-ulcinj.com"],"url":"https:\/\/www.visit-ulcinj.com\/blog\/author\/admin\/"}]}},"jetpack_featured_media_url":"","jetpack_sharing_enabled":true,"jetpack_shortlink":"https:\/\/wp.me\/pe6lTn-quy","_links":{"self":[{"href":"https:\/\/www.visit-ulcinj.com\/blog\/wp-json\/wp\/v2\/posts\/101838"}],"collection":[{"href":"https:\/\/www.visit-ulcinj.com\/blog\/wp-json\/wp\/v2\/posts"}],"about":[{"href":"https:\/\/www.visit-ulcinj.com\/blog\/wp-json\/wp\/v2\/types\/post"}],"author":[{"embeddable":true,"href":"https:\/\/www.visit-ulcinj.com\/blog\/wp-json\/wp\/v2\/users\/1"}],"replies":[{"embeddable":true,"href":"https:\/\/www.visit-ulcinj.com\/blog\/wp-json\/wp\/v2\/comments?post=101838"}],"version-history":[{"count":1,"href":"https:\/\/www.visit-ulcinj.com\/blog\/wp-json\/wp\/v2\/posts\/101838\/revisions"}],"predecessor-version":[{"id":101839,"href":"https:\/\/www.visit-ulcinj.com\/blog\/wp-json\/wp\/v2\/posts\/101838\/revisions\/101839"}],"wp:attachment":[{"href":"https:\/\/www.visit-ulcinj.com\/blog\/wp-json\/wp\/v2\/media?parent=101838"}],"wp:term":[{"taxonomy":"category","embeddable":true,"href":"https:\/\/www.visit-ulcinj.com\/blog\/wp-json\/wp\/v2\/categories?post=101838"},{"taxonomy":"post_tag","embeddable":true,"href":"https:\/\/www.visit-ulcinj.com\/blog\/wp-json\/wp\/v2\/tags?post=101838"}],"curies":[{"name":"wp","href":"https:\/\/api.w.org\/{rel}","templated":true}]}}