{"id":101846,"date":"2016-12-24T19:15:21","date_gmt":"2016-12-24T18:15:21","guid":{"rendered":"http:\/\/www.visit-ulcinj.com\/blog\/?p=101846"},"modified":"2016-12-24T19:15:21","modified_gmt":"2016-12-24T18:15:21","slug":"lokalizohet-zjarri-ne-ish-deponine-hija-ne-kruc","status":"publish","type":"post","link":"https:\/\/www.visit-ulcinj.com\/blog\/2016\/12\/24\/lokalizohet-zjarri-ne-ish-deponine-hija-ne-kruc\/","title":{"rendered":"Lokalizohet zjarri n\u00eb ish-deponin\u00eb Hija n\u00eb Kru\u00e7"},"content":{"rendered":"<p><a href=\"http:\/\/www.visit-ulcinj.com\/blog\/wp-content\/uploads\/2016\/12\/Ko-je-zapalio-pozar-na-deponiji-Mavrijan.jpg\"><img loading=\"lazy\" class=\"alignleft wp-image-101841\" src=\"http:\/\/www.visit-ulcinj.com\/blog\/wp-content\/uploads\/2016\/12\/Ko-je-zapalio-pozar-na-deponiji-Mavrijan.jpg\" alt=\"Ko je zapalio pozar na deponiji Mavrijan\" width=\"508\" height=\"286\" srcset=\"https:\/\/www.visit-ulcinj.com\/blog\/wp-content\/uploads\/2016\/12\/Ko-je-zapalio-pozar-na-deponiji-Mavrijan.jpg 960w, https:\/\/www.visit-ulcinj.com\/blog\/wp-content\/uploads\/2016\/12\/Ko-je-zapalio-pozar-na-deponiji-Mavrijan-300x169.jpg 300w, https:\/\/www.visit-ulcinj.com\/blog\/wp-content\/uploads\/2016\/12\/Ko-je-zapalio-pozar-na-deponiji-Mavrijan-768x432.jpg 768w\" sizes=\"(max-width: 508px) 100vw, 508px\" \/><\/a>P\u00ebr v\u00ebnien e zjarrit q\u00eb ka shp\u00ebrthyer t\u00eb enjten n\u00eb kodren e Mavrjanit quajtur ish &#8211; deponia Hija n\u00eb Kru\u00e7, ash p\u00ebr tash \u00ebsht\u00eb n\u00ebn kontroll, ka njoftuar shtabi komunal p\u00ebr situata t\u00eb jasht\u00ebzakonshme, raporton gazeta &#8220;Vijesti&#8221;.<\/p>\n<p><strong>Ngjarja<\/strong><\/p>\n<p>Vet\u00ebm pak kilometra larg qendr\u00ebs s\u00eb Komun\u00ebs s\u00eb Ulqinit, n\u00eb rrug\u00ebn q\u00eb shpie drejt fshatit t\u00eb Kru\u00e7it t\u00eb rrethit t\u00eb Mavrjanit kund\u00ebrmon nga mbeturinat ish-deponia Hija, deponi kjo q\u00eb shtrihet p\u00ebrgjat\u00eb bregut t\u00eb detit adriatik.<\/p>\n<p>Kjo \u00ebsht\u00eb gjendja momentale me deponin\u00eb e eg\u00ebr t\u00eb Hijes. Koh\u00eb pas kohe kjo deponi p\u00ebrfshihet edhe nga zjarri me \u00e7ka lirohet nj\u00eb er\u00eb e r\u00ebnd\u00eb dhe kund\u00ebrmuese e cila tani m\u00eb prej vitesh po i maltreton banor\u00ebt e Kru\u00e7it.<br \/>\nGazet\u00eb Vijesti transmeton Thashe e Them\u00eb te vendasve se b\u00ebhet fjal\u00eb p\u00ebr djegien e q\u00ebllimshme t\u00eb 200 deri n\u00eb 300 gomave t\u00eb kamion\u00ebve dhe automjeteve, q\u00eb shkaktuan tym i cili, i bartur me er\u00ebn veriore, mb\u00ebrriti deri n\u00eb Utjeh\u00eb dhe Veliki Pjesak.<\/p>\n<p>Kurse nga ana tjet\u00ebr e Bashk\u00ebsis\u00eb lokale te Kru\u00e7it thuhet se \u00ebsht\u00eb parapar\u00eb q\u00eb n\u00eb ish-deponin t\u00eb hidhet materialit nd\u00ebrtimor,dheu dhe shut\u00eb n\u00eb m\u00ebnyr\u00eb q\u00eb kjo hap\u00ebsir\u00eb t\u00eb dystohet dhe t\u00eb mbulohen mbetjet e deponis\u00eb s\u00eb dikurshme.<br \/>\n<a href=\"http:\/\/www.visit-ulcinj.com\/blog\/wp-content\/uploads\/2016\/12\/Mustaf-Gorana.jpg\"><img loading=\"lazy\" class=\"alignleft wp-image-101847\" src=\"http:\/\/www.visit-ulcinj.com\/blog\/wp-content\/uploads\/2016\/12\/Mustaf-Gorana.jpg\" alt=\"Mustaf Gorana\" width=\"508\" height=\"243\" srcset=\"https:\/\/www.visit-ulcinj.com\/blog\/wp-content\/uploads\/2016\/12\/Mustaf-Gorana.jpg 702w, https:\/\/www.visit-ulcinj.com\/blog\/wp-content\/uploads\/2016\/12\/Mustaf-Gorana-300x144.jpg 300w\" sizes=\"(max-width: 508px) 100vw, 508px\" \/><\/a><\/p>\n<p>Kurse nga Sekretari p\u00ebr Veprimtari komunale dhe mbrojtje t\u00eb mjedisit Mustaf Gorana, tha p\u00ebr televizionin Teuta se me planin hapsinor p\u00ebr Komun\u00ebn e Ulqinit \u00ebsht\u00eb parapr\u00eb q\u00eb deponia p\u00ebr hedhjen e materialit nd\u00ebrtimor t\u00eb jet\u00eb n\u00eb Ga\u00e7, kurse me buxhet t\u00eb komun\u00ebs jan\u00eb parapar\u00eb edhe mjetet p\u00ebr nd\u00ebrtmin e rrug\u00ebs q\u00eb do t\u00eb \u00e7oj\u00eb n\u00eb deponi.<\/p>\n<p>Gorana tha se komuna po ashtu ka p\u00ebr detyr\u00eb t\u00eb hartoj\u00eb planin lokal p\u00ebr menaxhimin e mbeturinave, t\u00eb cilat n\u00eb t\u00eb ardhmen duhet t\u00eb grumbullohen n\u00eb m\u00ebnyr\u00eb t\u00eb caktuar n\u00eb var\u00ebsi t\u00eb llojit t\u00eb tyre. Ai u shpreh se nd\u00ebrgjegjsimi i qytetar\u00ebve p\u00ebr menaxhimin e rregullt t\u00eb tyre do t\u00eb jet\u00eb vendimtar n\u00eb suksesin e k\u00ebtij plani, pa t\u00eb cilin nuk mund t\u00eb vazhdohet drejt integrimeve europiane.<\/p>\n<p><a href=\"http:\/\/www.visit-ulcinj.com\/blog\/wp-content\/uploads\/2016\/12\/Ko-je-zapalio-pozar-na-deponiji-Mavrijan-1.jpg\"><img loading=\"lazy\" class=\"alignleft wp-image-101842\" src=\"http:\/\/www.visit-ulcinj.com\/blog\/wp-content\/uploads\/2016\/12\/Ko-je-zapalio-pozar-na-deponiji-Mavrijan-1.jpg\" alt=\"Ko je zapalio pozar na deponiji Mavrijan-1\" width=\"508\" height=\"286\" srcset=\"https:\/\/www.visit-ulcinj.com\/blog\/wp-content\/uploads\/2016\/12\/Ko-je-zapalio-pozar-na-deponiji-Mavrijan-1.jpg 960w, https:\/\/www.visit-ulcinj.com\/blog\/wp-content\/uploads\/2016\/12\/Ko-je-zapalio-pozar-na-deponiji-Mavrijan-1-300x169.jpg 300w, https:\/\/www.visit-ulcinj.com\/blog\/wp-content\/uploads\/2016\/12\/Ko-je-zapalio-pozar-na-deponiji-Mavrijan-1-768x432.jpg 768w\" sizes=\"(max-width: 508px) 100vw, 508px\" \/><\/a><\/p>\n<div class=\"post_content\"><\/div>\n<div class=\"post_content\"><a href=\"http:\/\/www.visit-ulcinj.com\/blog\/wp-content\/uploads\/2016\/12\/Ko-je-zapalio-pozar-na-deponiji-Mavrijan-2.jpg\"><img loading=\"lazy\" class=\"alignleft wp-image-101843\" src=\"http:\/\/www.visit-ulcinj.com\/blog\/wp-content\/uploads\/2016\/12\/Ko-je-zapalio-pozar-na-deponiji-Mavrijan-2.jpg\" alt=\"Ko je zapalio pozar na deponiji Mavrijan-2\" width=\"508\" height=\"286\" srcset=\"https:\/\/www.visit-ulcinj.com\/blog\/wp-content\/uploads\/2016\/12\/Ko-je-zapalio-pozar-na-deponiji-Mavrijan-2.jpg 960w, https:\/\/www.visit-ulcinj.com\/blog\/wp-content\/uploads\/2016\/12\/Ko-je-zapalio-pozar-na-deponiji-Mavrijan-2-300x169.jpg 300w, https:\/\/www.visit-ulcinj.com\/blog\/wp-content\/uploads\/2016\/12\/Ko-je-zapalio-pozar-na-deponiji-Mavrijan-2-768x432.jpg 768w\" sizes=\"(max-width: 508px) 100vw, 508px\" \/><\/a><\/div>\n<div class=\"post_content\"><a href=\"http:\/\/www.visit-ulcinj.com\/blog\/wp-content\/uploads\/2016\/12\/Ko-je-zapalio-pozar-na-deponiji-Mavrijan-3.jpg\"><img loading=\"lazy\" class=\"alignleft wp-image-101844\" src=\"http:\/\/www.visit-ulcinj.com\/blog\/wp-content\/uploads\/2016\/12\/Ko-je-zapalio-pozar-na-deponiji-Mavrijan-3.jpg\" alt=\"Ko je zapalio pozar na deponiji Mavrijan-3\" width=\"508\" height=\"286\" srcset=\"https:\/\/www.visit-ulcinj.com\/blog\/wp-content\/uploads\/2016\/12\/Ko-je-zapalio-pozar-na-deponiji-Mavrijan-3.jpg 960w, https:\/\/www.visit-ulcinj.com\/blog\/wp-content\/uploads\/2016\/12\/Ko-je-zapalio-pozar-na-deponiji-Mavrijan-3-300x169.jpg 300w, https:\/\/www.visit-ulcinj.com\/blog\/wp-content\/uploads\/2016\/12\/Ko-je-zapalio-pozar-na-deponiji-Mavrijan-3-768x432.jpg 768w\" sizes=\"(max-width: 508px) 100vw, 508px\" \/><\/a><\/div>\n","protected":false},"excerpt":{"rendered":"<p>P\u00ebr v\u00ebnien e zjarrit q\u00eb ka shp\u00ebrthyer t\u00eb enjten n\u00eb kodren e Mavrjanit quajtur ish &#8211; deponia Hija n\u00eb Kru\u00e7, ash p\u00ebr tash \u00ebsht\u00eb n\u00ebn kontroll, ka njoftuar shtabi komunal p\u00ebr situata t\u00eb jasht\u00ebzakonshme, raporton gazeta &#8220;Vijesti&#8221;. Ngjarja Vet\u00ebm pak kilometra larg qendr\u00ebs s\u00eb Komun\u00ebs s\u00eb Ulqinit, n\u00eb rrug\u00ebn q\u00eb shpie drejt fshatit t\u00eb Kru\u00e7it [&hellip;]<\/p>\n","protected":false},"author":1,"featured_media":0,"comment_status":"closed","ping_status":"closed","sticky":false,"template":"","format":"standard","meta":{"spay_email":"","jetpack_publicize_message":"","jetpack_is_tweetstorm":false,"jetpack_publicize_feature_enabled":true},"categories":[11],"tags":[],"jetpack_publicize_connections":[],"yoast_head":"<!-- This site is optimized with the Yoast SEO plugin v19.1 - https:\/\/yoast.com\/wordpress\/plugins\/seo\/ -->\n<title>Lokalizohet zjarri n\u00eb ish-deponin\u00eb Hija n\u00eb Kru\u00e7 - Lajme nga Ulqini<\/title>\n<meta name=\"description\" content=\"P\u00ebr v\u00ebnien e zjarrit q\u00eb ka shp\u00ebrthyer t\u00eb enjten n\u00eb kodren e Mavrjanit quajtur ish - deponia Hija n\u00eb Kru\u00e7, ash p\u00ebr tash \u00ebsht\u00eb n\u00ebn kontroll, ka njoftuar\" \/>\n<meta name=\"robots\" content=\"index, follow, max-snippet:-1, max-image-preview:large, max-video-preview:-1\" \/>\n<link rel=\"canonical\" href=\"https:\/\/www.visit-ulcinj.com\/blog\/2016\/12\/24\/lokalizohet-zjarri-ne-ish-deponine-hija-ne-kruc\/\" \/>\n<meta property=\"og:locale\" content=\"en_US\" \/>\n<meta property=\"og:type\" content=\"article\" \/>\n<meta property=\"og:title\" content=\"Lokalizohet zjarri n\u00eb ish-deponin\u00eb Hija n\u00eb Kru\u00e7 - Lajme nga Ulqini\" \/>\n<meta property=\"og:description\" content=\"P\u00ebr v\u00ebnien e zjarrit q\u00eb ka shp\u00ebrthyer t\u00eb enjten n\u00eb kodren e Mavrjanit quajtur ish - deponia Hija n\u00eb Kru\u00e7, ash p\u00ebr tash \u00ebsht\u00eb n\u00ebn kontroll, ka njoftuar\" \/>\n<meta property=\"og:url\" content=\"https:\/\/www.visit-ulcinj.com\/blog\/2016\/12\/24\/lokalizohet-zjarri-ne-ish-deponine-hija-ne-kruc\/\" \/>\n<meta property=\"og:site_name\" content=\"Lajme nga Ulqini\" \/>\n<meta property=\"article:published_time\" content=\"2016-12-24T18:15:21+00:00\" \/>\n<meta property=\"og:image\" content=\"http:\/\/www.visit-ulcinj.com\/blog\/wp-content\/uploads\/2016\/12\/Ko-je-zapalio-pozar-na-deponiji-Mavrijan.jpg\" \/>\n<meta name=\"twitter:label1\" content=\"Written by\" \/>\n\t<meta name=\"twitter:data1\" content=\"ulqini\" \/>\n\t<meta name=\"twitter:label2\" content=\"Est. reading time\" \/>\n\t<meta name=\"twitter:data2\" content=\"2 minutes\" \/>\n<script type=\"application\/ld+json\" class=\"yoast-schema-graph\">{\"@context\":\"https:\/\/schema.org\",\"@graph\":[{\"@type\":\"WebSite\",\"@id\":\"https:\/\/www.visit-ulcinj.com\/blog\/#website\",\"url\":\"https:\/\/www.visit-ulcinj.com\/blog\/\",\"name\":\"Lajme nga Ulqini\",\"description\":\"Lajme,Vijesti,Ulqini,Ulqin,Crna Gora,Mali i Zi\",\"potentialAction\":[{\"@type\":\"SearchAction\",\"target\":{\"@type\":\"EntryPoint\",\"urlTemplate\":\"https:\/\/www.visit-ulcinj.com\/blog\/?s={search_term_string}\"},\"query-input\":\"required name=search_term_string\"}],\"inLanguage\":\"en-US\"},{\"@type\":\"ImageObject\",\"inLanguage\":\"en-US\",\"@id\":\"https:\/\/www.visit-ulcinj.com\/blog\/2016\/12\/24\/lokalizohet-zjarri-ne-ish-deponine-hija-ne-kruc\/#primaryimage\",\"url\":\"https:\/\/www.visit-ulcinj.com\/blog\/wp-content\/uploads\/2016\/12\/Ko-je-zapalio-pozar-na-deponiji-Mavrijan.jpg\",\"contentUrl\":\"https:\/\/www.visit-ulcinj.com\/blog\/wp-content\/uploads\/2016\/12\/Ko-je-zapalio-pozar-na-deponiji-Mavrijan.jpg\",\"width\":960,\"height\":540},{\"@type\":\"WebPage\",\"@id\":\"https:\/\/www.visit-ulcinj.com\/blog\/2016\/12\/24\/lokalizohet-zjarri-ne-ish-deponine-hija-ne-kruc\/#webpage\",\"url\":\"https:\/\/www.visit-ulcinj.com\/blog\/2016\/12\/24\/lokalizohet-zjarri-ne-ish-deponine-hija-ne-kruc\/\",\"name\":\"Lokalizohet zjarri n\u00eb ish-deponin\u00eb Hija n\u00eb Kru\u00e7 - Lajme nga Ulqini\",\"isPartOf\":{\"@id\":\"https:\/\/www.visit-ulcinj.com\/blog\/#website\"},\"primaryImageOfPage\":{\"@id\":\"https:\/\/www.visit-ulcinj.com\/blog\/2016\/12\/24\/lokalizohet-zjarri-ne-ish-deponine-hija-ne-kruc\/#primaryimage\"},\"datePublished\":\"2016-12-24T18:15:21+00:00\",\"dateModified\":\"2016-12-24T18:15:21+00:00\",\"author\":{\"@id\":\"https:\/\/www.visit-ulcinj.com\/blog\/#\/schema\/person\/dcab619c614d3038751c63bc2aadc06d\"},\"description\":\"P\u00ebr v\u00ebnien e zjarrit q\u00eb ka shp\u00ebrthyer t\u00eb enjten n\u00eb kodren e Mavrjanit quajtur ish - deponia Hija n\u00eb Kru\u00e7, ash p\u00ebr tash \u00ebsht\u00eb n\u00ebn kontroll, ka njoftuar\",\"breadcrumb\":{\"@id\":\"https:\/\/www.visit-ulcinj.com\/blog\/2016\/12\/24\/lokalizohet-zjarri-ne-ish-deponine-hija-ne-kruc\/#breadcrumb\"},\"inLanguage\":\"en-US\",\"potentialAction\":[{\"@type\":\"ReadAction\",\"target\":[\"https:\/\/www.visit-ulcinj.com\/blog\/2016\/12\/24\/lokalizohet-zjarri-ne-ish-deponine-hija-ne-kruc\/\"]}]},{\"@type\":\"BreadcrumbList\",\"@id\":\"https:\/\/www.visit-ulcinj.com\/blog\/2016\/12\/24\/lokalizohet-zjarri-ne-ish-deponine-hija-ne-kruc\/#breadcrumb\",\"itemListElement\":[{\"@type\":\"ListItem\",\"position\":1,\"name\":\"Lokalizohet zjarri n\u00eb ish-deponin\u00eb Hija n\u00eb Kru\u00e7\"}]},{\"@type\":\"Person\",\"@id\":\"https:\/\/www.visit-ulcinj.com\/blog\/#\/schema\/person\/dcab619c614d3038751c63bc2aadc06d\",\"name\":\"ulqini\",\"sameAs\":[\"http:\/\/www.visit-ulcinj.com\"],\"url\":\"https:\/\/www.visit-ulcinj.com\/blog\/author\/admin\/\"}]}<\/script>\n<!-- \/ Yoast SEO plugin. -->","yoast_head_json":{"title":"Lokalizohet zjarri n\u00eb ish-deponin\u00eb Hija n\u00eb Kru\u00e7 - Lajme nga Ulqini","description":"P\u00ebr v\u00ebnien e zjarrit q\u00eb ka shp\u00ebrthyer t\u00eb enjten n\u00eb kodren e Mavrjanit quajtur ish - deponia Hija n\u00eb Kru\u00e7, ash p\u00ebr tash \u00ebsht\u00eb n\u00ebn kontroll, ka njoftuar","robots":{"index":"index","follow":"follow","max-snippet":"max-snippet:-1","max-image-preview":"max-image-preview:large","max-video-preview":"max-video-preview:-1"},"canonical":"https:\/\/www.visit-ulcinj.com\/blog\/2016\/12\/24\/lokalizohet-zjarri-ne-ish-deponine-hija-ne-kruc\/","og_locale":"en_US","og_type":"article","og_title":"Lokalizohet zjarri n\u00eb ish-deponin\u00eb Hija n\u00eb Kru\u00e7 - Lajme nga Ulqini","og_description":"P\u00ebr v\u00ebnien e zjarrit q\u00eb ka shp\u00ebrthyer t\u00eb enjten n\u00eb kodren e Mavrjanit quajtur ish - deponia Hija n\u00eb Kru\u00e7, ash p\u00ebr tash \u00ebsht\u00eb n\u00ebn kontroll, ka njoftuar","og_url":"https:\/\/www.visit-ulcinj.com\/blog\/2016\/12\/24\/lokalizohet-zjarri-ne-ish-deponine-hija-ne-kruc\/","og_site_name":"Lajme nga Ulqini","article_published_time":"2016-12-24T18:15:21+00:00","og_image":[{"url":"http:\/\/www.visit-ulcinj.com\/blog\/wp-content\/uploads\/2016\/12\/Ko-je-zapalio-pozar-na-deponiji-Mavrijan.jpg"}],"twitter_misc":{"Written by":"ulqini","Est. reading time":"2 minutes"},"schema":{"@context":"https:\/\/schema.org","@graph":[{"@type":"WebSite","@id":"https:\/\/www.visit-ulcinj.com\/blog\/#website","url":"https:\/\/www.visit-ulcinj.com\/blog\/","name":"Lajme nga Ulqini","description":"Lajme,Vijesti,Ulqini,Ulqin,Crna Gora,Mali i Zi","potentialAction":[{"@type":"SearchAction","target":{"@type":"EntryPoint","urlTemplate":"https:\/\/www.visit-ulcinj.com\/blog\/?s={search_term_string}"},"query-input":"required name=search_term_string"}],"inLanguage":"en-US"},{"@type":"ImageObject","inLanguage":"en-US","@id":"https:\/\/www.visit-ulcinj.com\/blog\/2016\/12\/24\/lokalizohet-zjarri-ne-ish-deponine-hija-ne-kruc\/#primaryimage","url":"https:\/\/www.visit-ulcinj.com\/blog\/wp-content\/uploads\/2016\/12\/Ko-je-zapalio-pozar-na-deponiji-Mavrijan.jpg","contentUrl":"https:\/\/www.visit-ulcinj.com\/blog\/wp-content\/uploads\/2016\/12\/Ko-je-zapalio-pozar-na-deponiji-Mavrijan.jpg","width":960,"height":540},{"@type":"WebPage","@id":"https:\/\/www.visit-ulcinj.com\/blog\/2016\/12\/24\/lokalizohet-zjarri-ne-ish-deponine-hija-ne-kruc\/#webpage","url":"https:\/\/www.visit-ulcinj.com\/blog\/2016\/12\/24\/lokalizohet-zjarri-ne-ish-deponine-hija-ne-kruc\/","name":"Lokalizohet zjarri n\u00eb ish-deponin\u00eb Hija n\u00eb Kru\u00e7 - Lajme nga Ulqini","isPartOf":{"@id":"https:\/\/www.visit-ulcinj.com\/blog\/#website"},"primaryImageOfPage":{"@id":"https:\/\/www.visit-ulcinj.com\/blog\/2016\/12\/24\/lokalizohet-zjarri-ne-ish-deponine-hija-ne-kruc\/#primaryimage"},"datePublished":"2016-12-24T18:15:21+00:00","dateModified":"2016-12-24T18:15:21+00:00","author":{"@id":"https:\/\/www.visit-ulcinj.com\/blog\/#\/schema\/person\/dcab619c614d3038751c63bc2aadc06d"},"description":"P\u00ebr v\u00ebnien e zjarrit q\u00eb ka shp\u00ebrthyer t\u00eb enjten n\u00eb kodren e Mavrjanit quajtur ish - deponia Hija n\u00eb Kru\u00e7, ash p\u00ebr tash \u00ebsht\u00eb n\u00ebn kontroll, ka njoftuar","breadcrumb":{"@id":"https:\/\/www.visit-ulcinj.com\/blog\/2016\/12\/24\/lokalizohet-zjarri-ne-ish-deponine-hija-ne-kruc\/#breadcrumb"},"inLanguage":"en-US","potentialAction":[{"@type":"ReadAction","target":["https:\/\/www.visit-ulcinj.com\/blog\/2016\/12\/24\/lokalizohet-zjarri-ne-ish-deponine-hija-ne-kruc\/"]}]},{"@type":"BreadcrumbList","@id":"https:\/\/www.visit-ulcinj.com\/blog\/2016\/12\/24\/lokalizohet-zjarri-ne-ish-deponine-hija-ne-kruc\/#breadcrumb","itemListElement":[{"@type":"ListItem","position":1,"name":"Lokalizohet zjarri n\u00eb ish-deponin\u00eb Hija n\u00eb Kru\u00e7"}]},{"@type":"Person","@id":"https:\/\/www.visit-ulcinj.com\/blog\/#\/schema\/person\/dcab619c614d3038751c63bc2aadc06d","name":"ulqini","sameAs":["http:\/\/www.visit-ulcinj.com"],"url":"https:\/\/www.visit-ulcinj.com\/blog\/author\/admin\/"}]}},"jetpack_featured_media_url":"","jetpack_sharing_enabled":true,"jetpack_shortlink":"https:\/\/wp.me\/pe6lTn-quG","_links":{"self":[{"href":"https:\/\/www.visit-ulcinj.com\/blog\/wp-json\/wp\/v2\/posts\/101846"}],"collection":[{"href":"https:\/\/www.visit-ulcinj.com\/blog\/wp-json\/wp\/v2\/posts"}],"about":[{"href":"https:\/\/www.visit-ulcinj.com\/blog\/wp-json\/wp\/v2\/types\/post"}],"author":[{"embeddable":true,"href":"https:\/\/www.visit-ulcinj.com\/blog\/wp-json\/wp\/v2\/users\/1"}],"replies":[{"embeddable":true,"href":"https:\/\/www.visit-ulcinj.com\/blog\/wp-json\/wp\/v2\/comments?post=101846"}],"version-history":[{"count":1,"href":"https:\/\/www.visit-ulcinj.com\/blog\/wp-json\/wp\/v2\/posts\/101846\/revisions"}],"predecessor-version":[{"id":101848,"href":"https:\/\/www.visit-ulcinj.com\/blog\/wp-json\/wp\/v2\/posts\/101846\/revisions\/101848"}],"wp:attachment":[{"href":"https:\/\/www.visit-ulcinj.com\/blog\/wp-json\/wp\/v2\/media?parent=101846"}],"wp:term":[{"taxonomy":"category","embeddable":true,"href":"https:\/\/www.visit-ulcinj.com\/blog\/wp-json\/wp\/v2\/categories?post=101846"},{"taxonomy":"post_tag","embeddable":true,"href":"https:\/\/www.visit-ulcinj.com\/blog\/wp-json\/wp\/v2\/tags?post=101846"}],"curies":[{"name":"wp","href":"https:\/\/api.w.org\/{rel}","templated":true}]}}