{"id":101897,"date":"2016-12-26T17:49:07","date_gmt":"2016-12-26T16:49:07","guid":{"rendered":"http:\/\/www.visit-ulcinj.com\/blog\/?p=101897"},"modified":"2016-12-26T17:49:07","modified_gmt":"2016-12-26T16:49:07","slug":"nika-ulqin-laraklosat-ne-gjueti","status":"publish","type":"post","link":"https:\/\/www.visit-ulcinj.com\/blog\/2016\/12\/26\/nika-ulqin-laraklosat-ne-gjueti\/","title":{"rendered":"Nika: Ulqin &#8211; Laraklosat n\u00eb  gjueti&#8230;?!"},"content":{"rendered":"<p><a href=\"http:\/\/www.visit-ulcinj.com\/blog\/wp-content\/uploads\/2016\/12\/Protesta-Muhamet-Nika-Ulqin.jpg\"><img loading=\"lazy\" class=\"alignleft wp-image-101898\" src=\"http:\/\/www.visit-ulcinj.com\/blog\/wp-content\/uploads\/2016\/12\/Protesta-Muhamet-Nika-Ulqin.jpg\" alt=\"Protesta-Muhamet-Nika-Ulqin\" width=\"508\" height=\"381\" srcset=\"https:\/\/www.visit-ulcinj.com\/blog\/wp-content\/uploads\/2016\/12\/Protesta-Muhamet-Nika-Ulqin.jpg 640w, https:\/\/www.visit-ulcinj.com\/blog\/wp-content\/uploads\/2016\/12\/Protesta-Muhamet-Nika-Ulqin-300x225.jpg 300w\" sizes=\"(max-width: 508px) 100vw, 508px\" \/><\/a>K\u00ebtyre dit\u00ebve p\u00ebr arsye t\u00eb mos dijes dhe mos njohjes s\u00eb ligjit q\u00eb zakonisht\u00a0 shquhen an\u00ebtar\u00ebt e\u00a0\u00a0\u00a0 bordeve\u00a0 drejtues n\u00eb pushtetin vendor po duket se \u00a0\u00a0k\u00ebsaj radhe \u00a0e \u00a0\u00a0\u201c h\u00ebng\u00ebri &#8230;\u201dedhe \u00a0Nd\u00ebrmarrja e Gjuetis\u00eb . Kjo \u00a0n\u00eb em\u00ebr t\u00eb kompensimit\u00a0 p\u00ebr pun\u00eb n\u00eb\u00a0 K\u00ebshillat Drejtues t\u00eb\u00a0 saj , q\u00eb nga viti 2012\u00a0 u detyruar t\u00eb paguaj \u00a0\u00a016 mij\u00eb eur.\u00a0\u00a0 E t\u00eb\u00a0 cilat \u00a0ia mor\u00ebn ish drejtuesit \u00a0q\u00eb e kishin \u00a0drejtuar \u00a0at\u00eb \u201c p\u00ebr marshallah &#8230;\u201d?!<\/p>\n<p>M\u00ebsohet se gjithashtu , kjo nd\u00ebrmarrje p\u00ebr mes\u201d\u00a0 Izvr\u0161itelit \u2013p\u00ebrmbaruesit\u00a0 publik\u00eb\u201c pritet \u00a0t\u00eb bllokohet edhe p\u00ebr 21 mij\u00eb euro..?!<\/p>\n<p>Vendimi p\u00ebr kompensim \u00a0\u00a0gj\u00eb normale se dihet q\u00eb \u00a0duhet t\u00eb \u00a0ekzistoj\u00eb dhe t\u00eb b\u00ebhet p\u00ebr \u00e7do k\u00eb, por problemi \u00ebsht\u00eb sepse ai u\u00a0 realizua n\u00eb m\u00ebnyr\u00eb t\u00eb pa ligjshme nga se d\u00ebshmohet \u00a0q\u00eb \u00a0\u00a0u dha me nj\u00eb akt intern t\u00eb vet\u00eb an\u00ebtar\u00ebve t\u00eb k\u00ebshillit&#8230;, ku kryetari\u00a0 i \u00a0k\u00ebshillit ia caktoi vetes\u00a0 diku nja 350 euro pag\u00eb mujore , kurse an\u00eb tar\u00ebve\u00a0 t\u00eb tij nga 250 euro&#8230;, pa e kaluar at\u00eb n\u00eb kuvend komunal?!<\/p>\n<p>Shyqyr Zotit , po themi\u00a0 q\u00eb nuk iu shkoi\u00a0\u00a0 mendja \u00a0ta shtojn\u00eb edhe p\u00ebr nj\u00eb zero q\u00eb ka mundur\u00a0 fare leht\u00eb kompenzimin mujor&#8230;?!<\/p>\n<p>Nj\u00eb vendim i till\u00eb i b\u00ebn\u00eb edhe vet\u00eb ata fajtor\u00eb p\u00ebr d\u00ebm t\u00eb krijuar si drejtues , pasi ve\u00e7 kuptohet \u00a0q\u00eb iu desh \u00a0detyrimisht , t\u00eb depononin\u00a0 n\u00ebnshkrim \u00a0n\u00eb gjykat\u00ebn ekonomike n\u00eb Podgoric\u00eb, para se\u00a0 ta pranonin postin&#8230;?! Shpresojm\u00eb se ata jan\u00eb t\u00eb vet\u00ebdijsh\u00ebm p\u00ebr k\u00ebt\u00eb&#8230;?!<\/p>\n<p>Sipas ligjit\u00a0 n\u00eb fuqi, njeriu nuk mund t\u00eb jet\u00eb vet\u00eb urdh\u00ebr dh\u00ebn\u00ebs i pages\u00ebs s\u00eb till\u00eb dhe vet\u00eb ekzekutues , si \u00a0n\u00eb rastin konkret \u00a0e q\u00eb\u00a0 na kujton at\u00eb pun\u00ebn e laraklosit t\u00eb \u00a0\u00a0Fisht\u00ebs, n\u00eb at\u00eb\u00a0 vjerrsh\u00ebn e njohur t\u00eb tij, kur thot\u00eb : Lara Klos more Lara Klos- vet\u00eb shkruaj e vet\u00eb vulos dhe k\u00ebrkush nuk t\u00eb thet\u00eb mos&#8230;.?!<\/p>\n<p><a href=\"http:\/\/www.visit-ulcinj.com\/blog\/wp-content\/uploads\/2016\/12\/Ajet-Zaga.jpg\"><img loading=\"lazy\" class=\"alignleft wp-image-101899\" src=\"http:\/\/www.visit-ulcinj.com\/blog\/wp-content\/uploads\/2016\/12\/Ajet-Zaga.jpg\" alt=\"Ajet Zaga\" width=\"508\" height=\"348\" srcset=\"https:\/\/www.visit-ulcinj.com\/blog\/wp-content\/uploads\/2016\/12\/Ajet-Zaga.jpg 748w, https:\/\/www.visit-ulcinj.com\/blog\/wp-content\/uploads\/2016\/12\/Ajet-Zaga-300x206.jpg 300w\" sizes=\"(max-width: 508px) 100vw, 508px\" \/><\/a><\/p>\n<p>Drejtori aktual Ajet Zaga , p\u00ebr \u00a0gjith\u00eb k\u00ebt\u00eb \u00a0thot\u00eb se\u00a0\u00a0 nuk ka njohuri sepse l\u00ebnda ish b\u00ebr\u00eb n\u00eb koh\u00ebn e drejtor\u00ebve paraprak\u00eb, kurse e mbrojti dhe e humbi mbrojt\u00ebsi i komun\u00ebs&#8230;?!!<\/p>\n<p>Por pohon se nuk e ka t\u00eb qart\u00eb se si gjyqi vendos p\u00ebr zbatim t\u00eb vendimeve t\u00eb pa ligjshme dhe q\u00eb shihet se jan\u00eb \u00a0jasht\u00eb \u00e7do procedure ligjore me sy\u00a0 q\u00eb nga avioni&#8230;?!!<\/p>\n","protected":false},"excerpt":{"rendered":"<p>K\u00ebtyre dit\u00ebve p\u00ebr arsye t\u00eb mos dijes dhe mos njohjes s\u00eb ligjit q\u00eb zakonisht\u00a0 shquhen an\u00ebtar\u00ebt e\u00a0\u00a0\u00a0 bordeve\u00a0 drejtues n\u00eb pushtetin vendor po duket se \u00a0\u00a0k\u00ebsaj radhe \u00a0e \u00a0\u00a0\u201c h\u00ebng\u00ebri &#8230;\u201dedhe \u00a0Nd\u00ebrmarrja e Gjuetis\u00eb . Kjo \u00a0n\u00eb em\u00ebr t\u00eb kompensimit\u00a0 p\u00ebr pun\u00eb n\u00eb\u00a0 K\u00ebshillat Drejtues t\u00eb\u00a0 saj , q\u00eb nga viti 2012\u00a0 u detyruar t\u00eb [&hellip;]<\/p>\n","protected":false},"author":1,"featured_media":0,"comment_status":"closed","ping_status":"closed","sticky":false,"template":"","format":"standard","meta":{"spay_email":"","jetpack_publicize_message":"","jetpack_is_tweetstorm":false,"jetpack_publicize_feature_enabled":true},"categories":[14249],"tags":[],"jetpack_publicize_connections":[],"yoast_head":"<!-- This site is optimized with the Yoast SEO plugin v19.1 - https:\/\/yoast.com\/wordpress\/plugins\/seo\/ -->\n<title>Nika: Ulqin - Laraklosat n\u00eb gjueti...?! - Lajme nga Ulqini<\/title>\n<meta name=\"description\" content=\"K\u00ebtyre dit\u00ebve p\u00ebr arsye t\u00eb mos dijes dhe mos njohjes s\u00eb ligjit q\u00eb zakonisht\u00a0 shquhen an\u00ebtar\u00ebt e\u00a0\u00a0\u00a0 bordeve\u00a0 drejtues n\u00eb pushtetin vendor po duket se\" \/>\n<meta name=\"robots\" content=\"index, follow, max-snippet:-1, max-image-preview:large, max-video-preview:-1\" \/>\n<link rel=\"canonical\" href=\"https:\/\/www.visit-ulcinj.com\/blog\/2016\/12\/26\/nika-ulqin-laraklosat-ne-gjueti\/\" \/>\n<meta property=\"og:locale\" content=\"en_US\" \/>\n<meta property=\"og:type\" content=\"article\" \/>\n<meta property=\"og:title\" content=\"Nika: Ulqin - Laraklosat n\u00eb gjueti...?! - Lajme nga Ulqini\" \/>\n<meta property=\"og:description\" content=\"K\u00ebtyre dit\u00ebve p\u00ebr arsye t\u00eb mos dijes dhe mos njohjes s\u00eb ligjit q\u00eb zakonisht\u00a0 shquhen an\u00ebtar\u00ebt e\u00a0\u00a0\u00a0 bordeve\u00a0 drejtues n\u00eb pushtetin vendor po duket se\" \/>\n<meta property=\"og:url\" content=\"https:\/\/www.visit-ulcinj.com\/blog\/2016\/12\/26\/nika-ulqin-laraklosat-ne-gjueti\/\" \/>\n<meta property=\"og:site_name\" content=\"Lajme nga Ulqini\" \/>\n<meta property=\"article:published_time\" content=\"2016-12-26T16:49:07+00:00\" \/>\n<meta property=\"og:image\" content=\"http:\/\/www.visit-ulcinj.com\/blog\/wp-content\/uploads\/2016\/12\/Protesta-Muhamet-Nika-Ulqin.jpg\" \/>\n<meta name=\"twitter:label1\" content=\"Written by\" \/>\n\t<meta name=\"twitter:data1\" content=\"ulqini\" \/>\n\t<meta name=\"twitter:label2\" content=\"Est. reading time\" \/>\n\t<meta name=\"twitter:data2\" content=\"2 minutes\" \/>\n<script type=\"application\/ld+json\" class=\"yoast-schema-graph\">{\"@context\":\"https:\/\/schema.org\",\"@graph\":[{\"@type\":\"WebSite\",\"@id\":\"https:\/\/www.visit-ulcinj.com\/blog\/#website\",\"url\":\"https:\/\/www.visit-ulcinj.com\/blog\/\",\"name\":\"Lajme nga Ulqini\",\"description\":\"Lajme,Vijesti,Ulqini,Ulqin,Crna Gora,Mali i Zi\",\"potentialAction\":[{\"@type\":\"SearchAction\",\"target\":{\"@type\":\"EntryPoint\",\"urlTemplate\":\"https:\/\/www.visit-ulcinj.com\/blog\/?s={search_term_string}\"},\"query-input\":\"required name=search_term_string\"}],\"inLanguage\":\"en-US\"},{\"@type\":\"ImageObject\",\"inLanguage\":\"en-US\",\"@id\":\"https:\/\/www.visit-ulcinj.com\/blog\/2016\/12\/26\/nika-ulqin-laraklosat-ne-gjueti\/#primaryimage\",\"url\":\"https:\/\/www.visit-ulcinj.com\/blog\/wp-content\/uploads\/2016\/12\/Protesta-Muhamet-Nika-Ulqin.jpg\",\"contentUrl\":\"https:\/\/www.visit-ulcinj.com\/blog\/wp-content\/uploads\/2016\/12\/Protesta-Muhamet-Nika-Ulqin.jpg\",\"width\":640,\"height\":480},{\"@type\":\"WebPage\",\"@id\":\"https:\/\/www.visit-ulcinj.com\/blog\/2016\/12\/26\/nika-ulqin-laraklosat-ne-gjueti\/#webpage\",\"url\":\"https:\/\/www.visit-ulcinj.com\/blog\/2016\/12\/26\/nika-ulqin-laraklosat-ne-gjueti\/\",\"name\":\"Nika: Ulqin - Laraklosat n\u00eb gjueti...?! - Lajme nga Ulqini\",\"isPartOf\":{\"@id\":\"https:\/\/www.visit-ulcinj.com\/blog\/#website\"},\"primaryImageOfPage\":{\"@id\":\"https:\/\/www.visit-ulcinj.com\/blog\/2016\/12\/26\/nika-ulqin-laraklosat-ne-gjueti\/#primaryimage\"},\"datePublished\":\"2016-12-26T16:49:07+00:00\",\"dateModified\":\"2016-12-26T16:49:07+00:00\",\"author\":{\"@id\":\"https:\/\/www.visit-ulcinj.com\/blog\/#\/schema\/person\/dcab619c614d3038751c63bc2aadc06d\"},\"description\":\"K\u00ebtyre dit\u00ebve p\u00ebr arsye t\u00eb mos dijes dhe mos njohjes s\u00eb ligjit q\u00eb zakonisht\u00a0 shquhen an\u00ebtar\u00ebt e\u00a0\u00a0\u00a0 bordeve\u00a0 drejtues n\u00eb pushtetin vendor po duket se\",\"breadcrumb\":{\"@id\":\"https:\/\/www.visit-ulcinj.com\/blog\/2016\/12\/26\/nika-ulqin-laraklosat-ne-gjueti\/#breadcrumb\"},\"inLanguage\":\"en-US\",\"potentialAction\":[{\"@type\":\"ReadAction\",\"target\":[\"https:\/\/www.visit-ulcinj.com\/blog\/2016\/12\/26\/nika-ulqin-laraklosat-ne-gjueti\/\"]}]},{\"@type\":\"BreadcrumbList\",\"@id\":\"https:\/\/www.visit-ulcinj.com\/blog\/2016\/12\/26\/nika-ulqin-laraklosat-ne-gjueti\/#breadcrumb\",\"itemListElement\":[{\"@type\":\"ListItem\",\"position\":1,\"name\":\"Nika: Ulqin &#8211; Laraklosat n\u00eb gjueti&#8230;?!\"}]},{\"@type\":\"Person\",\"@id\":\"https:\/\/www.visit-ulcinj.com\/blog\/#\/schema\/person\/dcab619c614d3038751c63bc2aadc06d\",\"name\":\"ulqini\",\"sameAs\":[\"http:\/\/www.visit-ulcinj.com\"],\"url\":\"https:\/\/www.visit-ulcinj.com\/blog\/author\/admin\/\"}]}<\/script>\n<!-- \/ Yoast SEO plugin. -->","yoast_head_json":{"title":"Nika: Ulqin - Laraklosat n\u00eb gjueti...?! - Lajme nga Ulqini","description":"K\u00ebtyre dit\u00ebve p\u00ebr arsye t\u00eb mos dijes dhe mos njohjes s\u00eb ligjit q\u00eb zakonisht\u00a0 shquhen an\u00ebtar\u00ebt e\u00a0\u00a0\u00a0 bordeve\u00a0 drejtues n\u00eb pushtetin vendor po duket se","robots":{"index":"index","follow":"follow","max-snippet":"max-snippet:-1","max-image-preview":"max-image-preview:large","max-video-preview":"max-video-preview:-1"},"canonical":"https:\/\/www.visit-ulcinj.com\/blog\/2016\/12\/26\/nika-ulqin-laraklosat-ne-gjueti\/","og_locale":"en_US","og_type":"article","og_title":"Nika: Ulqin - Laraklosat n\u00eb gjueti...?! - Lajme nga Ulqini","og_description":"K\u00ebtyre dit\u00ebve p\u00ebr arsye t\u00eb mos dijes dhe mos njohjes s\u00eb ligjit q\u00eb zakonisht\u00a0 shquhen an\u00ebtar\u00ebt e\u00a0\u00a0\u00a0 bordeve\u00a0 drejtues n\u00eb pushtetin vendor po duket se","og_url":"https:\/\/www.visit-ulcinj.com\/blog\/2016\/12\/26\/nika-ulqin-laraklosat-ne-gjueti\/","og_site_name":"Lajme nga Ulqini","article_published_time":"2016-12-26T16:49:07+00:00","og_image":[{"url":"http:\/\/www.visit-ulcinj.com\/blog\/wp-content\/uploads\/2016\/12\/Protesta-Muhamet-Nika-Ulqin.jpg"}],"twitter_misc":{"Written by":"ulqini","Est. reading time":"2 minutes"},"schema":{"@context":"https:\/\/schema.org","@graph":[{"@type":"WebSite","@id":"https:\/\/www.visit-ulcinj.com\/blog\/#website","url":"https:\/\/www.visit-ulcinj.com\/blog\/","name":"Lajme nga Ulqini","description":"Lajme,Vijesti,Ulqini,Ulqin,Crna Gora,Mali i Zi","potentialAction":[{"@type":"SearchAction","target":{"@type":"EntryPoint","urlTemplate":"https:\/\/www.visit-ulcinj.com\/blog\/?s={search_term_string}"},"query-input":"required name=search_term_string"}],"inLanguage":"en-US"},{"@type":"ImageObject","inLanguage":"en-US","@id":"https:\/\/www.visit-ulcinj.com\/blog\/2016\/12\/26\/nika-ulqin-laraklosat-ne-gjueti\/#primaryimage","url":"https:\/\/www.visit-ulcinj.com\/blog\/wp-content\/uploads\/2016\/12\/Protesta-Muhamet-Nika-Ulqin.jpg","contentUrl":"https:\/\/www.visit-ulcinj.com\/blog\/wp-content\/uploads\/2016\/12\/Protesta-Muhamet-Nika-Ulqin.jpg","width":640,"height":480},{"@type":"WebPage","@id":"https:\/\/www.visit-ulcinj.com\/blog\/2016\/12\/26\/nika-ulqin-laraklosat-ne-gjueti\/#webpage","url":"https:\/\/www.visit-ulcinj.com\/blog\/2016\/12\/26\/nika-ulqin-laraklosat-ne-gjueti\/","name":"Nika: Ulqin - Laraklosat n\u00eb gjueti...?! - Lajme nga Ulqini","isPartOf":{"@id":"https:\/\/www.visit-ulcinj.com\/blog\/#website"},"primaryImageOfPage":{"@id":"https:\/\/www.visit-ulcinj.com\/blog\/2016\/12\/26\/nika-ulqin-laraklosat-ne-gjueti\/#primaryimage"},"datePublished":"2016-12-26T16:49:07+00:00","dateModified":"2016-12-26T16:49:07+00:00","author":{"@id":"https:\/\/www.visit-ulcinj.com\/blog\/#\/schema\/person\/dcab619c614d3038751c63bc2aadc06d"},"description":"K\u00ebtyre dit\u00ebve p\u00ebr arsye t\u00eb mos dijes dhe mos njohjes s\u00eb ligjit q\u00eb zakonisht\u00a0 shquhen an\u00ebtar\u00ebt e\u00a0\u00a0\u00a0 bordeve\u00a0 drejtues n\u00eb pushtetin vendor po duket se","breadcrumb":{"@id":"https:\/\/www.visit-ulcinj.com\/blog\/2016\/12\/26\/nika-ulqin-laraklosat-ne-gjueti\/#breadcrumb"},"inLanguage":"en-US","potentialAction":[{"@type":"ReadAction","target":["https:\/\/www.visit-ulcinj.com\/blog\/2016\/12\/26\/nika-ulqin-laraklosat-ne-gjueti\/"]}]},{"@type":"BreadcrumbList","@id":"https:\/\/www.visit-ulcinj.com\/blog\/2016\/12\/26\/nika-ulqin-laraklosat-ne-gjueti\/#breadcrumb","itemListElement":[{"@type":"ListItem","position":1,"name":"Nika: Ulqin &#8211; Laraklosat n\u00eb gjueti&#8230;?!"}]},{"@type":"Person","@id":"https:\/\/www.visit-ulcinj.com\/blog\/#\/schema\/person\/dcab619c614d3038751c63bc2aadc06d","name":"ulqini","sameAs":["http:\/\/www.visit-ulcinj.com"],"url":"https:\/\/www.visit-ulcinj.com\/blog\/author\/admin\/"}]}},"jetpack_featured_media_url":"","jetpack_sharing_enabled":true,"jetpack_shortlink":"https:\/\/wp.me\/pe6lTn-qvv","_links":{"self":[{"href":"https:\/\/www.visit-ulcinj.com\/blog\/wp-json\/wp\/v2\/posts\/101897"}],"collection":[{"href":"https:\/\/www.visit-ulcinj.com\/blog\/wp-json\/wp\/v2\/posts"}],"about":[{"href":"https:\/\/www.visit-ulcinj.com\/blog\/wp-json\/wp\/v2\/types\/post"}],"author":[{"embeddable":true,"href":"https:\/\/www.visit-ulcinj.com\/blog\/wp-json\/wp\/v2\/users\/1"}],"replies":[{"embeddable":true,"href":"https:\/\/www.visit-ulcinj.com\/blog\/wp-json\/wp\/v2\/comments?post=101897"}],"version-history":[{"count":1,"href":"https:\/\/www.visit-ulcinj.com\/blog\/wp-json\/wp\/v2\/posts\/101897\/revisions"}],"predecessor-version":[{"id":101900,"href":"https:\/\/www.visit-ulcinj.com\/blog\/wp-json\/wp\/v2\/posts\/101897\/revisions\/101900"}],"wp:attachment":[{"href":"https:\/\/www.visit-ulcinj.com\/blog\/wp-json\/wp\/v2\/media?parent=101897"}],"wp:term":[{"taxonomy":"category","embeddable":true,"href":"https:\/\/www.visit-ulcinj.com\/blog\/wp-json\/wp\/v2\/categories?post=101897"},{"taxonomy":"post_tag","embeddable":true,"href":"https:\/\/www.visit-ulcinj.com\/blog\/wp-json\/wp\/v2\/tags?post=101897"}],"curies":[{"name":"wp","href":"https:\/\/api.w.org\/{rel}","templated":true}]}}