{"id":101901,"date":"2016-12-26T19:44:08","date_gmt":"2016-12-26T18:44:08","guid":{"rendered":"http:\/\/www.visit-ulcinj.com\/blog\/?p=101901"},"modified":"2016-12-26T19:44:49","modified_gmt":"2016-12-26T18:44:49","slug":"g-karamanaga-hfz-jusuf-mehmed-cungu","status":"publish","type":"post","link":"https:\/\/www.visit-ulcinj.com\/blog\/2016\/12\/26\/g-karamanaga-hfz-jusuf-mehmed-cungu\/","title":{"rendered":"G.Karamanaga: Hfz. Jusuf Mehmed Cungu"},"content":{"rendered":"<p><strong><a href=\"http:\/\/www.visit-ulcinj.com\/blog\/wp-content\/uploads\/2016\/12\/Kartolina-prej-vitit-1936.-Hfz-Jusuf-Cungu.jpg\"><img loading=\"lazy\" class=\"alignleft wp-image-101902\" src=\"http:\/\/www.visit-ulcinj.com\/blog\/wp-content\/uploads\/2016\/12\/Kartolina-prej-vitit-1936.-Hfz-Jusuf-Cungu.jpg\" alt=\"Kartolina prej vitit 1936. Hfz Jusuf Cungu\" width=\"508\" height=\"349\" srcset=\"https:\/\/www.visit-ulcinj.com\/blog\/wp-content\/uploads\/2016\/12\/Kartolina-prej-vitit-1936.-Hfz-Jusuf-Cungu.jpg 650w, https:\/\/www.visit-ulcinj.com\/blog\/wp-content\/uploads\/2016\/12\/Kartolina-prej-vitit-1936.-Hfz-Jusuf-Cungu-300x206.jpg 300w\" sizes=\"(max-width: 508px) 100vw, 508px\" \/><\/a>Kartolina prej vitit 1936. Hfz Jusuf Cungu<\/strong><\/p>\n<p><strong>Hfz. Jusuf Mehmed Cungu me turistat nga \u00c7ekia n\u00eb vitin 1936<\/strong><\/p>\n<p><strong>Shkruan: Prim.dr.Gani Karamanaga<\/strong><\/p>\n<p>U takova me avokatin e njohur ulqinak \u00a0Ibrahim Mehmed Cungun (1949 ) lidhur me disa pyetje p\u00ebr familjen Beroviq. Ai ishte avokati i k\u00ebsaj familje \u00a0p\u00ebr kthimin e pron\u00ebs ku ishte m\u00ebp\u00ebrpara \u00a0hotel \u201cRepublika\u201d. Ai \u00a0ma japi nj\u00eb kartolin\u00eb t\u00eb cil\u00ebn ja kishte d\u00ebrguar gjyshit tij hfz.Jusuf Mehmed Cungut n\u00eb vitin 1936 nga \u00c7ekia zot\u00ebri \u00a0Janosh Urban i cili ka qen\u00eb at\u00ebher\u00eb redaktori i nj\u00eb gazete. Ky kishte vizituar Ulqinin m\u00eb p\u00ebrpara dhe ishte mysafiri i hafizit t\u00eb p\u00ebrmendur.<\/p>\n<p>Hfz. Jusuf Mehmed Cungu ( 1874\u20141952) ishte imam i dalluar i asaj kohe. Ka qen\u00eb djali i Sulltan\u00eb dhe Mehmed Cungut. Sulltana Idrizaga Cungu ishte ajo gru e cila i doli p\u00ebrpara Dervish pash\u00ebs kur ai hyri dhe pushtoji Ulqinin n\u00eb vitin 1880. Ajo ia kapi frer\u00ebt e kalit dhe \u00a0i tha:<\/p>\n<p>\u201cAman,more Pash\u00eb,p\u00ebr hat\u00ebr t\u00eb Zotit,mos na shtjer\u00eb n\u00eb dor\u00eb t\u00eb hasmit, ma mir\u00eb t\u00eb na mbys\u00ebsh se sa t\u00eb na l\u00ebsh n\u00ebn shqa\u2026\u201d<\/p>\n<p>Ky dokument\u00eb e v\u00ebrteton faktin se turistat e pare nd\u00ebrkomb\u00ebtar kan\u00eb qen\u00eb n\u00eb Ulqin prej \u00c7ekie. Gjithashtu edhe n\u00eb nj\u00eb bised\u00eb para 15 viteve me t\u00eb ndierin Maliq Sulejmanin \u00a0kam shkruar se \u00a0n\u00eb Ulqin ka pasur at\u00ebher\u00eb edhe turista prej France.<\/p>\n<p>Por, n\u00eb at\u00eb koh\u00eb regjistrohen edhe mysafirt\u00eb nga Shkodra t\u00eb cil\u00ebt vizitojshin pllazhin dhe shetitorjen e Ran\u00ebs n\u00eb Ulqin,<\/p>\n<p>Hfz. Jusuf Mehmed Cungu me k\u00ebt\u00eb e tregon vehten si nj\u00ebri me kultur\u00eb t\u00eb lart\u00eb, me mir\u00ebkuptim dhe angazhim q\u00eb t\u00eb takohet me turistat e huaj t\u00eb at\u00ebhersh\u00ebm. Nj\u00ebkoh\u00ebsisht, kjo gj\u00eb tregon se feja Islame edhe at\u00ebher\u00eb ka qen\u00eb p\u00ebr toleranc\u00eb, horizonte t\u00eb reja, p\u00ebr lidhje nd\u00ebrkomb\u00ebtare. Kjo kartolin\u00eb mundet t\u00eb jet \u00a0edhe shembull p\u00ebr disa besim\u00ebtar t\u00eb ci\u00ebt e kan\u00eb humbur \u00a0rrug\u00ebn e tyre.<\/p>\n<p><strong>Burimi: Islam-Ul.com<\/strong><\/p>\n","protected":false},"excerpt":{"rendered":"<p>Kartolina prej vitit 1936. Hfz Jusuf Cungu Hfz. Jusuf Mehmed Cungu me turistat nga \u00c7ekia n\u00eb vitin 1936 Shkruan: Prim.dr.Gani Karamanaga U takova me avokatin e njohur ulqinak \u00a0Ibrahim Mehmed Cungun (1949 ) lidhur me disa pyetje p\u00ebr familjen Beroviq. Ai ishte avokati i k\u00ebsaj familje \u00a0p\u00ebr kthimin e pron\u00ebs ku ishte m\u00ebp\u00ebrpara \u00a0hotel \u201cRepublika\u201d. [&hellip;]<\/p>\n","protected":false},"author":1,"featured_media":0,"comment_status":"closed","ping_status":"closed","sticky":false,"template":"","format":"standard","meta":{"spay_email":"","jetpack_publicize_message":"","jetpack_is_tweetstorm":false,"jetpack_publicize_feature_enabled":true},"categories":[4],"tags":[],"jetpack_publicize_connections":[],"yoast_head":"<!-- This site is optimized with the Yoast SEO plugin v19.1 - https:\/\/yoast.com\/wordpress\/plugins\/seo\/ -->\n<title>G.Karamanaga: Hfz. Jusuf Mehmed Cungu - Lajme nga Ulqini<\/title>\n<meta name=\"description\" content=\"Kartolina prej vitit 1936. Hfz Jusuf Cungu Hfz. Jusuf Mehmed Cungu me turistat nga \u00c7ekia n\u00eb vitin 1936 Shkruan: Prim.dr.Gani Karamanaga U takova me\" \/>\n<meta name=\"robots\" content=\"index, follow, max-snippet:-1, max-image-preview:large, max-video-preview:-1\" \/>\n<link rel=\"canonical\" href=\"https:\/\/www.visit-ulcinj.com\/blog\/2016\/12\/26\/g-karamanaga-hfz-jusuf-mehmed-cungu\/\" \/>\n<meta property=\"og:locale\" content=\"en_US\" \/>\n<meta property=\"og:type\" content=\"article\" \/>\n<meta property=\"og:title\" content=\"G.Karamanaga: Hfz. Jusuf Mehmed Cungu - Lajme nga Ulqini\" \/>\n<meta property=\"og:description\" content=\"Kartolina prej vitit 1936. Hfz Jusuf Cungu Hfz. Jusuf Mehmed Cungu me turistat nga \u00c7ekia n\u00eb vitin 1936 Shkruan: Prim.dr.Gani Karamanaga U takova me\" \/>\n<meta property=\"og:url\" content=\"https:\/\/www.visit-ulcinj.com\/blog\/2016\/12\/26\/g-karamanaga-hfz-jusuf-mehmed-cungu\/\" \/>\n<meta property=\"og:site_name\" content=\"Lajme nga Ulqini\" \/>\n<meta property=\"article:published_time\" content=\"2016-12-26T18:44:08+00:00\" \/>\n<meta property=\"article:modified_time\" content=\"2016-12-26T18:44:49+00:00\" \/>\n<meta property=\"og:image\" content=\"http:\/\/www.visit-ulcinj.com\/blog\/wp-content\/uploads\/2016\/12\/Kartolina-prej-vitit-1936.-Hfz-Jusuf-Cungu.jpg\" \/>\n<meta name=\"twitter:label1\" content=\"Written by\" \/>\n\t<meta name=\"twitter:data1\" content=\"ulqini\" \/>\n\t<meta name=\"twitter:label2\" content=\"Est. reading time\" \/>\n\t<meta name=\"twitter:data2\" content=\"2 minutes\" \/>\n<script type=\"application\/ld+json\" class=\"yoast-schema-graph\">{\"@context\":\"https:\/\/schema.org\",\"@graph\":[{\"@type\":\"WebSite\",\"@id\":\"https:\/\/www.visit-ulcinj.com\/blog\/#website\",\"url\":\"https:\/\/www.visit-ulcinj.com\/blog\/\",\"name\":\"Lajme nga Ulqini\",\"description\":\"Lajme,Vijesti,Ulqini,Ulqin,Crna Gora,Mali i Zi\",\"potentialAction\":[{\"@type\":\"SearchAction\",\"target\":{\"@type\":\"EntryPoint\",\"urlTemplate\":\"https:\/\/www.visit-ulcinj.com\/blog\/?s={search_term_string}\"},\"query-input\":\"required name=search_term_string\"}],\"inLanguage\":\"en-US\"},{\"@type\":\"ImageObject\",\"inLanguage\":\"en-US\",\"@id\":\"https:\/\/www.visit-ulcinj.com\/blog\/2016\/12\/26\/g-karamanaga-hfz-jusuf-mehmed-cungu\/#primaryimage\",\"url\":\"https:\/\/www.visit-ulcinj.com\/blog\/wp-content\/uploads\/2016\/12\/Kartolina-prej-vitit-1936.-Hfz-Jusuf-Cungu.jpg\",\"contentUrl\":\"https:\/\/www.visit-ulcinj.com\/blog\/wp-content\/uploads\/2016\/12\/Kartolina-prej-vitit-1936.-Hfz-Jusuf-Cungu.jpg\",\"width\":650,\"height\":446},{\"@type\":\"WebPage\",\"@id\":\"https:\/\/www.visit-ulcinj.com\/blog\/2016\/12\/26\/g-karamanaga-hfz-jusuf-mehmed-cungu\/#webpage\",\"url\":\"https:\/\/www.visit-ulcinj.com\/blog\/2016\/12\/26\/g-karamanaga-hfz-jusuf-mehmed-cungu\/\",\"name\":\"G.Karamanaga: Hfz. Jusuf Mehmed Cungu - Lajme nga Ulqini\",\"isPartOf\":{\"@id\":\"https:\/\/www.visit-ulcinj.com\/blog\/#website\"},\"primaryImageOfPage\":{\"@id\":\"https:\/\/www.visit-ulcinj.com\/blog\/2016\/12\/26\/g-karamanaga-hfz-jusuf-mehmed-cungu\/#primaryimage\"},\"datePublished\":\"2016-12-26T18:44:08+00:00\",\"dateModified\":\"2016-12-26T18:44:49+00:00\",\"author\":{\"@id\":\"https:\/\/www.visit-ulcinj.com\/blog\/#\/schema\/person\/dcab619c614d3038751c63bc2aadc06d\"},\"description\":\"Kartolina prej vitit 1936. Hfz Jusuf Cungu Hfz. Jusuf Mehmed Cungu me turistat nga \u00c7ekia n\u00eb vitin 1936 Shkruan: Prim.dr.Gani Karamanaga U takova me\",\"breadcrumb\":{\"@id\":\"https:\/\/www.visit-ulcinj.com\/blog\/2016\/12\/26\/g-karamanaga-hfz-jusuf-mehmed-cungu\/#breadcrumb\"},\"inLanguage\":\"en-US\",\"potentialAction\":[{\"@type\":\"ReadAction\",\"target\":[\"https:\/\/www.visit-ulcinj.com\/blog\/2016\/12\/26\/g-karamanaga-hfz-jusuf-mehmed-cungu\/\"]}]},{\"@type\":\"BreadcrumbList\",\"@id\":\"https:\/\/www.visit-ulcinj.com\/blog\/2016\/12\/26\/g-karamanaga-hfz-jusuf-mehmed-cungu\/#breadcrumb\",\"itemListElement\":[{\"@type\":\"ListItem\",\"position\":1,\"name\":\"G.Karamanaga: Hfz. Jusuf Mehmed Cungu\"}]},{\"@type\":\"Person\",\"@id\":\"https:\/\/www.visit-ulcinj.com\/blog\/#\/schema\/person\/dcab619c614d3038751c63bc2aadc06d\",\"name\":\"ulqini\",\"sameAs\":[\"http:\/\/www.visit-ulcinj.com\"],\"url\":\"https:\/\/www.visit-ulcinj.com\/blog\/author\/admin\/\"}]}<\/script>\n<!-- \/ Yoast SEO plugin. -->","yoast_head_json":{"title":"G.Karamanaga: Hfz. Jusuf Mehmed Cungu - Lajme nga Ulqini","description":"Kartolina prej vitit 1936. Hfz Jusuf Cungu Hfz. Jusuf Mehmed Cungu me turistat nga \u00c7ekia n\u00eb vitin 1936 Shkruan: Prim.dr.Gani Karamanaga U takova me","robots":{"index":"index","follow":"follow","max-snippet":"max-snippet:-1","max-image-preview":"max-image-preview:large","max-video-preview":"max-video-preview:-1"},"canonical":"https:\/\/www.visit-ulcinj.com\/blog\/2016\/12\/26\/g-karamanaga-hfz-jusuf-mehmed-cungu\/","og_locale":"en_US","og_type":"article","og_title":"G.Karamanaga: Hfz. Jusuf Mehmed Cungu - Lajme nga Ulqini","og_description":"Kartolina prej vitit 1936. Hfz Jusuf Cungu Hfz. Jusuf Mehmed Cungu me turistat nga \u00c7ekia n\u00eb vitin 1936 Shkruan: Prim.dr.Gani Karamanaga U takova me","og_url":"https:\/\/www.visit-ulcinj.com\/blog\/2016\/12\/26\/g-karamanaga-hfz-jusuf-mehmed-cungu\/","og_site_name":"Lajme nga Ulqini","article_published_time":"2016-12-26T18:44:08+00:00","article_modified_time":"2016-12-26T18:44:49+00:00","og_image":[{"url":"http:\/\/www.visit-ulcinj.com\/blog\/wp-content\/uploads\/2016\/12\/Kartolina-prej-vitit-1936.-Hfz-Jusuf-Cungu.jpg"}],"twitter_misc":{"Written by":"ulqini","Est. reading time":"2 minutes"},"schema":{"@context":"https:\/\/schema.org","@graph":[{"@type":"WebSite","@id":"https:\/\/www.visit-ulcinj.com\/blog\/#website","url":"https:\/\/www.visit-ulcinj.com\/blog\/","name":"Lajme nga Ulqini","description":"Lajme,Vijesti,Ulqini,Ulqin,Crna Gora,Mali i Zi","potentialAction":[{"@type":"SearchAction","target":{"@type":"EntryPoint","urlTemplate":"https:\/\/www.visit-ulcinj.com\/blog\/?s={search_term_string}"},"query-input":"required name=search_term_string"}],"inLanguage":"en-US"},{"@type":"ImageObject","inLanguage":"en-US","@id":"https:\/\/www.visit-ulcinj.com\/blog\/2016\/12\/26\/g-karamanaga-hfz-jusuf-mehmed-cungu\/#primaryimage","url":"https:\/\/www.visit-ulcinj.com\/blog\/wp-content\/uploads\/2016\/12\/Kartolina-prej-vitit-1936.-Hfz-Jusuf-Cungu.jpg","contentUrl":"https:\/\/www.visit-ulcinj.com\/blog\/wp-content\/uploads\/2016\/12\/Kartolina-prej-vitit-1936.-Hfz-Jusuf-Cungu.jpg","width":650,"height":446},{"@type":"WebPage","@id":"https:\/\/www.visit-ulcinj.com\/blog\/2016\/12\/26\/g-karamanaga-hfz-jusuf-mehmed-cungu\/#webpage","url":"https:\/\/www.visit-ulcinj.com\/blog\/2016\/12\/26\/g-karamanaga-hfz-jusuf-mehmed-cungu\/","name":"G.Karamanaga: Hfz. Jusuf Mehmed Cungu - Lajme nga Ulqini","isPartOf":{"@id":"https:\/\/www.visit-ulcinj.com\/blog\/#website"},"primaryImageOfPage":{"@id":"https:\/\/www.visit-ulcinj.com\/blog\/2016\/12\/26\/g-karamanaga-hfz-jusuf-mehmed-cungu\/#primaryimage"},"datePublished":"2016-12-26T18:44:08+00:00","dateModified":"2016-12-26T18:44:49+00:00","author":{"@id":"https:\/\/www.visit-ulcinj.com\/blog\/#\/schema\/person\/dcab619c614d3038751c63bc2aadc06d"},"description":"Kartolina prej vitit 1936. Hfz Jusuf Cungu Hfz. Jusuf Mehmed Cungu me turistat nga \u00c7ekia n\u00eb vitin 1936 Shkruan: Prim.dr.Gani Karamanaga U takova me","breadcrumb":{"@id":"https:\/\/www.visit-ulcinj.com\/blog\/2016\/12\/26\/g-karamanaga-hfz-jusuf-mehmed-cungu\/#breadcrumb"},"inLanguage":"en-US","potentialAction":[{"@type":"ReadAction","target":["https:\/\/www.visit-ulcinj.com\/blog\/2016\/12\/26\/g-karamanaga-hfz-jusuf-mehmed-cungu\/"]}]},{"@type":"BreadcrumbList","@id":"https:\/\/www.visit-ulcinj.com\/blog\/2016\/12\/26\/g-karamanaga-hfz-jusuf-mehmed-cungu\/#breadcrumb","itemListElement":[{"@type":"ListItem","position":1,"name":"G.Karamanaga: Hfz. Jusuf Mehmed Cungu"}]},{"@type":"Person","@id":"https:\/\/www.visit-ulcinj.com\/blog\/#\/schema\/person\/dcab619c614d3038751c63bc2aadc06d","name":"ulqini","sameAs":["http:\/\/www.visit-ulcinj.com"],"url":"https:\/\/www.visit-ulcinj.com\/blog\/author\/admin\/"}]}},"jetpack_featured_media_url":"","jetpack_sharing_enabled":true,"jetpack_shortlink":"https:\/\/wp.me\/pe6lTn-qvz","_links":{"self":[{"href":"https:\/\/www.visit-ulcinj.com\/blog\/wp-json\/wp\/v2\/posts\/101901"}],"collection":[{"href":"https:\/\/www.visit-ulcinj.com\/blog\/wp-json\/wp\/v2\/posts"}],"about":[{"href":"https:\/\/www.visit-ulcinj.com\/blog\/wp-json\/wp\/v2\/types\/post"}],"author":[{"embeddable":true,"href":"https:\/\/www.visit-ulcinj.com\/blog\/wp-json\/wp\/v2\/users\/1"}],"replies":[{"embeddable":true,"href":"https:\/\/www.visit-ulcinj.com\/blog\/wp-json\/wp\/v2\/comments?post=101901"}],"version-history":[{"count":2,"href":"https:\/\/www.visit-ulcinj.com\/blog\/wp-json\/wp\/v2\/posts\/101901\/revisions"}],"predecessor-version":[{"id":101904,"href":"https:\/\/www.visit-ulcinj.com\/blog\/wp-json\/wp\/v2\/posts\/101901\/revisions\/101904"}],"wp:attachment":[{"href":"https:\/\/www.visit-ulcinj.com\/blog\/wp-json\/wp\/v2\/media?parent=101901"}],"wp:term":[{"taxonomy":"category","embeddable":true,"href":"https:\/\/www.visit-ulcinj.com\/blog\/wp-json\/wp\/v2\/categories?post=101901"},{"taxonomy":"post_tag","embeddable":true,"href":"https:\/\/www.visit-ulcinj.com\/blog\/wp-json\/wp\/v2\/tags?post=101901"}],"curies":[{"name":"wp","href":"https:\/\/api.w.org\/{rel}","templated":true}]}}