{"id":101905,"date":"2016-12-27T16:22:58","date_gmt":"2016-12-27T15:22:58","guid":{"rendered":"http:\/\/www.visit-ulcinj.com\/blog\/?p=101905"},"modified":"2016-12-27T16:27:52","modified_gmt":"2016-12-27T15:27:52","slug":"prodhuesit-e-qumeshtit-ne-ulqin-kerkojne-mbrojtjen-e-komues","status":"publish","type":"post","link":"https:\/\/www.visit-ulcinj.com\/blog\/2016\/12\/27\/prodhuesit-e-qumeshtit-ne-ulqin-kerkojne-mbrojtjen-e-komues\/","title":{"rendered":"Prodhuesit e qum\u00ebshtit n\u00eb Ulqin k\u00ebrkojn\u00eb mbrojtjen e komu\u00ebs"},"content":{"rendered":"<p><strong><a href=\"http:\/\/www.visit-ulcinj.com\/blog\/wp-content\/uploads\/2016\/12\/Prodhuesit-e-qum\u00ebshtit-n\u00eb-Ulqin-k\u00ebrkojn\u00eb-mbrojtje.jpg\"><img loading=\"lazy\" class=\"alignleft wp-image-101906\" src=\"http:\/\/www.visit-ulcinj.com\/blog\/wp-content\/uploads\/2016\/12\/Prodhuesit-e-qum\u00ebshtit-n\u00eb-Ulqin-k\u00ebrkojn\u00eb-mbrojtje.jpg\" alt=\"Prodhuesit e qum\u00ebshtit n\u00eb Ulqin k\u00ebrkojn\u00eb mbrojtje\" width=\"508\" height=\"290\" srcset=\"https:\/\/www.visit-ulcinj.com\/blog\/wp-content\/uploads\/2016\/12\/Prodhuesit-e-qum\u00ebshtit-n\u00eb-Ulqin-k\u00ebrkojn\u00eb-mbrojtje.jpg 998w, https:\/\/www.visit-ulcinj.com\/blog\/wp-content\/uploads\/2016\/12\/Prodhuesit-e-qum\u00ebshtit-n\u00eb-Ulqin-k\u00ebrkojn\u00eb-mbrojtje-300x171.jpg 300w, https:\/\/www.visit-ulcinj.com\/blog\/wp-content\/uploads\/2016\/12\/Prodhuesit-e-qum\u00ebshtit-n\u00eb-Ulqin-k\u00ebrkojn\u00eb-mbrojtje-768x438.jpg 768w\" sizes=\"(max-width: 508px) 100vw, 508px\" \/><\/a>Prodhuesit e qum\u00ebshtit t\u00eb bashkuar &#8211; shans p\u00ebr suksesin e tyre<\/strong><\/p>\n<p>Kryetari i Komun\u00ebs s\u00eb Ulqini Nazif Cungu me bashk\u00ebpun\u00ebtor\u00eb priti prodhuesit e qum\u00ebshtit n\u00eb teritorin e komun\u00ebs s\u00eb Ulqinit. N\u00eb takim ishin t\u00eb pranish\u00ebm dhe p\u00ebrfaq\u00ebsuesit t\u00eb Biznes Klubit Ana e Malit.<\/p>\n<p>Kryetari Cungu konstatoi q\u00eb prodhuesit e qum\u00ebshtit ballafaqohen me probleme t\u00eb shumta gjat\u00eb grumbullimit dhe shitjes s\u00eb qum\u00ebshtit, me \u00e7\u2019gj\u00eb shpesh her\u00eb rrezikohet edhe vet\u00eb biznesi i tyre. Ai shtoi se zgjidhje duhet k\u00ebrkuar n\u00eb bashkimin e prodhuesve n\u00ebp\u00ebr ndonj\u00eb forme afariste si\u00e7 mund t\u00eb jet\u00eb ajo e kooperativ\u00ebs.<\/p>\n<p>Sipas kryetarit vet\u00ebqeverisja lokale \u00ebsht\u00eb e gatshme t\u00eb ofroj\u00eb \u00e7do form\u00eb t\u00eb ndihm\u00ebs prodhuesve t\u00eb qum\u00ebshtit p\u00ebrfshir\u00eb k\u00ebtu dhe nd\u00ebrmjet\u00ebsimin t\u00eb k\u00ebrkesave t\u00eb tyre ndaj Ministris\u00eb s\u00eb Bujq\u00ebsis\u00eb dhe Zhvillimit Rural.<\/p>\n<p>Ndr\u00ebkaq, kryetari i shoqat\u00ebs Biznes Klub Ana e Malit, Kabil Kurti ve\u00e7oi r\u00ebnd\u00ebsin\u00eb e bashkimit t\u00eb prodhuesve gj\u00eb e cila sipas tij \u00ebsht\u00eb e vetmja m\u00ebnyr\u00eb e mbijetimit n\u00eb treg. Ai shtoi q\u00eb duhet ruajtuar kualitetin e prodhimit me q\u00ebllim t\u00eb krijimit t\u00eb brendit.<\/p>\n<p>Kryetari Cungu obligoi Sekretariatin p\u00ebr ekonomi q\u00eb t\u00eb pr\u00ebgatis\u00eb rregjistrin e t\u00eb gjith\u00eb prodhuesve t\u00eb qum\u00ebshtiti n\u00eb teritorin e Komun\u00ebs s\u00eb Ulqinit, ku do t\u00eb ishte nj\u00eb pasqyr\u00eb m\u00eb e qart\u00eb e kapaciteteve prodhuese t\u00eb tyre.<\/p>\n<p>N\u00eb takim u ra dakord q\u00eb Komuna e Ulqinit nga viti i ardhsh\u00ebm t\u00eb p\u00ebrgatis\u00eb planin e pages\u00eb t\u00eb borxheve q\u00eb ajo i ka n\u00eb baz\u00eb t\u00eb subvencionimit t\u00eb \u00e7mimit t\u00eb grumbullimit i cili \u00ebsht\u00eb 3 cent p\u00ebr lit\u00ebr.<\/p>\n<p><a href=\"http:\/\/www.visit-ulcinj.com\/blog\/wp-content\/uploads\/2016\/12\/Prodhuesit-e-qum\u00ebshtit-n\u00eb-Ulqin-k\u00ebrkojn\u00eb-mbrojtje-1.jpg\"><img loading=\"lazy\" class=\"alignleft wp-image-101908\" src=\"http:\/\/www.visit-ulcinj.com\/blog\/wp-content\/uploads\/2016\/12\/Prodhuesit-e-qum\u00ebshtit-n\u00eb-Ulqin-k\u00ebrkojn\u00eb-mbrojtje-1.jpg\" alt=\"Prodhuesit e qum\u00ebshtit n\u00eb Ulqin k\u00ebrkojn\u00eb mbrojtje-1\" width=\"508\" height=\"320\" srcset=\"https:\/\/www.visit-ulcinj.com\/blog\/wp-content\/uploads\/2016\/12\/Prodhuesit-e-qum\u00ebshtit-n\u00eb-Ulqin-k\u00ebrkojn\u00eb-mbrojtje-1.jpg 999w, https:\/\/www.visit-ulcinj.com\/blog\/wp-content\/uploads\/2016\/12\/Prodhuesit-e-qum\u00ebshtit-n\u00eb-Ulqin-k\u00ebrkojn\u00eb-mbrojtje-1-300x189.jpg 300w, https:\/\/www.visit-ulcinj.com\/blog\/wp-content\/uploads\/2016\/12\/Prodhuesit-e-qum\u00ebshtit-n\u00eb-Ulqin-k\u00ebrkojn\u00eb-mbrojtje-1-768x484.jpg 768w\" sizes=\"(max-width: 508px) 100vw, 508px\" \/><\/a><\/p>\n<p>&nbsp;<\/p>\n","protected":false},"excerpt":{"rendered":"<p>Prodhuesit e qum\u00ebshtit t\u00eb bashkuar &#8211; shans p\u00ebr suksesin e tyre Kryetari i Komun\u00ebs s\u00eb Ulqini Nazif Cungu me bashk\u00ebpun\u00ebtor\u00eb priti prodhuesit e qum\u00ebshtit n\u00eb teritorin e komun\u00ebs s\u00eb Ulqinit. N\u00eb takim ishin t\u00eb pranish\u00ebm dhe p\u00ebrfaq\u00ebsuesit t\u00eb Biznes Klubit Ana e Malit. Kryetari Cungu konstatoi q\u00eb prodhuesit e qum\u00ebshtit ballafaqohen me probleme t\u00eb shumta [&hellip;]<\/p>\n","protected":false},"author":1,"featured_media":0,"comment_status":"closed","ping_status":"closed","sticky":false,"template":"","format":"standard","meta":{"spay_email":"","jetpack_publicize_message":"","jetpack_is_tweetstorm":false,"jetpack_publicize_feature_enabled":true},"categories":[10],"tags":[],"jetpack_publicize_connections":[],"yoast_head":"<!-- This site is optimized with the Yoast SEO plugin v19.1 - https:\/\/yoast.com\/wordpress\/plugins\/seo\/ -->\n<title>Prodhuesit e qum\u00ebshtit n\u00eb Ulqin k\u00ebrkojn\u00eb mbrojtjen e komu\u00ebs - Lajme nga Ulqini<\/title>\n<meta name=\"description\" content=\"Prodhuesit e qum\u00ebshtit t\u00eb bashkuar - shans p\u00ebr suksesin e tyre Kryetari i Komun\u00ebs s\u00eb Ulqini Nazif Cungu me bashk\u00ebpun\u00ebtor\u00eb priti prodhuesit e qum\u00ebshtit n\u00eb\" \/>\n<meta name=\"robots\" content=\"index, follow, max-snippet:-1, max-image-preview:large, max-video-preview:-1\" \/>\n<link rel=\"canonical\" href=\"https:\/\/www.visit-ulcinj.com\/blog\/2016\/12\/27\/prodhuesit-e-qumeshtit-ne-ulqin-kerkojne-mbrojtjen-e-komues\/\" \/>\n<meta property=\"og:locale\" content=\"en_US\" \/>\n<meta property=\"og:type\" content=\"article\" \/>\n<meta property=\"og:title\" content=\"Prodhuesit e qum\u00ebshtit n\u00eb Ulqin k\u00ebrkojn\u00eb mbrojtjen e komu\u00ebs - Lajme nga Ulqini\" \/>\n<meta property=\"og:description\" content=\"Prodhuesit e qum\u00ebshtit t\u00eb bashkuar - shans p\u00ebr suksesin e tyre Kryetari i Komun\u00ebs s\u00eb Ulqini Nazif Cungu me bashk\u00ebpun\u00ebtor\u00eb priti prodhuesit e qum\u00ebshtit n\u00eb\" \/>\n<meta property=\"og:url\" content=\"https:\/\/www.visit-ulcinj.com\/blog\/2016\/12\/27\/prodhuesit-e-qumeshtit-ne-ulqin-kerkojne-mbrojtjen-e-komues\/\" \/>\n<meta property=\"og:site_name\" content=\"Lajme nga Ulqini\" \/>\n<meta property=\"article:published_time\" content=\"2016-12-27T15:22:58+00:00\" \/>\n<meta property=\"article:modified_time\" content=\"2016-12-27T15:27:52+00:00\" \/>\n<meta name=\"twitter:label1\" content=\"Written by\" \/>\n\t<meta name=\"twitter:data1\" content=\"ulqini\" \/>\n\t<meta name=\"twitter:label2\" content=\"Est. reading time\" \/>\n\t<meta name=\"twitter:data2\" content=\"1 minute\" \/>\n<script type=\"application\/ld+json\" class=\"yoast-schema-graph\">{\"@context\":\"https:\/\/schema.org\",\"@graph\":[{\"@type\":\"WebSite\",\"@id\":\"https:\/\/www.visit-ulcinj.com\/blog\/#website\",\"url\":\"https:\/\/www.visit-ulcinj.com\/blog\/\",\"name\":\"Lajme nga Ulqini\",\"description\":\"Lajme,Vijesti,Ulqini,Ulqin,Crna Gora,Mali i Zi\",\"potentialAction\":[{\"@type\":\"SearchAction\",\"target\":{\"@type\":\"EntryPoint\",\"urlTemplate\":\"https:\/\/www.visit-ulcinj.com\/blog\/?s={search_term_string}\"},\"query-input\":\"required name=search_term_string\"}],\"inLanguage\":\"en-US\"},{\"@type\":\"WebPage\",\"@id\":\"https:\/\/www.visit-ulcinj.com\/blog\/2016\/12\/27\/prodhuesit-e-qumeshtit-ne-ulqin-kerkojne-mbrojtjen-e-komues\/#webpage\",\"url\":\"https:\/\/www.visit-ulcinj.com\/blog\/2016\/12\/27\/prodhuesit-e-qumeshtit-ne-ulqin-kerkojne-mbrojtjen-e-komues\/\",\"name\":\"Prodhuesit e qum\u00ebshtit n\u00eb Ulqin k\u00ebrkojn\u00eb mbrojtjen e komu\u00ebs - Lajme nga Ulqini\",\"isPartOf\":{\"@id\":\"https:\/\/www.visit-ulcinj.com\/blog\/#website\"},\"datePublished\":\"2016-12-27T15:22:58+00:00\",\"dateModified\":\"2016-12-27T15:27:52+00:00\",\"author\":{\"@id\":\"https:\/\/www.visit-ulcinj.com\/blog\/#\/schema\/person\/dcab619c614d3038751c63bc2aadc06d\"},\"description\":\"Prodhuesit e qum\u00ebshtit t\u00eb bashkuar - shans p\u00ebr suksesin e tyre Kryetari i Komun\u00ebs s\u00eb Ulqini Nazif Cungu me bashk\u00ebpun\u00ebtor\u00eb priti prodhuesit e qum\u00ebshtit n\u00eb\",\"breadcrumb\":{\"@id\":\"https:\/\/www.visit-ulcinj.com\/blog\/2016\/12\/27\/prodhuesit-e-qumeshtit-ne-ulqin-kerkojne-mbrojtjen-e-komues\/#breadcrumb\"},\"inLanguage\":\"en-US\",\"potentialAction\":[{\"@type\":\"ReadAction\",\"target\":[\"https:\/\/www.visit-ulcinj.com\/blog\/2016\/12\/27\/prodhuesit-e-qumeshtit-ne-ulqin-kerkojne-mbrojtjen-e-komues\/\"]}]},{\"@type\":\"BreadcrumbList\",\"@id\":\"https:\/\/www.visit-ulcinj.com\/blog\/2016\/12\/27\/prodhuesit-e-qumeshtit-ne-ulqin-kerkojne-mbrojtjen-e-komues\/#breadcrumb\",\"itemListElement\":[{\"@type\":\"ListItem\",\"position\":1,\"name\":\"Prodhuesit e qum\u00ebshtit n\u00eb Ulqin k\u00ebrkojn\u00eb mbrojtjen e komu\u00ebs\"}]},{\"@type\":\"Person\",\"@id\":\"https:\/\/www.visit-ulcinj.com\/blog\/#\/schema\/person\/dcab619c614d3038751c63bc2aadc06d\",\"name\":\"ulqini\",\"sameAs\":[\"http:\/\/www.visit-ulcinj.com\"],\"url\":\"https:\/\/www.visit-ulcinj.com\/blog\/author\/admin\/\"}]}<\/script>\n<!-- \/ Yoast SEO plugin. -->","yoast_head_json":{"title":"Prodhuesit e qum\u00ebshtit n\u00eb Ulqin k\u00ebrkojn\u00eb mbrojtjen e komu\u00ebs - Lajme nga Ulqini","description":"Prodhuesit e qum\u00ebshtit t\u00eb bashkuar - shans p\u00ebr suksesin e tyre Kryetari i Komun\u00ebs s\u00eb Ulqini Nazif Cungu me bashk\u00ebpun\u00ebtor\u00eb priti prodhuesit e qum\u00ebshtit n\u00eb","robots":{"index":"index","follow":"follow","max-snippet":"max-snippet:-1","max-image-preview":"max-image-preview:large","max-video-preview":"max-video-preview:-1"},"canonical":"https:\/\/www.visit-ulcinj.com\/blog\/2016\/12\/27\/prodhuesit-e-qumeshtit-ne-ulqin-kerkojne-mbrojtjen-e-komues\/","og_locale":"en_US","og_type":"article","og_title":"Prodhuesit e qum\u00ebshtit n\u00eb Ulqin k\u00ebrkojn\u00eb mbrojtjen e komu\u00ebs - Lajme nga Ulqini","og_description":"Prodhuesit e qum\u00ebshtit t\u00eb bashkuar - shans p\u00ebr suksesin e tyre Kryetari i Komun\u00ebs s\u00eb Ulqini Nazif Cungu me bashk\u00ebpun\u00ebtor\u00eb priti prodhuesit e qum\u00ebshtit n\u00eb","og_url":"https:\/\/www.visit-ulcinj.com\/blog\/2016\/12\/27\/prodhuesit-e-qumeshtit-ne-ulqin-kerkojne-mbrojtjen-e-komues\/","og_site_name":"Lajme nga Ulqini","article_published_time":"2016-12-27T15:22:58+00:00","article_modified_time":"2016-12-27T15:27:52+00:00","twitter_misc":{"Written by":"ulqini","Est. reading time":"1 minute"},"schema":{"@context":"https:\/\/schema.org","@graph":[{"@type":"WebSite","@id":"https:\/\/www.visit-ulcinj.com\/blog\/#website","url":"https:\/\/www.visit-ulcinj.com\/blog\/","name":"Lajme nga Ulqini","description":"Lajme,Vijesti,Ulqini,Ulqin,Crna Gora,Mali i Zi","potentialAction":[{"@type":"SearchAction","target":{"@type":"EntryPoint","urlTemplate":"https:\/\/www.visit-ulcinj.com\/blog\/?s={search_term_string}"},"query-input":"required name=search_term_string"}],"inLanguage":"en-US"},{"@type":"WebPage","@id":"https:\/\/www.visit-ulcinj.com\/blog\/2016\/12\/27\/prodhuesit-e-qumeshtit-ne-ulqin-kerkojne-mbrojtjen-e-komues\/#webpage","url":"https:\/\/www.visit-ulcinj.com\/blog\/2016\/12\/27\/prodhuesit-e-qumeshtit-ne-ulqin-kerkojne-mbrojtjen-e-komues\/","name":"Prodhuesit e qum\u00ebshtit n\u00eb Ulqin k\u00ebrkojn\u00eb mbrojtjen e komu\u00ebs - Lajme nga Ulqini","isPartOf":{"@id":"https:\/\/www.visit-ulcinj.com\/blog\/#website"},"datePublished":"2016-12-27T15:22:58+00:00","dateModified":"2016-12-27T15:27:52+00:00","author":{"@id":"https:\/\/www.visit-ulcinj.com\/blog\/#\/schema\/person\/dcab619c614d3038751c63bc2aadc06d"},"description":"Prodhuesit e qum\u00ebshtit t\u00eb bashkuar - shans p\u00ebr suksesin e tyre Kryetari i Komun\u00ebs s\u00eb Ulqini Nazif Cungu me bashk\u00ebpun\u00ebtor\u00eb priti prodhuesit e qum\u00ebshtit n\u00eb","breadcrumb":{"@id":"https:\/\/www.visit-ulcinj.com\/blog\/2016\/12\/27\/prodhuesit-e-qumeshtit-ne-ulqin-kerkojne-mbrojtjen-e-komues\/#breadcrumb"},"inLanguage":"en-US","potentialAction":[{"@type":"ReadAction","target":["https:\/\/www.visit-ulcinj.com\/blog\/2016\/12\/27\/prodhuesit-e-qumeshtit-ne-ulqin-kerkojne-mbrojtjen-e-komues\/"]}]},{"@type":"BreadcrumbList","@id":"https:\/\/www.visit-ulcinj.com\/blog\/2016\/12\/27\/prodhuesit-e-qumeshtit-ne-ulqin-kerkojne-mbrojtjen-e-komues\/#breadcrumb","itemListElement":[{"@type":"ListItem","position":1,"name":"Prodhuesit e qum\u00ebshtit n\u00eb Ulqin k\u00ebrkojn\u00eb mbrojtjen e komu\u00ebs"}]},{"@type":"Person","@id":"https:\/\/www.visit-ulcinj.com\/blog\/#\/schema\/person\/dcab619c614d3038751c63bc2aadc06d","name":"ulqini","sameAs":["http:\/\/www.visit-ulcinj.com"],"url":"https:\/\/www.visit-ulcinj.com\/blog\/author\/admin\/"}]}},"jetpack_featured_media_url":"","jetpack_sharing_enabled":true,"jetpack_shortlink":"https:\/\/wp.me\/pe6lTn-qvD","_links":{"self":[{"href":"https:\/\/www.visit-ulcinj.com\/blog\/wp-json\/wp\/v2\/posts\/101905"}],"collection":[{"href":"https:\/\/www.visit-ulcinj.com\/blog\/wp-json\/wp\/v2\/posts"}],"about":[{"href":"https:\/\/www.visit-ulcinj.com\/blog\/wp-json\/wp\/v2\/types\/post"}],"author":[{"embeddable":true,"href":"https:\/\/www.visit-ulcinj.com\/blog\/wp-json\/wp\/v2\/users\/1"}],"replies":[{"embeddable":true,"href":"https:\/\/www.visit-ulcinj.com\/blog\/wp-json\/wp\/v2\/comments?post=101905"}],"version-history":[{"count":2,"href":"https:\/\/www.visit-ulcinj.com\/blog\/wp-json\/wp\/v2\/posts\/101905\/revisions"}],"predecessor-version":[{"id":101909,"href":"https:\/\/www.visit-ulcinj.com\/blog\/wp-json\/wp\/v2\/posts\/101905\/revisions\/101909"}],"wp:attachment":[{"href":"https:\/\/www.visit-ulcinj.com\/blog\/wp-json\/wp\/v2\/media?parent=101905"}],"wp:term":[{"taxonomy":"category","embeddable":true,"href":"https:\/\/www.visit-ulcinj.com\/blog\/wp-json\/wp\/v2\/categories?post=101905"},{"taxonomy":"post_tag","embeddable":true,"href":"https:\/\/www.visit-ulcinj.com\/blog\/wp-json\/wp\/v2\/tags?post=101905"}],"curies":[{"name":"wp","href":"https:\/\/api.w.org\/{rel}","templated":true}]}}