{"id":10191,"date":"2009-02-01T10:54:09","date_gmt":"2009-02-01T09:54:09","guid":{"rendered":"http:\/\/www.visit-ulcinj.com\/blog\/?p=10191"},"modified":"2009-02-01T11:54:33","modified_gmt":"2009-02-01T10:54:33","slug":"mali-i-zi-nevoja-e-dialogut-politik-ndershqiptar","status":"publish","type":"post","link":"https:\/\/www.visit-ulcinj.com\/blog\/2009\/02\/01\/mali-i-zi-nevoja-e-dialogut-politik-ndershqiptar\/","title":{"rendered":"Mali i Zi: Nevoja e dialogut politik nd\u00ebrshqiptar"},"content":{"rendered":"<p><strong><a rel=\"attachment wp-att-10192\" href=\"http:\/\/www.visit-ulcinj.com\/blog\/2009\/02\/01\/mali-i-zi-nevoja-e-dialogut-politik-ndershqiptar\/logo_partit-shqiptare-ne-mal-te-zi-2\/\"><img loading=\"lazy\" class=\"alignleft size-full wp-image-10192\" title=\"logo_partit-shqiptare-ne-mal-te-zi\" src=\"http:\/\/www.visit-ulcinj.com\/blog\/wp-content\/uploads\/2009\/02\/logo_partit-shqiptare-ne-mal-te-zi.jpg\" alt=\"logo_partit-shqiptare-ne-mal-te-zi\" width=\"299\" height=\"288\" srcset=\"https:\/\/www.visit-ulcinj.com\/blog\/wp-content\/uploads\/2009\/02\/logo_partit-shqiptare-ne-mal-te-zi.jpg 427w, https:\/\/www.visit-ulcinj.com\/blog\/wp-content\/uploads\/2009\/02\/logo_partit-shqiptare-ne-mal-te-zi-300x289.jpg 300w\" sizes=\"(max-width: 299px) 100vw, 299px\" \/><\/a>Strategjia e partive nacionale shqiptare p\u00ebr zgjedhjet e ardhshme parlamentare<\/strong><br \/>\nM\u00eb 21 t\u00eb k\u00ebtij muaji filloi sesioni i Kuvendit t\u00eb Malit t\u00eb Zi. Tashm\u00eb \u00ebsht\u00eb gj\u00eb e sigurt se zgjedhjet e jasht\u00ebzakonshme parlamentare do t\u00eb shpallen n\u00eb mbarim t\u00eb muajit mars. Cila duhet t\u00eb jet\u00eb strategjia e partive nacionale shqiptare?<\/p>\n<p><strong>Strategjia<\/strong><\/p>\n<p>K\u00ebto dit\u00eb flitet p\u00ebr koalicionet e mundshme parazgjedhore n\u00eb nivel t\u00eb Malit t\u00eb Zi. Shtrohet pyetja se \u00e7far\u00eb duhet t\u00eb ken\u00eb parasysh partit\u00eb shqiptare? Cilat jan\u00eb premisat nga t\u00eb cilat duhet t\u00eb nisen lider\u00ebt e subjekteve politike shqiptare. \u00c7ka jan\u00eb premisat? Premisat jan\u00eb pohimet nga t\u00eb cilat nisemi p\u00ebr t\u00eb ardhur deri te konkluza. Dy premisa themelore nga t\u00eb cilat duhet t\u00eb nisen lider\u00ebt e partive shqiptare duhet t\u00eb jen\u00eb, si vijon:<br \/>\nA. Shqiptar\u00ebt si faktor numerik. Shqiptar\u00ebt paraqesin 5,3% nga popullata e p\u00ebrgjithshme dhe ky num\u00ebr \u00ebsht\u00eb duke u zvog\u00ebluar me nj\u00eb progresivitet gjeometrik, pra, me nj\u00eb shpejt\u00ebsi t\u00eb madhe. Derisa n\u00eb regjistrimin e parafundit numri ishte 7 %, brenda dhjet\u00eb vitesh \u00ebsht\u00eb zvog\u00ebluar p\u00ebr dy p\u00ebrqind, ose, n\u00ebse e marrim n\u00eb kuadrin e t\u00ebr\u00ebsis\u00eb s\u00eb korpusit shqiptar n\u00eb Mal t\u00eb Zi, kjo \u00ebsht\u00eb gati 30 % nga numri i p\u00ebrgjithsh\u00ebm i t\u00eb shqiptar\u00ebve n\u00eb k\u00ebt\u00eb shtet. Kjo sidomos vlen p\u00ebr Mal\u00ebsin\u00eb e Madhe ku numri i shqiptar\u00ebve etnik\u00eb tashm\u00eb \u00ebsht\u00eb b\u00ebr\u00eb simbolik. Arsyet jan\u00eb t\u00eb shum\u00ebfishta dhe kjo \u00e7\u00ebshtje \u00ebsht\u00eb material p\u00ebr nj\u00eb analiz\u00eb tjet\u00ebr.<\/p>\n<p><strong>B. Interesat e shqiptar\u00ebve. Kur flasim p\u00ebr at\u00eb se cil\u00ebt jan\u00eb interesat e shqiptar\u00ebve, duhet t\u00eb logjikohet n\u00eb dy nivele strategjike:<\/strong><\/p>\n<ul>\n<li><strong>1. <\/strong>Niveli lokal. P\u00ebr lider\u00ebt e partive shqiptare, realizimi i interesave n\u00eb nivel lokal duhet t\u00eb jen\u00eb detyr\u00eb par\u00ebsore. Sepse, procesi i p\u00ebrfaq\u00ebsimit politik fillon nga niveli i par\u00eb i piramid\u00ebs politike. N\u00eb nivel lokal fillohet me zgjidhjen e suksesshme ose t\u00eb pasuksesshme t\u00eb \u00e7\u00ebshtjeve dhe problemeve t\u00eb mjedisit, n\u00eb k\u00ebt\u00eb rast t\u00eb pakic\u00ebs nacionale shqiptare.<\/li>\n<\/ul>\n<ul>\n<li><strong>2.<\/strong> Niveli i shtetit t\u00eb Malit t\u00eb Zi. Ky \u00ebsht\u00eb niveli i dyt\u00eb i piramid\u00ebs s\u00eb p\u00ebrfaq\u00ebsimit dhe nuk \u00ebsht\u00eb m\u00eb pak i r\u00ebnd\u00ebsish\u00ebm. Dep\u00ebrtimi i intelektual\u00ebve tan\u00eb n\u00eb t\u00eb gjitha institucionet e sistemit duhet t\u00eb jet\u00eb orientim strategjik i politik\u00ebs nacionale shqiptare n\u00eb Mal t\u00eb Zi. Por, kjo do t\u00eb jet\u00eb e kot\u00eb n\u00ebse nuk p\u00ebrmbushet kushti q\u00eb e parashtron premisa e par\u00eb e k\u00ebsaj analize. Sepse nuk mund t\u00eb nd\u00ebrtohet kati i dyt\u00eb i nj\u00eb sht\u00ebpie po q\u00eb se kati i par\u00eb nuk \u00ebsht\u00eb stabil dhe nga materiali i fort\u00eb.<\/li>\n<\/ul>\n<p><strong>Partit\u00eb nacionale &#8211; opozita <\/strong><\/p>\n<p>Interesat e shqiptar\u00ebve si pakic\u00eb, ve\u00e7an\u00ebrisht si pakic\u00eb e cila \u00ebsht\u00eb n\u00eb r\u00ebnie numerike, nuk mund t\u00eb jen\u00eb identike me interesat e opozit\u00ebs, pavar\u00ebsisht, se \u00e7far\u00eb \u00ebsht\u00eb orientimi gjeneral i asaj opozite: probeogradas, promalazez, etj. Interesat e shqiptar\u00ebve mund t\u00eb p\u00ebrputhen aty &#8211; k\u00ebtu me interesat e opozit\u00ebs, por, interesat nuk jan\u00eb identik\u00eb. Sepse, opozita paraqet pakic\u00ebn politike, nd\u00ebrsa, pakica nacionale (n\u00eb k\u00ebt\u00eb rast shqiptar\u00ebt) \u00ebsht\u00eb pakic\u00eb etnike. Shqiptar\u00ebt si pakic\u00eb jan\u00eb n\u00eb r\u00ebnie alarmante numerike dhe nuk mund t\u2019i lejojn\u00eb vet\u00ebs luksin t\u00eb hyjn\u00eb n\u00eb kombinime politike t\u00eb cilat jan\u00eb t\u00eb d\u00ebshtuara q\u00eb n\u00eb start.<\/p>\n<p><strong>Outside <\/strong><\/p>\n<p>Pakica shqiptare nuk guxon ta v\u00eb veten n\u00eb poziten e autsajderit! \u00c7ka \u00ebsht autsajdi? Outside anglisht e sh\u00ebnon poziten e lojtarit n\u00eb fudboll, i cili gjendet jasht\u00eb loj\u00ebs. Pakica shqiptare nuk guxon t\u00eb gjendet jasht\u00eb loj\u00ebs sepse kjo \u00ebsht\u00eb strategji vetvras\u00ebse. Kjo nuk do t\u00eb thot\u00eb q\u00eb patjet\u00ebr duhet t\u00eb merret pjes\u00eb n\u00eb opcionin ose koalicionin qeveritar, por, nj\u00eb modus duhet t\u00eb gjendet q\u00eb shqiptar\u00ebt t\u00eb mbijetojn\u00eb demografikisht dhe institucionalisht n\u00eb Mal t\u00eb Zi. Cili do t\u00eb jet\u00eb ky modus, kjo \u00ebsht\u00eb pun\u00eb e politikan\u00ebve. Di\u00e7ka e ngjashme vlen parimisht edhe p\u00ebr pjes\u00ebmarrjen e partive nacionale n\u00eb opcionin qeveritar. Pra, as kur \u00ebsht\u00eb ky opcion n\u00eb fjal\u00eb, nuk guxojn\u00eb t\u00eb harrohen interesat e shqiptar\u00ebve nga premisa e par\u00eb e k\u00ebsaj analize (interesi lokal).<br \/>\n<strong><br \/>\nDialogu si imperativ i mbijetes\u00ebs <\/strong><\/p>\n<p>K\u00ebto dit\u00eb, lideri i ASH, Vasel Sinishtaj, deklaroi se kjo parti &#8220;\u00ebsht\u00eb e interesuar p\u00ebr pjes\u00ebmarrje n\u00eb institucionet e sistemit&#8221;. P\u00ebrve\u00e7 tjerash ka ftuar q\u00eb t\u00eb formohet nj\u00eb list\u00eb e p\u00ebrbashk\u00ebt nacionale e shqiptar\u00ebve. Fakt \u00ebsht\u00eb se p\u00ebr shqiptar\u00ebt, ve\u00e7an\u00ebrisht p\u00ebr Mal\u00ebsin\u00eb e Madhe \u00ebsht\u00eb me r\u00ebnd\u00ebsi jetike dialogu mes partive m\u00eb t\u00eb forta (UDSH dhe ASH), atyre t\u00eb cilat, s\u00eb paku, n\u00eb zgjedhjet e fundit parlamentare kan\u00eb fituar numrin m\u00eb t\u00eb madh t\u00eb votave t\u00eb qytetar\u00ebve t\u00eb Mal\u00ebsis\u00eb. Her\u00ebt ose von\u00eb, kjo do t\u00eb duhet t\u00eb b\u00ebhet, s\u00eb paku n\u00eb nivel lokal. M\u00eb mir\u00eb her\u00ebt se von\u00eb.<\/p>\n<p><strong><a href=\"xhoanaperkaj@yahoo.com\" target=\"_blank\">xhoanaperkaj@yahoo.com<\/a><\/strong><br \/>\n<strong>Xhoana M. Perkaj<br \/>\nKoha Javore<\/strong><\/p>\n<p><strong><br \/>\n<\/strong><\/p>\n","protected":false},"excerpt":{"rendered":"<p>Strategjia e partive nacionale shqiptare p\u00ebr zgjedhjet e ardhshme parlamentare M\u00eb 21 t\u00eb k\u00ebtij muaji filloi sesioni i Kuvendit t\u00eb Malit t\u00eb Zi. Tashm\u00eb \u00ebsht\u00eb gj\u00eb e sigurt se zgjedhjet e jasht\u00ebzakonshme parlamentare do t\u00eb shpallen n\u00eb mbarim t\u00eb muajit mars. Cila duhet t\u00eb jet\u00eb strategjia e partive nacionale shqiptare? Strategjia K\u00ebto dit\u00eb flitet p\u00ebr [&hellip;]<\/p>\n","protected":false},"author":1,"featured_media":0,"comment_status":"open","ping_status":"closed","sticky":false,"template":"","format":"standard","meta":{"spay_email":"","jetpack_publicize_message":"","jetpack_is_tweetstorm":false,"jetpack_publicize_feature_enabled":true},"categories":[11],"tags":[501,95,208,6286,201,6287,200,18,6288],"jetpack_publicize_connections":[],"yoast_head":"<!-- This site is optimized with the Yoast SEO plugin v19.1 - https:\/\/yoast.com\/wordpress\/plugins\/seo\/ -->\n<title>Mali i Zi: Nevoja e dialogut politik nd\u00ebrshqiptar - Lajme nga Ulqini<\/title>\n<meta name=\"description\" content=\"Strategjia e partive nacionale shqiptare p\u00ebr zgjedhjet e ardhshme parlamentare M\u00eb 21 t\u00eb k\u00ebtij muaji filloi sesioni i Kuvendit t\u00eb Malit t\u00eb Zi. Tashm\u00eb \u00ebsht\u00eb\" \/>\n<meta name=\"robots\" content=\"index, follow, max-snippet:-1, max-image-preview:large, max-video-preview:-1\" \/>\n<link rel=\"canonical\" href=\"https:\/\/www.visit-ulcinj.com\/blog\/2009\/02\/01\/mali-i-zi-nevoja-e-dialogut-politik-ndershqiptar\/\" \/>\n<meta property=\"og:locale\" content=\"en_US\" \/>\n<meta property=\"og:type\" content=\"article\" \/>\n<meta property=\"og:title\" content=\"Mali i Zi: Nevoja e dialogut politik nd\u00ebrshqiptar - Lajme nga Ulqini\" \/>\n<meta property=\"og:description\" content=\"Strategjia e partive nacionale shqiptare p\u00ebr zgjedhjet e ardhshme parlamentare M\u00eb 21 t\u00eb k\u00ebtij muaji filloi sesioni i Kuvendit t\u00eb Malit t\u00eb Zi. Tashm\u00eb \u00ebsht\u00eb\" \/>\n<meta property=\"og:url\" content=\"https:\/\/www.visit-ulcinj.com\/blog\/2009\/02\/01\/mali-i-zi-nevoja-e-dialogut-politik-ndershqiptar\/\" \/>\n<meta property=\"og:site_name\" content=\"Lajme nga Ulqini\" \/>\n<meta property=\"article:published_time\" content=\"2009-02-01T09:54:09+00:00\" \/>\n<meta property=\"article:modified_time\" content=\"2009-02-01T10:54:33+00:00\" \/>\n<meta property=\"og:image\" content=\"http:\/\/www.visit-ulcinj.com\/blog\/wp-content\/uploads\/2009\/02\/logo_partit-shqiptare-ne-mal-te-zi.jpg\" \/>\n<meta name=\"twitter:label1\" content=\"Written by\" \/>\n\t<meta name=\"twitter:data1\" content=\"ulqini\" \/>\n\t<meta name=\"twitter:label2\" content=\"Est. reading time\" \/>\n\t<meta name=\"twitter:data2\" content=\"4 minutes\" \/>\n<script type=\"application\/ld+json\" class=\"yoast-schema-graph\">{\"@context\":\"https:\/\/schema.org\",\"@graph\":[{\"@type\":\"WebSite\",\"@id\":\"https:\/\/www.visit-ulcinj.com\/blog\/#website\",\"url\":\"https:\/\/www.visit-ulcinj.com\/blog\/\",\"name\":\"Lajme nga Ulqini\",\"description\":\"Lajme,Vijesti,Ulqini,Ulqin,Crna Gora,Mali i Zi\",\"potentialAction\":[{\"@type\":\"SearchAction\",\"target\":{\"@type\":\"EntryPoint\",\"urlTemplate\":\"https:\/\/www.visit-ulcinj.com\/blog\/?s={search_term_string}\"},\"query-input\":\"required name=search_term_string\"}],\"inLanguage\":\"en-US\"},{\"@type\":\"ImageObject\",\"inLanguage\":\"en-US\",\"@id\":\"https:\/\/www.visit-ulcinj.com\/blog\/2009\/02\/01\/mali-i-zi-nevoja-e-dialogut-politik-ndershqiptar\/#primaryimage\",\"url\":\"https:\/\/www.visit-ulcinj.com\/blog\/wp-content\/uploads\/2009\/02\/logo_partit-shqiptare-ne-mal-te-zi.jpg\",\"contentUrl\":\"https:\/\/www.visit-ulcinj.com\/blog\/wp-content\/uploads\/2009\/02\/logo_partit-shqiptare-ne-mal-te-zi.jpg\",\"width\":\"427\",\"height\":\"412\"},{\"@type\":\"WebPage\",\"@id\":\"https:\/\/www.visit-ulcinj.com\/blog\/2009\/02\/01\/mali-i-zi-nevoja-e-dialogut-politik-ndershqiptar\/#webpage\",\"url\":\"https:\/\/www.visit-ulcinj.com\/blog\/2009\/02\/01\/mali-i-zi-nevoja-e-dialogut-politik-ndershqiptar\/\",\"name\":\"Mali i Zi: Nevoja e dialogut politik nd\u00ebrshqiptar - Lajme nga Ulqini\",\"isPartOf\":{\"@id\":\"https:\/\/www.visit-ulcinj.com\/blog\/#website\"},\"primaryImageOfPage\":{\"@id\":\"https:\/\/www.visit-ulcinj.com\/blog\/2009\/02\/01\/mali-i-zi-nevoja-e-dialogut-politik-ndershqiptar\/#primaryimage\"},\"datePublished\":\"2009-02-01T09:54:09+00:00\",\"dateModified\":\"2009-02-01T10:54:33+00:00\",\"author\":{\"@id\":\"https:\/\/www.visit-ulcinj.com\/blog\/#\/schema\/person\/dcab619c614d3038751c63bc2aadc06d\"},\"description\":\"Strategjia e partive nacionale shqiptare p\u00ebr zgjedhjet e ardhshme parlamentare M\u00eb 21 t\u00eb k\u00ebtij muaji filloi sesioni i Kuvendit t\u00eb Malit t\u00eb Zi. Tashm\u00eb \u00ebsht\u00eb\",\"breadcrumb\":{\"@id\":\"https:\/\/www.visit-ulcinj.com\/blog\/2009\/02\/01\/mali-i-zi-nevoja-e-dialogut-politik-ndershqiptar\/#breadcrumb\"},\"inLanguage\":\"en-US\",\"potentialAction\":[{\"@type\":\"ReadAction\",\"target\":[\"https:\/\/www.visit-ulcinj.com\/blog\/2009\/02\/01\/mali-i-zi-nevoja-e-dialogut-politik-ndershqiptar\/\"]}]},{\"@type\":\"BreadcrumbList\",\"@id\":\"https:\/\/www.visit-ulcinj.com\/blog\/2009\/02\/01\/mali-i-zi-nevoja-e-dialogut-politik-ndershqiptar\/#breadcrumb\",\"itemListElement\":[{\"@type\":\"ListItem\",\"position\":1,\"name\":\"Mali i Zi: Nevoja e dialogut politik nd\u00ebrshqiptar\"}]},{\"@type\":\"Person\",\"@id\":\"https:\/\/www.visit-ulcinj.com\/blog\/#\/schema\/person\/dcab619c614d3038751c63bc2aadc06d\",\"name\":\"ulqini\",\"sameAs\":[\"http:\/\/www.visit-ulcinj.com\"],\"url\":\"https:\/\/www.visit-ulcinj.com\/blog\/author\/admin\/\"}]}<\/script>\n<!-- \/ Yoast SEO plugin. -->","yoast_head_json":{"title":"Mali i Zi: Nevoja e dialogut politik nd\u00ebrshqiptar - Lajme nga Ulqini","description":"Strategjia e partive nacionale shqiptare p\u00ebr zgjedhjet e ardhshme parlamentare M\u00eb 21 t\u00eb k\u00ebtij muaji filloi sesioni i Kuvendit t\u00eb Malit t\u00eb Zi. Tashm\u00eb \u00ebsht\u00eb","robots":{"index":"index","follow":"follow","max-snippet":"max-snippet:-1","max-image-preview":"max-image-preview:large","max-video-preview":"max-video-preview:-1"},"canonical":"https:\/\/www.visit-ulcinj.com\/blog\/2009\/02\/01\/mali-i-zi-nevoja-e-dialogut-politik-ndershqiptar\/","og_locale":"en_US","og_type":"article","og_title":"Mali i Zi: Nevoja e dialogut politik nd\u00ebrshqiptar - Lajme nga Ulqini","og_description":"Strategjia e partive nacionale shqiptare p\u00ebr zgjedhjet e ardhshme parlamentare M\u00eb 21 t\u00eb k\u00ebtij muaji filloi sesioni i Kuvendit t\u00eb Malit t\u00eb Zi. Tashm\u00eb \u00ebsht\u00eb","og_url":"https:\/\/www.visit-ulcinj.com\/blog\/2009\/02\/01\/mali-i-zi-nevoja-e-dialogut-politik-ndershqiptar\/","og_site_name":"Lajme nga Ulqini","article_published_time":"2009-02-01T09:54:09+00:00","article_modified_time":"2009-02-01T10:54:33+00:00","og_image":[{"url":"http:\/\/www.visit-ulcinj.com\/blog\/wp-content\/uploads\/2009\/02\/logo_partit-shqiptare-ne-mal-te-zi.jpg"}],"twitter_misc":{"Written by":"ulqini","Est. reading time":"4 minutes"},"schema":{"@context":"https:\/\/schema.org","@graph":[{"@type":"WebSite","@id":"https:\/\/www.visit-ulcinj.com\/blog\/#website","url":"https:\/\/www.visit-ulcinj.com\/blog\/","name":"Lajme nga Ulqini","description":"Lajme,Vijesti,Ulqini,Ulqin,Crna Gora,Mali i Zi","potentialAction":[{"@type":"SearchAction","target":{"@type":"EntryPoint","urlTemplate":"https:\/\/www.visit-ulcinj.com\/blog\/?s={search_term_string}"},"query-input":"required name=search_term_string"}],"inLanguage":"en-US"},{"@type":"ImageObject","inLanguage":"en-US","@id":"https:\/\/www.visit-ulcinj.com\/blog\/2009\/02\/01\/mali-i-zi-nevoja-e-dialogut-politik-ndershqiptar\/#primaryimage","url":"https:\/\/www.visit-ulcinj.com\/blog\/wp-content\/uploads\/2009\/02\/logo_partit-shqiptare-ne-mal-te-zi.jpg","contentUrl":"https:\/\/www.visit-ulcinj.com\/blog\/wp-content\/uploads\/2009\/02\/logo_partit-shqiptare-ne-mal-te-zi.jpg","width":"427","height":"412"},{"@type":"WebPage","@id":"https:\/\/www.visit-ulcinj.com\/blog\/2009\/02\/01\/mali-i-zi-nevoja-e-dialogut-politik-ndershqiptar\/#webpage","url":"https:\/\/www.visit-ulcinj.com\/blog\/2009\/02\/01\/mali-i-zi-nevoja-e-dialogut-politik-ndershqiptar\/","name":"Mali i Zi: Nevoja e dialogut politik nd\u00ebrshqiptar - Lajme nga Ulqini","isPartOf":{"@id":"https:\/\/www.visit-ulcinj.com\/blog\/#website"},"primaryImageOfPage":{"@id":"https:\/\/www.visit-ulcinj.com\/blog\/2009\/02\/01\/mali-i-zi-nevoja-e-dialogut-politik-ndershqiptar\/#primaryimage"},"datePublished":"2009-02-01T09:54:09+00:00","dateModified":"2009-02-01T10:54:33+00:00","author":{"@id":"https:\/\/www.visit-ulcinj.com\/blog\/#\/schema\/person\/dcab619c614d3038751c63bc2aadc06d"},"description":"Strategjia e partive nacionale shqiptare p\u00ebr zgjedhjet e ardhshme parlamentare M\u00eb 21 t\u00eb k\u00ebtij muaji filloi sesioni i Kuvendit t\u00eb Malit t\u00eb Zi. Tashm\u00eb \u00ebsht\u00eb","breadcrumb":{"@id":"https:\/\/www.visit-ulcinj.com\/blog\/2009\/02\/01\/mali-i-zi-nevoja-e-dialogut-politik-ndershqiptar\/#breadcrumb"},"inLanguage":"en-US","potentialAction":[{"@type":"ReadAction","target":["https:\/\/www.visit-ulcinj.com\/blog\/2009\/02\/01\/mali-i-zi-nevoja-e-dialogut-politik-ndershqiptar\/"]}]},{"@type":"BreadcrumbList","@id":"https:\/\/www.visit-ulcinj.com\/blog\/2009\/02\/01\/mali-i-zi-nevoja-e-dialogut-politik-ndershqiptar\/#breadcrumb","itemListElement":[{"@type":"ListItem","position":1,"name":"Mali i Zi: Nevoja e dialogut politik nd\u00ebrshqiptar"}]},{"@type":"Person","@id":"https:\/\/www.visit-ulcinj.com\/blog\/#\/schema\/person\/dcab619c614d3038751c63bc2aadc06d","name":"ulqini","sameAs":["http:\/\/www.visit-ulcinj.com"],"url":"https:\/\/www.visit-ulcinj.com\/blog\/author\/admin\/"}]}},"jetpack_featured_media_url":"","jetpack_sharing_enabled":true,"jetpack_shortlink":"https:\/\/wp.me\/pe6lTn-2En","_links":{"self":[{"href":"https:\/\/www.visit-ulcinj.com\/blog\/wp-json\/wp\/v2\/posts\/10191"}],"collection":[{"href":"https:\/\/www.visit-ulcinj.com\/blog\/wp-json\/wp\/v2\/posts"}],"about":[{"href":"https:\/\/www.visit-ulcinj.com\/blog\/wp-json\/wp\/v2\/types\/post"}],"author":[{"embeddable":true,"href":"https:\/\/www.visit-ulcinj.com\/blog\/wp-json\/wp\/v2\/users\/1"}],"replies":[{"embeddable":true,"href":"https:\/\/www.visit-ulcinj.com\/blog\/wp-json\/wp\/v2\/comments?post=10191"}],"version-history":[{"count":0,"href":"https:\/\/www.visit-ulcinj.com\/blog\/wp-json\/wp\/v2\/posts\/10191\/revisions"}],"wp:attachment":[{"href":"https:\/\/www.visit-ulcinj.com\/blog\/wp-json\/wp\/v2\/media?parent=10191"}],"wp:term":[{"taxonomy":"category","embeddable":true,"href":"https:\/\/www.visit-ulcinj.com\/blog\/wp-json\/wp\/v2\/categories?post=10191"},{"taxonomy":"post_tag","embeddable":true,"href":"https:\/\/www.visit-ulcinj.com\/blog\/wp-json\/wp\/v2\/tags?post=10191"}],"curies":[{"name":"wp","href":"https:\/\/api.w.org\/{rel}","templated":true}]}}