{"id":101910,"date":"2016-12-27T16:32:38","date_gmt":"2016-12-27T15:32:38","guid":{"rendered":"http:\/\/www.visit-ulcinj.com\/blog\/?p=101910"},"modified":"2016-12-27T16:32:38","modified_gmt":"2016-12-27T15:32:38","slug":"ulcinj-udruzeni-proizvodaci-mlijeka-sansa-za-nova-trzista","status":"publish","type":"post","link":"https:\/\/www.visit-ulcinj.com\/blog\/2016\/12\/27\/ulcinj-udruzeni-proizvodaci-mlijeka-sansa-za-nova-trzista\/","title":{"rendered":"Ulcinj: Udru\u017eeni proizvo\u0111a\u010di mlijeka \u0161ansa za nova tr\u017ei\u0161ta"},"content":{"rendered":"<p><a href=\"http:\/\/www.visit-ulcinj.com\/blog\/wp-content\/uploads\/2016\/12\/Prodhuesit-e-qum\u00ebshtit-n\u00eb-Ulqin-k\u00ebrkojn\u00eb-mbrojtje-1.jpg\"><img loading=\"lazy\" class=\"alignleft wp-image-101908\" src=\"http:\/\/www.visit-ulcinj.com\/blog\/wp-content\/uploads\/2016\/12\/Prodhuesit-e-qum\u00ebshtit-n\u00eb-Ulqin-k\u00ebrkojn\u00eb-mbrojtje-1.jpg\" alt=\"Prodhuesit e qum\u00ebshtit n\u00eb Ulqin k\u00ebrkojn\u00eb mbrojtje-1\" width=\"508\" height=\"320\" srcset=\"https:\/\/www.visit-ulcinj.com\/blog\/wp-content\/uploads\/2016\/12\/Prodhuesit-e-qum\u00ebshtit-n\u00eb-Ulqin-k\u00ebrkojn\u00eb-mbrojtje-1.jpg 999w, https:\/\/www.visit-ulcinj.com\/blog\/wp-content\/uploads\/2016\/12\/Prodhuesit-e-qum\u00ebshtit-n\u00eb-Ulqin-k\u00ebrkojn\u00eb-mbrojtje-1-300x189.jpg 300w, https:\/\/www.visit-ulcinj.com\/blog\/wp-content\/uploads\/2016\/12\/Prodhuesit-e-qum\u00ebshtit-n\u00eb-Ulqin-k\u00ebrkojn\u00eb-mbrojtje-1-768x484.jpg 768w\" sizes=\"(max-width: 508px) 100vw, 508px\" \/><\/a>Predsjednik Op\u0161tine Ulcinj, Nazif Cungu, sa svojim saradnicima, primio je proizvo\u0111a\u010de mlijeka sa podru\u010dja op\u0161tine Ulcinj. Sastanku su prisustvovali i predstavnici udru\u017eenja privrednika Biznis Klub Ana Malit.<\/p>\n<p>Predsjednik Cungu je na sastanku konstatovao da se ulcinjski mljekari suo\u010davaju sa brojnim problemima sa otkupom i plasmanom mlijeka, i \u010desto dolaze u situaciju da im je ugro\u017een i sam opstanak njihovog biznisa, i da bi potencijalno rje\u0161enje trebalo tra\u017eiti u udru\u017eivanju proizvo\u0111a\u010da kroz neku formu tr\u017ei\u0161nog privre\u0111ivanja kao \u0161to su kooperative.<\/p>\n<p>Predsjednik Op\u0161tine je dodao da je lokalna samouprava spremna da pru\u017ei svaki vid pomo\u0107i proizvo\u0111a\u010dima mlijeka, uklju\u010duju\u0107i i posredovanje za njihove zahtjeve prema Ministarstvu poljoprivrede i ruralnog razvoja.<\/p>\n<p>Predsjednik udru\u017eenja privrednika Biznis Klub Ana e Malit, Kabil Kurti je istakao va\u017enost udru\u017eivanja proizvo\u0111a\u010da mlijeka jer, kako je rekao, samo udru\u017eeni mogu opstati na tr\u017ei\u0161tu, ali i da su du\u017eni da sa\u010duvaju kvalitet proizvoda, koji ni na koji na\u010din ne smije biti kompromitovan.<\/p>\n<p>Predsjednik Cungu je nala\u017eio Sekretarijatu za privredu da uradi registraciju svih proizvo\u0111a\u010da mlijeka na teritoriji Op\u0161tine Ulcinj, kako bi znali sa kolikim kapacitetima raspola\u017eemo. Na sastanku je dogovoreno da Op\u0161tina Ulcinj od naredne godine napravi plan isplate dugovanja proizvo\u0111a\u010dima mlijeka, po osnovu subvencionisanja cijena otkupa koje iznos 3 centa po litru mlijeka.<\/p>\n<p><a href=\"http:\/\/www.visit-ulcinj.com\/blog\/wp-content\/uploads\/2016\/12\/Prodhuesit-e-qum\u00ebshtit-n\u00eb-Ulqin-k\u00ebrkojn\u00eb-mbrojtje.jpg\"><img loading=\"lazy\" class=\"alignleft wp-image-101906\" src=\"http:\/\/www.visit-ulcinj.com\/blog\/wp-content\/uploads\/2016\/12\/Prodhuesit-e-qum\u00ebshtit-n\u00eb-Ulqin-k\u00ebrkojn\u00eb-mbrojtje.jpg\" alt=\"Prodhuesit e qum\u00ebshtit n\u00eb Ulqin k\u00ebrkojn\u00eb mbrojtje\" width=\"508\" height=\"290\" srcset=\"https:\/\/www.visit-ulcinj.com\/blog\/wp-content\/uploads\/2016\/12\/Prodhuesit-e-qum\u00ebshtit-n\u00eb-Ulqin-k\u00ebrkojn\u00eb-mbrojtje.jpg 998w, https:\/\/www.visit-ulcinj.com\/blog\/wp-content\/uploads\/2016\/12\/Prodhuesit-e-qum\u00ebshtit-n\u00eb-Ulqin-k\u00ebrkojn\u00eb-mbrojtje-300x171.jpg 300w, https:\/\/www.visit-ulcinj.com\/blog\/wp-content\/uploads\/2016\/12\/Prodhuesit-e-qum\u00ebshtit-n\u00eb-Ulqin-k\u00ebrkojn\u00eb-mbrojtje-768x438.jpg 768w\" sizes=\"(max-width: 508px) 100vw, 508px\" \/><\/a><\/p>\n","protected":false},"excerpt":{"rendered":"<p>Predsjednik Op\u0161tine Ulcinj, Nazif Cungu, sa svojim saradnicima, primio je proizvo\u0111a\u010de mlijeka sa podru\u010dja op\u0161tine Ulcinj. Sastanku su prisustvovali i predstavnici udru\u017eenja privrednika Biznis Klub Ana Malit. Predsjednik Cungu je na sastanku konstatovao da se ulcinjski mljekari suo\u010davaju sa brojnim problemima sa otkupom i plasmanom mlijeka, i \u010desto dolaze u situaciju da im je ugro\u017een [&hellip;]<\/p>\n","protected":false},"author":1,"featured_media":0,"comment_status":"closed","ping_status":"closed","sticky":false,"template":"","format":"standard","meta":{"spay_email":"","jetpack_publicize_message":"","jetpack_is_tweetstorm":false,"jetpack_publicize_feature_enabled":true},"categories":[8337],"tags":[],"jetpack_publicize_connections":[],"yoast_head":"<!-- This site is optimized with the Yoast SEO plugin v19.1 - https:\/\/yoast.com\/wordpress\/plugins\/seo\/ -->\n<title>Ulcinj: Udru\u017eeni proizvo\u0111a\u010di mlijeka \u0161ansa za nova tr\u017ei\u0161ta - Lajme nga Ulqini<\/title>\n<meta name=\"description\" content=\"Predsjednik Op\u0161tine Ulcinj, Nazif Cungu, sa svojim saradnicima, primio je proizvo\u0111a\u010de mlijeka sa podru\u010dja op\u0161tine Ulcinj. Sastanku su prisustvovali i\" \/>\n<meta name=\"robots\" content=\"index, follow, max-snippet:-1, max-image-preview:large, max-video-preview:-1\" \/>\n<link rel=\"canonical\" href=\"https:\/\/www.visit-ulcinj.com\/blog\/2016\/12\/27\/ulcinj-udruzeni-proizvodaci-mlijeka-sansa-za-nova-trzista\/\" \/>\n<meta property=\"og:locale\" content=\"en_US\" \/>\n<meta property=\"og:type\" content=\"article\" \/>\n<meta property=\"og:title\" content=\"Ulcinj: Udru\u017eeni proizvo\u0111a\u010di mlijeka \u0161ansa za nova tr\u017ei\u0161ta - Lajme nga Ulqini\" \/>\n<meta property=\"og:description\" content=\"Predsjednik Op\u0161tine Ulcinj, Nazif Cungu, sa svojim saradnicima, primio je proizvo\u0111a\u010de mlijeka sa podru\u010dja op\u0161tine Ulcinj. Sastanku su prisustvovali i\" \/>\n<meta property=\"og:url\" content=\"https:\/\/www.visit-ulcinj.com\/blog\/2016\/12\/27\/ulcinj-udruzeni-proizvodaci-mlijeka-sansa-za-nova-trzista\/\" \/>\n<meta property=\"og:site_name\" content=\"Lajme nga Ulqini\" \/>\n<meta property=\"article:published_time\" content=\"2016-12-27T15:32:38+00:00\" \/>\n<meta name=\"twitter:label1\" content=\"Written by\" \/>\n\t<meta name=\"twitter:data1\" content=\"ulqini\" \/>\n\t<meta name=\"twitter:label2\" content=\"Est. reading time\" \/>\n\t<meta name=\"twitter:data2\" content=\"1 minute\" \/>\n<script type=\"application\/ld+json\" class=\"yoast-schema-graph\">{\"@context\":\"https:\/\/schema.org\",\"@graph\":[{\"@type\":\"WebSite\",\"@id\":\"https:\/\/www.visit-ulcinj.com\/blog\/#website\",\"url\":\"https:\/\/www.visit-ulcinj.com\/blog\/\",\"name\":\"Lajme nga Ulqini\",\"description\":\"Lajme,Vijesti,Ulqini,Ulqin,Crna Gora,Mali i Zi\",\"potentialAction\":[{\"@type\":\"SearchAction\",\"target\":{\"@type\":\"EntryPoint\",\"urlTemplate\":\"https:\/\/www.visit-ulcinj.com\/blog\/?s={search_term_string}\"},\"query-input\":\"required name=search_term_string\"}],\"inLanguage\":\"en-US\"},{\"@type\":\"WebPage\",\"@id\":\"https:\/\/www.visit-ulcinj.com\/blog\/2016\/12\/27\/ulcinj-udruzeni-proizvodaci-mlijeka-sansa-za-nova-trzista\/#webpage\",\"url\":\"https:\/\/www.visit-ulcinj.com\/blog\/2016\/12\/27\/ulcinj-udruzeni-proizvodaci-mlijeka-sansa-za-nova-trzista\/\",\"name\":\"Ulcinj: Udru\u017eeni proizvo\u0111a\u010di mlijeka \u0161ansa za nova tr\u017ei\u0161ta - Lajme nga Ulqini\",\"isPartOf\":{\"@id\":\"https:\/\/www.visit-ulcinj.com\/blog\/#website\"},\"datePublished\":\"2016-12-27T15:32:38+00:00\",\"dateModified\":\"2016-12-27T15:32:38+00:00\",\"author\":{\"@id\":\"https:\/\/www.visit-ulcinj.com\/blog\/#\/schema\/person\/dcab619c614d3038751c63bc2aadc06d\"},\"description\":\"Predsjednik Op\u0161tine Ulcinj, Nazif Cungu, sa svojim saradnicima, primio je proizvo\u0111a\u010de mlijeka sa podru\u010dja op\u0161tine Ulcinj. Sastanku su prisustvovali i\",\"breadcrumb\":{\"@id\":\"https:\/\/www.visit-ulcinj.com\/blog\/2016\/12\/27\/ulcinj-udruzeni-proizvodaci-mlijeka-sansa-za-nova-trzista\/#breadcrumb\"},\"inLanguage\":\"en-US\",\"potentialAction\":[{\"@type\":\"ReadAction\",\"target\":[\"https:\/\/www.visit-ulcinj.com\/blog\/2016\/12\/27\/ulcinj-udruzeni-proizvodaci-mlijeka-sansa-za-nova-trzista\/\"]}]},{\"@type\":\"BreadcrumbList\",\"@id\":\"https:\/\/www.visit-ulcinj.com\/blog\/2016\/12\/27\/ulcinj-udruzeni-proizvodaci-mlijeka-sansa-za-nova-trzista\/#breadcrumb\",\"itemListElement\":[{\"@type\":\"ListItem\",\"position\":1,\"name\":\"Ulcinj: Udru\u017eeni proizvo\u0111a\u010di mlijeka \u0161ansa za nova tr\u017ei\u0161ta\"}]},{\"@type\":\"Person\",\"@id\":\"https:\/\/www.visit-ulcinj.com\/blog\/#\/schema\/person\/dcab619c614d3038751c63bc2aadc06d\",\"name\":\"ulqini\",\"sameAs\":[\"http:\/\/www.visit-ulcinj.com\"],\"url\":\"https:\/\/www.visit-ulcinj.com\/blog\/author\/admin\/\"}]}<\/script>\n<!-- \/ Yoast SEO plugin. -->","yoast_head_json":{"title":"Ulcinj: Udru\u017eeni proizvo\u0111a\u010di mlijeka \u0161ansa za nova tr\u017ei\u0161ta - Lajme nga Ulqini","description":"Predsjednik Op\u0161tine Ulcinj, Nazif Cungu, sa svojim saradnicima, primio je proizvo\u0111a\u010de mlijeka sa podru\u010dja op\u0161tine Ulcinj. Sastanku su prisustvovali i","robots":{"index":"index","follow":"follow","max-snippet":"max-snippet:-1","max-image-preview":"max-image-preview:large","max-video-preview":"max-video-preview:-1"},"canonical":"https:\/\/www.visit-ulcinj.com\/blog\/2016\/12\/27\/ulcinj-udruzeni-proizvodaci-mlijeka-sansa-za-nova-trzista\/","og_locale":"en_US","og_type":"article","og_title":"Ulcinj: Udru\u017eeni proizvo\u0111a\u010di mlijeka \u0161ansa za nova tr\u017ei\u0161ta - Lajme nga Ulqini","og_description":"Predsjednik Op\u0161tine Ulcinj, Nazif Cungu, sa svojim saradnicima, primio je proizvo\u0111a\u010de mlijeka sa podru\u010dja op\u0161tine Ulcinj. Sastanku su prisustvovali i","og_url":"https:\/\/www.visit-ulcinj.com\/blog\/2016\/12\/27\/ulcinj-udruzeni-proizvodaci-mlijeka-sansa-za-nova-trzista\/","og_site_name":"Lajme nga Ulqini","article_published_time":"2016-12-27T15:32:38+00:00","twitter_misc":{"Written by":"ulqini","Est. reading time":"1 minute"},"schema":{"@context":"https:\/\/schema.org","@graph":[{"@type":"WebSite","@id":"https:\/\/www.visit-ulcinj.com\/blog\/#website","url":"https:\/\/www.visit-ulcinj.com\/blog\/","name":"Lajme nga Ulqini","description":"Lajme,Vijesti,Ulqini,Ulqin,Crna Gora,Mali i Zi","potentialAction":[{"@type":"SearchAction","target":{"@type":"EntryPoint","urlTemplate":"https:\/\/www.visit-ulcinj.com\/blog\/?s={search_term_string}"},"query-input":"required name=search_term_string"}],"inLanguage":"en-US"},{"@type":"WebPage","@id":"https:\/\/www.visit-ulcinj.com\/blog\/2016\/12\/27\/ulcinj-udruzeni-proizvodaci-mlijeka-sansa-za-nova-trzista\/#webpage","url":"https:\/\/www.visit-ulcinj.com\/blog\/2016\/12\/27\/ulcinj-udruzeni-proizvodaci-mlijeka-sansa-za-nova-trzista\/","name":"Ulcinj: Udru\u017eeni proizvo\u0111a\u010di mlijeka \u0161ansa za nova tr\u017ei\u0161ta - Lajme nga Ulqini","isPartOf":{"@id":"https:\/\/www.visit-ulcinj.com\/blog\/#website"},"datePublished":"2016-12-27T15:32:38+00:00","dateModified":"2016-12-27T15:32:38+00:00","author":{"@id":"https:\/\/www.visit-ulcinj.com\/blog\/#\/schema\/person\/dcab619c614d3038751c63bc2aadc06d"},"description":"Predsjednik Op\u0161tine Ulcinj, Nazif Cungu, sa svojim saradnicima, primio je proizvo\u0111a\u010de mlijeka sa podru\u010dja op\u0161tine Ulcinj. Sastanku su prisustvovali i","breadcrumb":{"@id":"https:\/\/www.visit-ulcinj.com\/blog\/2016\/12\/27\/ulcinj-udruzeni-proizvodaci-mlijeka-sansa-za-nova-trzista\/#breadcrumb"},"inLanguage":"en-US","potentialAction":[{"@type":"ReadAction","target":["https:\/\/www.visit-ulcinj.com\/blog\/2016\/12\/27\/ulcinj-udruzeni-proizvodaci-mlijeka-sansa-za-nova-trzista\/"]}]},{"@type":"BreadcrumbList","@id":"https:\/\/www.visit-ulcinj.com\/blog\/2016\/12\/27\/ulcinj-udruzeni-proizvodaci-mlijeka-sansa-za-nova-trzista\/#breadcrumb","itemListElement":[{"@type":"ListItem","position":1,"name":"Ulcinj: Udru\u017eeni proizvo\u0111a\u010di mlijeka \u0161ansa za nova tr\u017ei\u0161ta"}]},{"@type":"Person","@id":"https:\/\/www.visit-ulcinj.com\/blog\/#\/schema\/person\/dcab619c614d3038751c63bc2aadc06d","name":"ulqini","sameAs":["http:\/\/www.visit-ulcinj.com"],"url":"https:\/\/www.visit-ulcinj.com\/blog\/author\/admin\/"}]}},"jetpack_featured_media_url":"","jetpack_sharing_enabled":true,"jetpack_shortlink":"https:\/\/wp.me\/pe6lTn-qvI","_links":{"self":[{"href":"https:\/\/www.visit-ulcinj.com\/blog\/wp-json\/wp\/v2\/posts\/101910"}],"collection":[{"href":"https:\/\/www.visit-ulcinj.com\/blog\/wp-json\/wp\/v2\/posts"}],"about":[{"href":"https:\/\/www.visit-ulcinj.com\/blog\/wp-json\/wp\/v2\/types\/post"}],"author":[{"embeddable":true,"href":"https:\/\/www.visit-ulcinj.com\/blog\/wp-json\/wp\/v2\/users\/1"}],"replies":[{"embeddable":true,"href":"https:\/\/www.visit-ulcinj.com\/blog\/wp-json\/wp\/v2\/comments?post=101910"}],"version-history":[{"count":1,"href":"https:\/\/www.visit-ulcinj.com\/blog\/wp-json\/wp\/v2\/posts\/101910\/revisions"}],"predecessor-version":[{"id":101911,"href":"https:\/\/www.visit-ulcinj.com\/blog\/wp-json\/wp\/v2\/posts\/101910\/revisions\/101911"}],"wp:attachment":[{"href":"https:\/\/www.visit-ulcinj.com\/blog\/wp-json\/wp\/v2\/media?parent=101910"}],"wp:term":[{"taxonomy":"category","embeddable":true,"href":"https:\/\/www.visit-ulcinj.com\/blog\/wp-json\/wp\/v2\/categories?post=101910"},{"taxonomy":"post_tag","embeddable":true,"href":"https:\/\/www.visit-ulcinj.com\/blog\/wp-json\/wp\/v2\/tags?post=101910"}],"curies":[{"name":"wp","href":"https:\/\/api.w.org\/{rel}","templated":true}]}}