{"id":101921,"date":"2016-12-27T18:08:42","date_gmt":"2016-12-27T17:08:42","guid":{"rendered":"http:\/\/www.visit-ulcinj.com\/blog\/?p=101921"},"modified":"2016-12-27T18:08:42","modified_gmt":"2016-12-27T17:08:42","slug":"konsumoni-sa-shume-vaj-ulliri-dhe-limon-jane-ilace-natyrale","status":"publish","type":"post","link":"https:\/\/www.visit-ulcinj.com\/blog\/2016\/12\/27\/konsumoni-sa-shume-vaj-ulliri-dhe-limon-jane-ilace-natyrale\/","title":{"rendered":"Konsumoni sa m\u00eb shum\u00eb vaj ulliri dhe limon, jan\u00eb ila\u00e7e natyrale"},"content":{"rendered":"<p><a href=\"http:\/\/www.visit-ulcinj.com\/blog\/wp-content\/uploads\/2016\/12\/vaj-ulliri-dhe-limon.jpg\"><img loading=\"lazy\" class=\"alignleft wp-image-101922\" src=\"http:\/\/www.visit-ulcinj.com\/blog\/wp-content\/uploads\/2016\/12\/vaj-ulliri-dhe-limon.jpg\" alt=\"vaj ulliri dhe limon\" width=\"508\" height=\"270\" srcset=\"https:\/\/www.visit-ulcinj.com\/blog\/wp-content\/uploads\/2016\/12\/vaj-ulliri-dhe-limon.jpg 640w, https:\/\/www.visit-ulcinj.com\/blog\/wp-content\/uploads\/2016\/12\/vaj-ulliri-dhe-limon-300x159.jpg 300w\" sizes=\"(max-width: 508px) 100vw, 508px\" \/><\/a>Vaji i ullirit dhe limoni jan\u00eb dy nd\u00ebr produktet q\u00eb nuk mungojn\u00eb kurr\u00eb n\u00eb tryezat e shqiptar\u00ebve. Fatmir\u00ebsisht kultivohen n\u00eb vendin ton\u00eb , madje mund t\u00eb themi q\u00eb jan\u00eb nd\u00ebr produktet m\u00eb t\u00eb mira edhe n\u00eb Ballkan. Por keni menduar ndonj\u00ebher\u00eb t\u2019i konsumoni s\u00eb bashku? Duhet ta b\u00ebni. Organizmi juaj do t\u2019ju jet\u00eb shum\u00eb mir\u00ebnjoh\u00ebs.<\/p>\n<p>\u2022 Konsumi i p\u00ebrditsh\u00ebm i vajit t\u00eb ullirit dhe limonit \u00ebsht\u00eb nj\u00eb ila\u00e7 natyral p\u00ebr ata q\u00eb vuajn\u00eb nga konstipacioni (kapsll\u00ebku). Vaji i ullirit sh\u00ebrben si nj\u00eb laksativ natyral, kurse limoni redukton inflamacionin e sistemit tret\u00ebs.<br \/>\n\u2022 Vaji i ullirit dhe l\u00ebngu i limonit pengojn\u00eb formimin e pllakave t\u00eb gjakut n\u00eb arterie, si dhe reduktojn\u00eb nivelin e kolesterolit t\u00eb keq.<br \/>\n\u2022 Duke qen\u00eb se k\u00ebto dy produkte jan\u00eb shum\u00eb t\u00eb pasur me antioksidant\u00eb eleminojn\u00eb toksinat nga organizmi, e mbrojn\u00eb nga veprimi i radikaleve t\u00eb lira dhe p\u00ebrmir\u00ebsojn\u00eb sh\u00ebndetin e m\u00ebl\u00e7is\u00eb.<br \/>\n\u2022 N\u00ebse pini nj\u00eb lug\u00eb me vaj ulliri dhe l\u00ebng limoni me stomakun bosh do t\u00eb reduktoni inflamacionin reumatizmal dhe pengoni shfaqjen e artritit dhe spoliatroz\u00ebs.<br \/>\n\u2022 Konsumi i vajit t\u00eb ullirit dhe limonit \u00ebsht\u00eb nj\u00eb integrator q\u00eb ju ndihmon t\u00eb humbisni pesh\u00eb. Ju rekomandojm\u00eb t\u00eb p\u00ebrzieni 1 lug\u00eb vaj ulliri ekstra t\u00eb virgj\u00ebr dhe nj\u00eb lug\u00eb l\u00ebng limoni t\u00eb fresk\u00ebt. Acidet yndyrore t\u00eb vajit t\u00eb ullirit kan\u00eb efekt diuretik, k\u00ebto acide tresin dhjamin q\u00eb mblidhet n\u00eb zon\u00ebn abdominal.<br \/>\n\u2022 Kombinimi i vajit t\u00eb ullirit me l\u00ebngun e limonit t\u00eb fresk\u00ebt p\u00ebrmir\u00ebson qarkullimin e gjakut. Pengojn\u00eb formimin e venave varikoze dhe oksidimin e en\u00ebve t\u00eb gjakut. P\u00ebrmir\u00ebson qarkullim e gjakut, duke penguar t\u00eb en\u00ebve t\u00eb gjakut.<\/p>\n<p>Ju mund t\u00eb p\u00ebrgatisni \u00e7do dit\u00eb nj\u00eb kombinim me nj\u00eb lug\u00eb vaj ulliri dhe nj\u00eb lug\u00eb l\u00ebng limoni, ose p\u00ebrgatisni nj\u00eb mas\u00eb deri n\u00eb 1 lit\u00ebr dhe ruajeni n\u00eb nj\u00eb vend t\u00eb fresk\u00ebt. Kujdes : Duhet pir\u00eb gjithmon\u00eb esull, m\u00eb konkretisht gjysm\u00eb or\u00eb para se t\u00eb hani m\u00ebngjes.<\/p>\n<p><strong>Koha Jone<\/strong><\/p>\n","protected":false},"excerpt":{"rendered":"<p>Vaji i ullirit dhe limoni jan\u00eb dy nd\u00ebr produktet q\u00eb nuk mungojn\u00eb kurr\u00eb n\u00eb tryezat e shqiptar\u00ebve. Fatmir\u00ebsisht kultivohen n\u00eb vendin ton\u00eb , madje mund t\u00eb themi q\u00eb jan\u00eb nd\u00ebr produktet m\u00eb t\u00eb mira edhe n\u00eb Ballkan. Por keni menduar ndonj\u00ebher\u00eb t\u2019i konsumoni s\u00eb bashku? Duhet ta b\u00ebni. Organizmi juaj do t\u2019ju jet\u00eb shum\u00eb mir\u00ebnjoh\u00ebs. [&hellip;]<\/p>\n","protected":false},"author":1,"featured_media":0,"comment_status":"closed","ping_status":"closed","sticky":false,"template":"","format":"standard","meta":{"spay_email":"","jetpack_publicize_message":"","jetpack_is_tweetstorm":false,"jetpack_publicize_feature_enabled":true},"categories":[11],"tags":[],"jetpack_publicize_connections":[],"yoast_head":"<!-- This site is optimized with the Yoast SEO plugin v19.1 - https:\/\/yoast.com\/wordpress\/plugins\/seo\/ -->\n<title>Konsumoni sa m\u00eb shum\u00eb vaj ulliri dhe limon, jan\u00eb ila\u00e7e natyrale - Lajme nga Ulqini<\/title>\n<meta name=\"description\" content=\"Vaji i ullirit dhe limoni jan\u00eb dy nd\u00ebr produktet q\u00eb nuk mungojn\u00eb kurr\u00eb n\u00eb tryezat e shqiptar\u00ebve. Fatmir\u00ebsisht kultivohen n\u00eb vendin ton\u00eb , madje mund t\u00eb\" \/>\n<meta name=\"robots\" content=\"index, follow, max-snippet:-1, max-image-preview:large, max-video-preview:-1\" \/>\n<link rel=\"canonical\" href=\"https:\/\/www.visit-ulcinj.com\/blog\/2016\/12\/27\/konsumoni-sa-shume-vaj-ulliri-dhe-limon-jane-ilace-natyrale\/\" \/>\n<meta property=\"og:locale\" content=\"en_US\" \/>\n<meta property=\"og:type\" content=\"article\" \/>\n<meta property=\"og:title\" content=\"Konsumoni sa m\u00eb shum\u00eb vaj ulliri dhe limon, jan\u00eb ila\u00e7e natyrale - Lajme nga Ulqini\" \/>\n<meta property=\"og:description\" content=\"Vaji i ullirit dhe limoni jan\u00eb dy nd\u00ebr produktet q\u00eb nuk mungojn\u00eb kurr\u00eb n\u00eb tryezat e shqiptar\u00ebve. Fatmir\u00ebsisht kultivohen n\u00eb vendin ton\u00eb , madje mund t\u00eb\" \/>\n<meta property=\"og:url\" content=\"https:\/\/www.visit-ulcinj.com\/blog\/2016\/12\/27\/konsumoni-sa-shume-vaj-ulliri-dhe-limon-jane-ilace-natyrale\/\" \/>\n<meta property=\"og:site_name\" content=\"Lajme nga Ulqini\" \/>\n<meta property=\"article:published_time\" content=\"2016-12-27T17:08:42+00:00\" \/>\n<meta property=\"og:image\" content=\"http:\/\/www.visit-ulcinj.com\/blog\/wp-content\/uploads\/2016\/12\/vaj-ulliri-dhe-limon.jpg\" \/>\n<meta name=\"twitter:label1\" content=\"Written by\" \/>\n\t<meta name=\"twitter:data1\" content=\"ulqini\" \/>\n\t<meta name=\"twitter:label2\" content=\"Est. reading time\" \/>\n\t<meta name=\"twitter:data2\" content=\"2 minutes\" \/>\n<script type=\"application\/ld+json\" class=\"yoast-schema-graph\">{\"@context\":\"https:\/\/schema.org\",\"@graph\":[{\"@type\":\"WebSite\",\"@id\":\"https:\/\/www.visit-ulcinj.com\/blog\/#website\",\"url\":\"https:\/\/www.visit-ulcinj.com\/blog\/\",\"name\":\"Lajme nga Ulqini\",\"description\":\"Lajme,Vijesti,Ulqini,Ulqin,Crna Gora,Mali i Zi\",\"potentialAction\":[{\"@type\":\"SearchAction\",\"target\":{\"@type\":\"EntryPoint\",\"urlTemplate\":\"https:\/\/www.visit-ulcinj.com\/blog\/?s={search_term_string}\"},\"query-input\":\"required name=search_term_string\"}],\"inLanguage\":\"en-US\"},{\"@type\":\"ImageObject\",\"inLanguage\":\"en-US\",\"@id\":\"https:\/\/www.visit-ulcinj.com\/blog\/2016\/12\/27\/konsumoni-sa-shume-vaj-ulliri-dhe-limon-jane-ilace-natyrale\/#primaryimage\",\"url\":\"https:\/\/www.visit-ulcinj.com\/blog\/wp-content\/uploads\/2016\/12\/vaj-ulliri-dhe-limon.jpg\",\"contentUrl\":\"https:\/\/www.visit-ulcinj.com\/blog\/wp-content\/uploads\/2016\/12\/vaj-ulliri-dhe-limon.jpg\",\"width\":640,\"height\":340},{\"@type\":\"WebPage\",\"@id\":\"https:\/\/www.visit-ulcinj.com\/blog\/2016\/12\/27\/konsumoni-sa-shume-vaj-ulliri-dhe-limon-jane-ilace-natyrale\/#webpage\",\"url\":\"https:\/\/www.visit-ulcinj.com\/blog\/2016\/12\/27\/konsumoni-sa-shume-vaj-ulliri-dhe-limon-jane-ilace-natyrale\/\",\"name\":\"Konsumoni sa m\u00eb shum\u00eb vaj ulliri dhe limon, jan\u00eb ila\u00e7e natyrale - Lajme nga Ulqini\",\"isPartOf\":{\"@id\":\"https:\/\/www.visit-ulcinj.com\/blog\/#website\"},\"primaryImageOfPage\":{\"@id\":\"https:\/\/www.visit-ulcinj.com\/blog\/2016\/12\/27\/konsumoni-sa-shume-vaj-ulliri-dhe-limon-jane-ilace-natyrale\/#primaryimage\"},\"datePublished\":\"2016-12-27T17:08:42+00:00\",\"dateModified\":\"2016-12-27T17:08:42+00:00\",\"author\":{\"@id\":\"https:\/\/www.visit-ulcinj.com\/blog\/#\/schema\/person\/dcab619c614d3038751c63bc2aadc06d\"},\"description\":\"Vaji i ullirit dhe limoni jan\u00eb dy nd\u00ebr produktet q\u00eb nuk mungojn\u00eb kurr\u00eb n\u00eb tryezat e shqiptar\u00ebve. Fatmir\u00ebsisht kultivohen n\u00eb vendin ton\u00eb , madje mund t\u00eb\",\"breadcrumb\":{\"@id\":\"https:\/\/www.visit-ulcinj.com\/blog\/2016\/12\/27\/konsumoni-sa-shume-vaj-ulliri-dhe-limon-jane-ilace-natyrale\/#breadcrumb\"},\"inLanguage\":\"en-US\",\"potentialAction\":[{\"@type\":\"ReadAction\",\"target\":[\"https:\/\/www.visit-ulcinj.com\/blog\/2016\/12\/27\/konsumoni-sa-shume-vaj-ulliri-dhe-limon-jane-ilace-natyrale\/\"]}]},{\"@type\":\"BreadcrumbList\",\"@id\":\"https:\/\/www.visit-ulcinj.com\/blog\/2016\/12\/27\/konsumoni-sa-shume-vaj-ulliri-dhe-limon-jane-ilace-natyrale\/#breadcrumb\",\"itemListElement\":[{\"@type\":\"ListItem\",\"position\":1,\"name\":\"Konsumoni sa m\u00eb shum\u00eb vaj ulliri dhe limon, jan\u00eb ila\u00e7e natyrale\"}]},{\"@type\":\"Person\",\"@id\":\"https:\/\/www.visit-ulcinj.com\/blog\/#\/schema\/person\/dcab619c614d3038751c63bc2aadc06d\",\"name\":\"ulqini\",\"sameAs\":[\"http:\/\/www.visit-ulcinj.com\"],\"url\":\"https:\/\/www.visit-ulcinj.com\/blog\/author\/admin\/\"}]}<\/script>\n<!-- \/ Yoast SEO plugin. -->","yoast_head_json":{"title":"Konsumoni sa m\u00eb shum\u00eb vaj ulliri dhe limon, jan\u00eb ila\u00e7e natyrale - Lajme nga Ulqini","description":"Vaji i ullirit dhe limoni jan\u00eb dy nd\u00ebr produktet q\u00eb nuk mungojn\u00eb kurr\u00eb n\u00eb tryezat e shqiptar\u00ebve. Fatmir\u00ebsisht kultivohen n\u00eb vendin ton\u00eb , madje mund t\u00eb","robots":{"index":"index","follow":"follow","max-snippet":"max-snippet:-1","max-image-preview":"max-image-preview:large","max-video-preview":"max-video-preview:-1"},"canonical":"https:\/\/www.visit-ulcinj.com\/blog\/2016\/12\/27\/konsumoni-sa-shume-vaj-ulliri-dhe-limon-jane-ilace-natyrale\/","og_locale":"en_US","og_type":"article","og_title":"Konsumoni sa m\u00eb shum\u00eb vaj ulliri dhe limon, jan\u00eb ila\u00e7e natyrale - Lajme nga Ulqini","og_description":"Vaji i ullirit dhe limoni jan\u00eb dy nd\u00ebr produktet q\u00eb nuk mungojn\u00eb kurr\u00eb n\u00eb tryezat e shqiptar\u00ebve. Fatmir\u00ebsisht kultivohen n\u00eb vendin ton\u00eb , madje mund t\u00eb","og_url":"https:\/\/www.visit-ulcinj.com\/blog\/2016\/12\/27\/konsumoni-sa-shume-vaj-ulliri-dhe-limon-jane-ilace-natyrale\/","og_site_name":"Lajme nga Ulqini","article_published_time":"2016-12-27T17:08:42+00:00","og_image":[{"url":"http:\/\/www.visit-ulcinj.com\/blog\/wp-content\/uploads\/2016\/12\/vaj-ulliri-dhe-limon.jpg"}],"twitter_misc":{"Written by":"ulqini","Est. reading time":"2 minutes"},"schema":{"@context":"https:\/\/schema.org","@graph":[{"@type":"WebSite","@id":"https:\/\/www.visit-ulcinj.com\/blog\/#website","url":"https:\/\/www.visit-ulcinj.com\/blog\/","name":"Lajme nga Ulqini","description":"Lajme,Vijesti,Ulqini,Ulqin,Crna Gora,Mali i Zi","potentialAction":[{"@type":"SearchAction","target":{"@type":"EntryPoint","urlTemplate":"https:\/\/www.visit-ulcinj.com\/blog\/?s={search_term_string}"},"query-input":"required name=search_term_string"}],"inLanguage":"en-US"},{"@type":"ImageObject","inLanguage":"en-US","@id":"https:\/\/www.visit-ulcinj.com\/blog\/2016\/12\/27\/konsumoni-sa-shume-vaj-ulliri-dhe-limon-jane-ilace-natyrale\/#primaryimage","url":"https:\/\/www.visit-ulcinj.com\/blog\/wp-content\/uploads\/2016\/12\/vaj-ulliri-dhe-limon.jpg","contentUrl":"https:\/\/www.visit-ulcinj.com\/blog\/wp-content\/uploads\/2016\/12\/vaj-ulliri-dhe-limon.jpg","width":640,"height":340},{"@type":"WebPage","@id":"https:\/\/www.visit-ulcinj.com\/blog\/2016\/12\/27\/konsumoni-sa-shume-vaj-ulliri-dhe-limon-jane-ilace-natyrale\/#webpage","url":"https:\/\/www.visit-ulcinj.com\/blog\/2016\/12\/27\/konsumoni-sa-shume-vaj-ulliri-dhe-limon-jane-ilace-natyrale\/","name":"Konsumoni sa m\u00eb shum\u00eb vaj ulliri dhe limon, jan\u00eb ila\u00e7e natyrale - Lajme nga Ulqini","isPartOf":{"@id":"https:\/\/www.visit-ulcinj.com\/blog\/#website"},"primaryImageOfPage":{"@id":"https:\/\/www.visit-ulcinj.com\/blog\/2016\/12\/27\/konsumoni-sa-shume-vaj-ulliri-dhe-limon-jane-ilace-natyrale\/#primaryimage"},"datePublished":"2016-12-27T17:08:42+00:00","dateModified":"2016-12-27T17:08:42+00:00","author":{"@id":"https:\/\/www.visit-ulcinj.com\/blog\/#\/schema\/person\/dcab619c614d3038751c63bc2aadc06d"},"description":"Vaji i ullirit dhe limoni jan\u00eb dy nd\u00ebr produktet q\u00eb nuk mungojn\u00eb kurr\u00eb n\u00eb tryezat e shqiptar\u00ebve. Fatmir\u00ebsisht kultivohen n\u00eb vendin ton\u00eb , madje mund t\u00eb","breadcrumb":{"@id":"https:\/\/www.visit-ulcinj.com\/blog\/2016\/12\/27\/konsumoni-sa-shume-vaj-ulliri-dhe-limon-jane-ilace-natyrale\/#breadcrumb"},"inLanguage":"en-US","potentialAction":[{"@type":"ReadAction","target":["https:\/\/www.visit-ulcinj.com\/blog\/2016\/12\/27\/konsumoni-sa-shume-vaj-ulliri-dhe-limon-jane-ilace-natyrale\/"]}]},{"@type":"BreadcrumbList","@id":"https:\/\/www.visit-ulcinj.com\/blog\/2016\/12\/27\/konsumoni-sa-shume-vaj-ulliri-dhe-limon-jane-ilace-natyrale\/#breadcrumb","itemListElement":[{"@type":"ListItem","position":1,"name":"Konsumoni sa m\u00eb shum\u00eb vaj ulliri dhe limon, jan\u00eb ila\u00e7e natyrale"}]},{"@type":"Person","@id":"https:\/\/www.visit-ulcinj.com\/blog\/#\/schema\/person\/dcab619c614d3038751c63bc2aadc06d","name":"ulqini","sameAs":["http:\/\/www.visit-ulcinj.com"],"url":"https:\/\/www.visit-ulcinj.com\/blog\/author\/admin\/"}]}},"jetpack_featured_media_url":"","jetpack_sharing_enabled":true,"jetpack_shortlink":"https:\/\/wp.me\/pe6lTn-qvT","_links":{"self":[{"href":"https:\/\/www.visit-ulcinj.com\/blog\/wp-json\/wp\/v2\/posts\/101921"}],"collection":[{"href":"https:\/\/www.visit-ulcinj.com\/blog\/wp-json\/wp\/v2\/posts"}],"about":[{"href":"https:\/\/www.visit-ulcinj.com\/blog\/wp-json\/wp\/v2\/types\/post"}],"author":[{"embeddable":true,"href":"https:\/\/www.visit-ulcinj.com\/blog\/wp-json\/wp\/v2\/users\/1"}],"replies":[{"embeddable":true,"href":"https:\/\/www.visit-ulcinj.com\/blog\/wp-json\/wp\/v2\/comments?post=101921"}],"version-history":[{"count":1,"href":"https:\/\/www.visit-ulcinj.com\/blog\/wp-json\/wp\/v2\/posts\/101921\/revisions"}],"predecessor-version":[{"id":101923,"href":"https:\/\/www.visit-ulcinj.com\/blog\/wp-json\/wp\/v2\/posts\/101921\/revisions\/101923"}],"wp:attachment":[{"href":"https:\/\/www.visit-ulcinj.com\/blog\/wp-json\/wp\/v2\/media?parent=101921"}],"wp:term":[{"taxonomy":"category","embeddable":true,"href":"https:\/\/www.visit-ulcinj.com\/blog\/wp-json\/wp\/v2\/categories?post=101921"},{"taxonomy":"post_tag","embeddable":true,"href":"https:\/\/www.visit-ulcinj.com\/blog\/wp-json\/wp\/v2\/tags?post=101921"}],"curies":[{"name":"wp","href":"https:\/\/api.w.org\/{rel}","templated":true}]}}