{"id":101937,"date":"2016-12-28T08:24:52","date_gmt":"2016-12-28T07:24:52","guid":{"rendered":"http:\/\/www.visit-ulcinj.com\/blog\/?p=101937"},"modified":"2016-12-28T08:24:52","modified_gmt":"2016-12-28T07:24:52","slug":"sd-ulcinj-odbornici-da-odbiju-povecanje-boravisne-takse","status":"publish","type":"post","link":"https:\/\/www.visit-ulcinj.com\/blog\/2016\/12\/28\/sd-ulcinj-odbornici-da-odbiju-povecanje-boravisne-takse\/","title":{"rendered":"SD Ulcinj: &#8220;Odbornici da odbiju pove\u0107anje boravi\u0161ne takse&#8221;"},"content":{"rendered":"<p><strong><a href=\"http:\/\/www.visit-ulcinj.com\/blog\/wp-content\/uploads\/2016\/12\/Socijaldemokrata-SD-Ulcinja.jpg\"><img loading=\"lazy\" class=\"alignleft wp-image-101938\" src=\"http:\/\/www.visit-ulcinj.com\/blog\/wp-content\/uploads\/2016\/12\/Socijaldemokrata-SD-Ulcinja.jpg\" alt=\"Socijaldemokrata (SD) Ulcinja\" width=\"508\" height=\"470\" srcset=\"https:\/\/www.visit-ulcinj.com\/blog\/wp-content\/uploads\/2016\/12\/Socijaldemokrata-SD-Ulcinja.jpg 600w, https:\/\/www.visit-ulcinj.com\/blog\/wp-content\/uploads\/2016\/12\/Socijaldemokrata-SD-Ulcinja-300x278.jpg 300w\" sizes=\"(max-width: 508px) 100vw, 508px\" \/><\/a>Op\u0161tinski odbor Socijaldemokrata (SD) Ulcinja pozvao je odbornike u lokalnom parlamentu da odbiju predlog o pove\u0107anju boravi\u0161ne takse.<\/strong><\/p>\n<div class=\"fix\">\n<p>\u201cVladaju\u0107a struktura, od koje se mnogo o\u010dekivalo, je opet razo\u010darala Ulcinjane, a posebno one koji se bave turizmom, djelatno\u0161\u0107u od koje ve\u0107ina \u017eivi. Predlaga\u010d je opet pokazao ma\u0107ehinski odnos prema skoro svim svojim gra\u0111anima, predla\u017eu\u0107i da se iznos boravi\u0161ne takse pove\u0107a sa 50 na 70 centi, ili 40 odsto\u201d, navodi se u saop\u0161tenju Op\u0161tinskog odbora.<\/p>\n<p>Socijaldemokrate Ulcinja tvrde da se na taj na\u010din direkno uti\u010de na konkurentnost u sektoru turizma me\u0111u lokalnim pru\u017eaocima usluga, a tako\u0111e i na konkurentnost grada kao turisti\u010dke destinacije.<\/p>\n<p>\u201cTako\u0111e, ovako se najbolje poma\u017ee onima koji decenijama ne pla\u0107aju nijedan cent, a koji najvi\u0161e optere\u0107uju cjelokupnu gradsku infrastrukturu i sav taj zara\u0111eni novac ponesu negdje van Ulcinja\u201d, navodi se u saop\u0161tenju.<\/p>\n<p>S obzirom da je prosje\u010dna cijena kreveta u Ulcinju u toku cijele turisti\u010dke sezone sedam eura, ako bi se usvojio predlog da taksa bude 70 centi, onda bi ona u\u010destvovala deset odsto u cijeni kreveta.<\/p>\n<p>\u201cTom logikom bi boravi\u0161na taksa u Budvi trebalo da bude \u010detiri eura, a ona iznosi samo jedan eura\u201d, navodi se u saop\u0161tenju.<\/p>\n<p>Predlaga\u010d je, kako tvrde u Op\u0161tinskom odboru, trebalo da, umjesto pove\u0107anja, predlo\u017ei smanjenje takse na 30 ili 20 centi.<\/p>\n<p>\u201cU Ulcinju se kontinuirano boravi\u0161na taksa napla\u0107uje za oko 20 odsto gra\u0111ana ili turista, od \u010dega je oko osam odsto u hotelskom, a ostalih 12 odsto u privatnom smje\u0161taju. Da bi prihodi bili ve\u0107i nije potrebno samo da se opterete oni koji pla\u0107aju, ve\u0107 da se aktivno sprovode mjere za pove\u0107anje broja plati\u0161a\u201d, smatraju u Op\u0161tinskom odboru.<\/p>\n<p>Ukoliko bi se, kako su dodali, uspjela naplatiti boravi\u0161na taksa u iznosu od 30 centi za makar polovinu od 150 hiljada ili vi\u0161e turista koliko ih na dan samo tokom \u0161pica sezone boravi na ulcinjskoj rivijeri, to bi zna\u010dilo da bi se samo od njih naplatilo oko milion eura.<\/p>\n<p>\u201cAko na to dodamo i boravi\u0161nu taksu koja se pla\u0107a tokom cijele godine za radnike koji obavljaju poslove u pred i postsezoni, od kojih se sada ubira vi\u0161e od 100 hiljada eura, prostom ra\u010dunicom dolazimo do zaklju\u010dka da bi se smanjenjem boravi\u0161ne takse i uvo\u0111enjem ve\u0107e discipline prihodi mogu pove\u0107ati 300 odsto\u201d, zaklju\u010duje se u saop\u0161tenju.<\/p>\n<\/div>\n<div class=\"tags fix\">\n<div class=\"tagTitle\"><\/div>\n<div class=\"tagList\"><strong>Izvor: MINA \/RTCG<\/strong><\/div>\n<\/div>\n<p>&nbsp;<\/p>\n","protected":false},"excerpt":{"rendered":"<p>Op\u0161tinski odbor Socijaldemokrata (SD) Ulcinja pozvao je odbornike u lokalnom parlamentu da odbiju predlog o pove\u0107anju boravi\u0161ne takse. \u201cVladaju\u0107a struktura, od koje se mnogo o\u010dekivalo, je opet razo\u010darala Ulcinjane, a posebno one koji se bave turizmom, djelatno\u0161\u0107u od koje ve\u0107ina \u017eivi. Predlaga\u010d je opet pokazao ma\u0107ehinski odnos prema skoro svim svojim gra\u0111anima, predla\u017eu\u0107i da se [&hellip;]<\/p>\n","protected":false},"author":1,"featured_media":0,"comment_status":"closed","ping_status":"closed","sticky":false,"template":"","format":"standard","meta":{"spay_email":"","jetpack_publicize_message":"","jetpack_is_tweetstorm":false,"jetpack_publicize_feature_enabled":true},"categories":[8337],"tags":[],"jetpack_publicize_connections":[],"yoast_head":"<!-- This site is optimized with the Yoast SEO plugin v19.1 - https:\/\/yoast.com\/wordpress\/plugins\/seo\/ -->\n<title>SD Ulcinj: &quot;Odbornici da odbiju pove\u0107anje boravi\u0161ne takse&quot; - Lajme nga Ulqini<\/title>\n<meta name=\"description\" content=\"Op\u0161tinski odbor Socijaldemokrata (SD) Ulcinja pozvao je odbornike u lokalnom parlamentu da odbiju predlog o pove\u0107anju boravi\u0161ne takse. \u201cVladaju\u0107a\" \/>\n<meta name=\"robots\" content=\"index, follow, max-snippet:-1, max-image-preview:large, max-video-preview:-1\" \/>\n<link rel=\"canonical\" href=\"https:\/\/www.visit-ulcinj.com\/blog\/2016\/12\/28\/sd-ulcinj-odbornici-da-odbiju-povecanje-boravisne-takse\/\" \/>\n<meta property=\"og:locale\" content=\"en_US\" \/>\n<meta property=\"og:type\" content=\"article\" \/>\n<meta property=\"og:title\" content=\"SD Ulcinj: &quot;Odbornici da odbiju pove\u0107anje boravi\u0161ne takse&quot; - Lajme nga Ulqini\" \/>\n<meta property=\"og:description\" content=\"Op\u0161tinski odbor Socijaldemokrata (SD) Ulcinja pozvao je odbornike u lokalnom parlamentu da odbiju predlog o pove\u0107anju boravi\u0161ne takse. \u201cVladaju\u0107a\" \/>\n<meta property=\"og:url\" content=\"https:\/\/www.visit-ulcinj.com\/blog\/2016\/12\/28\/sd-ulcinj-odbornici-da-odbiju-povecanje-boravisne-takse\/\" \/>\n<meta property=\"og:site_name\" content=\"Lajme nga Ulqini\" \/>\n<meta property=\"article:published_time\" content=\"2016-12-28T07:24:52+00:00\" \/>\n<meta property=\"og:image\" content=\"http:\/\/www.visit-ulcinj.com\/blog\/wp-content\/uploads\/2016\/12\/Socijaldemokrata-SD-Ulcinja.jpg\" \/>\n<meta name=\"twitter:label1\" content=\"Written by\" \/>\n\t<meta name=\"twitter:data1\" content=\"ulqini\" \/>\n\t<meta name=\"twitter:label2\" content=\"Est. reading time\" \/>\n\t<meta name=\"twitter:data2\" content=\"2 minutes\" \/>\n<script type=\"application\/ld+json\" class=\"yoast-schema-graph\">{\"@context\":\"https:\/\/schema.org\",\"@graph\":[{\"@type\":\"WebSite\",\"@id\":\"https:\/\/www.visit-ulcinj.com\/blog\/#website\",\"url\":\"https:\/\/www.visit-ulcinj.com\/blog\/\",\"name\":\"Lajme nga Ulqini\",\"description\":\"Lajme,Vijesti,Ulqini,Ulqin,Crna Gora,Mali i Zi\",\"potentialAction\":[{\"@type\":\"SearchAction\",\"target\":{\"@type\":\"EntryPoint\",\"urlTemplate\":\"https:\/\/www.visit-ulcinj.com\/blog\/?s={search_term_string}\"},\"query-input\":\"required name=search_term_string\"}],\"inLanguage\":\"en-US\"},{\"@type\":\"ImageObject\",\"inLanguage\":\"en-US\",\"@id\":\"https:\/\/www.visit-ulcinj.com\/blog\/2016\/12\/28\/sd-ulcinj-odbornici-da-odbiju-povecanje-boravisne-takse\/#primaryimage\",\"url\":\"https:\/\/www.visit-ulcinj.com\/blog\/wp-content\/uploads\/2016\/12\/Socijaldemokrata-SD-Ulcinja.jpg\",\"contentUrl\":\"https:\/\/www.visit-ulcinj.com\/blog\/wp-content\/uploads\/2016\/12\/Socijaldemokrata-SD-Ulcinja.jpg\",\"width\":600,\"height\":555},{\"@type\":\"WebPage\",\"@id\":\"https:\/\/www.visit-ulcinj.com\/blog\/2016\/12\/28\/sd-ulcinj-odbornici-da-odbiju-povecanje-boravisne-takse\/#webpage\",\"url\":\"https:\/\/www.visit-ulcinj.com\/blog\/2016\/12\/28\/sd-ulcinj-odbornici-da-odbiju-povecanje-boravisne-takse\/\",\"name\":\"SD Ulcinj: \\\"Odbornici da odbiju pove\u0107anje boravi\u0161ne takse\\\" - Lajme nga Ulqini\",\"isPartOf\":{\"@id\":\"https:\/\/www.visit-ulcinj.com\/blog\/#website\"},\"primaryImageOfPage\":{\"@id\":\"https:\/\/www.visit-ulcinj.com\/blog\/2016\/12\/28\/sd-ulcinj-odbornici-da-odbiju-povecanje-boravisne-takse\/#primaryimage\"},\"datePublished\":\"2016-12-28T07:24:52+00:00\",\"dateModified\":\"2016-12-28T07:24:52+00:00\",\"author\":{\"@id\":\"https:\/\/www.visit-ulcinj.com\/blog\/#\/schema\/person\/dcab619c614d3038751c63bc2aadc06d\"},\"description\":\"Op\u0161tinski odbor Socijaldemokrata (SD) Ulcinja pozvao je odbornike u lokalnom parlamentu da odbiju predlog o pove\u0107anju boravi\u0161ne takse. \u201cVladaju\u0107a\",\"breadcrumb\":{\"@id\":\"https:\/\/www.visit-ulcinj.com\/blog\/2016\/12\/28\/sd-ulcinj-odbornici-da-odbiju-povecanje-boravisne-takse\/#breadcrumb\"},\"inLanguage\":\"en-US\",\"potentialAction\":[{\"@type\":\"ReadAction\",\"target\":[\"https:\/\/www.visit-ulcinj.com\/blog\/2016\/12\/28\/sd-ulcinj-odbornici-da-odbiju-povecanje-boravisne-takse\/\"]}]},{\"@type\":\"BreadcrumbList\",\"@id\":\"https:\/\/www.visit-ulcinj.com\/blog\/2016\/12\/28\/sd-ulcinj-odbornici-da-odbiju-povecanje-boravisne-takse\/#breadcrumb\",\"itemListElement\":[{\"@type\":\"ListItem\",\"position\":1,\"name\":\"SD Ulcinj: &#8220;Odbornici da odbiju pove\u0107anje boravi\u0161ne takse&#8221;\"}]},{\"@type\":\"Person\",\"@id\":\"https:\/\/www.visit-ulcinj.com\/blog\/#\/schema\/person\/dcab619c614d3038751c63bc2aadc06d\",\"name\":\"ulqini\",\"sameAs\":[\"http:\/\/www.visit-ulcinj.com\"],\"url\":\"https:\/\/www.visit-ulcinj.com\/blog\/author\/admin\/\"}]}<\/script>\n<!-- \/ Yoast SEO plugin. -->","yoast_head_json":{"title":"SD Ulcinj: \"Odbornici da odbiju pove\u0107anje boravi\u0161ne takse\" - Lajme nga Ulqini","description":"Op\u0161tinski odbor Socijaldemokrata (SD) Ulcinja pozvao je odbornike u lokalnom parlamentu da odbiju predlog o pove\u0107anju boravi\u0161ne takse. \u201cVladaju\u0107a","robots":{"index":"index","follow":"follow","max-snippet":"max-snippet:-1","max-image-preview":"max-image-preview:large","max-video-preview":"max-video-preview:-1"},"canonical":"https:\/\/www.visit-ulcinj.com\/blog\/2016\/12\/28\/sd-ulcinj-odbornici-da-odbiju-povecanje-boravisne-takse\/","og_locale":"en_US","og_type":"article","og_title":"SD Ulcinj: \"Odbornici da odbiju pove\u0107anje boravi\u0161ne takse\" - Lajme nga Ulqini","og_description":"Op\u0161tinski odbor Socijaldemokrata (SD) Ulcinja pozvao je odbornike u lokalnom parlamentu da odbiju predlog o pove\u0107anju boravi\u0161ne takse. \u201cVladaju\u0107a","og_url":"https:\/\/www.visit-ulcinj.com\/blog\/2016\/12\/28\/sd-ulcinj-odbornici-da-odbiju-povecanje-boravisne-takse\/","og_site_name":"Lajme nga Ulqini","article_published_time":"2016-12-28T07:24:52+00:00","og_image":[{"url":"http:\/\/www.visit-ulcinj.com\/blog\/wp-content\/uploads\/2016\/12\/Socijaldemokrata-SD-Ulcinja.jpg"}],"twitter_misc":{"Written by":"ulqini","Est. reading time":"2 minutes"},"schema":{"@context":"https:\/\/schema.org","@graph":[{"@type":"WebSite","@id":"https:\/\/www.visit-ulcinj.com\/blog\/#website","url":"https:\/\/www.visit-ulcinj.com\/blog\/","name":"Lajme nga Ulqini","description":"Lajme,Vijesti,Ulqini,Ulqin,Crna Gora,Mali i Zi","potentialAction":[{"@type":"SearchAction","target":{"@type":"EntryPoint","urlTemplate":"https:\/\/www.visit-ulcinj.com\/blog\/?s={search_term_string}"},"query-input":"required name=search_term_string"}],"inLanguage":"en-US"},{"@type":"ImageObject","inLanguage":"en-US","@id":"https:\/\/www.visit-ulcinj.com\/blog\/2016\/12\/28\/sd-ulcinj-odbornici-da-odbiju-povecanje-boravisne-takse\/#primaryimage","url":"https:\/\/www.visit-ulcinj.com\/blog\/wp-content\/uploads\/2016\/12\/Socijaldemokrata-SD-Ulcinja.jpg","contentUrl":"https:\/\/www.visit-ulcinj.com\/blog\/wp-content\/uploads\/2016\/12\/Socijaldemokrata-SD-Ulcinja.jpg","width":600,"height":555},{"@type":"WebPage","@id":"https:\/\/www.visit-ulcinj.com\/blog\/2016\/12\/28\/sd-ulcinj-odbornici-da-odbiju-povecanje-boravisne-takse\/#webpage","url":"https:\/\/www.visit-ulcinj.com\/blog\/2016\/12\/28\/sd-ulcinj-odbornici-da-odbiju-povecanje-boravisne-takse\/","name":"SD Ulcinj: \"Odbornici da odbiju pove\u0107anje boravi\u0161ne takse\" - Lajme nga Ulqini","isPartOf":{"@id":"https:\/\/www.visit-ulcinj.com\/blog\/#website"},"primaryImageOfPage":{"@id":"https:\/\/www.visit-ulcinj.com\/blog\/2016\/12\/28\/sd-ulcinj-odbornici-da-odbiju-povecanje-boravisne-takse\/#primaryimage"},"datePublished":"2016-12-28T07:24:52+00:00","dateModified":"2016-12-28T07:24:52+00:00","author":{"@id":"https:\/\/www.visit-ulcinj.com\/blog\/#\/schema\/person\/dcab619c614d3038751c63bc2aadc06d"},"description":"Op\u0161tinski odbor Socijaldemokrata (SD) Ulcinja pozvao je odbornike u lokalnom parlamentu da odbiju predlog o pove\u0107anju boravi\u0161ne takse. \u201cVladaju\u0107a","breadcrumb":{"@id":"https:\/\/www.visit-ulcinj.com\/blog\/2016\/12\/28\/sd-ulcinj-odbornici-da-odbiju-povecanje-boravisne-takse\/#breadcrumb"},"inLanguage":"en-US","potentialAction":[{"@type":"ReadAction","target":["https:\/\/www.visit-ulcinj.com\/blog\/2016\/12\/28\/sd-ulcinj-odbornici-da-odbiju-povecanje-boravisne-takse\/"]}]},{"@type":"BreadcrumbList","@id":"https:\/\/www.visit-ulcinj.com\/blog\/2016\/12\/28\/sd-ulcinj-odbornici-da-odbiju-povecanje-boravisne-takse\/#breadcrumb","itemListElement":[{"@type":"ListItem","position":1,"name":"SD Ulcinj: &#8220;Odbornici da odbiju pove\u0107anje boravi\u0161ne takse&#8221;"}]},{"@type":"Person","@id":"https:\/\/www.visit-ulcinj.com\/blog\/#\/schema\/person\/dcab619c614d3038751c63bc2aadc06d","name":"ulqini","sameAs":["http:\/\/www.visit-ulcinj.com"],"url":"https:\/\/www.visit-ulcinj.com\/blog\/author\/admin\/"}]}},"jetpack_featured_media_url":"","jetpack_sharing_enabled":true,"jetpack_shortlink":"https:\/\/wp.me\/pe6lTn-qw9","_links":{"self":[{"href":"https:\/\/www.visit-ulcinj.com\/blog\/wp-json\/wp\/v2\/posts\/101937"}],"collection":[{"href":"https:\/\/www.visit-ulcinj.com\/blog\/wp-json\/wp\/v2\/posts"}],"about":[{"href":"https:\/\/www.visit-ulcinj.com\/blog\/wp-json\/wp\/v2\/types\/post"}],"author":[{"embeddable":true,"href":"https:\/\/www.visit-ulcinj.com\/blog\/wp-json\/wp\/v2\/users\/1"}],"replies":[{"embeddable":true,"href":"https:\/\/www.visit-ulcinj.com\/blog\/wp-json\/wp\/v2\/comments?post=101937"}],"version-history":[{"count":1,"href":"https:\/\/www.visit-ulcinj.com\/blog\/wp-json\/wp\/v2\/posts\/101937\/revisions"}],"predecessor-version":[{"id":101939,"href":"https:\/\/www.visit-ulcinj.com\/blog\/wp-json\/wp\/v2\/posts\/101937\/revisions\/101939"}],"wp:attachment":[{"href":"https:\/\/www.visit-ulcinj.com\/blog\/wp-json\/wp\/v2\/media?parent=101937"}],"wp:term":[{"taxonomy":"category","embeddable":true,"href":"https:\/\/www.visit-ulcinj.com\/blog\/wp-json\/wp\/v2\/categories?post=101937"},{"taxonomy":"post_tag","embeddable":true,"href":"https:\/\/www.visit-ulcinj.com\/blog\/wp-json\/wp\/v2\/tags?post=101937"}],"curies":[{"name":"wp","href":"https:\/\/api.w.org\/{rel}","templated":true}]}}