{"id":101940,"date":"2016-12-28T15:26:52","date_gmt":"2016-12-28T14:26:52","guid":{"rendered":"http:\/\/www.visit-ulcinj.com\/blog\/?p=101940"},"modified":"2016-12-28T15:27:58","modified_gmt":"2016-12-28T14:27:58","slug":"nika-hajro-hajdari-nuk-e-plagosi-por-e-vrau-friken-te-krijuesit-shqiptar-ne-mal-te-zi","status":"publish","type":"post","link":"https:\/\/www.visit-ulcinj.com\/blog\/2016\/12\/28\/nika-hajro-hajdari-nuk-e-plagosi-por-e-vrau-friken-te-krijuesit-shqiptar-ne-mal-te-zi\/","title":{"rendered":"Nika: Hajro Hajdari nuk e plagosi por e vrau frik\u00ebn te krijuesit shqiptar n\u00eb Mal t\u00eb Zi?!"},"content":{"rendered":"<p><a href=\"http:\/\/www.visit-ulcinj.com\/blog\/wp-content\/uploads\/2016\/12\/Hajrulla-Hajdari-Ulqin.jpg\"><img loading=\"lazy\" class=\"alignleft wp-image-101943\" src=\"http:\/\/www.visit-ulcinj.com\/blog\/wp-content\/uploads\/2016\/12\/Hajrulla-Hajdari-Ulqin.jpg\" alt=\"Hajrulla-Hajdari-Ulqin\" width=\"508\" height=\"410\" srcset=\"https:\/\/www.visit-ulcinj.com\/blog\/wp-content\/uploads\/2016\/12\/Hajrulla-Hajdari-Ulqin.jpg 822w, https:\/\/www.visit-ulcinj.com\/blog\/wp-content\/uploads\/2016\/12\/Hajrulla-Hajdari-Ulqin-300x242.jpg 300w, https:\/\/www.visit-ulcinj.com\/blog\/wp-content\/uploads\/2016\/12\/Hajrulla-Hajdari-Ulqin-768x620.jpg 768w\" sizes=\"(max-width: 508px) 100vw, 508px\" \/><\/a>Heqja e cenzur\u00ebs\u00a0 s\u00eb regjimit q\u00eb ekzistonte te shqiptar\u00ebt n\u00eb Mal T\u00eb Zi e v\u00ebn\u00eb nga sistemi i m\u00ebparsh\u00ebm , kuptohet se nuk do t\u00eb n\u00ebnkuptonte \u00a0vetvetiu edhe heqjen\u00a0 e auto cenzures dhe auto frik\u00ebs te krijuesit tan\u00eb rreth guximit p\u00ebr t\u00eb folur haptas e duke mos e maskuar t\u00eb v\u00ebrtet\u00ebn e hidhur q\u00eb ngjau me fatin e shqiptar\u00ebve \u00a0pas Kongresit t\u00eb Berlinit dhe Paqes s\u00eb Sh\u00ebn Stefanit n\u00eb k\u00ebto troje.<\/p>\n<p>Duke p\u00ebrjashtuar disa nga t\u00eb rrall\u00ebt q\u00eb edhe mund t\u00eb ken\u00eb botuar libra t\u00eb k\u00ebtilla , por q\u00eb nuk u p\u00ebruruan nga shoqatat\u00a0 del q\u00eb ky t\u00eb jet\u00eb i pari po duket p\u00ebr objektivitet dhe guxim q\u00eb ka n\u00eb k\u00ebt\u00eb l\u00ebmi. Uroj q\u00eb Shoqata e Art Clubit t\u00eb gjurmoj\u00eb e hulumtoj\u00eb p\u00ebr autor\u00eb t\u00eb till\u00eb e t\u00eb cil\u00ebt edhe ata e meritojn\u00eb nj\u00eb p\u00ebrurim \u00a0t\u00eb k\u00ebtij niveli.<\/p>\n<p>Tjet\u00ebr , uroj q\u00eb ky lib\u00ebr me parametra\u00a0 argumentues \u00a0\u00a0e se si duhet , t\u00eb sh\u00ebnoj\u00eb edhe nj\u00eb ofensiv\u00eb\u00a0 t\u00eb promovimit t\u00eb vlerave t\u00eb nj\u00ebmendta krijuese n\u00eb raport me anti -vlerat\u00a0 q\u00eb shpesh promovohen pa kurrfar\u00eb kriteri nga individ\u00eb sharlatan\u00eb dhe\u00a0 \u00a0pseudo kulturor\u00eb e injorante\u00a0 n\u00eb kuptimin e \u00a0pa shkolluara q\u00eb kan\u00eb pushtuar jet\u00ebn kulturore t\u00eb qytetit, ngjash\u00ebm \u00a0si muzika tallava. &#8230;?!!<\/p>\n<p>N\u00eb krijimtarin\u00eb\u00a0 e p\u00ebrmendur t\u00eb anti vlerave \u00a0n\u00eb nivel qyteti , po ngjet ajo , si puna \u00a0e asaj \u00a0kur akademikut, shohim\u00a0 t\u2019i shes mend nj\u00eb \u201c autodidakt- samouk\u201d . \u00a0Q\u00eb n\u00ebnkupton ti tolerosh dikujt t\u00eb qes vas\u00eb ose\u00a0 mbaj predikim \u00a0mu si hoxha apo prifti pa qen\u00eb&#8230;.?!!<\/p>\n<p>&nbsp;<\/p>\n<p>Pra ,ngjash\u00ebm si n\u00eb tallave edhe k\u00ebtyre krijuesve \u00a0nuk\u00a0 shohim tu hyjn\u00eb n\u00eb pun\u00eb\u00a0 \u00a0notat e plota t\u00eb pentagramit muzikor n\u00eb testatur\u00eb , por k\u00ebnaqen duke \u00a0rrokur vet\u00ebm gjysm\u00ebtonet n\u00eb tastier\u00ebn e zez\u00eb p\u00ebr melodi, e kjo \u00ebsht\u00eb \u00a0koduar si anti-vler\u00eb\u00a0 n\u00eb artin \u00a0muzikor \u00a0?!!<\/p>\n<p><strong><em>Nj\u00eb lib\u00ebr gjith\u00ebp\u00ebrfshir\u00ebs si me titull si me pun\u00eb.<\/em><\/strong><\/p>\n<p>T\u00eb gjith\u00ebve na ka ndodhur t\u00eb lexojm\u00eb libra me tituj t\u00eb m\u00ebdhenj, por kur i hap\u00eb dhe lexon nuk jan\u00eb k\u00ebshtu dhe titulli nuk u korrespondon me ambicien e l\u00ebnd\u00ebs q\u00eb trajtohet n\u00eb titull&#8230;?!<\/p>\n<p>Me k\u00ebt\u00eb lib\u00ebr nuk \u00ebsht\u00eb k\u00ebshtu, ai me siguri \u00ebsht\u00eb\u00a0 pa dyshim \u00a0i pari dhe i fundit. <em>T\u00eb tjer\u00ebt , mund t\u00eb jen\u00eb t\u00eb shkruar vet\u00ebm si \u00a0p\u00ebrs\u00ebritje t\u00eb materjes &#8230;?!<\/em><\/p>\n<p>Ai po duket \u00ebsht\u00eb i ve\u00e7ant\u00eb edhe \u00a0si i pari q\u00eb i trajton n\u00eb form\u00eb gjith\u00ebp\u00ebrfshir\u00ebse \u00a0t\u00eb gjitha trevat \u00a0shqiptare n\u00eb\u00a0 Mal t\u00eb Zi\u00a0\u00a0 duke iu p\u00ebrkushtuar \u00a0nj\u00ebkoh\u00ebsisht t\u00eb gjitha ngjarjeve\u00a0 \u00a0precizitet dhe argumentim t\u00eb ve\u00e7ant\u00eb.<\/p>\n<p>Ajo q\u00eb t\u00eb mahnit\u00eb n\u00eb k\u00ebto situata \u00ebsht\u00eb edhe fakti i ndikimit dhe unifikimit t\u00eb nj\u00eb ngjarjeje tragjike dhe heroike e cila ka ndodh \u00a0diku p.sh. n\u00eb Plav\u00eb, lufta \u00a0\u00a0ta z\u00ebm\u00eb e Nokshiqit, por q\u00eb \u00a0\u00a0autori e sh\u00ebnon t\u00eb k\u00ebnduar nga k\u00ebng\u00ebtari popullor midis t\u00eb\u00a0\u00a0 Kraj\u00ebs dhe An\u00ebs s\u00eb Malit n\u00eb dasma , si p\u00ebrjetim t\u00eb\u00a0 trev\u00ebs s\u00eb vet..?!!<\/p>\n<p>Pra edhe pse t\u00eb izoluara\u00a0 &#8211; disi larg p\u00ebr koh\u00ebn trevat shihet se n\u00eb t\u00eb gjith\u00eb damar\u00ebt e kombit kishin dhimbje dhe ndjesi t\u00eb nj\u00ebjt\u00eb. Kjo pun\u00eb hetohet edhe n\u00eb k\u00ebng\u00ebt tjera\u00a0 nga t\u00eb cilat nj\u00ebra edhe u k\u00ebndua n\u00eb promovim. Fakt ky q\u00eb \u00a0d\u00ebshmon se shqiptar\u00ebt n\u00eb k\u00ebt\u00eb koh\u00eb , nuk ishin ashtu si tjer\u00ebt p\u00ebr rreth t\u00eb mbetur n\u00eb kategorin\u00eb e fisit- dhe u desh fuqia e carit rus t\u2019i ngrit\u00a0 mbi k\u00ebt\u00eb nivel , me vet\u00ebdije..?! Shqiptar\u00ebt e Malit t\u00eb Zi , kishin nisur \u201c mu ba milet- Komb\u201d&#8230;, e dhe pse t\u00eb vendosur n\u00eb krahina disi t\u00eb izoluara mes malesh?!!<\/p>\n<p>P\u00ebr fund ndjej nevoj\u00ebn t\u00eb distancohem nga ata t\u00eb cil\u00ebt pun\u00ebn e tyre e lidhen me pun\u00ebn e heroit mitik Sizifit, duke e keqkuptuar nj\u00ebrin apo\u00a0 tjetrin. Fjal\u00ebn e kemi p\u00ebr \u00a0nj\u00eb hero\u00a0 t\u00eb \u00a0guximsh\u00ebm dhe dinak \u00a0i mitologjis\u00eb greke, i cili , p\u00ebrve\u00e7 tjerash u d\u00ebnua nga per\u00ebndit\u00eb e etura p\u00ebr gjak- fli njer\u00ebzore,\u00a0 pasi \u00a0arrinte t\u2019i mashtronte n\u00eb k\u00ebt\u00eb pun\u00eb duke mos iu b\u00ebr\u00eb flin\u00eb e k\u00ebrkuar.<\/p>\n<p>Dhe ngjau \u00a0\u00a0p\u00ebr k\u00ebt\u00eb t\u00eb d\u00ebnohej nga per\u00ebndit\u00eb\u00a0 q\u00eb t\u00ebr\u00eb jet\u00ebn t\u00eb shtyr\u00eb \u00a0gur\u00eb \u00a0nga fundi i malit , p\u00ebr t\u2019i ngjitur \u00a0n\u00eb maje t\u00eb tij , pun\u00eb t\u00eb cil\u00ebn e b\u00ebnte kot, nga se\u00a0 \u00a0nuk arrinte ta b\u00ebnte- gur\u00ebt \u00a0dihet pak pa dal\u00eb n\u00eb maje , vazhdimisht i rrokulliseshin.<\/p>\n<p>Ky ashtu si edhe t\u00eb \u00a0gjith\u00eb kranjan\u00ebt tjer\u00eb ( nj\u00ebher\u00eb n\u00eb mote&#8230;), n\u00eb ve\u00e7anti\u00a0 ashtu si Harullah Koliqi\u00a0 dhe Hajrudin Muja ,\u00a0 gurin arrit\u00ebn ta \u00e7ojn\u00eb secili nga faqja e vet n\u00eb maj\u00eb t\u00eb Rumis\u00eb, dhe aty bashk\u00eb me kranjan\u00ebt e vet do hyn\u00eb n\u00eb maj\u00eb t\u00eb saj e \u00a0t\u00eb \u00a0\u00a0k\u00ebndojn\u00eb \u00a0tradicionalisht \u201cder sa jeta mos tu shueke..\u201d, k\u00ebng\u00ebn :O j Rumija bjeshk\u00eb e nalt\u00eb\u00a0 , ti u bash ma e nalt se je &#8230;?!!<\/p>\n<p>Guri q\u00eb duhej e mungonte si n\u00eb shenjt\u00ebrin\u00eb monoteiste \u00a0\u00a0u vendos n\u00eb maj\u00eb&#8230;.?! Per\u00ebndit\u00eb u mund\u00ebn&#8230;.?!!<\/p>\n<p>Ja \u00a0edhe nj\u00eb shembull i munges\u00ebs s\u00eb auti cenzur\u00ebs n\u00eb vep\u00ebr:<\/p>\n<p><a href=\"http:\/\/www.visit-ulcinj.com\/blog\/wp-content\/uploads\/2016\/12\/Dokument-Kovaci.jpg\"><img loading=\"lazy\" class=\"alignleft wp-image-101941\" src=\"http:\/\/www.visit-ulcinj.com\/blog\/wp-content\/uploads\/2016\/12\/Dokument-Kovaci.jpg\" alt=\"Dokument-Kovaci\" width=\"508\" height=\"705\" srcset=\"https:\/\/www.visit-ulcinj.com\/blog\/wp-content\/uploads\/2016\/12\/Dokument-Kovaci.jpg 568w, https:\/\/www.visit-ulcinj.com\/blog\/wp-content\/uploads\/2016\/12\/Dokument-Kovaci-216x300.jpg 216w\" sizes=\"(max-width: 508px) 100vw, 508px\" \/><\/a><\/p>\n","protected":false},"excerpt":{"rendered":"<p>Heqja e cenzur\u00ebs\u00a0 s\u00eb regjimit q\u00eb ekzistonte te shqiptar\u00ebt n\u00eb Mal T\u00eb Zi e v\u00ebn\u00eb nga sistemi i m\u00ebparsh\u00ebm , kuptohet se nuk do t\u00eb n\u00ebnkuptonte \u00a0vetvetiu edhe heqjen\u00a0 e auto cenzures dhe auto frik\u00ebs te krijuesit tan\u00eb rreth guximit p\u00ebr t\u00eb folur haptas e duke mos e maskuar t\u00eb v\u00ebrtet\u00ebn e hidhur q\u00eb ngjau [&hellip;]<\/p>\n","protected":false},"author":1,"featured_media":0,"comment_status":"closed","ping_status":"closed","sticky":false,"template":"","format":"standard","meta":{"spay_email":"","jetpack_publicize_message":"","jetpack_is_tweetstorm":false,"jetpack_publicize_feature_enabled":true},"categories":[14249],"tags":[],"jetpack_publicize_connections":[],"yoast_head":"<!-- This site is optimized with the Yoast SEO plugin v19.1 - https:\/\/yoast.com\/wordpress\/plugins\/seo\/ -->\n<title>Nika: Hajro Hajdari nuk e plagosi por e vrau frik\u00ebn te krijuesit shqiptar n\u00eb Mal t\u00eb Zi?! - Lajme nga Ulqini<\/title>\n<meta name=\"description\" content=\"Heqja e cenzur\u00ebs\u00a0 s\u00eb regjimit q\u00eb ekzistonte te shqiptar\u00ebt n\u00eb Mal T\u00eb Zi e v\u00ebn\u00eb nga sistemi i m\u00ebparsh\u00ebm , kuptohet se nuk do t\u00eb n\u00ebnkuptonte \u00a0vetvetiu edhe\" \/>\n<meta name=\"robots\" content=\"index, follow, max-snippet:-1, max-image-preview:large, max-video-preview:-1\" \/>\n<link rel=\"canonical\" href=\"https:\/\/www.visit-ulcinj.com\/blog\/2016\/12\/28\/nika-hajro-hajdari-nuk-e-plagosi-por-e-vrau-friken-te-krijuesit-shqiptar-ne-mal-te-zi\/\" \/>\n<meta property=\"og:locale\" content=\"en_US\" \/>\n<meta property=\"og:type\" content=\"article\" \/>\n<meta property=\"og:title\" content=\"Nika: Hajro Hajdari nuk e plagosi por e vrau frik\u00ebn te krijuesit shqiptar n\u00eb Mal t\u00eb Zi?! - Lajme nga Ulqini\" \/>\n<meta property=\"og:description\" content=\"Heqja e cenzur\u00ebs\u00a0 s\u00eb regjimit q\u00eb ekzistonte te shqiptar\u00ebt n\u00eb Mal T\u00eb Zi e v\u00ebn\u00eb nga sistemi i m\u00ebparsh\u00ebm , kuptohet se nuk do t\u00eb n\u00ebnkuptonte \u00a0vetvetiu edhe\" \/>\n<meta property=\"og:url\" content=\"https:\/\/www.visit-ulcinj.com\/blog\/2016\/12\/28\/nika-hajro-hajdari-nuk-e-plagosi-por-e-vrau-friken-te-krijuesit-shqiptar-ne-mal-te-zi\/\" \/>\n<meta property=\"og:site_name\" content=\"Lajme nga Ulqini\" \/>\n<meta property=\"article:published_time\" content=\"2016-12-28T14:26:52+00:00\" \/>\n<meta property=\"article:modified_time\" content=\"2016-12-28T14:27:58+00:00\" \/>\n<meta property=\"og:image\" content=\"http:\/\/www.visit-ulcinj.com\/blog\/wp-content\/uploads\/2016\/12\/Hajrulla-Hajdari-Ulqin.jpg\" \/>\n<meta name=\"twitter:label1\" content=\"Written by\" \/>\n\t<meta name=\"twitter:data1\" content=\"ulqini\" \/>\n\t<meta name=\"twitter:label2\" content=\"Est. reading time\" \/>\n\t<meta name=\"twitter:data2\" content=\"4 minutes\" \/>\n<script type=\"application\/ld+json\" class=\"yoast-schema-graph\">{\"@context\":\"https:\/\/schema.org\",\"@graph\":[{\"@type\":\"WebSite\",\"@id\":\"https:\/\/www.visit-ulcinj.com\/blog\/#website\",\"url\":\"https:\/\/www.visit-ulcinj.com\/blog\/\",\"name\":\"Lajme nga Ulqini\",\"description\":\"Lajme,Vijesti,Ulqini,Ulqin,Crna Gora,Mali i Zi\",\"potentialAction\":[{\"@type\":\"SearchAction\",\"target\":{\"@type\":\"EntryPoint\",\"urlTemplate\":\"https:\/\/www.visit-ulcinj.com\/blog\/?s={search_term_string}\"},\"query-input\":\"required name=search_term_string\"}],\"inLanguage\":\"en-US\"},{\"@type\":\"ImageObject\",\"inLanguage\":\"en-US\",\"@id\":\"https:\/\/www.visit-ulcinj.com\/blog\/2016\/12\/28\/nika-hajro-hajdari-nuk-e-plagosi-por-e-vrau-friken-te-krijuesit-shqiptar-ne-mal-te-zi\/#primaryimage\",\"url\":\"https:\/\/www.visit-ulcinj.com\/blog\/wp-content\/uploads\/2016\/12\/Hajrulla-Hajdari-Ulqin.jpg\",\"contentUrl\":\"https:\/\/www.visit-ulcinj.com\/blog\/wp-content\/uploads\/2016\/12\/Hajrulla-Hajdari-Ulqin.jpg\",\"width\":822,\"height\":664},{\"@type\":\"WebPage\",\"@id\":\"https:\/\/www.visit-ulcinj.com\/blog\/2016\/12\/28\/nika-hajro-hajdari-nuk-e-plagosi-por-e-vrau-friken-te-krijuesit-shqiptar-ne-mal-te-zi\/#webpage\",\"url\":\"https:\/\/www.visit-ulcinj.com\/blog\/2016\/12\/28\/nika-hajro-hajdari-nuk-e-plagosi-por-e-vrau-friken-te-krijuesit-shqiptar-ne-mal-te-zi\/\",\"name\":\"Nika: Hajro Hajdari nuk e plagosi por e vrau frik\u00ebn te krijuesit shqiptar n\u00eb Mal t\u00eb Zi?! - Lajme nga Ulqini\",\"isPartOf\":{\"@id\":\"https:\/\/www.visit-ulcinj.com\/blog\/#website\"},\"primaryImageOfPage\":{\"@id\":\"https:\/\/www.visit-ulcinj.com\/blog\/2016\/12\/28\/nika-hajro-hajdari-nuk-e-plagosi-por-e-vrau-friken-te-krijuesit-shqiptar-ne-mal-te-zi\/#primaryimage\"},\"datePublished\":\"2016-12-28T14:26:52+00:00\",\"dateModified\":\"2016-12-28T14:27:58+00:00\",\"author\":{\"@id\":\"https:\/\/www.visit-ulcinj.com\/blog\/#\/schema\/person\/dcab619c614d3038751c63bc2aadc06d\"},\"description\":\"Heqja e cenzur\u00ebs\u00a0 s\u00eb regjimit q\u00eb ekzistonte te shqiptar\u00ebt n\u00eb Mal T\u00eb Zi e v\u00ebn\u00eb nga sistemi i m\u00ebparsh\u00ebm , kuptohet se nuk do t\u00eb n\u00ebnkuptonte \u00a0vetvetiu edhe\",\"breadcrumb\":{\"@id\":\"https:\/\/www.visit-ulcinj.com\/blog\/2016\/12\/28\/nika-hajro-hajdari-nuk-e-plagosi-por-e-vrau-friken-te-krijuesit-shqiptar-ne-mal-te-zi\/#breadcrumb\"},\"inLanguage\":\"en-US\",\"potentialAction\":[{\"@type\":\"ReadAction\",\"target\":[\"https:\/\/www.visit-ulcinj.com\/blog\/2016\/12\/28\/nika-hajro-hajdari-nuk-e-plagosi-por-e-vrau-friken-te-krijuesit-shqiptar-ne-mal-te-zi\/\"]}]},{\"@type\":\"BreadcrumbList\",\"@id\":\"https:\/\/www.visit-ulcinj.com\/blog\/2016\/12\/28\/nika-hajro-hajdari-nuk-e-plagosi-por-e-vrau-friken-te-krijuesit-shqiptar-ne-mal-te-zi\/#breadcrumb\",\"itemListElement\":[{\"@type\":\"ListItem\",\"position\":1,\"name\":\"Nika: Hajro Hajdari nuk e plagosi por e vrau frik\u00ebn te krijuesit shqiptar n\u00eb Mal t\u00eb Zi?!\"}]},{\"@type\":\"Person\",\"@id\":\"https:\/\/www.visit-ulcinj.com\/blog\/#\/schema\/person\/dcab619c614d3038751c63bc2aadc06d\",\"name\":\"ulqini\",\"sameAs\":[\"http:\/\/www.visit-ulcinj.com\"],\"url\":\"https:\/\/www.visit-ulcinj.com\/blog\/author\/admin\/\"}]}<\/script>\n<!-- \/ Yoast SEO plugin. -->","yoast_head_json":{"title":"Nika: Hajro Hajdari nuk e plagosi por e vrau frik\u00ebn te krijuesit shqiptar n\u00eb Mal t\u00eb Zi?! - Lajme nga Ulqini","description":"Heqja e cenzur\u00ebs\u00a0 s\u00eb regjimit q\u00eb ekzistonte te shqiptar\u00ebt n\u00eb Mal T\u00eb Zi e v\u00ebn\u00eb nga sistemi i m\u00ebparsh\u00ebm , kuptohet se nuk do t\u00eb n\u00ebnkuptonte \u00a0vetvetiu edhe","robots":{"index":"index","follow":"follow","max-snippet":"max-snippet:-1","max-image-preview":"max-image-preview:large","max-video-preview":"max-video-preview:-1"},"canonical":"https:\/\/www.visit-ulcinj.com\/blog\/2016\/12\/28\/nika-hajro-hajdari-nuk-e-plagosi-por-e-vrau-friken-te-krijuesit-shqiptar-ne-mal-te-zi\/","og_locale":"en_US","og_type":"article","og_title":"Nika: Hajro Hajdari nuk e plagosi por e vrau frik\u00ebn te krijuesit shqiptar n\u00eb Mal t\u00eb Zi?! - Lajme nga Ulqini","og_description":"Heqja e cenzur\u00ebs\u00a0 s\u00eb regjimit q\u00eb ekzistonte te shqiptar\u00ebt n\u00eb Mal T\u00eb Zi e v\u00ebn\u00eb nga sistemi i m\u00ebparsh\u00ebm , kuptohet se nuk do t\u00eb n\u00ebnkuptonte \u00a0vetvetiu edhe","og_url":"https:\/\/www.visit-ulcinj.com\/blog\/2016\/12\/28\/nika-hajro-hajdari-nuk-e-plagosi-por-e-vrau-friken-te-krijuesit-shqiptar-ne-mal-te-zi\/","og_site_name":"Lajme nga Ulqini","article_published_time":"2016-12-28T14:26:52+00:00","article_modified_time":"2016-12-28T14:27:58+00:00","og_image":[{"url":"http:\/\/www.visit-ulcinj.com\/blog\/wp-content\/uploads\/2016\/12\/Hajrulla-Hajdari-Ulqin.jpg"}],"twitter_misc":{"Written by":"ulqini","Est. reading time":"4 minutes"},"schema":{"@context":"https:\/\/schema.org","@graph":[{"@type":"WebSite","@id":"https:\/\/www.visit-ulcinj.com\/blog\/#website","url":"https:\/\/www.visit-ulcinj.com\/blog\/","name":"Lajme nga Ulqini","description":"Lajme,Vijesti,Ulqini,Ulqin,Crna Gora,Mali i Zi","potentialAction":[{"@type":"SearchAction","target":{"@type":"EntryPoint","urlTemplate":"https:\/\/www.visit-ulcinj.com\/blog\/?s={search_term_string}"},"query-input":"required name=search_term_string"}],"inLanguage":"en-US"},{"@type":"ImageObject","inLanguage":"en-US","@id":"https:\/\/www.visit-ulcinj.com\/blog\/2016\/12\/28\/nika-hajro-hajdari-nuk-e-plagosi-por-e-vrau-friken-te-krijuesit-shqiptar-ne-mal-te-zi\/#primaryimage","url":"https:\/\/www.visit-ulcinj.com\/blog\/wp-content\/uploads\/2016\/12\/Hajrulla-Hajdari-Ulqin.jpg","contentUrl":"https:\/\/www.visit-ulcinj.com\/blog\/wp-content\/uploads\/2016\/12\/Hajrulla-Hajdari-Ulqin.jpg","width":822,"height":664},{"@type":"WebPage","@id":"https:\/\/www.visit-ulcinj.com\/blog\/2016\/12\/28\/nika-hajro-hajdari-nuk-e-plagosi-por-e-vrau-friken-te-krijuesit-shqiptar-ne-mal-te-zi\/#webpage","url":"https:\/\/www.visit-ulcinj.com\/blog\/2016\/12\/28\/nika-hajro-hajdari-nuk-e-plagosi-por-e-vrau-friken-te-krijuesit-shqiptar-ne-mal-te-zi\/","name":"Nika: Hajro Hajdari nuk e plagosi por e vrau frik\u00ebn te krijuesit shqiptar n\u00eb Mal t\u00eb Zi?! - Lajme nga Ulqini","isPartOf":{"@id":"https:\/\/www.visit-ulcinj.com\/blog\/#website"},"primaryImageOfPage":{"@id":"https:\/\/www.visit-ulcinj.com\/blog\/2016\/12\/28\/nika-hajro-hajdari-nuk-e-plagosi-por-e-vrau-friken-te-krijuesit-shqiptar-ne-mal-te-zi\/#primaryimage"},"datePublished":"2016-12-28T14:26:52+00:00","dateModified":"2016-12-28T14:27:58+00:00","author":{"@id":"https:\/\/www.visit-ulcinj.com\/blog\/#\/schema\/person\/dcab619c614d3038751c63bc2aadc06d"},"description":"Heqja e cenzur\u00ebs\u00a0 s\u00eb regjimit q\u00eb ekzistonte te shqiptar\u00ebt n\u00eb Mal T\u00eb Zi e v\u00ebn\u00eb nga sistemi i m\u00ebparsh\u00ebm , kuptohet se nuk do t\u00eb n\u00ebnkuptonte \u00a0vetvetiu edhe","breadcrumb":{"@id":"https:\/\/www.visit-ulcinj.com\/blog\/2016\/12\/28\/nika-hajro-hajdari-nuk-e-plagosi-por-e-vrau-friken-te-krijuesit-shqiptar-ne-mal-te-zi\/#breadcrumb"},"inLanguage":"en-US","potentialAction":[{"@type":"ReadAction","target":["https:\/\/www.visit-ulcinj.com\/blog\/2016\/12\/28\/nika-hajro-hajdari-nuk-e-plagosi-por-e-vrau-friken-te-krijuesit-shqiptar-ne-mal-te-zi\/"]}]},{"@type":"BreadcrumbList","@id":"https:\/\/www.visit-ulcinj.com\/blog\/2016\/12\/28\/nika-hajro-hajdari-nuk-e-plagosi-por-e-vrau-friken-te-krijuesit-shqiptar-ne-mal-te-zi\/#breadcrumb","itemListElement":[{"@type":"ListItem","position":1,"name":"Nika: Hajro Hajdari nuk e plagosi por e vrau frik\u00ebn te krijuesit shqiptar n\u00eb Mal t\u00eb Zi?!"}]},{"@type":"Person","@id":"https:\/\/www.visit-ulcinj.com\/blog\/#\/schema\/person\/dcab619c614d3038751c63bc2aadc06d","name":"ulqini","sameAs":["http:\/\/www.visit-ulcinj.com"],"url":"https:\/\/www.visit-ulcinj.com\/blog\/author\/admin\/"}]}},"jetpack_featured_media_url":"","jetpack_sharing_enabled":true,"jetpack_shortlink":"https:\/\/wp.me\/pe6lTn-qwc","_links":{"self":[{"href":"https:\/\/www.visit-ulcinj.com\/blog\/wp-json\/wp\/v2\/posts\/101940"}],"collection":[{"href":"https:\/\/www.visit-ulcinj.com\/blog\/wp-json\/wp\/v2\/posts"}],"about":[{"href":"https:\/\/www.visit-ulcinj.com\/blog\/wp-json\/wp\/v2\/types\/post"}],"author":[{"embeddable":true,"href":"https:\/\/www.visit-ulcinj.com\/blog\/wp-json\/wp\/v2\/users\/1"}],"replies":[{"embeddable":true,"href":"https:\/\/www.visit-ulcinj.com\/blog\/wp-json\/wp\/v2\/comments?post=101940"}],"version-history":[{"count":2,"href":"https:\/\/www.visit-ulcinj.com\/blog\/wp-json\/wp\/v2\/posts\/101940\/revisions"}],"predecessor-version":[{"id":101944,"href":"https:\/\/www.visit-ulcinj.com\/blog\/wp-json\/wp\/v2\/posts\/101940\/revisions\/101944"}],"wp:attachment":[{"href":"https:\/\/www.visit-ulcinj.com\/blog\/wp-json\/wp\/v2\/media?parent=101940"}],"wp:term":[{"taxonomy":"category","embeddable":true,"href":"https:\/\/www.visit-ulcinj.com\/blog\/wp-json\/wp\/v2\/categories?post=101940"},{"taxonomy":"post_tag","embeddable":true,"href":"https:\/\/www.visit-ulcinj.com\/blog\/wp-json\/wp\/v2\/tags?post=101940"}],"curies":[{"name":"wp","href":"https:\/\/api.w.org\/{rel}","templated":true}]}}