{"id":10195,"date":"2009-02-01T11:07:11","date_gmt":"2009-02-01T10:07:11","guid":{"rendered":"http:\/\/www.visit-ulcinj.com\/blog\/?p=10195"},"modified":"2009-02-01T11:07:16","modified_gmt":"2009-02-01T10:07:16","slug":"nevoja-e-nje-zevendes-ombudsmani-shqiptar-ne-mal-te-zi","status":"publish","type":"post","link":"https:\/\/www.visit-ulcinj.com\/blog\/2009\/02\/01\/nevoja-e-nje-zevendes-ombudsmani-shqiptar-ne-mal-te-zi\/","title":{"rendered":"Nevoja e nj\u00eb z\u00ebvend\u00ebs Ombudsmani shqiptar n\u00eb Mal t\u00eb Zi"},"content":{"rendered":"<p><a rel=\"attachment wp-att-10196\" href=\"http:\/\/www.visit-ulcinj.com\/blog\/2009\/02\/01\/nevoja-e-nje-zevendes-ombudsmani-shqiptar-ne-mal-te-zi\/ombudsman_montenegro\/\"><img loading=\"lazy\" class=\"alignleft size-full wp-image-10196\" title=\"ombudsman_montenegro\" src=\"http:\/\/www.visit-ulcinj.com\/blog\/wp-content\/uploads\/2009\/02\/ombudsman_montenegro.png\" alt=\"ombudsman_montenegro\" width=\"275\" height=\"360\" \/><\/a>Zyra e Ombudsmanit u ka d\u00ebrguar Rekomandim organeve t\u00eb administrat\u00ebs shtet\u00ebrore dhe lokale n\u00eb Mal t\u00eb Zi, q\u00eb t\u00eb nd\u00ebrmarrin masa t\u00eb duhura p\u00ebr respektimi e p\u00ebrfaq\u00ebsimit proporcional t\u00eb pakicave n\u00eb pajtim me karakterin e detyrsh\u00ebm t\u00eb e p\u00ebrcaktuar me dispozitat e legjislacionit komb\u00ebtar dhe me obligimet nd\u00ebrkomb\u00ebtare n\u00eb fush\u00ebn e mbrojtjes s\u00eb pakicave komb\u00ebtare dhe t\u00eb drejtave t\u00eb njeriut.<br \/>\nN\u00eb dhjetor t\u00eb vitit 2008, Zyra e Omdudsmanit t\u00eb Malit t\u00eb Zi, i d\u00ebrgoj Rekomandimin organeve shtet\u00ebrore, organeve t\u00eb vet\u00ebqeverisjeve lokale dhe sh\u00ebrbimeve publike p\u00ebr zbatimin konsekuent t\u00eb p\u00ebrfaq\u00ebsimit proporcional t\u00eb popujve pakic\u00eb dhe t\u00eb bashk\u00ebsive t\u00eb tjera t\u00eb pakicave nacionale pakic\u00eb n\u00eb t\u00eb gjitha institucionet e sistemit politiko-juridik n\u00eb Mal t\u00eb Zi, respektivisht t\u00eb implementimit t\u00eb dispozitave t\u00eb t\u00eb drejtave nd\u00ebrkomb\u00ebtare, si dhe t\u00eb atyre t\u00eb legjislacionit komb\u00ebtar t\u00eb Malit t\u00eb Zi n\u00eb k\u00ebt\u00eb fush\u00eb t\u00eb r\u00ebnd\u00ebsishme t\u00eb realizimit t\u00eb t\u00eb drejtave t\u00eb njeriut.<br \/>\nZyra e Ombudsmanit me iniciativ\u00eb vetjake ka nisur procedur\u00ebn e shqyrtimit, ka b\u00ebr\u00eb hulumtime empirike e teorike, juridiko-politike mbi k\u00ebt\u00eb segment t\u00eb r\u00ebnd\u00ebsish\u00ebm t\u00eb send\u00ebrtimit t\u00eb t\u00eb drejtave t\u00eb pakicave.<br \/>\nN\u00eb pun\u00ebn e vet n\u00eb k\u00ebt\u00eb drejtim, ajo ka hasur dhe n\u00eb v\u00ebshtir\u00ebsi e n\u00eb keqkuptim tek disa organe t\u00eb administrat\u00ebs shtet\u00ebrore dhe te disa organe t\u00eb vet\u00ebqeverisjeve lokale.<br \/>\nMir\u00ebpo, Zyra e Ombudsmanit n\u00eb pun\u00ebn e vet hulumtuese mbi struktur\u00ebn nacionale t\u00eb organeve shtet\u00ebrore dhe t\u00eb administrat\u00ebs lokale n\u00eb shum\u00eb raste ka qen\u00eb k\u00ebmb\u00ebngul\u00ebse edhe me mosmarrjen e p\u00ebrgjigjeve n\u00eb k\u00ebrkesat e para , i ka p\u00ebrs\u00ebritur k\u00ebrkesat, respektivisht n\u00eb disa raste ka d\u00ebrguar urgjenc\u00eb me shkrim p\u00ebr t\u00eb fituar t\u00eb dh\u00ebnat e k\u00ebrkuara.<br \/>\nKjo d\u00ebshmon se vendi yn\u00eb akoma gjendet n\u00eb nj\u00eb faz\u00eb t\u00eb tranzicionit, t\u00eb reformave t\u00eb p\u00ebrgjithshme t\u00eb demokratizimit t\u00eb shoq\u00ebroris\u00eb, e n\u00eb ve\u00e7anti t\u00eb formimit t\u00eb vet\u00ebdijes dhe kultur\u00ebs demokratike politiko-juridike, dmth. shoq\u00ebria n\u00eb Mal t\u00eb Zi ende \u00ebsht\u00eb n\u00eb nj\u00eb faz\u00eb t\u00eb luft\u00ebs, midis demokracis\u00eb dhe burokracis\u00eb, midis bot\u00ebkuptimeve anarkike farefisnore dhe konceptit t\u00eb ri t\u00eb shoq\u00ebris\u00eb bashk\u00ebkohore civile, multietnike dhe multikulturale. Shoq\u00ebria n\u00eb Mal t\u00eb Zi ende nuk \u00ebsht\u00eb e liruar, as nga paragjykimet dhe stereotipet nacionale, as nga dukuria dhe nj\u00ebmend\u00ebsia etnocentriste, \u00e7ka reflektohen negativisht n\u00eb nd\u00ebrtimin e nj\u00eb shoq\u00ebrie t\u00eb re mbi baza t\u00eb sh\u00ebndosha t\u00eb demokracis\u00eb moderne dhe bashk\u00ebkohore.<br \/>\nT\u00eb dh\u00ebnat e fituara statistikore nga nj\u00eb num\u00ebr i organeve shtet\u00ebrore dhe nga nj\u00eb num\u00ebr i organeve t\u00eb administrat\u00ebs lokale tregojn\u00eb p\u00ebr p\u00ebrfaq\u00ebsimin proporcional joadekuat t\u00eb pakicave etnonacionale, ve\u00e7enarisht t\u00eb shqiptar\u00ebve n\u00eb institucionet e sistemit politik.<br \/>\nMu p\u00ebr k\u00ebt\u00eb arsye, Zyra e Ombudsmanit u ka d\u00ebrguar Rekomandim organeve t\u00eb administrat\u00ebs shtet\u00ebrore dhe lokale n\u00eb Mal t\u00eb Zi, q\u00eb t\u00eb nd\u00ebrmarrin masa t\u00eb duhura p\u00ebr respektimi e p\u00ebrfaq\u00ebsimit proporcional t\u00eb pakicave n\u00eb pajtim me karakterin e detyrsh\u00ebm t\u00eb e p\u00ebrcaktuar me dispozitat e legjislacionit komb\u00ebtar dhe me obligimet nd\u00ebrkomb\u00ebtare n\u00eb fush\u00ebn e mbrojtjes s\u00eb pakicave komb\u00ebtare dhe t\u00eb drejtave t\u00eb njeriut.<br \/>\nOrganet e lartp\u00ebrmendura jan\u00eb t\u00eb detyrueshme q\u00eb pas nj\u00eb afati prej gjasht\u00eb muajsh, q\u00eb nga dita e pranimit t\u00eb rekomandimit, t` ia dor\u00ebzojn\u00eb raportin Zyr\u00ebs s\u00eb Ombudsmanit mbi nd\u00ebrmarrjen e aktiviteteve dhe masave n\u00eb zbatimin e rekomandimit n\u00eb fjal\u00eb.<br \/>\nZyra e Ombudsmanit \u00ebsht\u00eb marr\u00eb dhe m\u00eb par\u00eb me p\u00ebrfaq\u00ebsimin proporcional t\u00eb pakicave etnonacionale n\u00eb sistemin politik t\u00eb Malit t\u00eb Zi. Ajo n\u00ebp\u00ebrmjet raportit vjetor t\u00eb pun\u00ebs n\u00eb vitin 2006. d\u00ebrguar Kuvendit t\u00eb Malit t\u00eb Zi u ka b\u00ebr\u00eb nj\u00eb rekomandim t\u00eb p\u00ebrgjithsh\u00ebm organeve shtet\u00ebrore dhe organeve t\u00eb vet\u00ebqeverisjeve lokale n\u00eb Mal t\u00eb Zi mbi p\u00ebrfaq\u00ebsimin proporcional t\u00eb pakicave, ku nd\u00ebr t\u00eb tjera thuhet: &#8220;Mbrojt\u00ebsi i t\u00eb Drejtave dhe Lirive t\u00eb Njeriut e konsideron t\u00eb domosdoshme q\u00eb organet shtet\u00ebrore dhe organet e vet\u00ebqeverisjes lokale t\u00eb krijojn\u00eb kushte, presupozime dhe mekanizma p\u00ebr p\u00ebrfaq\u00ebsimin adekuat t\u00eb pjes\u00ebtar\u00ebve t\u00eb pakicave n\u00eb institucionet e sistemit, n\u00eb m\u00ebnyr\u00eb q\u00eb askush t\u00eb mos ndjej\u00eb presion nga ai q\u00eb \u00ebsht\u00eb m\u00eb i madh dhe m\u00eb i fort\u00eb, por \u00e7dokush duhet ta ndjej\u00eb vetin t\u00eb barabart\u00eb dhe t\u00eb lir\u00eb. Sepse, si\u00e7 do t\u00eb thoshte Gandi: &#8220;Qytet\u00ebrimi yn\u00eb do t`\u00eb gjykohet sipas asaj se \u00e7far\u00eb trajtimi u ofron pakicave&#8221;.<br \/>\nM\u00eb tutje, po n\u00ebnvizojm\u00eb rastin e rekomandimit t\u00eb Zyr\u00ebs s\u00eb Ombudsmanit n\u00eb dhjetor t\u00eb vitit 2005.d\u00ebrguar Komun\u00ebs s\u00eb Podgoric\u00ebs dhe Komun\u00ebs s\u00eb Ulqinit q\u00eb sh\u00ebrbimet publike q\u00eb merren me regjistrimin e emrave n\u00eb librat e amz\u00ebs dhe l\u00ebshojn\u00eb dokumente publike t\u00eb organizohen n\u00eb m\u00ebnyr\u00eb m\u00eb adekuate p\u00ebr t\u00eb ndaluar regjistrimin e m\u00ebtejsh\u00ebm t\u00eb gabuar t\u00eb emrave t\u00eb pjes\u00ebtar\u00ebve t\u00eb komunitetit shqiptar, si dhe qytetar\u00ebve t\u00eb interesuar t\u00eb nacionalitetit shqiptar\u00eb t`u mund\u00ebsohet ndreqja e t\u00eb dh\u00ebnave jo t\u00eb sakta mbi emrin personal n\u00eb librat e amz\u00eb dhe n\u00eb l\u00ebshimin e dokumenteve publike.<br \/>\nRekomandimi i \u00ebsht\u00eb d\u00ebrguar dhe Ministris\u00eb s\u00eb Pun\u00ebve t\u00eb Brendshme, q\u00eb, n\u00eb pajtim me kompetencat e veta, me ndryshimet dhe plot\u00ebsimet e Fletudhzimeve p\u00ebr administrimin e librave t\u00eb amz\u00ebs dhe l\u00ebshimin e certifikatave e v\u00ebrtetimeve n\u00eb baz\u00eb t\u00eb librave t\u00eb till\u00eb ose me akte t\u00eb tjera n\u00ebnligjore, t\u00eb parashikoj\u00eb zgjidhjet normative me t\u00eb cilat qytetar\u00ebve t\u00eb komunitetit shqiptar n\u00eb Mal t\u00eb Zi u mund\u00ebsohet g\u00ebzimi i plot\u00eb dhe adekuat i s\u00eb drejt\u00ebs p\u00ebr regjistrimin e emrit personal n\u00eb librat e amz\u00ebs dhe p\u00ebr l\u00ebshimin e dokumenteve t\u00eb tjera publike n\u00eb gjuh\u00ebn dhe shkrimin shqip n\u00eb pajtim me normat nd\u00ebrkomb\u00ebtare.<br \/>\nPo ashtu, Zyra e Ombudsmanit i ka d\u00ebrguar rekomandim dhe Ministris\u00eb p\u00ebr Mbrojtjen e t\u00eb Drejtave t\u00eb Njeriut dhe t\u00eb Pakicave q\u00eb n\u00eb Pjojektligj p\u00ebr pakicat t\u00eb parashikohet nj\u00eb zgjidhje p\u00ebrkat\u00ebse n\u00eb lidhje me regjistrimin e emrave t\u00eb pjes\u00ebtar\u00ebve t\u00eb grupeve nacionale, etnike respektivisht t\u00eb pakicave gjuh\u00ebsore n\u00eb librat e amz\u00ebs dhe n\u00eb dokumentet e tjera publike dhe n\u00eb evidencat zyrtare n\u00eb gjuh\u00ebn dhe shkrimin e vet.<br \/>\nN\u00eb periudh\u00ebn e deritashme, Zyra e Ombudsmanit \u00ebsht\u00eb marr\u00eb me ankesa t\u00eb ndryshme t\u00eb cilat kan\u00eb t\u00eb b\u00ebjn\u00eb me cenimet e t\u00eb drejtave individuale dhe kolektive t\u00eb pakicave, si p\u00ebr shembull, arrestimi i shqiptar\u00ebve nga Mal\u00ebsia n\u00eb aksionin e ashtuquajtur &#8220;Fluturimi i shqiponj\u00ebs&#8221;, ngjarjet e Bukovic\u00ebs, Husajt e Rozhajes, deportimi i refugjat\u00ebve t\u00eb Bosnj\u00ebs nga Mali i Zi, etj. kuptohet n\u00eb kuad\u00ebr t\u00eb autorizimeve dhe kompetencave t\u00eb veta ligjore.<br \/>\nNatyrisht se aktiviteti n\u00eb lidhje me problemet e shqiptar\u00ebve pran\u00eb Zyr\u00ebs s\u00eb Omdudsmanit do t\u00eb ishte m\u00eb i madh, sikurse Zyra do t\u00eb kishte ndonj\u00eb z\u00ebvend\u00ebs shqiptar t\u00eb Ombudsmanit, meq\u00eb Z\u00ebvend\u00ebsit zgjedhen n\u00eb Kuvendin e Malit t\u00eb Zi , dhe autorizimet dhe kompetencat e tyre jan\u00eb shum\u00eb m\u00eb t\u00eb m\u00ebdha sesa t\u00eb k\u00ebshilltar\u00ebve. Tani Ombudsmani ka dy z\u00ebved\u00ebs dhe n\u00eb procedur\u00ebn e Parlamentit t\u00eb Malit t\u00eb Zi ka hyr\u00eb edhe propozimi i kandidatit p\u00ebr zgjedhjen e z\u00ebvend\u00ebsit t\u00eb tret\u00eb t\u00eb Ombudsmanit, dhe t\u00eb gjith\u00eb i p\u00ebkasin shumic\u00ebs etnike, \u00e7ka \u00ebsht\u00eb n\u00eb disfavor t\u00eb artikulimit t\u00eb interesave t\u00eb shqiptar\u00ebve n\u00eb Mal t\u00eb Zi.<br \/>\nSi variant tjet\u00ebr, do t\u00eb ishte k\u00ebrkesa p\u00ebr formimin e Ombudsmanit t\u00eb ve\u00e7ant\u00eb p\u00ebr pakicat komb\u00ebtare n\u00eb Mal t\u00eb Zi. Roli i Ombudsmanit t\u00eb ve\u00e7ant\u00eb p\u00ebr pakica komb\u00ebtare n\u00eb shtetet multietnike ka nj\u00eb r\u00ebnd\u00ebsi t\u00eb madhe p\u00ebr realizimin konsekuent t\u00eb drejtave t\u00eb pakicave. Ombudsmani k\u00ebtu paraqitet dhe si instrument n\u00eb luft\u00ebn kund\u00ebr diskriminimit negativ t\u00eb pakicave komb\u00ebtare. N\u00eb disa shtete multietnike jan\u00eb formuar ombudsman\u00ebt e pakicave p\u00ebr mbrojtjen e pjes\u00ebtar\u00ebve t\u00eb pakicave etnike dhe nacionale, si p\u00ebr, shembull, n\u00eb Suedi, Finland\u00eb, Hungari etj.<\/p>\n<p><strong>(Autori \u00ebsht\u00eb k\u00ebshilltar i Ombudsmanit t\u00eb Malit t\u00eb Zi)<\/strong><\/p>\n<p><strong>Nik\u00eb Gashaj<br \/>\nKoha Javore<\/strong><\/p>\n","protected":false},"excerpt":{"rendered":"<p>Zyra e Ombudsmanit u ka d\u00ebrguar Rekomandim organeve t\u00eb administrat\u00ebs shtet\u00ebrore dhe lokale n\u00eb Mal t\u00eb Zi, q\u00eb t\u00eb nd\u00ebrmarrin masa t\u00eb duhura p\u00ebr respektimi e p\u00ebrfaq\u00ebsimit proporcional t\u00eb pakicave n\u00eb pajtim me karakterin e detyrsh\u00ebm t\u00eb e p\u00ebrcaktuar me dispozitat e legjislacionit komb\u00ebtar dhe me obligimet nd\u00ebrkomb\u00ebtare n\u00eb fush\u00ebn e mbrojtjes s\u00eb pakicave komb\u00ebtare [&hellip;]<\/p>\n","protected":false},"author":1,"featured_media":0,"comment_status":"open","ping_status":"closed","sticky":false,"template":"","format":"standard","meta":{"spay_email":"","jetpack_publicize_message":"","jetpack_is_tweetstorm":false,"jetpack_publicize_feature_enabled":true},"categories":[11],"tags":[6291,6292,6290,6289],"jetpack_publicize_connections":[],"yoast_head":"<!-- This site is optimized with the Yoast SEO plugin v19.1 - https:\/\/yoast.com\/wordpress\/plugins\/seo\/ -->\n<title>Nevoja e nj\u00eb z\u00ebvend\u00ebs Ombudsmani shqiptar n\u00eb Mal t\u00eb Zi - Lajme nga Ulqini<\/title>\n<meta name=\"description\" content=\"Zyra e Ombudsmanit u ka d\u00ebrguar Rekomandim organeve t\u00eb administrat\u00ebs shtet\u00ebrore dhe lokale n\u00eb Mal t\u00eb Zi, q\u00eb t\u00eb nd\u00ebrmarrin masa t\u00eb duhura p\u00ebr respektimi e\" \/>\n<meta name=\"robots\" content=\"index, follow, max-snippet:-1, max-image-preview:large, max-video-preview:-1\" \/>\n<link rel=\"canonical\" href=\"https:\/\/www.visit-ulcinj.com\/blog\/2009\/02\/01\/nevoja-e-nje-zevendes-ombudsmani-shqiptar-ne-mal-te-zi\/\" \/>\n<meta property=\"og:locale\" content=\"en_US\" \/>\n<meta property=\"og:type\" content=\"article\" \/>\n<meta property=\"og:title\" content=\"Nevoja e nj\u00eb z\u00ebvend\u00ebs Ombudsmani shqiptar n\u00eb Mal t\u00eb Zi - Lajme nga Ulqini\" \/>\n<meta property=\"og:description\" content=\"Zyra e Ombudsmanit u ka d\u00ebrguar Rekomandim organeve t\u00eb administrat\u00ebs shtet\u00ebrore dhe lokale n\u00eb Mal t\u00eb Zi, q\u00eb t\u00eb nd\u00ebrmarrin masa t\u00eb duhura p\u00ebr respektimi e\" \/>\n<meta property=\"og:url\" content=\"https:\/\/www.visit-ulcinj.com\/blog\/2009\/02\/01\/nevoja-e-nje-zevendes-ombudsmani-shqiptar-ne-mal-te-zi\/\" \/>\n<meta property=\"og:site_name\" content=\"Lajme nga Ulqini\" \/>\n<meta property=\"article:published_time\" content=\"2009-02-01T10:07:11+00:00\" \/>\n<meta property=\"article:modified_time\" content=\"2009-02-01T10:07:16+00:00\" \/>\n<meta property=\"og:image\" content=\"http:\/\/www.visit-ulcinj.com\/blog\/wp-content\/uploads\/2009\/02\/ombudsman_montenegro.png\" \/>\n<meta name=\"twitter:label1\" content=\"Written by\" \/>\n\t<meta name=\"twitter:data1\" content=\"ulqini\" \/>\n\t<meta name=\"twitter:label2\" content=\"Est. reading time\" \/>\n\t<meta name=\"twitter:data2\" content=\"7 minutes\" \/>\n<script type=\"application\/ld+json\" class=\"yoast-schema-graph\">{\"@context\":\"https:\/\/schema.org\",\"@graph\":[{\"@type\":\"WebSite\",\"@id\":\"https:\/\/www.visit-ulcinj.com\/blog\/#website\",\"url\":\"https:\/\/www.visit-ulcinj.com\/blog\/\",\"name\":\"Lajme nga Ulqini\",\"description\":\"Lajme,Vijesti,Ulqini,Ulqin,Crna Gora,Mali i Zi\",\"potentialAction\":[{\"@type\":\"SearchAction\",\"target\":{\"@type\":\"EntryPoint\",\"urlTemplate\":\"https:\/\/www.visit-ulcinj.com\/blog\/?s={search_term_string}\"},\"query-input\":\"required name=search_term_string\"}],\"inLanguage\":\"en-US\"},{\"@type\":\"ImageObject\",\"inLanguage\":\"en-US\",\"@id\":\"https:\/\/www.visit-ulcinj.com\/blog\/2009\/02\/01\/nevoja-e-nje-zevendes-ombudsmani-shqiptar-ne-mal-te-zi\/#primaryimage\",\"url\":\"http:\/\/www.visit-ulcinj.com\/blog\/wp-content\/uploads\/2009\/02\/ombudsman_montenegro.png\",\"contentUrl\":\"http:\/\/www.visit-ulcinj.com\/blog\/wp-content\/uploads\/2009\/02\/ombudsman_montenegro.png\"},{\"@type\":\"WebPage\",\"@id\":\"https:\/\/www.visit-ulcinj.com\/blog\/2009\/02\/01\/nevoja-e-nje-zevendes-ombudsmani-shqiptar-ne-mal-te-zi\/#webpage\",\"url\":\"https:\/\/www.visit-ulcinj.com\/blog\/2009\/02\/01\/nevoja-e-nje-zevendes-ombudsmani-shqiptar-ne-mal-te-zi\/\",\"name\":\"Nevoja e nj\u00eb z\u00ebvend\u00ebs Ombudsmani shqiptar n\u00eb Mal t\u00eb Zi - Lajme nga Ulqini\",\"isPartOf\":{\"@id\":\"https:\/\/www.visit-ulcinj.com\/blog\/#website\"},\"primaryImageOfPage\":{\"@id\":\"https:\/\/www.visit-ulcinj.com\/blog\/2009\/02\/01\/nevoja-e-nje-zevendes-ombudsmani-shqiptar-ne-mal-te-zi\/#primaryimage\"},\"datePublished\":\"2009-02-01T10:07:11+00:00\",\"dateModified\":\"2009-02-01T10:07:16+00:00\",\"author\":{\"@id\":\"https:\/\/www.visit-ulcinj.com\/blog\/#\/schema\/person\/dcab619c614d3038751c63bc2aadc06d\"},\"description\":\"Zyra e Ombudsmanit u ka d\u00ebrguar Rekomandim organeve t\u00eb administrat\u00ebs shtet\u00ebrore dhe lokale n\u00eb Mal t\u00eb Zi, q\u00eb t\u00eb nd\u00ebrmarrin masa t\u00eb duhura p\u00ebr respektimi e\",\"breadcrumb\":{\"@id\":\"https:\/\/www.visit-ulcinj.com\/blog\/2009\/02\/01\/nevoja-e-nje-zevendes-ombudsmani-shqiptar-ne-mal-te-zi\/#breadcrumb\"},\"inLanguage\":\"en-US\",\"potentialAction\":[{\"@type\":\"ReadAction\",\"target\":[\"https:\/\/www.visit-ulcinj.com\/blog\/2009\/02\/01\/nevoja-e-nje-zevendes-ombudsmani-shqiptar-ne-mal-te-zi\/\"]}]},{\"@type\":\"BreadcrumbList\",\"@id\":\"https:\/\/www.visit-ulcinj.com\/blog\/2009\/02\/01\/nevoja-e-nje-zevendes-ombudsmani-shqiptar-ne-mal-te-zi\/#breadcrumb\",\"itemListElement\":[{\"@type\":\"ListItem\",\"position\":1,\"name\":\"Nevoja e nj\u00eb z\u00ebvend\u00ebs Ombudsmani shqiptar n\u00eb Mal t\u00eb Zi\"}]},{\"@type\":\"Person\",\"@id\":\"https:\/\/www.visit-ulcinj.com\/blog\/#\/schema\/person\/dcab619c614d3038751c63bc2aadc06d\",\"name\":\"ulqini\",\"sameAs\":[\"http:\/\/www.visit-ulcinj.com\"],\"url\":\"https:\/\/www.visit-ulcinj.com\/blog\/author\/admin\/\"}]}<\/script>\n<!-- \/ Yoast SEO plugin. -->","yoast_head_json":{"title":"Nevoja e nj\u00eb z\u00ebvend\u00ebs Ombudsmani shqiptar n\u00eb Mal t\u00eb Zi - Lajme nga Ulqini","description":"Zyra e Ombudsmanit u ka d\u00ebrguar Rekomandim organeve t\u00eb administrat\u00ebs shtet\u00ebrore dhe lokale n\u00eb Mal t\u00eb Zi, q\u00eb t\u00eb nd\u00ebrmarrin masa t\u00eb duhura p\u00ebr respektimi e","robots":{"index":"index","follow":"follow","max-snippet":"max-snippet:-1","max-image-preview":"max-image-preview:large","max-video-preview":"max-video-preview:-1"},"canonical":"https:\/\/www.visit-ulcinj.com\/blog\/2009\/02\/01\/nevoja-e-nje-zevendes-ombudsmani-shqiptar-ne-mal-te-zi\/","og_locale":"en_US","og_type":"article","og_title":"Nevoja e nj\u00eb z\u00ebvend\u00ebs Ombudsmani shqiptar n\u00eb Mal t\u00eb Zi - Lajme nga Ulqini","og_description":"Zyra e Ombudsmanit u ka d\u00ebrguar Rekomandim organeve t\u00eb administrat\u00ebs shtet\u00ebrore dhe lokale n\u00eb Mal t\u00eb Zi, q\u00eb t\u00eb nd\u00ebrmarrin masa t\u00eb duhura p\u00ebr respektimi e","og_url":"https:\/\/www.visit-ulcinj.com\/blog\/2009\/02\/01\/nevoja-e-nje-zevendes-ombudsmani-shqiptar-ne-mal-te-zi\/","og_site_name":"Lajme nga Ulqini","article_published_time":"2009-02-01T10:07:11+00:00","article_modified_time":"2009-02-01T10:07:16+00:00","og_image":[{"url":"http:\/\/www.visit-ulcinj.com\/blog\/wp-content\/uploads\/2009\/02\/ombudsman_montenegro.png"}],"twitter_misc":{"Written by":"ulqini","Est. reading time":"7 minutes"},"schema":{"@context":"https:\/\/schema.org","@graph":[{"@type":"WebSite","@id":"https:\/\/www.visit-ulcinj.com\/blog\/#website","url":"https:\/\/www.visit-ulcinj.com\/blog\/","name":"Lajme nga Ulqini","description":"Lajme,Vijesti,Ulqini,Ulqin,Crna Gora,Mali i Zi","potentialAction":[{"@type":"SearchAction","target":{"@type":"EntryPoint","urlTemplate":"https:\/\/www.visit-ulcinj.com\/blog\/?s={search_term_string}"},"query-input":"required name=search_term_string"}],"inLanguage":"en-US"},{"@type":"ImageObject","inLanguage":"en-US","@id":"https:\/\/www.visit-ulcinj.com\/blog\/2009\/02\/01\/nevoja-e-nje-zevendes-ombudsmani-shqiptar-ne-mal-te-zi\/#primaryimage","url":"http:\/\/www.visit-ulcinj.com\/blog\/wp-content\/uploads\/2009\/02\/ombudsman_montenegro.png","contentUrl":"http:\/\/www.visit-ulcinj.com\/blog\/wp-content\/uploads\/2009\/02\/ombudsman_montenegro.png"},{"@type":"WebPage","@id":"https:\/\/www.visit-ulcinj.com\/blog\/2009\/02\/01\/nevoja-e-nje-zevendes-ombudsmani-shqiptar-ne-mal-te-zi\/#webpage","url":"https:\/\/www.visit-ulcinj.com\/blog\/2009\/02\/01\/nevoja-e-nje-zevendes-ombudsmani-shqiptar-ne-mal-te-zi\/","name":"Nevoja e nj\u00eb z\u00ebvend\u00ebs Ombudsmani shqiptar n\u00eb Mal t\u00eb Zi - Lajme nga Ulqini","isPartOf":{"@id":"https:\/\/www.visit-ulcinj.com\/blog\/#website"},"primaryImageOfPage":{"@id":"https:\/\/www.visit-ulcinj.com\/blog\/2009\/02\/01\/nevoja-e-nje-zevendes-ombudsmani-shqiptar-ne-mal-te-zi\/#primaryimage"},"datePublished":"2009-02-01T10:07:11+00:00","dateModified":"2009-02-01T10:07:16+00:00","author":{"@id":"https:\/\/www.visit-ulcinj.com\/blog\/#\/schema\/person\/dcab619c614d3038751c63bc2aadc06d"},"description":"Zyra e Ombudsmanit u ka d\u00ebrguar Rekomandim organeve t\u00eb administrat\u00ebs shtet\u00ebrore dhe lokale n\u00eb Mal t\u00eb Zi, q\u00eb t\u00eb nd\u00ebrmarrin masa t\u00eb duhura p\u00ebr respektimi e","breadcrumb":{"@id":"https:\/\/www.visit-ulcinj.com\/blog\/2009\/02\/01\/nevoja-e-nje-zevendes-ombudsmani-shqiptar-ne-mal-te-zi\/#breadcrumb"},"inLanguage":"en-US","potentialAction":[{"@type":"ReadAction","target":["https:\/\/www.visit-ulcinj.com\/blog\/2009\/02\/01\/nevoja-e-nje-zevendes-ombudsmani-shqiptar-ne-mal-te-zi\/"]}]},{"@type":"BreadcrumbList","@id":"https:\/\/www.visit-ulcinj.com\/blog\/2009\/02\/01\/nevoja-e-nje-zevendes-ombudsmani-shqiptar-ne-mal-te-zi\/#breadcrumb","itemListElement":[{"@type":"ListItem","position":1,"name":"Nevoja e nj\u00eb z\u00ebvend\u00ebs Ombudsmani shqiptar n\u00eb Mal t\u00eb Zi"}]},{"@type":"Person","@id":"https:\/\/www.visit-ulcinj.com\/blog\/#\/schema\/person\/dcab619c614d3038751c63bc2aadc06d","name":"ulqini","sameAs":["http:\/\/www.visit-ulcinj.com"],"url":"https:\/\/www.visit-ulcinj.com\/blog\/author\/admin\/"}]}},"jetpack_featured_media_url":"","jetpack_sharing_enabled":true,"jetpack_shortlink":"https:\/\/wp.me\/pe6lTn-2Er","_links":{"self":[{"href":"https:\/\/www.visit-ulcinj.com\/blog\/wp-json\/wp\/v2\/posts\/10195"}],"collection":[{"href":"https:\/\/www.visit-ulcinj.com\/blog\/wp-json\/wp\/v2\/posts"}],"about":[{"href":"https:\/\/www.visit-ulcinj.com\/blog\/wp-json\/wp\/v2\/types\/post"}],"author":[{"embeddable":true,"href":"https:\/\/www.visit-ulcinj.com\/blog\/wp-json\/wp\/v2\/users\/1"}],"replies":[{"embeddable":true,"href":"https:\/\/www.visit-ulcinj.com\/blog\/wp-json\/wp\/v2\/comments?post=10195"}],"version-history":[{"count":0,"href":"https:\/\/www.visit-ulcinj.com\/blog\/wp-json\/wp\/v2\/posts\/10195\/revisions"}],"wp:attachment":[{"href":"https:\/\/www.visit-ulcinj.com\/blog\/wp-json\/wp\/v2\/media?parent=10195"}],"wp:term":[{"taxonomy":"category","embeddable":true,"href":"https:\/\/www.visit-ulcinj.com\/blog\/wp-json\/wp\/v2\/categories?post=10195"},{"taxonomy":"post_tag","embeddable":true,"href":"https:\/\/www.visit-ulcinj.com\/blog\/wp-json\/wp\/v2\/tags?post=10195"}],"curies":[{"name":"wp","href":"https:\/\/api.w.org\/{rel}","templated":true}]}}