{"id":101950,"date":"2016-12-28T19:13:06","date_gmt":"2016-12-28T18:13:06","guid":{"rendered":"http:\/\/www.visit-ulcinj.com\/blog\/?p=101950"},"modified":"2016-12-28T19:13:06","modified_gmt":"2016-12-28T18:13:06","slug":"pulle-postare-per-shkrimtarin-ismail-kadare","status":"publish","type":"post","link":"https:\/\/www.visit-ulcinj.com\/blog\/2016\/12\/28\/pulle-postare-per-shkrimtarin-ismail-kadare\/","title":{"rendered":"Pull\u00eb postare p\u00ebr shkrimtarin Ismail Kadare"},"content":{"rendered":"<p><strong><a href=\"http:\/\/www.visit-ulcinj.com\/blog\/wp-content\/uploads\/2016\/12\/Pull\u00eb-postare-p\u00ebr-Ismail-Kadare.jpg\"><img loading=\"lazy\" class=\"alignleft wp-image-101951\" src=\"http:\/\/www.visit-ulcinj.com\/blog\/wp-content\/uploads\/2016\/12\/Pull\u00eb-postare-p\u00ebr-Ismail-Kadare.jpg\" alt=\"Pull\u00eb postare p\u00ebr Ismail Kadare\" width=\"508\" height=\"367\" srcset=\"https:\/\/www.visit-ulcinj.com\/blog\/wp-content\/uploads\/2016\/12\/Pull\u00eb-postare-p\u00ebr-Ismail-Kadare.jpg 600w, https:\/\/www.visit-ulcinj.com\/blog\/wp-content\/uploads\/2016\/12\/Pull\u00eb-postare-p\u00ebr-Ismail-Kadare-300x217.jpg 300w\" sizes=\"(max-width: 508px) 100vw, 508px\" \/><\/a>Kjo pull\u00eb postare emetohet n\u00eb 80 vjetorin e lindjes s\u00eb tij, n\u00eb vitin q\u00eb \u00ebsht\u00eb shpallur si \u201cViti i shkrimtarit Ismail Kadare\u201d, shkruan KultPlus. <\/strong><\/p>\n<p>N\u00eb shenj\u00eb t\u00eb nderimi t\u00eb nj\u00ebrit nga shkrimtar\u00ebt m\u00eb t\u00eb m\u00ebdhenj shqiptar dhe me fam\u00eb nd\u00ebrkomb\u00ebtare, Posta e Kosov\u00ebs ka emetuar pull\u00ebn postare \u201cIsmail Kadare\u201d.\u00a0Posta e Kosov\u00ebs ndihet krenare sepse fondi i pullave postare \u00ebsht\u00eb pasuruar edhe me imazhin dhe emrin e shkrimtarit ton\u00eb t\u00eb madh.<br \/>\nDuke marr\u00eb parasysh se nj\u00eb prej q\u00ebllimeve kryesore t\u00eb Filatelis\u00eb s\u00eb Post\u00ebs s\u00eb Kosov\u00ebs \u00ebsht\u00eb promovimi i vlerave komb\u00ebtare, ne ndihemi t\u00eb nderuar q\u00eb p\u00ebrmes k\u00ebsaj pulle postare shprehim respekt dhe mir\u00ebnjohje p\u00ebr kontributin dhe angazhimin Kadares\u00eb p\u00ebr \u00e7\u00ebshtjen e Kosov\u00ebs.<\/p>\n<p>P\u00ebr dekada t\u00eb t\u00ebra, Kadare p\u00ebrmes veprave t\u00eb tij, intervistave dhe formave t\u00eb tjera ishte n\u00eb vazhdim\u00ebsi bashkudh\u00ebtar me popullin e Kosov\u00ebs n\u00eb rrug\u00ebn e gjat\u00eb e t\u00eb mundimshme drejt liris\u00eb dhe pavar\u00ebsis\u00eb.<br \/>\nSi nj\u00eb prej personaliteteve shqiptare m\u00eb t\u00eb respektuara n\u00eb qarqet nd\u00ebrkomb\u00ebtare, Kadare ishte gjithnj\u00eb pran\u00eb kauz\u00ebs s\u00eb drejt\u00eb t\u00eb popullit t\u00eb Kosov\u00ebs. Ai bashk\u00ebjetoi me vuajtjet dhe p\u00ebrpjekjet tona.<br \/>\nAi ishte me ne edhe gjat\u00eb okupimit, edhe gjat\u00eb luft\u00ebs \u00e7lirimtare, edhe gjat\u00eb procesit t\u00eb bisedimeve p\u00ebr pavar\u00ebsi duke ngritur z\u00ebrin n\u00eb qendrat m\u00eb t\u00eb fuqishme per\u00ebndimore.<br \/>\nKjo pull\u00eb postare emetohet n\u00eb 80 vjetorin e lindjes s\u00eb tij, n\u00eb vitin q\u00eb \u00ebsht\u00eb shpallur si \u201cViti i shkrimtarit Ismail Kadare\u201d.<br \/>\nVeprat e tij sot gjinden kudo, n\u00eb t\u00eb kat\u00ebr an\u00ebt e bot\u00ebs, t\u00eb p\u00ebrkthyera n\u00eb dhjet\u00ebra gjuh\u00eb t\u00eb ndryshme. Edhe kjo pull\u00eb postare q\u00eb nga sot do t\u00eb udh\u00ebtoj\u00eb me emrin dhe imazhin e tij kudo n\u00eb bot\u00eb.<br \/>\nFilatelia e Post\u00ebs s\u00eb Kosov\u00ebs do t\u00eb emetoj edhe n\u00eb t\u00eb ardhmen pulla postare p\u00ebr t\u00eb nderuar personalitete t\u00eb shquara.\/<strong>KultPlus.com<\/strong><\/p>\n","protected":false},"excerpt":{"rendered":"<p>Kjo pull\u00eb postare emetohet n\u00eb 80 vjetorin e lindjes s\u00eb tij, n\u00eb vitin q\u00eb \u00ebsht\u00eb shpallur si \u201cViti i shkrimtarit Ismail Kadare\u201d, shkruan KultPlus. N\u00eb shenj\u00eb t\u00eb nderimi t\u00eb nj\u00ebrit nga shkrimtar\u00ebt m\u00eb t\u00eb m\u00ebdhenj shqiptar dhe me fam\u00eb nd\u00ebrkomb\u00ebtare, Posta e Kosov\u00ebs ka emetuar pull\u00ebn postare \u201cIsmail Kadare\u201d.\u00a0Posta e Kosov\u00ebs ndihet krenare sepse fondi [&hellip;]<\/p>\n","protected":false},"author":1,"featured_media":0,"comment_status":"closed","ping_status":"closed","sticky":false,"template":"","format":"standard","meta":{"spay_email":"","jetpack_publicize_message":"","jetpack_is_tweetstorm":false,"jetpack_publicize_feature_enabled":true},"categories":[6950],"tags":[],"jetpack_publicize_connections":[],"yoast_head":"<!-- This site is optimized with the Yoast SEO plugin v19.1 - https:\/\/yoast.com\/wordpress\/plugins\/seo\/ -->\n<title>Pull\u00eb postare p\u00ebr shkrimtarin Ismail Kadare - Lajme nga Ulqini<\/title>\n<meta name=\"description\" content=\"Kjo pull\u00eb postare emetohet n\u00eb 80 vjetorin e lindjes s\u00eb tij, n\u00eb vitin q\u00eb \u00ebsht\u00eb shpallur si \u201cViti i shkrimtarit Ismail Kadare\u201d, shkruan KultPlus. N\u00eb shenj\u00eb\" \/>\n<meta name=\"robots\" content=\"index, follow, max-snippet:-1, max-image-preview:large, max-video-preview:-1\" \/>\n<link rel=\"canonical\" href=\"https:\/\/www.visit-ulcinj.com\/blog\/2016\/12\/28\/pulle-postare-per-shkrimtarin-ismail-kadare\/\" \/>\n<meta property=\"og:locale\" content=\"en_US\" \/>\n<meta property=\"og:type\" content=\"article\" \/>\n<meta property=\"og:title\" content=\"Pull\u00eb postare p\u00ebr shkrimtarin Ismail Kadare - Lajme nga Ulqini\" \/>\n<meta property=\"og:description\" content=\"Kjo pull\u00eb postare emetohet n\u00eb 80 vjetorin e lindjes s\u00eb tij, n\u00eb vitin q\u00eb \u00ebsht\u00eb shpallur si \u201cViti i shkrimtarit Ismail Kadare\u201d, shkruan KultPlus. N\u00eb shenj\u00eb\" \/>\n<meta property=\"og:url\" content=\"https:\/\/www.visit-ulcinj.com\/blog\/2016\/12\/28\/pulle-postare-per-shkrimtarin-ismail-kadare\/\" \/>\n<meta property=\"og:site_name\" content=\"Lajme nga Ulqini\" \/>\n<meta property=\"article:published_time\" content=\"2016-12-28T18:13:06+00:00\" \/>\n<meta name=\"twitter:label1\" content=\"Written by\" \/>\n\t<meta name=\"twitter:data1\" content=\"ulqini\" \/>\n\t<meta name=\"twitter:label2\" content=\"Est. reading time\" \/>\n\t<meta name=\"twitter:data2\" content=\"2 minutes\" \/>\n<script type=\"application\/ld+json\" class=\"yoast-schema-graph\">{\"@context\":\"https:\/\/schema.org\",\"@graph\":[{\"@type\":\"WebSite\",\"@id\":\"https:\/\/www.visit-ulcinj.com\/blog\/#website\",\"url\":\"https:\/\/www.visit-ulcinj.com\/blog\/\",\"name\":\"Lajme nga Ulqini\",\"description\":\"Lajme,Vijesti,Ulqini,Ulqin,Crna Gora,Mali i Zi\",\"potentialAction\":[{\"@type\":\"SearchAction\",\"target\":{\"@type\":\"EntryPoint\",\"urlTemplate\":\"https:\/\/www.visit-ulcinj.com\/blog\/?s={search_term_string}\"},\"query-input\":\"required name=search_term_string\"}],\"inLanguage\":\"en-US\"},{\"@type\":\"WebPage\",\"@id\":\"https:\/\/www.visit-ulcinj.com\/blog\/2016\/12\/28\/pulle-postare-per-shkrimtarin-ismail-kadare\/#webpage\",\"url\":\"https:\/\/www.visit-ulcinj.com\/blog\/2016\/12\/28\/pulle-postare-per-shkrimtarin-ismail-kadare\/\",\"name\":\"Pull\u00eb postare p\u00ebr shkrimtarin Ismail Kadare - Lajme nga Ulqini\",\"isPartOf\":{\"@id\":\"https:\/\/www.visit-ulcinj.com\/blog\/#website\"},\"datePublished\":\"2016-12-28T18:13:06+00:00\",\"dateModified\":\"2016-12-28T18:13:06+00:00\",\"author\":{\"@id\":\"https:\/\/www.visit-ulcinj.com\/blog\/#\/schema\/person\/dcab619c614d3038751c63bc2aadc06d\"},\"description\":\"Kjo pull\u00eb postare emetohet n\u00eb 80 vjetorin e lindjes s\u00eb tij, n\u00eb vitin q\u00eb \u00ebsht\u00eb shpallur si \u201cViti i shkrimtarit Ismail Kadare\u201d, shkruan KultPlus. N\u00eb shenj\u00eb\",\"breadcrumb\":{\"@id\":\"https:\/\/www.visit-ulcinj.com\/blog\/2016\/12\/28\/pulle-postare-per-shkrimtarin-ismail-kadare\/#breadcrumb\"},\"inLanguage\":\"en-US\",\"potentialAction\":[{\"@type\":\"ReadAction\",\"target\":[\"https:\/\/www.visit-ulcinj.com\/blog\/2016\/12\/28\/pulle-postare-per-shkrimtarin-ismail-kadare\/\"]}]},{\"@type\":\"BreadcrumbList\",\"@id\":\"https:\/\/www.visit-ulcinj.com\/blog\/2016\/12\/28\/pulle-postare-per-shkrimtarin-ismail-kadare\/#breadcrumb\",\"itemListElement\":[{\"@type\":\"ListItem\",\"position\":1,\"name\":\"Pull\u00eb postare p\u00ebr shkrimtarin Ismail Kadare\"}]},{\"@type\":\"Person\",\"@id\":\"https:\/\/www.visit-ulcinj.com\/blog\/#\/schema\/person\/dcab619c614d3038751c63bc2aadc06d\",\"name\":\"ulqini\",\"sameAs\":[\"http:\/\/www.visit-ulcinj.com\"],\"url\":\"https:\/\/www.visit-ulcinj.com\/blog\/author\/admin\/\"}]}<\/script>\n<!-- \/ Yoast SEO plugin. -->","yoast_head_json":{"title":"Pull\u00eb postare p\u00ebr shkrimtarin Ismail Kadare - Lajme nga Ulqini","description":"Kjo pull\u00eb postare emetohet n\u00eb 80 vjetorin e lindjes s\u00eb tij, n\u00eb vitin q\u00eb \u00ebsht\u00eb shpallur si \u201cViti i shkrimtarit Ismail Kadare\u201d, shkruan KultPlus. N\u00eb shenj\u00eb","robots":{"index":"index","follow":"follow","max-snippet":"max-snippet:-1","max-image-preview":"max-image-preview:large","max-video-preview":"max-video-preview:-1"},"canonical":"https:\/\/www.visit-ulcinj.com\/blog\/2016\/12\/28\/pulle-postare-per-shkrimtarin-ismail-kadare\/","og_locale":"en_US","og_type":"article","og_title":"Pull\u00eb postare p\u00ebr shkrimtarin Ismail Kadare - Lajme nga Ulqini","og_description":"Kjo pull\u00eb postare emetohet n\u00eb 80 vjetorin e lindjes s\u00eb tij, n\u00eb vitin q\u00eb \u00ebsht\u00eb shpallur si \u201cViti i shkrimtarit Ismail Kadare\u201d, shkruan KultPlus. N\u00eb shenj\u00eb","og_url":"https:\/\/www.visit-ulcinj.com\/blog\/2016\/12\/28\/pulle-postare-per-shkrimtarin-ismail-kadare\/","og_site_name":"Lajme nga Ulqini","article_published_time":"2016-12-28T18:13:06+00:00","twitter_misc":{"Written by":"ulqini","Est. reading time":"2 minutes"},"schema":{"@context":"https:\/\/schema.org","@graph":[{"@type":"WebSite","@id":"https:\/\/www.visit-ulcinj.com\/blog\/#website","url":"https:\/\/www.visit-ulcinj.com\/blog\/","name":"Lajme nga Ulqini","description":"Lajme,Vijesti,Ulqini,Ulqin,Crna Gora,Mali i Zi","potentialAction":[{"@type":"SearchAction","target":{"@type":"EntryPoint","urlTemplate":"https:\/\/www.visit-ulcinj.com\/blog\/?s={search_term_string}"},"query-input":"required name=search_term_string"}],"inLanguage":"en-US"},{"@type":"WebPage","@id":"https:\/\/www.visit-ulcinj.com\/blog\/2016\/12\/28\/pulle-postare-per-shkrimtarin-ismail-kadare\/#webpage","url":"https:\/\/www.visit-ulcinj.com\/blog\/2016\/12\/28\/pulle-postare-per-shkrimtarin-ismail-kadare\/","name":"Pull\u00eb postare p\u00ebr shkrimtarin Ismail Kadare - Lajme nga Ulqini","isPartOf":{"@id":"https:\/\/www.visit-ulcinj.com\/blog\/#website"},"datePublished":"2016-12-28T18:13:06+00:00","dateModified":"2016-12-28T18:13:06+00:00","author":{"@id":"https:\/\/www.visit-ulcinj.com\/blog\/#\/schema\/person\/dcab619c614d3038751c63bc2aadc06d"},"description":"Kjo pull\u00eb postare emetohet n\u00eb 80 vjetorin e lindjes s\u00eb tij, n\u00eb vitin q\u00eb \u00ebsht\u00eb shpallur si \u201cViti i shkrimtarit Ismail Kadare\u201d, shkruan KultPlus. N\u00eb shenj\u00eb","breadcrumb":{"@id":"https:\/\/www.visit-ulcinj.com\/blog\/2016\/12\/28\/pulle-postare-per-shkrimtarin-ismail-kadare\/#breadcrumb"},"inLanguage":"en-US","potentialAction":[{"@type":"ReadAction","target":["https:\/\/www.visit-ulcinj.com\/blog\/2016\/12\/28\/pulle-postare-per-shkrimtarin-ismail-kadare\/"]}]},{"@type":"BreadcrumbList","@id":"https:\/\/www.visit-ulcinj.com\/blog\/2016\/12\/28\/pulle-postare-per-shkrimtarin-ismail-kadare\/#breadcrumb","itemListElement":[{"@type":"ListItem","position":1,"name":"Pull\u00eb postare p\u00ebr shkrimtarin Ismail Kadare"}]},{"@type":"Person","@id":"https:\/\/www.visit-ulcinj.com\/blog\/#\/schema\/person\/dcab619c614d3038751c63bc2aadc06d","name":"ulqini","sameAs":["http:\/\/www.visit-ulcinj.com"],"url":"https:\/\/www.visit-ulcinj.com\/blog\/author\/admin\/"}]}},"jetpack_featured_media_url":"","jetpack_sharing_enabled":true,"jetpack_shortlink":"https:\/\/wp.me\/pe6lTn-qwm","_links":{"self":[{"href":"https:\/\/www.visit-ulcinj.com\/blog\/wp-json\/wp\/v2\/posts\/101950"}],"collection":[{"href":"https:\/\/www.visit-ulcinj.com\/blog\/wp-json\/wp\/v2\/posts"}],"about":[{"href":"https:\/\/www.visit-ulcinj.com\/blog\/wp-json\/wp\/v2\/types\/post"}],"author":[{"embeddable":true,"href":"https:\/\/www.visit-ulcinj.com\/blog\/wp-json\/wp\/v2\/users\/1"}],"replies":[{"embeddable":true,"href":"https:\/\/www.visit-ulcinj.com\/blog\/wp-json\/wp\/v2\/comments?post=101950"}],"version-history":[{"count":1,"href":"https:\/\/www.visit-ulcinj.com\/blog\/wp-json\/wp\/v2\/posts\/101950\/revisions"}],"predecessor-version":[{"id":101952,"href":"https:\/\/www.visit-ulcinj.com\/blog\/wp-json\/wp\/v2\/posts\/101950\/revisions\/101952"}],"wp:attachment":[{"href":"https:\/\/www.visit-ulcinj.com\/blog\/wp-json\/wp\/v2\/media?parent=101950"}],"wp:term":[{"taxonomy":"category","embeddable":true,"href":"https:\/\/www.visit-ulcinj.com\/blog\/wp-json\/wp\/v2\/categories?post=101950"},{"taxonomy":"post_tag","embeddable":true,"href":"https:\/\/www.visit-ulcinj.com\/blog\/wp-json\/wp\/v2\/tags?post=101950"}],"curies":[{"name":"wp","href":"https:\/\/api.w.org\/{rel}","templated":true}]}}