{"id":101956,"date":"2016-12-29T14:53:28","date_gmt":"2016-12-29T13:53:28","guid":{"rendered":"http:\/\/www.visit-ulcinj.com\/blog\/?p=101956"},"modified":"2016-12-30T20:50:25","modified_gmt":"2016-12-30T19:50:25","slug":"nika-votim-te-djeshem-pd-e-la-anen-e-malit-pa-superstrade-edi-rama-ne-kete-e-quajti-veprim-diskriminues-per-ulqin","status":"publish","type":"post","link":"https:\/\/www.visit-ulcinj.com\/blog\/2016\/12\/29\/nika-votim-te-djeshem-pd-e-la-anen-e-malit-pa-superstrade-edi-rama-ne-kete-e-quajti-veprim-diskriminues-per-ulqin\/","title":{"rendered":"Nika: Me votim t\u00eb djesh\u00ebm PD, e la An\u00ebn e Malit pa sup\u00ebrstrad\u00eb &#8211; Edi Rama n\u00eb BE &#8211; k\u00ebt\u00eb e quajti veprim diskriminues p\u00ebr Ulqin..?!!"},"content":{"rendered":"<p><strong><em><a href=\"http:\/\/www.visit-ulcinj.com\/blog\/wp-content\/uploads\/2016\/12\/autostrada-.jpg\"><img loading=\"lazy\" class=\"alignleft wp-image-101957\" src=\"http:\/\/www.visit-ulcinj.com\/blog\/wp-content\/uploads\/2016\/12\/autostrada-.jpg\" alt=\"autostrada-\" width=\"508\" height=\"403\" \/><\/a><\/em><\/strong><\/p>\n<p><em>(Aktualisht\u00a0 me\u00a0 votim t\u00eb djesh\u00ebm, superstrada hyn\u00a0 n\u00eb territorin shqiptar\u00a0 nga Podgorica\u00a0 e jo\u00a0 m\u00eb nga Ulqini, si\u00e7 parashihte plani i Evropian ?!<\/em><\/p>\n<p><em>Kushdo mund t\u00eb thot\u00eb se u veprua mir\u00eb apo keq \u00a0dje n\u00eb kuvend , por as kush nuk mund t\u00eb me bind\u00eb se prapanica e Edi Ram\u00ebs ka mend\u00a0 e \u00a0GUXIM \u00a0m\u00eb shum\u00eb se koka e disave \u2013 Dy t\u00eb v\u00ebrteta nuk mund t\u00eb ket\u00eb n\u00eb k\u00ebt\u00eb mes)..?!<\/em><\/p>\n<p>&nbsp;<\/p>\n<p><em><strong><u>Nova-trasa-jadransko-jonskog-autoputa\/<\/u><\/strong><\/em><strong><em><u>\u00a0<\/u><\/em><\/strong><em><strong><u>ulazi u Albaniji\u00a0 kroz teritoriju<\/u><\/strong><\/em><strong><em><u>\u00a0<\/u><\/em><\/strong><em><strong><u>op\u0161tine \u00a0Ulcinja, a ne kod Bo\u017eaja ( portal<\/u><\/strong><\/em><strong><em><u>\u00a0<\/u><\/em><\/strong><em><strong><u>Analitika\u2026)?!! <\/u><\/strong><\/em><\/p>\n<p><a href=\"http:\/\/www.portalanalitika.me\/kategorija\/abiznis\">ABIZNIS<\/a>\/<a href=\"http:\/\/www.portalanalitika.me\/kategorija\/investicije\">INVESTICIJE<\/a><\/p>\n<p><strong>Portal Ul-info: Jadransko-jonski put prolazi zale\u0111em Ulcinja<\/strong><\/p>\n<p><strong>Trasa Jadransko-jonskog puta, transevropske magistrale koja \u0107e povezivati sedam evropskih dr\u017eava, uklju\u010duju\u0107i i Tursku, ulazi\u0107e u Crnu Goru na teritoriji op\u0161tine Ulcinj, saznaje Portal Ul-info.<\/strong><\/p>\n<p>Objavljeno:\u00a021. 04. 2015 &#8211; 21:44Promjenite veli\u010dinu teksta:<a href=\"http:\/\/www.portalanalitika.me\/clanak\/184192\/portal-ul-info-jadransko-jonski-put-prolazi-zaledem-ulcinja\"><strong>A<\/strong><\/a><a href=\"http:\/\/www.portalanalitika.me\/clanak\/184192\/portal-ul-info-jadransko-jonski-put-prolazi-zaledem-ulcinja\"><strong>A<\/strong><\/a><a href=\"http:\/\/www.portalanalitika.me\/clanak\/184192\/portal-ul-info-jadransko-jonski-put-prolazi-zaledem-ulcinja\"><strong>A<\/strong><\/a><\/p>\n<p><a href=\"http:\/\/www.visit-ulcinj.com\/blog\/wp-content\/uploads\/2016\/12\/Rama-Gjukanoviq.jpg\"><img loading=\"lazy\" class=\"alignleft wp-image-101958\" src=\"http:\/\/www.visit-ulcinj.com\/blog\/wp-content\/uploads\/2016\/12\/Rama-Gjukanoviq.jpg\" alt=\"Rama-Gjukanoviq\" width=\"508\" height=\"249\" srcset=\"https:\/\/www.visit-ulcinj.com\/blog\/wp-content\/uploads\/2016\/12\/Rama-Gjukanoviq.jpg 684w, https:\/\/www.visit-ulcinj.com\/blog\/wp-content\/uploads\/2016\/12\/Rama-Gjukanoviq-300x147.jpg 300w\" sizes=\"(max-width: 508px) 100vw, 508px\" \/><\/a><\/p>\n<p><a href=\"http:\/\/www.portalanalitika.me\/clanak\/184192\/portal-ul-info-jadransko-jonski-put-prolazi-zaledem-ulcinja#commentsBox\">Komentari (3)<\/a><\/p>\n<p>Taj dogovor postignut je danas u Briselu na sastanku premijera Crne Gore i Albanije\u00a0<strong>Mila \u0110ukanovi\u0107a\u00a0<\/strong>i<strong>\u00a0Edija Rame<\/strong>.<\/p>\n<p>\u201cTo je projekat za budu\u0107nost cijele regije\u201d, ocijenili su predsjednici vlada ovih dviju zemalja.<\/p>\n<p><em><strong>\u00a0 Por\u00a0 k\u00ebta \u00a0\u00a0\u00a0ia dhan\u00eb \u00a0prap\u00eb \u00a0Podgoric\u00ebs me votim\u00a0 t\u00eb djesh\u00ebm\u2026?!!<\/strong><\/em><\/p>\n<p>Merret vesh se Parlamenti\u00a0 lokal i Ulqinit dje ka miratuar planin hap\u00ebsinor p\u00ebr komun\u00ebn e Ulqinit deri n\u00eb vitin 220.<\/p>\n<p>K\u00ebt\u00eb dokument planifikues\u00a0 t\u00eb\u00a0 cilin e publikoi ministria e zhvillimit t\u00eb q\u00ebndruesh\u00ebm dhe turizmit , u cek se \u00a0ishte b\u00ebr\u00eb\u00a0 \u00a0mbi baz\u00ebn e nj\u00eb marr\u00ebveshje\u00a0 t\u00eb qeveris\u00eb me komun\u00ebn e Ulqinit \u00a0qysh n\u00eb vitin 2009, \u00e7ka fare\u00a0 nuk q\u00ebndron&#8230;.?!<\/p>\n<p>Pasi n\u00eb \u00a0periudh\u00ebn e cekur \u00a0isha vet\u00eb kryetar kuvendi( q\u00eb me n\u00ebnshkrim\u00a0 zyrtarizon vendimet e votuara )do t\u00eb m\u00eb lejohet t\u00eb them se n\u00eb \u00a0k\u00ebt\u00eb vit nuk ka pasur\u00a0 asnj\u00eb marr\u00ebveshje\u00a0 p\u00ebr t\u00eb cil\u00ebn foli Haxhi Sulejmani- k\u00ebshilltar\u00eb i PD-s\u00eb \u00a0\u00a0dhe \u00a0mashtroi&#8230;, q\u00eb vet\u00ebm ai mund ta dij\u00eb pse?! Nga se\u00a0 as q\u00eb ishte pik\u00eb e rendit t\u00eb dit\u00ebs , kuptohet p\u00ebr t\u00eb qen\u00eb vendimi \u00a0i ligjsh\u00ebm&#8230;.?!<\/p>\n<p>Kjo q\u00eb po them,\u00a0 mund t\u00eb v\u00ebrtetohet shum\u00eb leht\u00eb , sepse b\u00ebhej incizim televiziv i seancave t\u00eb kuvendit (Tv- Teut\u00eb)dhe nga nj\u00eb shembull t\u00eb seancave e ruaj n\u00eb arkivin privat&#8230;.?!!<\/p>\n<p>N\u00eb k\u00ebmbim t\u00eb \u00a0nd\u00ebrtimit t\u00eb sup\u00ebrstrad\u00ebs , ata pranuan po duket \u00a0nd\u00ebrtimin e nj\u00eb magjistrale t\u00eb shpejt\u00eb n\u00ebp\u00ebr An\u00eb t\u00eb Malit,por \u00a0t\u00eb cil\u00ebn Gjukanoviq merret vesh se nuk e arsyeton\u00a0 nd\u00ebrtimin\u00a0 , duke th\u00ebn\u00eb se \u00ebsht\u00eb jo ekonomik\u00eb..?!<\/p>\n<p>Mbase p\u00ebr momentin do t\u00eb ndodh\u00eb ajo\u00a0 e cila kish rrezik t\u00eb ndodh\u00eb, \u00a0q\u00eb edhe rruga ekzistuese\u00a0 Kryth\u00eb Ulqin t\u00eb shkoj\u00eb p\u00ebr Tivar\u00a0 e p\u00ebr \u00a0t\u00eb qen\u00eb n\u00eb funksion t\u00eb\u201d Brza Cest\u00ebs..\u201d, si jo ekonomike&#8230;.?!!<\/p>\n<p>Pa \u00e7ka se banka evropiane kredin\u00eb Malit t\u00eb Zi p\u00ebr\u00a0 nd\u00ebrtim t\u00eb saj prej Sukubin\u00ebs n\u00eb Ulqin edha p\u00ebr t\u00eb lidh\u00eb Ulqinin me Shkod\u00ebr e jo Tivarin me Shkod\u00ebr&#8230;.?!!<\/p>\n<p>Andaj \u00a0\u00a0k\u00ebshilltari i frontit Rolloviq \u00a0duke\u00a0 i nuhatur k\u00ebto pazare &#8230; , ceku se me k\u00ebt\u00eb vendim \u00a0po shkelen t\u00eb drejtat\u00a0 planifikuese t\u00eb popullsis\u00eb lokale .<\/p>\n<p>Por p\u00ebr \u00e7udi e gjith\u00eb \u00a0kjo nuk i pengoi k\u00ebshilltar\u00ebt e PD-s\u00eb\u00a0 nga Ana e Malit t\u00eb votojn\u00eb propozimin e qeveris\u00eb dhe t\u00eb d\u00ebmtojn\u00eb An\u00ebn e Malit.<\/p>\n<p>Mbase duhet shtuar se nga k\u00ebshilltar\u00ebt e k\u00ebsaj treve q\u00eb nuk mor\u00ebn pjes\u00eb n\u00eb votim ishin Hajrudin Kova\u00e7i-LD, Sabri Salla Forc\u00eb, Ilir Peri i PD-s\u00eb dhe Rexhep Tagani\u00a0 DPS dhe mendoj q\u00eb \u00a0b\u00ebn\u00eb mir\u00eb&#8230;?!<\/p>\n<p>&nbsp;<\/p>\n","protected":false},"excerpt":{"rendered":"<p>(Aktualisht\u00a0 me\u00a0 votim t\u00eb djesh\u00ebm, superstrada hyn\u00a0 n\u00eb territorin shqiptar\u00a0 nga Podgorica\u00a0 e jo\u00a0 m\u00eb nga Ulqini, si\u00e7 parashihte plani i Evropian ?! Kushdo mund t\u00eb thot\u00eb se u veprua mir\u00eb apo keq \u00a0dje n\u00eb kuvend , por as kush nuk mund t\u00eb me bind\u00eb se prapanica e Edi Ram\u00ebs ka mend\u00a0 e \u00a0GUXIM \u00a0m\u00eb [&hellip;]<\/p>\n","protected":false},"author":1,"featured_media":0,"comment_status":"closed","ping_status":"closed","sticky":false,"template":"","format":"standard","meta":{"spay_email":"","jetpack_publicize_message":"","jetpack_is_tweetstorm":false,"jetpack_publicize_feature_enabled":true},"categories":[1,14249],"tags":[],"jetpack_publicize_connections":[],"yoast_head":"<!-- This site is optimized with the Yoast SEO plugin v19.1 - https:\/\/yoast.com\/wordpress\/plugins\/seo\/ -->\n<title>Nika: Me votim t\u00eb djesh\u00ebm PD, e la An\u00ebn e Malit pa sup\u00ebrstrad\u00eb - Edi Rama n\u00eb BE - k\u00ebt\u00eb e quajti veprim diskriminues p\u00ebr Ulqin..?!! - Lajme nga Ulqini<\/title>\n<meta name=\"description\" content=\"(Aktualisht\u00a0 me\u00a0 votim t\u00eb djesh\u00ebm, superstrada hyn\u00a0 n\u00eb territorin shqiptar\u00a0 nga Podgorica\u00a0 e jo\u00a0 m\u00eb nga Ulqini, si\u00e7 parashihte plani i Evropian ?! Kushdo\" \/>\n<meta name=\"robots\" content=\"index, follow, max-snippet:-1, max-image-preview:large, max-video-preview:-1\" \/>\n<link rel=\"canonical\" href=\"https:\/\/www.visit-ulcinj.com\/blog\/2016\/12\/29\/nika-votim-te-djeshem-pd-e-la-anen-e-malit-pa-superstrade-edi-rama-ne-kete-e-quajti-veprim-diskriminues-per-ulqin\/\" \/>\n<meta property=\"og:locale\" content=\"en_US\" \/>\n<meta property=\"og:type\" content=\"article\" \/>\n<meta property=\"og:title\" content=\"Nika: Me votim t\u00eb djesh\u00ebm PD, e la An\u00ebn e Malit pa sup\u00ebrstrad\u00eb - Edi Rama n\u00eb BE - k\u00ebt\u00eb e quajti veprim diskriminues p\u00ebr Ulqin..?!! - Lajme nga Ulqini\" \/>\n<meta property=\"og:description\" content=\"(Aktualisht\u00a0 me\u00a0 votim t\u00eb djesh\u00ebm, superstrada hyn\u00a0 n\u00eb territorin shqiptar\u00a0 nga Podgorica\u00a0 e jo\u00a0 m\u00eb nga Ulqini, si\u00e7 parashihte plani i Evropian ?! Kushdo\" \/>\n<meta property=\"og:url\" content=\"https:\/\/www.visit-ulcinj.com\/blog\/2016\/12\/29\/nika-votim-te-djeshem-pd-e-la-anen-e-malit-pa-superstrade-edi-rama-ne-kete-e-quajti-veprim-diskriminues-per-ulqin\/\" \/>\n<meta property=\"og:site_name\" content=\"Lajme nga Ulqini\" \/>\n<meta property=\"article:published_time\" content=\"2016-12-29T13:53:28+00:00\" \/>\n<meta property=\"article:modified_time\" content=\"2016-12-30T19:50:25+00:00\" \/>\n<meta property=\"og:image\" content=\"http:\/\/www.visit-ulcinj.com\/blog\/wp-content\/uploads\/2016\/12\/autostrada-.jpg\" \/>\n<meta name=\"twitter:label1\" content=\"Written by\" \/>\n\t<meta name=\"twitter:data1\" content=\"ulqini\" \/>\n\t<meta name=\"twitter:label2\" content=\"Est. reading time\" \/>\n\t<meta name=\"twitter:data2\" content=\"3 minutes\" \/>\n<script type=\"application\/ld+json\" class=\"yoast-schema-graph\">{\"@context\":\"https:\/\/schema.org\",\"@graph\":[{\"@type\":\"WebSite\",\"@id\":\"https:\/\/www.visit-ulcinj.com\/blog\/#website\",\"url\":\"https:\/\/www.visit-ulcinj.com\/blog\/\",\"name\":\"Lajme nga Ulqini\",\"description\":\"Lajme,Vijesti,Ulqini,Ulqin,Crna Gora,Mali i Zi\",\"potentialAction\":[{\"@type\":\"SearchAction\",\"target\":{\"@type\":\"EntryPoint\",\"urlTemplate\":\"https:\/\/www.visit-ulcinj.com\/blog\/?s={search_term_string}\"},\"query-input\":\"required name=search_term_string\"}],\"inLanguage\":\"en-US\"},{\"@type\":\"ImageObject\",\"inLanguage\":\"en-US\",\"@id\":\"https:\/\/www.visit-ulcinj.com\/blog\/2016\/12\/29\/nika-votim-te-djeshem-pd-e-la-anen-e-malit-pa-superstrade-edi-rama-ne-kete-e-quajti-veprim-diskriminues-per-ulqin\/#primaryimage\",\"url\":\"http:\/\/www.visit-ulcinj.com\/blog\/wp-content\/uploads\/2016\/12\/autostrada-.jpg\",\"contentUrl\":\"http:\/\/www.visit-ulcinj.com\/blog\/wp-content\/uploads\/2016\/12\/autostrada-.jpg\"},{\"@type\":\"WebPage\",\"@id\":\"https:\/\/www.visit-ulcinj.com\/blog\/2016\/12\/29\/nika-votim-te-djeshem-pd-e-la-anen-e-malit-pa-superstrade-edi-rama-ne-kete-e-quajti-veprim-diskriminues-per-ulqin\/#webpage\",\"url\":\"https:\/\/www.visit-ulcinj.com\/blog\/2016\/12\/29\/nika-votim-te-djeshem-pd-e-la-anen-e-malit-pa-superstrade-edi-rama-ne-kete-e-quajti-veprim-diskriminues-per-ulqin\/\",\"name\":\"Nika: Me votim t\u00eb djesh\u00ebm PD, e la An\u00ebn e Malit pa sup\u00ebrstrad\u00eb - Edi Rama n\u00eb BE - k\u00ebt\u00eb e quajti veprim diskriminues p\u00ebr Ulqin..?!! - Lajme nga Ulqini\",\"isPartOf\":{\"@id\":\"https:\/\/www.visit-ulcinj.com\/blog\/#website\"},\"primaryImageOfPage\":{\"@id\":\"https:\/\/www.visit-ulcinj.com\/blog\/2016\/12\/29\/nika-votim-te-djeshem-pd-e-la-anen-e-malit-pa-superstrade-edi-rama-ne-kete-e-quajti-veprim-diskriminues-per-ulqin\/#primaryimage\"},\"datePublished\":\"2016-12-29T13:53:28+00:00\",\"dateModified\":\"2016-12-30T19:50:25+00:00\",\"author\":{\"@id\":\"https:\/\/www.visit-ulcinj.com\/blog\/#\/schema\/person\/dcab619c614d3038751c63bc2aadc06d\"},\"description\":\"(Aktualisht\u00a0 me\u00a0 votim t\u00eb djesh\u00ebm, superstrada hyn\u00a0 n\u00eb territorin shqiptar\u00a0 nga Podgorica\u00a0 e jo\u00a0 m\u00eb nga Ulqini, si\u00e7 parashihte plani i Evropian ?! Kushdo\",\"breadcrumb\":{\"@id\":\"https:\/\/www.visit-ulcinj.com\/blog\/2016\/12\/29\/nika-votim-te-djeshem-pd-e-la-anen-e-malit-pa-superstrade-edi-rama-ne-kete-e-quajti-veprim-diskriminues-per-ulqin\/#breadcrumb\"},\"inLanguage\":\"en-US\",\"potentialAction\":[{\"@type\":\"ReadAction\",\"target\":[\"https:\/\/www.visit-ulcinj.com\/blog\/2016\/12\/29\/nika-votim-te-djeshem-pd-e-la-anen-e-malit-pa-superstrade-edi-rama-ne-kete-e-quajti-veprim-diskriminues-per-ulqin\/\"]}]},{\"@type\":\"BreadcrumbList\",\"@id\":\"https:\/\/www.visit-ulcinj.com\/blog\/2016\/12\/29\/nika-votim-te-djeshem-pd-e-la-anen-e-malit-pa-superstrade-edi-rama-ne-kete-e-quajti-veprim-diskriminues-per-ulqin\/#breadcrumb\",\"itemListElement\":[{\"@type\":\"ListItem\",\"position\":1,\"name\":\"Nika: Me votim t\u00eb djesh\u00ebm PD, e la An\u00ebn e Malit pa sup\u00ebrstrad\u00eb &#8211; Edi Rama n\u00eb BE &#8211; k\u00ebt\u00eb e quajti veprim diskriminues p\u00ebr Ulqin..?!!\"}]},{\"@type\":\"Person\",\"@id\":\"https:\/\/www.visit-ulcinj.com\/blog\/#\/schema\/person\/dcab619c614d3038751c63bc2aadc06d\",\"name\":\"ulqini\",\"sameAs\":[\"http:\/\/www.visit-ulcinj.com\"],\"url\":\"https:\/\/www.visit-ulcinj.com\/blog\/author\/admin\/\"}]}<\/script>\n<!-- \/ Yoast SEO plugin. -->","yoast_head_json":{"title":"Nika: Me votim t\u00eb djesh\u00ebm PD, e la An\u00ebn e Malit pa sup\u00ebrstrad\u00eb - Edi Rama n\u00eb BE - k\u00ebt\u00eb e quajti veprim diskriminues p\u00ebr Ulqin..?!! - Lajme nga Ulqini","description":"(Aktualisht\u00a0 me\u00a0 votim t\u00eb djesh\u00ebm, superstrada hyn\u00a0 n\u00eb territorin shqiptar\u00a0 nga Podgorica\u00a0 e jo\u00a0 m\u00eb nga Ulqini, si\u00e7 parashihte plani i Evropian ?! Kushdo","robots":{"index":"index","follow":"follow","max-snippet":"max-snippet:-1","max-image-preview":"max-image-preview:large","max-video-preview":"max-video-preview:-1"},"canonical":"https:\/\/www.visit-ulcinj.com\/blog\/2016\/12\/29\/nika-votim-te-djeshem-pd-e-la-anen-e-malit-pa-superstrade-edi-rama-ne-kete-e-quajti-veprim-diskriminues-per-ulqin\/","og_locale":"en_US","og_type":"article","og_title":"Nika: Me votim t\u00eb djesh\u00ebm PD, e la An\u00ebn e Malit pa sup\u00ebrstrad\u00eb - Edi Rama n\u00eb BE - k\u00ebt\u00eb e quajti veprim diskriminues p\u00ebr Ulqin..?!! - Lajme nga Ulqini","og_description":"(Aktualisht\u00a0 me\u00a0 votim t\u00eb djesh\u00ebm, superstrada hyn\u00a0 n\u00eb territorin shqiptar\u00a0 nga Podgorica\u00a0 e jo\u00a0 m\u00eb nga Ulqini, si\u00e7 parashihte plani i Evropian ?! Kushdo","og_url":"https:\/\/www.visit-ulcinj.com\/blog\/2016\/12\/29\/nika-votim-te-djeshem-pd-e-la-anen-e-malit-pa-superstrade-edi-rama-ne-kete-e-quajti-veprim-diskriminues-per-ulqin\/","og_site_name":"Lajme nga Ulqini","article_published_time":"2016-12-29T13:53:28+00:00","article_modified_time":"2016-12-30T19:50:25+00:00","og_image":[{"url":"http:\/\/www.visit-ulcinj.com\/blog\/wp-content\/uploads\/2016\/12\/autostrada-.jpg"}],"twitter_misc":{"Written by":"ulqini","Est. reading time":"3 minutes"},"schema":{"@context":"https:\/\/schema.org","@graph":[{"@type":"WebSite","@id":"https:\/\/www.visit-ulcinj.com\/blog\/#website","url":"https:\/\/www.visit-ulcinj.com\/blog\/","name":"Lajme nga Ulqini","description":"Lajme,Vijesti,Ulqini,Ulqin,Crna Gora,Mali i Zi","potentialAction":[{"@type":"SearchAction","target":{"@type":"EntryPoint","urlTemplate":"https:\/\/www.visit-ulcinj.com\/blog\/?s={search_term_string}"},"query-input":"required name=search_term_string"}],"inLanguage":"en-US"},{"@type":"ImageObject","inLanguage":"en-US","@id":"https:\/\/www.visit-ulcinj.com\/blog\/2016\/12\/29\/nika-votim-te-djeshem-pd-e-la-anen-e-malit-pa-superstrade-edi-rama-ne-kete-e-quajti-veprim-diskriminues-per-ulqin\/#primaryimage","url":"http:\/\/www.visit-ulcinj.com\/blog\/wp-content\/uploads\/2016\/12\/autostrada-.jpg","contentUrl":"http:\/\/www.visit-ulcinj.com\/blog\/wp-content\/uploads\/2016\/12\/autostrada-.jpg"},{"@type":"WebPage","@id":"https:\/\/www.visit-ulcinj.com\/blog\/2016\/12\/29\/nika-votim-te-djeshem-pd-e-la-anen-e-malit-pa-superstrade-edi-rama-ne-kete-e-quajti-veprim-diskriminues-per-ulqin\/#webpage","url":"https:\/\/www.visit-ulcinj.com\/blog\/2016\/12\/29\/nika-votim-te-djeshem-pd-e-la-anen-e-malit-pa-superstrade-edi-rama-ne-kete-e-quajti-veprim-diskriminues-per-ulqin\/","name":"Nika: Me votim t\u00eb djesh\u00ebm PD, e la An\u00ebn e Malit pa sup\u00ebrstrad\u00eb - Edi Rama n\u00eb BE - k\u00ebt\u00eb e quajti veprim diskriminues p\u00ebr Ulqin..?!! - Lajme nga Ulqini","isPartOf":{"@id":"https:\/\/www.visit-ulcinj.com\/blog\/#website"},"primaryImageOfPage":{"@id":"https:\/\/www.visit-ulcinj.com\/blog\/2016\/12\/29\/nika-votim-te-djeshem-pd-e-la-anen-e-malit-pa-superstrade-edi-rama-ne-kete-e-quajti-veprim-diskriminues-per-ulqin\/#primaryimage"},"datePublished":"2016-12-29T13:53:28+00:00","dateModified":"2016-12-30T19:50:25+00:00","author":{"@id":"https:\/\/www.visit-ulcinj.com\/blog\/#\/schema\/person\/dcab619c614d3038751c63bc2aadc06d"},"description":"(Aktualisht\u00a0 me\u00a0 votim t\u00eb djesh\u00ebm, superstrada hyn\u00a0 n\u00eb territorin shqiptar\u00a0 nga Podgorica\u00a0 e jo\u00a0 m\u00eb nga Ulqini, si\u00e7 parashihte plani i Evropian ?! Kushdo","breadcrumb":{"@id":"https:\/\/www.visit-ulcinj.com\/blog\/2016\/12\/29\/nika-votim-te-djeshem-pd-e-la-anen-e-malit-pa-superstrade-edi-rama-ne-kete-e-quajti-veprim-diskriminues-per-ulqin\/#breadcrumb"},"inLanguage":"en-US","potentialAction":[{"@type":"ReadAction","target":["https:\/\/www.visit-ulcinj.com\/blog\/2016\/12\/29\/nika-votim-te-djeshem-pd-e-la-anen-e-malit-pa-superstrade-edi-rama-ne-kete-e-quajti-veprim-diskriminues-per-ulqin\/"]}]},{"@type":"BreadcrumbList","@id":"https:\/\/www.visit-ulcinj.com\/blog\/2016\/12\/29\/nika-votim-te-djeshem-pd-e-la-anen-e-malit-pa-superstrade-edi-rama-ne-kete-e-quajti-veprim-diskriminues-per-ulqin\/#breadcrumb","itemListElement":[{"@type":"ListItem","position":1,"name":"Nika: Me votim t\u00eb djesh\u00ebm PD, e la An\u00ebn e Malit pa sup\u00ebrstrad\u00eb &#8211; Edi Rama n\u00eb BE &#8211; k\u00ebt\u00eb e quajti veprim diskriminues p\u00ebr Ulqin..?!!"}]},{"@type":"Person","@id":"https:\/\/www.visit-ulcinj.com\/blog\/#\/schema\/person\/dcab619c614d3038751c63bc2aadc06d","name":"ulqini","sameAs":["http:\/\/www.visit-ulcinj.com"],"url":"https:\/\/www.visit-ulcinj.com\/blog\/author\/admin\/"}]}},"jetpack_featured_media_url":"","jetpack_sharing_enabled":true,"jetpack_shortlink":"https:\/\/wp.me\/pe6lTn-qws","_links":{"self":[{"href":"https:\/\/www.visit-ulcinj.com\/blog\/wp-json\/wp\/v2\/posts\/101956"}],"collection":[{"href":"https:\/\/www.visit-ulcinj.com\/blog\/wp-json\/wp\/v2\/posts"}],"about":[{"href":"https:\/\/www.visit-ulcinj.com\/blog\/wp-json\/wp\/v2\/types\/post"}],"author":[{"embeddable":true,"href":"https:\/\/www.visit-ulcinj.com\/blog\/wp-json\/wp\/v2\/users\/1"}],"replies":[{"embeddable":true,"href":"https:\/\/www.visit-ulcinj.com\/blog\/wp-json\/wp\/v2\/comments?post=101956"}],"version-history":[{"count":6,"href":"https:\/\/www.visit-ulcinj.com\/blog\/wp-json\/wp\/v2\/posts\/101956\/revisions"}],"predecessor-version":[{"id":101966,"href":"https:\/\/www.visit-ulcinj.com\/blog\/wp-json\/wp\/v2\/posts\/101956\/revisions\/101966"}],"wp:attachment":[{"href":"https:\/\/www.visit-ulcinj.com\/blog\/wp-json\/wp\/v2\/media?parent=101956"}],"wp:term":[{"taxonomy":"category","embeddable":true,"href":"https:\/\/www.visit-ulcinj.com\/blog\/wp-json\/wp\/v2\/categories?post=101956"},{"taxonomy":"post_tag","embeddable":true,"href":"https:\/\/www.visit-ulcinj.com\/blog\/wp-json\/wp\/v2\/tags?post=101956"}],"curies":[{"name":"wp","href":"https:\/\/api.w.org\/{rel}","templated":true}]}}