{"id":101969,"date":"2016-12-29T15:31:17","date_gmt":"2016-12-29T14:31:17","guid":{"rendered":"http:\/\/www.visit-ulcinj.com\/blog\/?p=101969"},"modified":"2016-12-29T15:31:17","modified_gmt":"2016-12-29T14:31:17","slug":"s-adrovic-ulcinj-2020-godine","status":"publish","type":"post","link":"https:\/\/www.visit-ulcinj.com\/blog\/2016\/12\/29\/s-adrovic-ulcinj-2020-godine\/","title":{"rendered":"S.Adrovic: ULCINJ 2020. GODINE"},"content":{"rendered":"<p><strong><a href=\"http:\/\/www.visit-ulcinj.com\/blog\/wp-content\/uploads\/2016\/07\/ulcinj.jpg\"><img loading=\"lazy\" class=\"alignleft wp-image-98508\" src=\"http:\/\/www.visit-ulcinj.com\/blog\/wp-content\/uploads\/2016\/07\/ulcinj.jpg\" alt=\"ulcinj\" width=\"508\" height=\"250\" srcset=\"https:\/\/www.visit-ulcinj.com\/blog\/wp-content\/uploads\/2016\/07\/ulcinj.jpg 690w, https:\/\/www.visit-ulcinj.com\/blog\/wp-content\/uploads\/2016\/07\/ulcinj-300x148.jpg 300w\" sizes=\"(max-width: 508px) 100vw, 508px\" \/><\/a>Ulcinj<\/strong>, <strong>januar,<\/strong> <strong>2020<\/strong>\u2013 Premijer Du\u0161ko Markovi\u0107 boravio je danas u radnoj posjeti Ulcinju i tom prilikom sa predsjednikom Op\u0161tine Nazifom Cunguom i \u0161efom lokalnog parlamenta Ljorom Nreki\u0107em, obi\u0161ao gradili\u0161ta u Sukobinu i Polju, \u00a0gdje bi uskoro trebalo da po\u010dnu radovi na izgradnji osnovne \u0161kole i vrti\u0107a. On je izrazio uvjerenje da \u0107e objekti, ovoga puta biti zavr\u0161eni u roku kako bi bilo zatvoreno pregovara\u010dko poglavlje 23, koje se ti\u010de temeljnih prava. Nakon ru\u010dka u hotelu predsjednika Bo\u0161nja\u010dke stranke i podpredsjednika Vlade Rafeta Husovi\u0107a u \u0160toju, Markovi\u0107 je pohvalio ulcinjsku vlast, posebno apostrofiraju\u0107i njenu privr\u017eenost Podgorici. On nije htio da odgovori na pitanje novinara kada \u0107e predsjednik dr\u017eave Milo \u0110ukanovi\u0107 raspisati nove izbore navode\u0107i samo da prema svim istra\u017eivanjima, DPS sa SD i manjinskim partijama i dalje ima stabilnu ve\u0107inu od jednog do plus tri poslanika u parlamentu. Husovi\u0107 je istakao da je Vlada formirala posebnu komisiju koja \u0107e se baviti divljom gradnjom u Ulcinju a naro\u010dito u \u0160toju. Podvukao je da \u0107e svi nelegalni objekti biti poru\u0161eni do temelja bez obzira na to ko je investitor. Cungu se zahvalio Markovi\u0107u i Husovi\u0107u za njihov kontinuirani i predani rad na razvoju grada. Nreki\u0107 je rekao da ne zna kakve su primjdbe na prostorno urbanisti\u010dki plan grada podnijeli biznismeni Veselin Barovi\u0107 i \u017darko Radulovi\u0107 ali da \u0107e lokalni parlament, nakon \u0161to se Vlada izjasni o tome, biti na visini zadatka\u2026<\/p>\n<p><strong>Februar<\/strong>\u2013 Vlada je raspisala tinaesti po redu tender za rekonstrukciju magistralnog puta od Ulcinja od Vladimirskih Kruta\u2026 Inspektori su ponovili da nemaju saznanja o tome ko gradi objekat \u201eBrano\u201c u Starom gradu ali da su vlasti na tragu investitoru\u2026 Morsko dobro raspisalo je javnu licitaciju za privremeni zakup dr\u017eavnog zemlji\u0161ta na desnoj obali Bojane za blizu 500 lokacija. U tom JP tvrde da na obalama rijeke nema divlje gradnje\u2026<\/p>\n<p><strong>Mart<\/strong>\u2013 Zaposleni u JP Centar za kulturu i za uzgoj i za\u0161titu divlja\u010di ve\u0107 tre\u0107i dan protestvuju ispred zgrade Op\u0161tine tra\u017ee\u0107i isplatu makar dvije od 27 neispla\u0107enih zarada. Cungu je obe\u0107ao da \u0107e sagledati mogu\u0107nost podizanja kredita u te svrhe ali je v.d. sekretara za finansije i bud\u017eet Sead Osmanovi\u0107 rekao da bi, umjesto novog zadu\u017eivanja, trebalo \u0161tedjeti i privremeno ukinuti koktele\u2026. Delegacija TO na \u010delu sa direktorom Fuadom Had\u017eibetijem vratila se iz Japana gdje je u Tokiju predstavila turisti\u010dku ponudu grada. Japanci su bili prijatno iznena\u0111eni zbog izuzetno niske cijene boravi\u0161ne takse koja, nakon novog pove\u0107anja, u Ulcinju iznosi svega 1,5 eura\u2026<\/p>\n<p><strong>April<\/strong>\u2013 \u0110ukanovi\u0107 je prisustvovao je danas sve\u010danosti povodom Dana Ulcinja. On je, nakon skromnog koktela, istakao da je Crna Gora ponosna na svoje primorje i da vjeruje da \u0107e Vlada nastaviti da stotine miliona eura i dalje ula\u017ee u Budvu, Tivat i okolna naselja\u2026Ste\u010dajni upravnik solane Ognjen Jovovi\u0107 raspisao je novu javnu licitaciju za prodaju hiljadu tona sirove soli iz berbe 2013\u2026<\/p>\n<p><strong>Maj<\/strong>\u2013 Vlada je upozorila podgori\u010dki Rok\u0161ped da mora po\u010deti radove na izgradnji hotela Galeb ili \u0107e mu u protivnom oduzeti zemlji\u0161te. Direktor\u00a0 firme Capitale estate, koja je vlasnik biv\u0161eg hotela Lido na Velikoj pla\u017ei, kome je sli\u010dno upozorenje stiglo po\u010detkom pro\u0161log mjeseca, rekao je da je u pitanju prvoaprilska \u0161ala\u2026<\/p>\n<p><strong>Jun<\/strong>\u2013 Iz nik\u0161i\u0107ke kompanije. koja gradi apartamnsku grupaciju \u201eParking\u201c na Pristanu, stiglo je saop\u0161tenje da zbog neozbiljnosti lokalne vlasti prekidaju svaku dalju saradnju\u2026 Po\u010dela je sezona, kilometarske gu\u017eve u Sukobinu ali Vlada zbog porasta kriminala, poja\u010dava kontrolu na granicama\u2026 Forca i DPS zaklju\u010dili su aneks koalicionog sporazuma kojim se predvi\u0111a osnivanje samostalne Op\u0161tine Tuzi i vra\u0107anje maslinjaka u Valdanosu biv\u0161im vlasnicima\u2026<\/p>\n<p><strong>Jul<\/strong>\u2013 Ministar poljoprivrede Milutin Simovi\u0107 kazao je da Crna Gora mora sprovesti reforme u cilju ja\u010danja poljoprivrednih proizvo\u0111a\u010da. Zato je, kako je naveo, nelegalna prodaja poljoprivrednih proizvoda iz Skadra na ulcinjskoj zelenoj pijaci, ozbiljna prepreka za zatvaranje pregovara\u010dkog poglavlja 11\u2026 Biv\u0161i ministar turizma Predrag Nenezi\u0107, direktor Ulcinjske rivijere Miomir Jak\u0161i\u0107 i predsjednik Savjeta za privatizaciju Branko Vujovi\u0107, negirali su pred specijalnim tu\u017eila\u0161tvom da su navijali za bilo koga prilikom privatizacije ulcinjskih hotela Otrant, Galeb i Lido. Jak\u0161i\u0107 je rekao da niko od njih trojice u cijelom tom poslu, nije uzeo ni centa, mimo onoga \u0161to im po zakonu pripada\u2026<\/p>\n<p><strong>Avgust<\/strong>\u2013 U Podgorici je odr\u017ean deseti prajd. Ministar manjina Mehmed Zenka, koji je bio u povorci, kazao je da je dobro \u0161to ljudi \u0161etaju ali i da ne moraju ba\u0161 toliko\u2026 Biv\u0161a direktorica solane Jelena Aleksi\u0107 jo\u0161 ne mo\u017ee da se sjeti kome je prije deset godina u sred bijela dana predala bager, poklon uglednog Euronatura\u2026<\/p>\n<p><strong>Septembar<\/strong>\u2013 Ministar saobra\u0107aja i pomorstva Osman Nurkovi\u0107 boravio je u radnoj posjeti Ulcinju. U grad je stigao starim putem preko Kruta ali, kako je rekao, nije vidio nikog da tamo ne\u0161to popravlja. Posebno je bio imperesioniran novim mostom na Port Mileni. Na pitanje novinara kada \u0107e po\u010deti da funkcioni\u0161e rasklopni mehanizam na mostu, Nurkovi\u0107 je rekao da prvi put \u010duje za to\u2026<\/p>\n<p><strong>Oktobar<\/strong>\u2013 Ministar turizma Pavle Radulovi\u0107 posjetio je ju\u010de Ulcinj i tom prilikom obi\u0161ao Port Milenu. Posjednut antropogenim izvorima zaga\u0111enja vazduha, gotovo ne di\u0161u\u0107i, na istom mostu na kome je bio i Nurkovi\u0107, potvrdio je da bez revitalizacije tog resursa nema zatvaranja poglavlja 27 o \u017eivotnoj sredini\u2026<\/p>\n<p><strong>Novembar<\/strong>\u2013 Cungu i lider DP Fatmir \u0110eka, sino\u0107 su kona\u010dno zakopali ratne sjekire. Vi\u0111eni su kako za odvojenim stolovima sjede na istoj svadbi\u2026Ministar prosvjete Predrag Bo\u0161kovi\u0107 izrazio je uvjerenje da ud\u017ebenici na albanskom jeziku sada zadovoljavaju standrade kako bi Crna Gora mogla da zatvori poglavlje 25\u2026<\/p>\n<p><strong>Decembar<\/strong>\u2013 Delegati Evropske komisije ju\u010de u Briselu nijesu mogli da usaglase rezoluciju o napretku Crne Gore u pregovorima za pristup EU. Njima je nejasno kako se sva sporna poglavlja, koja nijesu zatvorena, odnose na jedan grad. Po\u0161to se prvi put suo\u010davaju sa takvim slu\u010dajem, zatra\u017eili su od Podgorice poja\u0161njenje fenomena\u2026 \u0110ukanovi\u0107,Markovi\u0107, Cungu i Nreki\u0107 po\u017eeljeli su Ulcinjanima sre\u0107nu Novu godinu\u2026<\/p>\n<p><strong>Izvor: Vijesti Online<\/strong><\/p>\n","protected":false},"excerpt":{"rendered":"<p>Ulcinj, januar, 2020\u2013 Premijer Du\u0161ko Markovi\u0107 boravio je danas u radnoj posjeti Ulcinju i tom prilikom sa predsjednikom Op\u0161tine Nazifom Cunguom i \u0161efom lokalnog parlamenta Ljorom Nreki\u0107em, obi\u0161ao gradili\u0161ta u Sukobinu i Polju, \u00a0gdje bi uskoro trebalo da po\u010dnu radovi na izgradnji osnovne \u0161kole i vrti\u0107a. On je izrazio uvjerenje da \u0107e objekti, ovoga puta [&hellip;]<\/p>\n","protected":false},"author":1,"featured_media":0,"comment_status":"closed","ping_status":"closed","sticky":false,"template":"","format":"standard","meta":{"spay_email":"","jetpack_publicize_message":"","jetpack_is_tweetstorm":false,"jetpack_publicize_feature_enabled":true},"categories":[8337],"tags":[],"jetpack_publicize_connections":[],"yoast_head":"<!-- This site is optimized with the Yoast SEO plugin v19.1 - https:\/\/yoast.com\/wordpress\/plugins\/seo\/ -->\n<title>S.Adrovic: ULCINJ 2020. GODINE - Lajme nga Ulqini<\/title>\n<meta name=\"description\" content=\"Ulcinj, januar, 2020\u2013 Premijer Du\u0161ko Markovi\u0107 boravio je danas u radnoj posjeti Ulcinju i tom prilikom sa predsjednikom Op\u0161tine Nazifom Cunguom i \u0161efom\" \/>\n<meta name=\"robots\" content=\"index, follow, max-snippet:-1, max-image-preview:large, max-video-preview:-1\" \/>\n<link rel=\"canonical\" href=\"https:\/\/www.visit-ulcinj.com\/blog\/2016\/12\/29\/s-adrovic-ulcinj-2020-godine\/\" \/>\n<meta property=\"og:locale\" content=\"en_US\" \/>\n<meta property=\"og:type\" content=\"article\" \/>\n<meta property=\"og:title\" content=\"S.Adrovic: ULCINJ 2020. GODINE - Lajme nga Ulqini\" \/>\n<meta property=\"og:description\" content=\"Ulcinj, januar, 2020\u2013 Premijer Du\u0161ko Markovi\u0107 boravio je danas u radnoj posjeti Ulcinju i tom prilikom sa predsjednikom Op\u0161tine Nazifom Cunguom i \u0161efom\" \/>\n<meta property=\"og:url\" content=\"https:\/\/www.visit-ulcinj.com\/blog\/2016\/12\/29\/s-adrovic-ulcinj-2020-godine\/\" \/>\n<meta property=\"og:site_name\" content=\"Lajme nga Ulqini\" \/>\n<meta property=\"article:published_time\" content=\"2016-12-29T14:31:17+00:00\" \/>\n<meta property=\"og:image\" content=\"http:\/\/www.visit-ulcinj.com\/blog\/wp-content\/uploads\/2016\/07\/ulcinj.jpg\" \/>\n<meta name=\"twitter:label1\" content=\"Written by\" \/>\n\t<meta name=\"twitter:data1\" content=\"ulqini\" \/>\n\t<meta name=\"twitter:label2\" content=\"Est. reading time\" \/>\n\t<meta name=\"twitter:data2\" content=\"5 minutes\" \/>\n<script type=\"application\/ld+json\" class=\"yoast-schema-graph\">{\"@context\":\"https:\/\/schema.org\",\"@graph\":[{\"@type\":\"WebSite\",\"@id\":\"https:\/\/www.visit-ulcinj.com\/blog\/#website\",\"url\":\"https:\/\/www.visit-ulcinj.com\/blog\/\",\"name\":\"Lajme nga Ulqini\",\"description\":\"Lajme,Vijesti,Ulqini,Ulqin,Crna Gora,Mali i Zi\",\"potentialAction\":[{\"@type\":\"SearchAction\",\"target\":{\"@type\":\"EntryPoint\",\"urlTemplate\":\"https:\/\/www.visit-ulcinj.com\/blog\/?s={search_term_string}\"},\"query-input\":\"required name=search_term_string\"}],\"inLanguage\":\"en-US\"},{\"@type\":\"ImageObject\",\"inLanguage\":\"en-US\",\"@id\":\"https:\/\/www.visit-ulcinj.com\/blog\/2016\/12\/29\/s-adrovic-ulcinj-2020-godine\/#primaryimage\",\"url\":\"https:\/\/www.visit-ulcinj.com\/blog\/wp-content\/uploads\/2016\/07\/ulcinj.jpg\",\"contentUrl\":\"https:\/\/www.visit-ulcinj.com\/blog\/wp-content\/uploads\/2016\/07\/ulcinj.jpg\",\"width\":690,\"height\":340},{\"@type\":\"WebPage\",\"@id\":\"https:\/\/www.visit-ulcinj.com\/blog\/2016\/12\/29\/s-adrovic-ulcinj-2020-godine\/#webpage\",\"url\":\"https:\/\/www.visit-ulcinj.com\/blog\/2016\/12\/29\/s-adrovic-ulcinj-2020-godine\/\",\"name\":\"S.Adrovic: ULCINJ 2020. GODINE - Lajme nga Ulqini\",\"isPartOf\":{\"@id\":\"https:\/\/www.visit-ulcinj.com\/blog\/#website\"},\"primaryImageOfPage\":{\"@id\":\"https:\/\/www.visit-ulcinj.com\/blog\/2016\/12\/29\/s-adrovic-ulcinj-2020-godine\/#primaryimage\"},\"datePublished\":\"2016-12-29T14:31:17+00:00\",\"dateModified\":\"2016-12-29T14:31:17+00:00\",\"author\":{\"@id\":\"https:\/\/www.visit-ulcinj.com\/blog\/#\/schema\/person\/dcab619c614d3038751c63bc2aadc06d\"},\"description\":\"Ulcinj, januar, 2020\u2013 Premijer Du\u0161ko Markovi\u0107 boravio je danas u radnoj posjeti Ulcinju i tom prilikom sa predsjednikom Op\u0161tine Nazifom Cunguom i \u0161efom\",\"breadcrumb\":{\"@id\":\"https:\/\/www.visit-ulcinj.com\/blog\/2016\/12\/29\/s-adrovic-ulcinj-2020-godine\/#breadcrumb\"},\"inLanguage\":\"en-US\",\"potentialAction\":[{\"@type\":\"ReadAction\",\"target\":[\"https:\/\/www.visit-ulcinj.com\/blog\/2016\/12\/29\/s-adrovic-ulcinj-2020-godine\/\"]}]},{\"@type\":\"BreadcrumbList\",\"@id\":\"https:\/\/www.visit-ulcinj.com\/blog\/2016\/12\/29\/s-adrovic-ulcinj-2020-godine\/#breadcrumb\",\"itemListElement\":[{\"@type\":\"ListItem\",\"position\":1,\"name\":\"S.Adrovic: ULCINJ 2020. GODINE\"}]},{\"@type\":\"Person\",\"@id\":\"https:\/\/www.visit-ulcinj.com\/blog\/#\/schema\/person\/dcab619c614d3038751c63bc2aadc06d\",\"name\":\"ulqini\",\"sameAs\":[\"http:\/\/www.visit-ulcinj.com\"],\"url\":\"https:\/\/www.visit-ulcinj.com\/blog\/author\/admin\/\"}]}<\/script>\n<!-- \/ Yoast SEO plugin. -->","yoast_head_json":{"title":"S.Adrovic: ULCINJ 2020. GODINE - Lajme nga Ulqini","description":"Ulcinj, januar, 2020\u2013 Premijer Du\u0161ko Markovi\u0107 boravio je danas u radnoj posjeti Ulcinju i tom prilikom sa predsjednikom Op\u0161tine Nazifom Cunguom i \u0161efom","robots":{"index":"index","follow":"follow","max-snippet":"max-snippet:-1","max-image-preview":"max-image-preview:large","max-video-preview":"max-video-preview:-1"},"canonical":"https:\/\/www.visit-ulcinj.com\/blog\/2016\/12\/29\/s-adrovic-ulcinj-2020-godine\/","og_locale":"en_US","og_type":"article","og_title":"S.Adrovic: ULCINJ 2020. GODINE - Lajme nga Ulqini","og_description":"Ulcinj, januar, 2020\u2013 Premijer Du\u0161ko Markovi\u0107 boravio je danas u radnoj posjeti Ulcinju i tom prilikom sa predsjednikom Op\u0161tine Nazifom Cunguom i \u0161efom","og_url":"https:\/\/www.visit-ulcinj.com\/blog\/2016\/12\/29\/s-adrovic-ulcinj-2020-godine\/","og_site_name":"Lajme nga Ulqini","article_published_time":"2016-12-29T14:31:17+00:00","og_image":[{"url":"http:\/\/www.visit-ulcinj.com\/blog\/wp-content\/uploads\/2016\/07\/ulcinj.jpg"}],"twitter_misc":{"Written by":"ulqini","Est. reading time":"5 minutes"},"schema":{"@context":"https:\/\/schema.org","@graph":[{"@type":"WebSite","@id":"https:\/\/www.visit-ulcinj.com\/blog\/#website","url":"https:\/\/www.visit-ulcinj.com\/blog\/","name":"Lajme nga Ulqini","description":"Lajme,Vijesti,Ulqini,Ulqin,Crna Gora,Mali i Zi","potentialAction":[{"@type":"SearchAction","target":{"@type":"EntryPoint","urlTemplate":"https:\/\/www.visit-ulcinj.com\/blog\/?s={search_term_string}"},"query-input":"required name=search_term_string"}],"inLanguage":"en-US"},{"@type":"ImageObject","inLanguage":"en-US","@id":"https:\/\/www.visit-ulcinj.com\/blog\/2016\/12\/29\/s-adrovic-ulcinj-2020-godine\/#primaryimage","url":"https:\/\/www.visit-ulcinj.com\/blog\/wp-content\/uploads\/2016\/07\/ulcinj.jpg","contentUrl":"https:\/\/www.visit-ulcinj.com\/blog\/wp-content\/uploads\/2016\/07\/ulcinj.jpg","width":690,"height":340},{"@type":"WebPage","@id":"https:\/\/www.visit-ulcinj.com\/blog\/2016\/12\/29\/s-adrovic-ulcinj-2020-godine\/#webpage","url":"https:\/\/www.visit-ulcinj.com\/blog\/2016\/12\/29\/s-adrovic-ulcinj-2020-godine\/","name":"S.Adrovic: ULCINJ 2020. GODINE - Lajme nga Ulqini","isPartOf":{"@id":"https:\/\/www.visit-ulcinj.com\/blog\/#website"},"primaryImageOfPage":{"@id":"https:\/\/www.visit-ulcinj.com\/blog\/2016\/12\/29\/s-adrovic-ulcinj-2020-godine\/#primaryimage"},"datePublished":"2016-12-29T14:31:17+00:00","dateModified":"2016-12-29T14:31:17+00:00","author":{"@id":"https:\/\/www.visit-ulcinj.com\/blog\/#\/schema\/person\/dcab619c614d3038751c63bc2aadc06d"},"description":"Ulcinj, januar, 2020\u2013 Premijer Du\u0161ko Markovi\u0107 boravio je danas u radnoj posjeti Ulcinju i tom prilikom sa predsjednikom Op\u0161tine Nazifom Cunguom i \u0161efom","breadcrumb":{"@id":"https:\/\/www.visit-ulcinj.com\/blog\/2016\/12\/29\/s-adrovic-ulcinj-2020-godine\/#breadcrumb"},"inLanguage":"en-US","potentialAction":[{"@type":"ReadAction","target":["https:\/\/www.visit-ulcinj.com\/blog\/2016\/12\/29\/s-adrovic-ulcinj-2020-godine\/"]}]},{"@type":"BreadcrumbList","@id":"https:\/\/www.visit-ulcinj.com\/blog\/2016\/12\/29\/s-adrovic-ulcinj-2020-godine\/#breadcrumb","itemListElement":[{"@type":"ListItem","position":1,"name":"S.Adrovic: ULCINJ 2020. GODINE"}]},{"@type":"Person","@id":"https:\/\/www.visit-ulcinj.com\/blog\/#\/schema\/person\/dcab619c614d3038751c63bc2aadc06d","name":"ulqini","sameAs":["http:\/\/www.visit-ulcinj.com"],"url":"https:\/\/www.visit-ulcinj.com\/blog\/author\/admin\/"}]}},"jetpack_featured_media_url":"","jetpack_sharing_enabled":true,"jetpack_shortlink":"https:\/\/wp.me\/pe6lTn-qwF","_links":{"self":[{"href":"https:\/\/www.visit-ulcinj.com\/blog\/wp-json\/wp\/v2\/posts\/101969"}],"collection":[{"href":"https:\/\/www.visit-ulcinj.com\/blog\/wp-json\/wp\/v2\/posts"}],"about":[{"href":"https:\/\/www.visit-ulcinj.com\/blog\/wp-json\/wp\/v2\/types\/post"}],"author":[{"embeddable":true,"href":"https:\/\/www.visit-ulcinj.com\/blog\/wp-json\/wp\/v2\/users\/1"}],"replies":[{"embeddable":true,"href":"https:\/\/www.visit-ulcinj.com\/blog\/wp-json\/wp\/v2\/comments?post=101969"}],"version-history":[{"count":1,"href":"https:\/\/www.visit-ulcinj.com\/blog\/wp-json\/wp\/v2\/posts\/101969\/revisions"}],"predecessor-version":[{"id":101970,"href":"https:\/\/www.visit-ulcinj.com\/blog\/wp-json\/wp\/v2\/posts\/101969\/revisions\/101970"}],"wp:attachment":[{"href":"https:\/\/www.visit-ulcinj.com\/blog\/wp-json\/wp\/v2\/media?parent=101969"}],"wp:term":[{"taxonomy":"category","embeddable":true,"href":"https:\/\/www.visit-ulcinj.com\/blog\/wp-json\/wp\/v2\/categories?post=101969"},{"taxonomy":"post_tag","embeddable":true,"href":"https:\/\/www.visit-ulcinj.com\/blog\/wp-json\/wp\/v2\/tags?post=101969"}],"curies":[{"name":"wp","href":"https:\/\/api.w.org\/{rel}","templated":true}]}}