{"id":101973,"date":"2016-12-29T19:21:14","date_gmt":"2016-12-29T18:21:14","guid":{"rendered":"http:\/\/www.visit-ulcinj.com\/blog\/?p=101973"},"modified":"2016-12-29T19:23:21","modified_gmt":"2016-12-29T18:23:21","slug":"nimanbegu-kenaqur-votimin-e-planit-hapsinor-te-komunes-se-ulqinit","status":"publish","type":"post","link":"https:\/\/www.visit-ulcinj.com\/blog\/2016\/12\/29\/nimanbegu-kenaqur-votimin-e-planit-hapsinor-te-komunes-se-ulqinit\/","title":{"rendered":"Nimanbegu i k\u00ebnaqur me votimin e Planit Hapsinor t\u00eb Komun\u00ebs s\u00eb Ulqinit"},"content":{"rendered":"<p><strong><a href=\"http:\/\/www.visit-ulcinj.com\/blog\/wp-content\/uploads\/2016\/12\/Genci-Nimanbegu.jpg\"><img loading=\"lazy\" class=\"alignleft wp-image-101974\" src=\"http:\/\/www.visit-ulcinj.com\/blog\/wp-content\/uploads\/2016\/12\/Genci-Nimanbegu.jpg\" alt=\"Genci-Nimanbegu\" width=\"508\" height=\"339\" srcset=\"https:\/\/www.visit-ulcinj.com\/blog\/wp-content\/uploads\/2016\/12\/Genci-Nimanbegu.jpg 900w, https:\/\/www.visit-ulcinj.com\/blog\/wp-content\/uploads\/2016\/12\/Genci-Nimanbegu-300x200.jpg 300w, https:\/\/www.visit-ulcinj.com\/blog\/wp-content\/uploads\/2016\/12\/Genci-Nimanbegu-768x512.jpg 768w\" sizes=\"(max-width: 508px) 100vw, 508px\" \/><\/a>T\u00eb nderuar miq,<\/strong><br \/>\nKuvendi i Ulqinit, pas shum\u00eb vitesh, me 28.12.2016. ka miratuar Planin Hapsinor Urbanistik p\u00ebr Komun\u00ebn e Ulqinit. P\u00ebr k\u00ebt\u00eb plan kemi punuar shum\u00eb koh\u00eb duke i inkuadruar edhe v\u00ebrejtjet e qytetar\u00ebve dhe t\u00eb vet\u00eb Komun\u00ebs. Dua t\u00eb theksoj faktin se kjo pik\u00eb \u00ebsht\u00eb miratuar edhe si pjes\u00eb e Marr\u00ebveshtjes s\u00eb n\u00ebnshkruar muajin e kaluar me partner\u00ebt e koalicionit qeveris\u00ebs t\u00eb Malit t\u00eb Zi, sepse PHU s\u00eb bashku me v\u00ebrejtjet ishin pjes\u00eb e kushteve t\u00eb Marr\u00ebveshtjes.<br \/>\nJan\u00eb t\u00eb m<span class=\"text_exposed_show\">rojtura zonat ky\u00e7e: Valdanosi dhe Kryporja jan\u00eb pa nd\u00ebrtime si dhe zona e Bun\u00ebs \u00ebsht\u00eb e definuar ashtu q\u00eb mund\u00ebson q\u00eb t\u00eb kthehet nga t\u00eb mirat Detare n\u00eb kompetenc\u00eb t\u00eb Komun\u00ebs. <\/span><\/p>\n<p><span class=\"text_exposed_show\"><br \/>\nMe k\u00ebt\u00eb jetsohen n\u00eb Plan Hapsinor t\u00eb Komun\u00ebs (PHU ULqin) q\u00ebndrimet e politike e Shqiptar\u00ebve t\u00eb Vendosur (Forca, Udsh dhe ASH) por edhe shum\u00eb qytetar\u00ebve, shoqatave jo-qeveitare dhe bashk\u00ebsis\u00eb nd\u00ebrkombtare p\u00ebr k\u00ebto zona.<br \/>\nT\u00eb gjith\u00eb k\u00ebshilltar\u00ebt q\u00eb e votuan ishin pjes\u00eb e vendimarrjes n\u00eb interes\u00eb t\u00eb p\u00ebrgjithsh\u00ebm sepse definimi planifikues p\u00ebr Valdanosin, Kryporen, t\u00eb Mirave detare \u00ebsht\u00eb dicka me t\u00eb cilin kemi shpenzu energji vite me radh dhe tani energjia t\u00eb fokusohet n\u00eb projekte zhvillimore.<\/span><\/p>\n<p><span class=\"text_exposed_show\"><br \/>\nJam i k\u00ebnaqur se qytetar\u00ebt tan\u00eb m\u00eb n\u00eb fund mund t\u00eb fillojn\u00eb t\u00eb planifikojne me kushte te rregullta dhe plane urbanistike, kurse un\u00eb, nga pozicioni q\u00eb mbuloj do t\u00eb vazhdoj misionin tim n\u00eb mbrojtjen e \u00e7\u00ebshtjeve tona madhore.<\/span><\/p>\n<p>&nbsp;<\/p>\n<p id=\"js_5ih\" class=\"_5pbw _5vra\" data-ft=\"{&quot;tn&quot;:&quot;C&quot;}\"><strong><span class=\"fwn fcg\"><span class=\"fwb fcg\" data-ft=\"{&quot;tn&quot;:&quot;k&quot;}\"><a id=\"js_77g\" href=\"https:\/\/www.facebook.com\/Genci-Nimanbegu-55170799027\/?hc_ref=NEWSFEED&amp;fref=nf\" data-hovercard=\"\/ajax\/hovercard\/page.php?id=55170799027&amp;extragetparams=%7B%22hc_ref%22%3A%22NEWSFEED%22%2C%22fref%22%3A%22nf%22%7D\" data-hovercard-prefer-more-content-show=\"1\">Genci Nimanbegu Facebook<\/a><\/span><\/span><\/strong><\/p>\n","protected":false},"excerpt":{"rendered":"<p>T\u00eb nderuar miq, Kuvendi i Ulqinit, pas shum\u00eb vitesh, me 28.12.2016. ka miratuar Planin Hapsinor Urbanistik p\u00ebr Komun\u00ebn e Ulqinit. P\u00ebr k\u00ebt\u00eb plan kemi punuar shum\u00eb koh\u00eb duke i inkuadruar edhe v\u00ebrejtjet e qytetar\u00ebve dhe t\u00eb vet\u00eb Komun\u00ebs. Dua t\u00eb theksoj faktin se kjo pik\u00eb \u00ebsht\u00eb miratuar edhe si pjes\u00eb e Marr\u00ebveshtjes s\u00eb n\u00ebnshkruar muajin [&hellip;]<\/p>\n","protected":false},"author":1,"featured_media":0,"comment_status":"closed","ping_status":"closed","sticky":false,"template":"","format":"standard","meta":{"spay_email":"","jetpack_publicize_message":"","jetpack_is_tweetstorm":false,"jetpack_publicize_feature_enabled":true},"categories":[6],"tags":[],"jetpack_publicize_connections":[],"yoast_head":"<!-- This site is optimized with the Yoast SEO plugin v19.1 - https:\/\/yoast.com\/wordpress\/plugins\/seo\/ -->\n<title>Nimanbegu i k\u00ebnaqur me votimin e Planit Hapsinor t\u00eb Komun\u00ebs s\u00eb Ulqinit - Lajme nga Ulqini<\/title>\n<meta name=\"description\" content=\"T\u00eb nderuar miq, Kuvendi i Ulqinit, pas shum\u00eb vitesh, me 28.12.2016. ka miratuar Planin Hapsinor Urbanistik p\u00ebr Komun\u00ebn e Ulqinit. P\u00ebr k\u00ebt\u00eb plan kemi\" \/>\n<meta name=\"robots\" content=\"index, follow, max-snippet:-1, max-image-preview:large, max-video-preview:-1\" \/>\n<link rel=\"canonical\" href=\"https:\/\/www.visit-ulcinj.com\/blog\/2016\/12\/29\/nimanbegu-kenaqur-votimin-e-planit-hapsinor-te-komunes-se-ulqinit\/\" \/>\n<meta property=\"og:locale\" content=\"en_US\" \/>\n<meta property=\"og:type\" content=\"article\" \/>\n<meta property=\"og:title\" content=\"Nimanbegu i k\u00ebnaqur me votimin e Planit Hapsinor t\u00eb Komun\u00ebs s\u00eb Ulqinit - Lajme nga Ulqini\" \/>\n<meta property=\"og:description\" content=\"T\u00eb nderuar miq, Kuvendi i Ulqinit, pas shum\u00eb vitesh, me 28.12.2016. ka miratuar Planin Hapsinor Urbanistik p\u00ebr Komun\u00ebn e Ulqinit. P\u00ebr k\u00ebt\u00eb plan kemi\" \/>\n<meta property=\"og:url\" content=\"https:\/\/www.visit-ulcinj.com\/blog\/2016\/12\/29\/nimanbegu-kenaqur-votimin-e-planit-hapsinor-te-komunes-se-ulqinit\/\" \/>\n<meta property=\"og:site_name\" content=\"Lajme nga Ulqini\" \/>\n<meta property=\"article:published_time\" content=\"2016-12-29T18:21:14+00:00\" \/>\n<meta property=\"article:modified_time\" content=\"2016-12-29T18:23:21+00:00\" \/>\n<meta property=\"og:image\" content=\"http:\/\/www.visit-ulcinj.com\/blog\/wp-content\/uploads\/2016\/12\/Genci-Nimanbegu.jpg\" \/>\n<meta name=\"twitter:label1\" content=\"Written by\" \/>\n\t<meta name=\"twitter:data1\" content=\"ulqini\" \/>\n\t<meta name=\"twitter:label2\" content=\"Est. reading time\" \/>\n\t<meta name=\"twitter:data2\" content=\"1 minute\" \/>\n<script type=\"application\/ld+json\" class=\"yoast-schema-graph\">{\"@context\":\"https:\/\/schema.org\",\"@graph\":[{\"@type\":\"WebSite\",\"@id\":\"https:\/\/www.visit-ulcinj.com\/blog\/#website\",\"url\":\"https:\/\/www.visit-ulcinj.com\/blog\/\",\"name\":\"Lajme nga Ulqini\",\"description\":\"Lajme,Vijesti,Ulqini,Ulqin,Crna Gora,Mali i Zi\",\"potentialAction\":[{\"@type\":\"SearchAction\",\"target\":{\"@type\":\"EntryPoint\",\"urlTemplate\":\"https:\/\/www.visit-ulcinj.com\/blog\/?s={search_term_string}\"},\"query-input\":\"required name=search_term_string\"}],\"inLanguage\":\"en-US\"},{\"@type\":\"ImageObject\",\"inLanguage\":\"en-US\",\"@id\":\"https:\/\/www.visit-ulcinj.com\/blog\/2016\/12\/29\/nimanbegu-kenaqur-votimin-e-planit-hapsinor-te-komunes-se-ulqinit\/#primaryimage\",\"url\":\"https:\/\/www.visit-ulcinj.com\/blog\/wp-content\/uploads\/2016\/12\/Genci-Nimanbegu.jpg\",\"contentUrl\":\"https:\/\/www.visit-ulcinj.com\/blog\/wp-content\/uploads\/2016\/12\/Genci-Nimanbegu.jpg\",\"width\":900,\"height\":600},{\"@type\":\"WebPage\",\"@id\":\"https:\/\/www.visit-ulcinj.com\/blog\/2016\/12\/29\/nimanbegu-kenaqur-votimin-e-planit-hapsinor-te-komunes-se-ulqinit\/#webpage\",\"url\":\"https:\/\/www.visit-ulcinj.com\/blog\/2016\/12\/29\/nimanbegu-kenaqur-votimin-e-planit-hapsinor-te-komunes-se-ulqinit\/\",\"name\":\"Nimanbegu i k\u00ebnaqur me votimin e Planit Hapsinor t\u00eb Komun\u00ebs s\u00eb Ulqinit - Lajme nga Ulqini\",\"isPartOf\":{\"@id\":\"https:\/\/www.visit-ulcinj.com\/blog\/#website\"},\"primaryImageOfPage\":{\"@id\":\"https:\/\/www.visit-ulcinj.com\/blog\/2016\/12\/29\/nimanbegu-kenaqur-votimin-e-planit-hapsinor-te-komunes-se-ulqinit\/#primaryimage\"},\"datePublished\":\"2016-12-29T18:21:14+00:00\",\"dateModified\":\"2016-12-29T18:23:21+00:00\",\"author\":{\"@id\":\"https:\/\/www.visit-ulcinj.com\/blog\/#\/schema\/person\/dcab619c614d3038751c63bc2aadc06d\"},\"description\":\"T\u00eb nderuar miq, Kuvendi i Ulqinit, pas shum\u00eb vitesh, me 28.12.2016. ka miratuar Planin Hapsinor Urbanistik p\u00ebr Komun\u00ebn e Ulqinit. P\u00ebr k\u00ebt\u00eb plan kemi\",\"breadcrumb\":{\"@id\":\"https:\/\/www.visit-ulcinj.com\/blog\/2016\/12\/29\/nimanbegu-kenaqur-votimin-e-planit-hapsinor-te-komunes-se-ulqinit\/#breadcrumb\"},\"inLanguage\":\"en-US\",\"potentialAction\":[{\"@type\":\"ReadAction\",\"target\":[\"https:\/\/www.visit-ulcinj.com\/blog\/2016\/12\/29\/nimanbegu-kenaqur-votimin-e-planit-hapsinor-te-komunes-se-ulqinit\/\"]}]},{\"@type\":\"BreadcrumbList\",\"@id\":\"https:\/\/www.visit-ulcinj.com\/blog\/2016\/12\/29\/nimanbegu-kenaqur-votimin-e-planit-hapsinor-te-komunes-se-ulqinit\/#breadcrumb\",\"itemListElement\":[{\"@type\":\"ListItem\",\"position\":1,\"name\":\"Nimanbegu i k\u00ebnaqur me votimin e Planit Hapsinor t\u00eb Komun\u00ebs s\u00eb Ulqinit\"}]},{\"@type\":\"Person\",\"@id\":\"https:\/\/www.visit-ulcinj.com\/blog\/#\/schema\/person\/dcab619c614d3038751c63bc2aadc06d\",\"name\":\"ulqini\",\"sameAs\":[\"http:\/\/www.visit-ulcinj.com\"],\"url\":\"https:\/\/www.visit-ulcinj.com\/blog\/author\/admin\/\"}]}<\/script>\n<!-- \/ Yoast SEO plugin. -->","yoast_head_json":{"title":"Nimanbegu i k\u00ebnaqur me votimin e Planit Hapsinor t\u00eb Komun\u00ebs s\u00eb Ulqinit - Lajme nga Ulqini","description":"T\u00eb nderuar miq, Kuvendi i Ulqinit, pas shum\u00eb vitesh, me 28.12.2016. ka miratuar Planin Hapsinor Urbanistik p\u00ebr Komun\u00ebn e Ulqinit. P\u00ebr k\u00ebt\u00eb plan kemi","robots":{"index":"index","follow":"follow","max-snippet":"max-snippet:-1","max-image-preview":"max-image-preview:large","max-video-preview":"max-video-preview:-1"},"canonical":"https:\/\/www.visit-ulcinj.com\/blog\/2016\/12\/29\/nimanbegu-kenaqur-votimin-e-planit-hapsinor-te-komunes-se-ulqinit\/","og_locale":"en_US","og_type":"article","og_title":"Nimanbegu i k\u00ebnaqur me votimin e Planit Hapsinor t\u00eb Komun\u00ebs s\u00eb Ulqinit - Lajme nga Ulqini","og_description":"T\u00eb nderuar miq, Kuvendi i Ulqinit, pas shum\u00eb vitesh, me 28.12.2016. ka miratuar Planin Hapsinor Urbanistik p\u00ebr Komun\u00ebn e Ulqinit. P\u00ebr k\u00ebt\u00eb plan kemi","og_url":"https:\/\/www.visit-ulcinj.com\/blog\/2016\/12\/29\/nimanbegu-kenaqur-votimin-e-planit-hapsinor-te-komunes-se-ulqinit\/","og_site_name":"Lajme nga Ulqini","article_published_time":"2016-12-29T18:21:14+00:00","article_modified_time":"2016-12-29T18:23:21+00:00","og_image":[{"url":"http:\/\/www.visit-ulcinj.com\/blog\/wp-content\/uploads\/2016\/12\/Genci-Nimanbegu.jpg"}],"twitter_misc":{"Written by":"ulqini","Est. reading time":"1 minute"},"schema":{"@context":"https:\/\/schema.org","@graph":[{"@type":"WebSite","@id":"https:\/\/www.visit-ulcinj.com\/blog\/#website","url":"https:\/\/www.visit-ulcinj.com\/blog\/","name":"Lajme nga Ulqini","description":"Lajme,Vijesti,Ulqini,Ulqin,Crna Gora,Mali i Zi","potentialAction":[{"@type":"SearchAction","target":{"@type":"EntryPoint","urlTemplate":"https:\/\/www.visit-ulcinj.com\/blog\/?s={search_term_string}"},"query-input":"required name=search_term_string"}],"inLanguage":"en-US"},{"@type":"ImageObject","inLanguage":"en-US","@id":"https:\/\/www.visit-ulcinj.com\/blog\/2016\/12\/29\/nimanbegu-kenaqur-votimin-e-planit-hapsinor-te-komunes-se-ulqinit\/#primaryimage","url":"https:\/\/www.visit-ulcinj.com\/blog\/wp-content\/uploads\/2016\/12\/Genci-Nimanbegu.jpg","contentUrl":"https:\/\/www.visit-ulcinj.com\/blog\/wp-content\/uploads\/2016\/12\/Genci-Nimanbegu.jpg","width":900,"height":600},{"@type":"WebPage","@id":"https:\/\/www.visit-ulcinj.com\/blog\/2016\/12\/29\/nimanbegu-kenaqur-votimin-e-planit-hapsinor-te-komunes-se-ulqinit\/#webpage","url":"https:\/\/www.visit-ulcinj.com\/blog\/2016\/12\/29\/nimanbegu-kenaqur-votimin-e-planit-hapsinor-te-komunes-se-ulqinit\/","name":"Nimanbegu i k\u00ebnaqur me votimin e Planit Hapsinor t\u00eb Komun\u00ebs s\u00eb Ulqinit - Lajme nga Ulqini","isPartOf":{"@id":"https:\/\/www.visit-ulcinj.com\/blog\/#website"},"primaryImageOfPage":{"@id":"https:\/\/www.visit-ulcinj.com\/blog\/2016\/12\/29\/nimanbegu-kenaqur-votimin-e-planit-hapsinor-te-komunes-se-ulqinit\/#primaryimage"},"datePublished":"2016-12-29T18:21:14+00:00","dateModified":"2016-12-29T18:23:21+00:00","author":{"@id":"https:\/\/www.visit-ulcinj.com\/blog\/#\/schema\/person\/dcab619c614d3038751c63bc2aadc06d"},"description":"T\u00eb nderuar miq, Kuvendi i Ulqinit, pas shum\u00eb vitesh, me 28.12.2016. ka miratuar Planin Hapsinor Urbanistik p\u00ebr Komun\u00ebn e Ulqinit. P\u00ebr k\u00ebt\u00eb plan kemi","breadcrumb":{"@id":"https:\/\/www.visit-ulcinj.com\/blog\/2016\/12\/29\/nimanbegu-kenaqur-votimin-e-planit-hapsinor-te-komunes-se-ulqinit\/#breadcrumb"},"inLanguage":"en-US","potentialAction":[{"@type":"ReadAction","target":["https:\/\/www.visit-ulcinj.com\/blog\/2016\/12\/29\/nimanbegu-kenaqur-votimin-e-planit-hapsinor-te-komunes-se-ulqinit\/"]}]},{"@type":"BreadcrumbList","@id":"https:\/\/www.visit-ulcinj.com\/blog\/2016\/12\/29\/nimanbegu-kenaqur-votimin-e-planit-hapsinor-te-komunes-se-ulqinit\/#breadcrumb","itemListElement":[{"@type":"ListItem","position":1,"name":"Nimanbegu i k\u00ebnaqur me votimin e Planit Hapsinor t\u00eb Komun\u00ebs s\u00eb Ulqinit"}]},{"@type":"Person","@id":"https:\/\/www.visit-ulcinj.com\/blog\/#\/schema\/person\/dcab619c614d3038751c63bc2aadc06d","name":"ulqini","sameAs":["http:\/\/www.visit-ulcinj.com"],"url":"https:\/\/www.visit-ulcinj.com\/blog\/author\/admin\/"}]}},"jetpack_featured_media_url":"","jetpack_sharing_enabled":true,"jetpack_shortlink":"https:\/\/wp.me\/pe6lTn-qwJ","_links":{"self":[{"href":"https:\/\/www.visit-ulcinj.com\/blog\/wp-json\/wp\/v2\/posts\/101973"}],"collection":[{"href":"https:\/\/www.visit-ulcinj.com\/blog\/wp-json\/wp\/v2\/posts"}],"about":[{"href":"https:\/\/www.visit-ulcinj.com\/blog\/wp-json\/wp\/v2\/types\/post"}],"author":[{"embeddable":true,"href":"https:\/\/www.visit-ulcinj.com\/blog\/wp-json\/wp\/v2\/users\/1"}],"replies":[{"embeddable":true,"href":"https:\/\/www.visit-ulcinj.com\/blog\/wp-json\/wp\/v2\/comments?post=101973"}],"version-history":[{"count":1,"href":"https:\/\/www.visit-ulcinj.com\/blog\/wp-json\/wp\/v2\/posts\/101973\/revisions"}],"predecessor-version":[{"id":101975,"href":"https:\/\/www.visit-ulcinj.com\/blog\/wp-json\/wp\/v2\/posts\/101973\/revisions\/101975"}],"wp:attachment":[{"href":"https:\/\/www.visit-ulcinj.com\/blog\/wp-json\/wp\/v2\/media?parent=101973"}],"wp:term":[{"taxonomy":"category","embeddable":true,"href":"https:\/\/www.visit-ulcinj.com\/blog\/wp-json\/wp\/v2\/categories?post=101973"},{"taxonomy":"post_tag","embeddable":true,"href":"https:\/\/www.visit-ulcinj.com\/blog\/wp-json\/wp\/v2\/tags?post=101973"}],"curies":[{"name":"wp","href":"https:\/\/api.w.org\/{rel}","templated":true}]}}