{"id":101976,"date":"2016-12-30T06:37:42","date_gmt":"2016-12-30T05:37:42","guid":{"rendered":"http:\/\/www.visit-ulcinj.com\/blog\/?p=101976"},"modified":"2016-12-30T06:38:08","modified_gmt":"2016-12-30T05:38:08","slug":"reagon-shoqata-malesia-e-madhe-ne-new-york-ndaj-dresheviqit","status":"publish","type":"post","link":"https:\/\/www.visit-ulcinj.com\/blog\/2016\/12\/30\/reagon-shoqata-malesia-e-madhe-ne-new-york-ndaj-dresheviqit\/","title":{"rendered":"Reagon Shoqata \u201cMal\u00ebsia e Madhe\u201d n\u00eb New York ndaj Dresheviqit"},"content":{"rendered":"<p class=\"entry-title post-title\" style=\"text-align: center;\"><strong><a href=\"http:\/\/www.visit-ulcinj.com\/blog\/wp-content\/uploads\/2016\/12\/Shoqata-Mal\u00ebsia-e-Madhe-n\u00eb-New-York.jpg\"><img loading=\"lazy\" class=\"alignleft wp-image-101977\" src=\"http:\/\/www.visit-ulcinj.com\/blog\/wp-content\/uploads\/2016\/12\/Shoqata-Mal\u00ebsia-e-Madhe-n\u00eb-New-York.jpg\" alt=\"Shoqata Mal\u00ebsia e Madhe n\u00eb New York\" width=\"508\" height=\"376\" srcset=\"https:\/\/www.visit-ulcinj.com\/blog\/wp-content\/uploads\/2016\/12\/Shoqata-Mal\u00ebsia-e-Madhe-n\u00eb-New-York.jpg 960w, https:\/\/www.visit-ulcinj.com\/blog\/wp-content\/uploads\/2016\/12\/Shoqata-Mal\u00ebsia-e-Madhe-n\u00eb-New-York-300x222.jpg 300w, https:\/\/www.visit-ulcinj.com\/blog\/wp-content\/uploads\/2016\/12\/Shoqata-Mal\u00ebsia-e-Madhe-n\u00eb-New-York-768x569.jpg 768w\" sizes=\"(max-width: 508px) 100vw, 508px\" \/><\/a>Shqiptar\u00ebt e Malit t\u00eb Zi jan\u00eb autokton<\/strong><\/p>\n<p>Pas deklaratave antishqiptare t\u00eb Nezhat Dresheviq, Shoqata Mal\u00ebsia e Madhe n\u00eb New York ka reaguar duke theksuar se shqiptar\u00ebt e Malit t\u00eb Zi jan\u00eb autokton n\u00eb trojet e tyre.<\/p>\n<p>Sipas tyre, shqip\u00ebtar\u00ebt jan\u00eb vazhdim\u00ebsia e Iliris\u00eb dhe Arb\u00ebris\u00eb.<\/p>\n<p><strong>Ja reagimi i plot\u00eb:\u00a0<\/strong>Reagim i Shoqatave atdhetare \u201cMal\u00ebsia e Madhe\u201d n\u00eb Detroit dhe New York lidhur me deklaratat antishqiptare t\u00eb Dr. Nezhat Dresheviq<\/p>\n<p>Shqiptar\u00ebt e Malit t\u00eb Zi jetojn\u00eb n\u00eb trojet e tyre etnike. Ata kane banuar ne menyre te panderprere ne trojet e tyre, nga antikiteti, mesjeta dhe koha moderne, kan\u00eb folur e gjuh\u00ebn e tyre amtare q\u00eb nga koha antike (ilirisht) p\u00ebr te vazhduar pastaj n\u00eb gjuh\u00ebn arb\u00ebrore, e cila nuk \u00ebsht\u00eb gj\u00eb tjet\u00ebr perve\u00e7 vazhdim\u00ebsi e ilirisht\u00ebs dhe trash\u00ebgimi e rend\u00ebsishme e gjuh\u00ebve t\u00eb vjetra indoevropiane.<\/p>\n<p>Sot gjuha shqipe flitet kudo dhe \u00ebsht\u00eb nj\u00ebra nd\u00ebr gjuh\u00ebt m\u00eb t\u00eb rend\u00ebsishme n\u00eb regjionin e Ballkanit t\u00eb cil\u00ebn e flasin rreth 10 milion njer\u00ebz. Shqiptar\u00ebt me dy shtetet e tyre t\u00eb pavarura Republik\u00ebn e Shqip\u00ebris\u00eb dhe Republik\u00ebn e Kosov\u00ebs jan\u00eb avangard\u00eb e mbrojtjes te gjuh\u00ebs, kultur\u00ebs, tradit\u00ebs dhe interesave t\u00eb gjithmbarshme komb\u00ebtare.<\/p>\n<p>Shqiptar\u00ebt e Maqedonis\u00eb partner\u00eb t\u00eb rend\u00ebsish\u00ebm n\u00eb shtetin e p\u00ebrbashk\u00ebt me maqedon\u00ebt, shqiptar\u00ebt e Lugin\u00ebs s\u00eb Presheves me perpjekje t\u00eb parreshtura p\u00ebr perspektive qytetare e komb\u00ebtare, shqiptar\u00ebt e Cam\u00ebris\u00eb q\u00eb po nxjerrin n\u00eb sip\u00ebrfaqe \u00e7\u00ebshtjen e tyre t\u00eb n\u00ebp\u00ebrk\u00ebmbur nd\u00ebr shekuj dhe shqiptar\u00ebt e Malit t\u00eb Zi, t\u00eb cil\u00ebt n\u00eb momentet m\u00eb t\u00eb rend\u00ebsishme p\u00ebr k\u00ebt\u00eb shtet t\u00eb vog\u00ebl ishin percaktues p\u00ebr fatin e Malit t\u00eb Zi, sidomos n\u00eb ndarjen p\u00ebrfundimtare nga Serbia dhe krijimin e shtetit t\u00eb pavarur. Andaj askush n\u00eb Ballkan e aq m\u00eb pak komunitete t\u00eb pa p\u00ebrfillshme, madje t\u00eb krijuara nga asimilimi i trungut shqiptar, p\u00ebr shkak t\u00eb rrjedhave historike nuk guxon dhe nuk mundet t\u00eb lartesoje z\u00ebrin kunder gjuh\u00ebs, kultur\u00ebs, tradit\u00ebs dhe interesave qytetare e komb\u00ebtare t\u00eb shqiptar\u00ebve n\u00eb trojet e tyre n\u00eb Mal t\u00eb Zi, sepse do t\u00eb p\u00ebrballet me forcen e reagimit t\u00eb t\u00eb gjith\u00eb shqiptar\u00ebve kudo n\u00eb bot\u00eb. Destruktiviteti dhe tendenca p\u00ebr t\u00eb mohuar shqiptar\u00ebt mysliman\u00eb e t\u00eb krishter\u00eb n\u00eb Tuz, Mal\u00ebsi dhe gjithandej n\u00eb Mal t\u00eb Zi \u00ebsht\u00eb loj\u00eb e rrezikshme e atyre maskarenj\u00ebve q\u00eb kan\u00eb ikur nga identiteti i tyre shqiptar. Ne shqiptar\u00ebt e Malit t\u00eb Zi, mysliman\u00eb e t\u00eb krishter\u00eb, an\u00ebtar\u00eb t\u00eb Shoqat\u00ebs atdhetare \u201cMal\u00ebsia e Madhe\u201d, nuk i mohojm\u00eb asnjeriu t\u00eb drejt\u00ebn q\u00eb t\u00eb shfaqur ndjesin\u00eb e tij p\u00ebr komb\u00ebsin\u00eb, ose ta nd\u00ebrroj at\u00eb, por reagojm\u00eb ashp\u00ebr ndaj ndaj fyerjes dhe mohimit q\u00eb i b\u00ebh\u00ebt popullit m\u00eb t\u00eb vjet\u00ebr n\u00eb Ballkan. Atij populli i cili i dha qytetrimit bot\u00ebror personalitete nga m\u00eb t\u00eb shquarat n\u00eb periudha t\u00eb ndryshme historike, kur \u201cmohuesit\u201d tan\u00eb jetonin n\u00eb \u201ckope\u201d, ose nuk kishin dalur ende n\u00eb sip\u00ebrfaqe dhe as tani e as at\u00ebhere nuk kan\u00eb pasur asnj\u00eb rend\u00ebsi p\u00ebr vlerat e qytetrimit evropian e bot\u00ebror.<\/p>\n<p>K\u00ebto akte t\u00eb fyerjes dhe mohimit t\u00eb shqiptar\u00ebve tejkalojn\u00eb tendenc\u00ebn duke kaluar n\u00eb akte antiligjore e t\u00eb dhunshme dhe q\u00eb mund t\u00eb shnd\u00ebrroh\u00ebn n\u00eb thirrje kriminale t\u00eb cilat fillimisht shfaqen kund\u00ebr gjuh\u00ebs shqipe kurse m\u00eb von\u00eb mund t\u00eb shnd\u00ebrroh\u00ebn edhe n\u00eb thirrje raciste me baz\u00eb nacional shoviniste antishqiptare. Andaj komunitetet q\u00eb kan\u00eb kriz\u00eb identiteti duhet ta ken\u00eb t\u00eb qart\u00eb q\u00eb gjuha dhe kultura shqipe jan\u00eb monument i rend\u00ebsish\u00ebm i historis\u00eb s\u00eb njer\u00ebzimit dhe jan\u00eb pjes\u00eb e rend\u00ebsishme e historis\u00eb dhe kultur\u00ebs komb\u00ebtare shqiptare. Duke qen\u00eb kaq e rend\u00ebsishme dhe vler\u00eb nacionale p\u00ebr t\u00eb gjith\u00eb shqiptar\u00ebt, ky veprim ekstrem \u00ebsht\u00eb i pa pranuesh\u00ebm dhe aktor\u00ebt duhet t\u00eb ndjeken penalisht p\u00ebr arsye t\u00eb nxitjes s\u00eb dhun\u00ebs nd\u00ebrnacionale dhe mohimit t\u00eb shqiptar\u00ebve.<\/p>\n<p>Partit\u00eb politike shqiptare dhe shoqatat atdhetare duhet t\u00eb reagojn\u00eb nj\u00ebz\u00ebri dhe t\u2019ju b\u00ebjn\u00eb me dije t\u00eb gjith\u00ebve se vet\u00ebm respektimi i vlerave komb\u00ebtare shqiptare dhe reciprociteti jan\u00eb garanc\u00eb p\u00ebr jet\u00eb t\u00eb p\u00ebrbashk\u00ebt.<\/p>\n<p>T\u00eb gjitha qarqet destruktive duhet ta ken\u00eb t\u00eb qart\u00eb se shqiptar\u00ebt jan\u00eb \u201csuperfuqi rajonale\u201d q\u00eb duhet respektuar dhe \u00e7do provokim ndaj tyre mund t\u00eb jet\u00eb me pasoja t\u00eb pa parashikueshme. Shqiptar\u00ebt nuk do t\u00eb lejojn\u00eb c\u00ebnimin e interesave t\u00eb tyre komb\u00ebtare dhe nuk do t\u00eb lejojn\u00eb p\u00ebrdhosjen e gjuh\u00ebs, kultur\u00ebs dhe historis\u00eb s\u00eb tyre komb\u00ebtare.<\/p>\n<p>Koha Jon\u00eb<\/p>\n","protected":false},"excerpt":{"rendered":"<p>Shqiptar\u00ebt e Malit t\u00eb Zi jan\u00eb autokton Pas deklaratave antishqiptare t\u00eb Nezhat Dresheviq, Shoqata Mal\u00ebsia e Madhe n\u00eb New York ka reaguar duke theksuar se shqiptar\u00ebt e Malit t\u00eb Zi jan\u00eb autokton n\u00eb trojet e tyre. Sipas tyre, shqip\u00ebtar\u00ebt jan\u00eb vazhdim\u00ebsia e Iliris\u00eb dhe Arb\u00ebris\u00eb. Ja reagimi i plot\u00eb:\u00a0Reagim i Shoqatave atdhetare \u201cMal\u00ebsia e Madhe\u201d [&hellip;]<\/p>\n","protected":false},"author":1,"featured_media":0,"comment_status":"closed","ping_status":"closed","sticky":false,"template":"","format":"standard","meta":{"spay_email":"","jetpack_publicize_message":"","jetpack_is_tweetstorm":false,"jetpack_publicize_feature_enabled":true},"categories":[7],"tags":[],"jetpack_publicize_connections":[],"yoast_head":"<!-- This site is optimized with the Yoast SEO plugin v19.1 - https:\/\/yoast.com\/wordpress\/plugins\/seo\/ -->\n<title>Reagon Shoqata \u201cMal\u00ebsia e Madhe\u201d n\u00eb New York ndaj Dresheviqit - Lajme nga Ulqini<\/title>\n<meta name=\"description\" content=\"Shqiptar\u00ebt e Malit t\u00eb Zi jan\u00eb autokton Pas deklaratave antishqiptare t\u00eb Nezhat Dresheviq, Shoqata Mal\u00ebsia e Madhe n\u00eb New York ka reaguar duke theksuar se\" \/>\n<meta name=\"robots\" content=\"index, follow, max-snippet:-1, max-image-preview:large, max-video-preview:-1\" \/>\n<link rel=\"canonical\" href=\"https:\/\/www.visit-ulcinj.com\/blog\/2016\/12\/30\/reagon-shoqata-malesia-e-madhe-ne-new-york-ndaj-dresheviqit\/\" \/>\n<meta property=\"og:locale\" content=\"en_US\" \/>\n<meta property=\"og:type\" content=\"article\" \/>\n<meta property=\"og:title\" content=\"Reagon Shoqata \u201cMal\u00ebsia e Madhe\u201d n\u00eb New York ndaj Dresheviqit - Lajme nga Ulqini\" \/>\n<meta property=\"og:description\" content=\"Shqiptar\u00ebt e Malit t\u00eb Zi jan\u00eb autokton Pas deklaratave antishqiptare t\u00eb Nezhat Dresheviq, Shoqata Mal\u00ebsia e Madhe n\u00eb New York ka reaguar duke theksuar se\" \/>\n<meta property=\"og:url\" content=\"https:\/\/www.visit-ulcinj.com\/blog\/2016\/12\/30\/reagon-shoqata-malesia-e-madhe-ne-new-york-ndaj-dresheviqit\/\" \/>\n<meta property=\"og:site_name\" content=\"Lajme nga Ulqini\" \/>\n<meta property=\"article:published_time\" content=\"2016-12-30T05:37:42+00:00\" \/>\n<meta property=\"article:modified_time\" content=\"2016-12-30T05:38:08+00:00\" \/>\n<meta name=\"twitter:label1\" content=\"Written by\" \/>\n\t<meta name=\"twitter:data1\" content=\"ulqini\" \/>\n\t<meta name=\"twitter:label2\" content=\"Est. reading time\" \/>\n\t<meta name=\"twitter:data2\" content=\"4 minutes\" \/>\n<script type=\"application\/ld+json\" class=\"yoast-schema-graph\">{\"@context\":\"https:\/\/schema.org\",\"@graph\":[{\"@type\":\"WebSite\",\"@id\":\"https:\/\/www.visit-ulcinj.com\/blog\/#website\",\"url\":\"https:\/\/www.visit-ulcinj.com\/blog\/\",\"name\":\"Lajme nga Ulqini\",\"description\":\"Lajme,Vijesti,Ulqini,Ulqin,Crna Gora,Mali i Zi\",\"potentialAction\":[{\"@type\":\"SearchAction\",\"target\":{\"@type\":\"EntryPoint\",\"urlTemplate\":\"https:\/\/www.visit-ulcinj.com\/blog\/?s={search_term_string}\"},\"query-input\":\"required name=search_term_string\"}],\"inLanguage\":\"en-US\"},{\"@type\":\"WebPage\",\"@id\":\"https:\/\/www.visit-ulcinj.com\/blog\/2016\/12\/30\/reagon-shoqata-malesia-e-madhe-ne-new-york-ndaj-dresheviqit\/#webpage\",\"url\":\"https:\/\/www.visit-ulcinj.com\/blog\/2016\/12\/30\/reagon-shoqata-malesia-e-madhe-ne-new-york-ndaj-dresheviqit\/\",\"name\":\"Reagon Shoqata \u201cMal\u00ebsia e Madhe\u201d n\u00eb New York ndaj Dresheviqit - Lajme nga Ulqini\",\"isPartOf\":{\"@id\":\"https:\/\/www.visit-ulcinj.com\/blog\/#website\"},\"datePublished\":\"2016-12-30T05:37:42+00:00\",\"dateModified\":\"2016-12-30T05:38:08+00:00\",\"author\":{\"@id\":\"https:\/\/www.visit-ulcinj.com\/blog\/#\/schema\/person\/dcab619c614d3038751c63bc2aadc06d\"},\"description\":\"Shqiptar\u00ebt e Malit t\u00eb Zi jan\u00eb autokton Pas deklaratave antishqiptare t\u00eb Nezhat Dresheviq, Shoqata Mal\u00ebsia e Madhe n\u00eb New York ka reaguar duke theksuar se\",\"breadcrumb\":{\"@id\":\"https:\/\/www.visit-ulcinj.com\/blog\/2016\/12\/30\/reagon-shoqata-malesia-e-madhe-ne-new-york-ndaj-dresheviqit\/#breadcrumb\"},\"inLanguage\":\"en-US\",\"potentialAction\":[{\"@type\":\"ReadAction\",\"target\":[\"https:\/\/www.visit-ulcinj.com\/blog\/2016\/12\/30\/reagon-shoqata-malesia-e-madhe-ne-new-york-ndaj-dresheviqit\/\"]}]},{\"@type\":\"BreadcrumbList\",\"@id\":\"https:\/\/www.visit-ulcinj.com\/blog\/2016\/12\/30\/reagon-shoqata-malesia-e-madhe-ne-new-york-ndaj-dresheviqit\/#breadcrumb\",\"itemListElement\":[{\"@type\":\"ListItem\",\"position\":1,\"name\":\"Reagon Shoqata \u201cMal\u00ebsia e Madhe\u201d n\u00eb New York ndaj Dresheviqit\"}]},{\"@type\":\"Person\",\"@id\":\"https:\/\/www.visit-ulcinj.com\/blog\/#\/schema\/person\/dcab619c614d3038751c63bc2aadc06d\",\"name\":\"ulqini\",\"sameAs\":[\"http:\/\/www.visit-ulcinj.com\"],\"url\":\"https:\/\/www.visit-ulcinj.com\/blog\/author\/admin\/\"}]}<\/script>\n<!-- \/ Yoast SEO plugin. -->","yoast_head_json":{"title":"Reagon Shoqata \u201cMal\u00ebsia e Madhe\u201d n\u00eb New York ndaj Dresheviqit - Lajme nga Ulqini","description":"Shqiptar\u00ebt e Malit t\u00eb Zi jan\u00eb autokton Pas deklaratave antishqiptare t\u00eb Nezhat Dresheviq, Shoqata Mal\u00ebsia e Madhe n\u00eb New York ka reaguar duke theksuar se","robots":{"index":"index","follow":"follow","max-snippet":"max-snippet:-1","max-image-preview":"max-image-preview:large","max-video-preview":"max-video-preview:-1"},"canonical":"https:\/\/www.visit-ulcinj.com\/blog\/2016\/12\/30\/reagon-shoqata-malesia-e-madhe-ne-new-york-ndaj-dresheviqit\/","og_locale":"en_US","og_type":"article","og_title":"Reagon Shoqata \u201cMal\u00ebsia e Madhe\u201d n\u00eb New York ndaj Dresheviqit - Lajme nga Ulqini","og_description":"Shqiptar\u00ebt e Malit t\u00eb Zi jan\u00eb autokton Pas deklaratave antishqiptare t\u00eb Nezhat Dresheviq, Shoqata Mal\u00ebsia e Madhe n\u00eb New York ka reaguar duke theksuar se","og_url":"https:\/\/www.visit-ulcinj.com\/blog\/2016\/12\/30\/reagon-shoqata-malesia-e-madhe-ne-new-york-ndaj-dresheviqit\/","og_site_name":"Lajme nga Ulqini","article_published_time":"2016-12-30T05:37:42+00:00","article_modified_time":"2016-12-30T05:38:08+00:00","twitter_misc":{"Written by":"ulqini","Est. reading time":"4 minutes"},"schema":{"@context":"https:\/\/schema.org","@graph":[{"@type":"WebSite","@id":"https:\/\/www.visit-ulcinj.com\/blog\/#website","url":"https:\/\/www.visit-ulcinj.com\/blog\/","name":"Lajme nga Ulqini","description":"Lajme,Vijesti,Ulqini,Ulqin,Crna Gora,Mali i Zi","potentialAction":[{"@type":"SearchAction","target":{"@type":"EntryPoint","urlTemplate":"https:\/\/www.visit-ulcinj.com\/blog\/?s={search_term_string}"},"query-input":"required name=search_term_string"}],"inLanguage":"en-US"},{"@type":"WebPage","@id":"https:\/\/www.visit-ulcinj.com\/blog\/2016\/12\/30\/reagon-shoqata-malesia-e-madhe-ne-new-york-ndaj-dresheviqit\/#webpage","url":"https:\/\/www.visit-ulcinj.com\/blog\/2016\/12\/30\/reagon-shoqata-malesia-e-madhe-ne-new-york-ndaj-dresheviqit\/","name":"Reagon Shoqata \u201cMal\u00ebsia e Madhe\u201d n\u00eb New York ndaj Dresheviqit - Lajme nga Ulqini","isPartOf":{"@id":"https:\/\/www.visit-ulcinj.com\/blog\/#website"},"datePublished":"2016-12-30T05:37:42+00:00","dateModified":"2016-12-30T05:38:08+00:00","author":{"@id":"https:\/\/www.visit-ulcinj.com\/blog\/#\/schema\/person\/dcab619c614d3038751c63bc2aadc06d"},"description":"Shqiptar\u00ebt e Malit t\u00eb Zi jan\u00eb autokton Pas deklaratave antishqiptare t\u00eb Nezhat Dresheviq, Shoqata Mal\u00ebsia e Madhe n\u00eb New York ka reaguar duke theksuar se","breadcrumb":{"@id":"https:\/\/www.visit-ulcinj.com\/blog\/2016\/12\/30\/reagon-shoqata-malesia-e-madhe-ne-new-york-ndaj-dresheviqit\/#breadcrumb"},"inLanguage":"en-US","potentialAction":[{"@type":"ReadAction","target":["https:\/\/www.visit-ulcinj.com\/blog\/2016\/12\/30\/reagon-shoqata-malesia-e-madhe-ne-new-york-ndaj-dresheviqit\/"]}]},{"@type":"BreadcrumbList","@id":"https:\/\/www.visit-ulcinj.com\/blog\/2016\/12\/30\/reagon-shoqata-malesia-e-madhe-ne-new-york-ndaj-dresheviqit\/#breadcrumb","itemListElement":[{"@type":"ListItem","position":1,"name":"Reagon Shoqata \u201cMal\u00ebsia e Madhe\u201d n\u00eb New York ndaj Dresheviqit"}]},{"@type":"Person","@id":"https:\/\/www.visit-ulcinj.com\/blog\/#\/schema\/person\/dcab619c614d3038751c63bc2aadc06d","name":"ulqini","sameAs":["http:\/\/www.visit-ulcinj.com"],"url":"https:\/\/www.visit-ulcinj.com\/blog\/author\/admin\/"}]}},"jetpack_featured_media_url":"","jetpack_sharing_enabled":true,"jetpack_shortlink":"https:\/\/wp.me\/pe6lTn-qwM","_links":{"self":[{"href":"https:\/\/www.visit-ulcinj.com\/blog\/wp-json\/wp\/v2\/posts\/101976"}],"collection":[{"href":"https:\/\/www.visit-ulcinj.com\/blog\/wp-json\/wp\/v2\/posts"}],"about":[{"href":"https:\/\/www.visit-ulcinj.com\/blog\/wp-json\/wp\/v2\/types\/post"}],"author":[{"embeddable":true,"href":"https:\/\/www.visit-ulcinj.com\/blog\/wp-json\/wp\/v2\/users\/1"}],"replies":[{"embeddable":true,"href":"https:\/\/www.visit-ulcinj.com\/blog\/wp-json\/wp\/v2\/comments?post=101976"}],"version-history":[{"count":2,"href":"https:\/\/www.visit-ulcinj.com\/blog\/wp-json\/wp\/v2\/posts\/101976\/revisions"}],"predecessor-version":[{"id":101979,"href":"https:\/\/www.visit-ulcinj.com\/blog\/wp-json\/wp\/v2\/posts\/101976\/revisions\/101979"}],"wp:attachment":[{"href":"https:\/\/www.visit-ulcinj.com\/blog\/wp-json\/wp\/v2\/media?parent=101976"}],"wp:term":[{"taxonomy":"category","embeddable":true,"href":"https:\/\/www.visit-ulcinj.com\/blog\/wp-json\/wp\/v2\/categories?post=101976"},{"taxonomy":"post_tag","embeddable":true,"href":"https:\/\/www.visit-ulcinj.com\/blog\/wp-json\/wp\/v2\/tags?post=101976"}],"curies":[{"name":"wp","href":"https:\/\/api.w.org\/{rel}","templated":true}]}}