{"id":101980,"date":"2016-12-30T20:46:59","date_gmt":"2016-12-30T19:46:59","guid":{"rendered":"http:\/\/www.visit-ulcinj.com\/blog\/?p=101980"},"modified":"2016-12-31T12:33:45","modified_gmt":"2016-12-31T11:33:45","slug":"ulqini-zgjedh-sportistin-te-mire-te-vitit-2016-ahmed-tushi-haxhimehmedin","status":"publish","type":"post","link":"https:\/\/www.visit-ulcinj.com\/blog\/2016\/12\/30\/ulqini-zgjedh-sportistin-te-mire-te-vitit-2016-ahmed-tushi-haxhimehmedin\/","title":{"rendered":"Ulqini zgjedh sportistin m\u00eb t\u00eb mir\u00eb t\u00eb vitit 2016, Ahmed Tushi Haxhimehmedin"},"content":{"rendered":"<p><strong><a href=\"http:\/\/www.visit-ulcinj.com\/blog\/wp-content\/uploads\/2016\/12\/Ahmed-Tushi-Haxhimehmedi-sportisti-vitit-2016-1.jpg\"><img loading=\"lazy\" class=\"alignleft wp-image-101981\" src=\"http:\/\/www.visit-ulcinj.com\/blog\/wp-content\/uploads\/2016\/12\/Ahmed-Tushi-Haxhimehmedi-sportisti-vitit-2016-1.jpg\" alt=\"Ahmed Tushi Haxhimehmedi-sportisti-vitit-2016-1\" width=\"508\" height=\"508\" srcset=\"https:\/\/www.visit-ulcinj.com\/blog\/wp-content\/uploads\/2016\/12\/Ahmed-Tushi-Haxhimehmedi-sportisti-vitit-2016-1.jpg 540w, https:\/\/www.visit-ulcinj.com\/blog\/wp-content\/uploads\/2016\/12\/Ahmed-Tushi-Haxhimehmedi-sportisti-vitit-2016-1-150x150.jpg 150w, https:\/\/www.visit-ulcinj.com\/blog\/wp-content\/uploads\/2016\/12\/Ahmed-Tushi-Haxhimehmedi-sportisti-vitit-2016-1-300x300.jpg 300w\" sizes=\"(max-width: 508px) 100vw, 508px\" \/><\/a>N\u00eb p\u00ebrmbyllje t\u00eb aktiviteteve p\u00ebr k\u00ebt\u00eb vit, Komuna e Ulqinit shp\u00ebrbleu me mir\u00ebnjohje sportist\u00ebt t\u00eb cil\u00ebt u treguan m\u00eb t\u00eb suksesshmit gjat\u00eb vitit 2016<\/strong>.<\/p>\n<p>N\u00eb ambientet e hotelit Mediteran u mbajt kokteji tradicional i fundvitit i organizuar nga Komuna e Ulqinit. N\u00eb fjal\u00ebn e tij kryetari i Komun\u00ebs s\u00eb Ulqinit Nazif Cungu vler\u00ebsoi se viti 2016 ka qen\u00eb vit me sfida t\u00eb shumta p\u00ebr pushtetin lokal n\u00eb t\u00eb cilin puna \u00ebsht\u00eb fokusuar n\u00eb konsolidimin e stabilitetit financiar, por nuk jan\u00eb l\u00ebn\u00eb pas dore as sferat e tjera.<\/p>\n<p>P\u00ebrve\u00e7 sportist\u00ebve, komuna ndau mir\u00ebnjohje edhe p\u00ebr trajner\u00ebt m\u00eb t\u00eb mire dhe pun\u00ebtoret\u00a0 t\u00eb k\u00ebsaj komune p\u00ebr kontributin e tyre n\u00eb sport.<\/p>\n<p>N\u00eb koktej u b\u00eb edhe shp\u00ebrndarja e mir\u00ebnjohejeve p\u00ebr kolektiv\u00ebt m\u00eb t\u00eb dalluar n\u00eb vitin e kaluar, si dhe nx\u00ebn\u00ebsit dhe sportist\u00ebt m\u00eb t\u00eb mir\u00eb. Mir\u00ebnjohje u dhan\u00eb edhe p\u00ebr polic\u00ebt e dalluar, kolektivin e Sh\u00ebrbimit t\u00eb mbrojtjes dhe shp\u00ebtimit, OJQ Horizontit t\u00eb Ri, pun\u00ebtor\u00ebt sportiv,\u00a0 si dhe trajnerin m\u00eb t\u00eb mir\u00eb p\u00ebr Xhemal Kapllanbegun, trajnerin e Otrantit.<\/p>\n<p>Kryetari i komun\u00ebs s\u00ebUlqinit, tha se ndihet krenar me sportist\u00ebt e k\u00ebsaj komune, t\u00eb cil\u00ebt sipas tij, gjithmon\u00eb kan\u00eb qen\u00eb t\u00eb dalluar, ku p\u00ebr sportistin m\u00eb t\u00eb mir\u00ebt t\u00eb vitit u shpall kampioni i Malit t\u00eb Zi n\u00eb kick box Ahmed Tushi Haxhimehmedi.<\/p>\n<p><a href=\"http:\/\/www.visit-ulcinj.com\/blog\/wp-content\/uploads\/2016\/12\/Ahmed-Tushi-Haxhimehmedi-sportisti-vitit-2016.jpg\"><img loading=\"lazy\" class=\"alignleft wp-image-101982\" src=\"http:\/\/www.visit-ulcinj.com\/blog\/wp-content\/uploads\/2016\/12\/Ahmed-Tushi-Haxhimehmedi-sportisti-vitit-2016.jpg\" alt=\"Ahmed Tushi Haxhimehmedi-sportisti-vitit-2016\" width=\"508\" height=\"339\" srcset=\"https:\/\/www.visit-ulcinj.com\/blog\/wp-content\/uploads\/2016\/12\/Ahmed-Tushi-Haxhimehmedi-sportisti-vitit-2016.jpg 960w, https:\/\/www.visit-ulcinj.com\/blog\/wp-content\/uploads\/2016\/12\/Ahmed-Tushi-Haxhimehmedi-sportisti-vitit-2016-300x200.jpg 300w, https:\/\/www.visit-ulcinj.com\/blog\/wp-content\/uploads\/2016\/12\/Ahmed-Tushi-Haxhimehmedi-sportisti-vitit-2016-768x512.jpg 768w\" sizes=\"(max-width: 508px) 100vw, 508px\" \/><\/a><\/p>\n<p><a href=\"http:\/\/www.visit-ulcinj.com\/blog\/wp-content\/uploads\/2016\/12\/Ahmed-Tushi-Haxhimehmedi-sportisti-vitit-2016-2.jpg\"><img loading=\"lazy\" class=\"alignleft wp-image-101983\" src=\"http:\/\/www.visit-ulcinj.com\/blog\/wp-content\/uploads\/2016\/12\/Ahmed-Tushi-Haxhimehmedi-sportisti-vitit-2016-2.jpg\" alt=\"Ahmed Tushi Haxhimehmedi-sportisti-vitit-2016-2\" width=\"508\" height=\"286\" srcset=\"https:\/\/www.visit-ulcinj.com\/blog\/wp-content\/uploads\/2016\/12\/Ahmed-Tushi-Haxhimehmedi-sportisti-vitit-2016-2.jpg 960w, https:\/\/www.visit-ulcinj.com\/blog\/wp-content\/uploads\/2016\/12\/Ahmed-Tushi-Haxhimehmedi-sportisti-vitit-2016-2-300x169.jpg 300w, https:\/\/www.visit-ulcinj.com\/blog\/wp-content\/uploads\/2016\/12\/Ahmed-Tushi-Haxhimehmedi-sportisti-vitit-2016-2-768x432.jpg 768w\" sizes=\"(max-width: 508px) 100vw, 508px\" \/><\/a><\/p>\n<p><a href=\"http:\/\/www.visit-ulcinj.com\/blog\/wp-content\/uploads\/2016\/12\/Komuna-Ulqinit-zgjedh-sportist\u00ebt-m\u00eb-t\u00eb-mir\u00eb-t\u00eb-vitit-2016.jpg\"><img loading=\"lazy\" class=\"alignleft wp-image-101984\" src=\"http:\/\/www.visit-ulcinj.com\/blog\/wp-content\/uploads\/2016\/12\/Komuna-Ulqinit-zgjedh-sportist\u00ebt-m\u00eb-t\u00eb-mir\u00eb-t\u00eb-vitit-2016.jpg\" alt=\"Komuna-Ulqinit- zgjedh sportist\u00ebt m\u00eb t\u00eb mir\u00eb t\u00eb vitit-2016\" width=\"508\" height=\"339\" srcset=\"https:\/\/www.visit-ulcinj.com\/blog\/wp-content\/uploads\/2016\/12\/Komuna-Ulqinit-zgjedh-sportist\u00ebt-m\u00eb-t\u00eb-mir\u00eb-t\u00eb-vitit-2016.jpg 960w, https:\/\/www.visit-ulcinj.com\/blog\/wp-content\/uploads\/2016\/12\/Komuna-Ulqinit-zgjedh-sportist\u00ebt-m\u00eb-t\u00eb-mir\u00eb-t\u00eb-vitit-2016-300x200.jpg 300w, https:\/\/www.visit-ulcinj.com\/blog\/wp-content\/uploads\/2016\/12\/Komuna-Ulqinit-zgjedh-sportist\u00ebt-m\u00eb-t\u00eb-mir\u00eb-t\u00eb-vitit-2016-768x512.jpg 768w\" sizes=\"(max-width: 508px) 100vw, 508px\" \/><\/a> <a href=\"http:\/\/www.visit-ulcinj.com\/blog\/wp-content\/uploads\/2016\/12\/Komuna-Ulqinit-zgjedh-sportist\u00ebt-m\u00eb-t\u00eb-mir\u00eb-t\u00eb-vitit-2016-1.jpg\"><img loading=\"lazy\" class=\"alignleft wp-image-101985\" src=\"http:\/\/www.visit-ulcinj.com\/blog\/wp-content\/uploads\/2016\/12\/Komuna-Ulqinit-zgjedh-sportist\u00ebt-m\u00eb-t\u00eb-mir\u00eb-t\u00eb-vitit-2016-1.jpg\" alt=\"Komuna-Ulqinit- zgjedh sportist\u00ebt m\u00eb t\u00eb mir\u00eb t\u00eb vitit-2016-1\" width=\"508\" height=\"339\" srcset=\"https:\/\/www.visit-ulcinj.com\/blog\/wp-content\/uploads\/2016\/12\/Komuna-Ulqinit-zgjedh-sportist\u00ebt-m\u00eb-t\u00eb-mir\u00eb-t\u00eb-vitit-2016-1.jpg 960w, https:\/\/www.visit-ulcinj.com\/blog\/wp-content\/uploads\/2016\/12\/Komuna-Ulqinit-zgjedh-sportist\u00ebt-m\u00eb-t\u00eb-mir\u00eb-t\u00eb-vitit-2016-1-300x200.jpg 300w, https:\/\/www.visit-ulcinj.com\/blog\/wp-content\/uploads\/2016\/12\/Komuna-Ulqinit-zgjedh-sportist\u00ebt-m\u00eb-t\u00eb-mir\u00eb-t\u00eb-vitit-2016-1-768x512.jpg 768w\" sizes=\"(max-width: 508px) 100vw, 508px\" \/><\/a><\/p>\n","protected":false},"excerpt":{"rendered":"<p>N\u00eb p\u00ebrmbyllje t\u00eb aktiviteteve p\u00ebr k\u00ebt\u00eb vit, Komuna e Ulqinit shp\u00ebrbleu me mir\u00ebnjohje sportist\u00ebt t\u00eb cil\u00ebt u treguan m\u00eb t\u00eb suksesshmit gjat\u00eb vitit 2016. N\u00eb ambientet e hotelit Mediteran u mbajt kokteji tradicional i fundvitit i organizuar nga Komuna e Ulqinit. N\u00eb fjal\u00ebn e tij kryetari i Komun\u00ebs s\u00eb Ulqinit Nazif Cungu vler\u00ebsoi se viti [&hellip;]<\/p>\n","protected":false},"author":1,"featured_media":0,"comment_status":"closed","ping_status":"closed","sticky":false,"template":"","format":"standard","meta":{"spay_email":"","jetpack_publicize_message":"","jetpack_is_tweetstorm":false,"jetpack_publicize_feature_enabled":true},"categories":[1],"tags":[],"jetpack_publicize_connections":[],"yoast_head":"<!-- This site is optimized with the Yoast SEO plugin v19.1 - https:\/\/yoast.com\/wordpress\/plugins\/seo\/ -->\n<title>Ulqini zgjedh sportistin m\u00eb t\u00eb mir\u00eb t\u00eb vitit 2016, Ahmed Tushi Haxhimehmedin - Lajme nga Ulqini<\/title>\n<meta name=\"description\" content=\"N\u00eb p\u00ebrmbyllje t\u00eb aktiviteteve p\u00ebr k\u00ebt\u00eb vit, Komuna e Ulqinit shp\u00ebrbleu me mir\u00ebnjohje sportist\u00ebt t\u00eb cil\u00ebt u treguan m\u00eb t\u00eb suksesshmit gjat\u00eb vitit 2016. N\u00eb\" \/>\n<meta name=\"robots\" content=\"index, follow, max-snippet:-1, max-image-preview:large, max-video-preview:-1\" \/>\n<link rel=\"canonical\" href=\"https:\/\/www.visit-ulcinj.com\/blog\/2016\/12\/30\/ulqini-zgjedh-sportistin-te-mire-te-vitit-2016-ahmed-tushi-haxhimehmedin\/\" \/>\n<meta property=\"og:locale\" content=\"en_US\" \/>\n<meta property=\"og:type\" content=\"article\" \/>\n<meta property=\"og:title\" content=\"Ulqini zgjedh sportistin m\u00eb t\u00eb mir\u00eb t\u00eb vitit 2016, Ahmed Tushi Haxhimehmedin - Lajme nga Ulqini\" \/>\n<meta property=\"og:description\" content=\"N\u00eb p\u00ebrmbyllje t\u00eb aktiviteteve p\u00ebr k\u00ebt\u00eb vit, Komuna e Ulqinit shp\u00ebrbleu me mir\u00ebnjohje sportist\u00ebt t\u00eb cil\u00ebt u treguan m\u00eb t\u00eb suksesshmit gjat\u00eb vitit 2016. N\u00eb\" \/>\n<meta property=\"og:url\" content=\"https:\/\/www.visit-ulcinj.com\/blog\/2016\/12\/30\/ulqini-zgjedh-sportistin-te-mire-te-vitit-2016-ahmed-tushi-haxhimehmedin\/\" \/>\n<meta property=\"og:site_name\" content=\"Lajme nga Ulqini\" \/>\n<meta property=\"article:published_time\" content=\"2016-12-30T19:46:59+00:00\" \/>\n<meta property=\"article:modified_time\" content=\"2016-12-31T11:33:45+00:00\" \/>\n<meta property=\"og:image\" content=\"http:\/\/www.visit-ulcinj.com\/blog\/wp-content\/uploads\/2016\/12\/Ahmed-Tushi-Haxhimehmedi-sportisti-vitit-2016-1.jpg\" \/>\n<meta name=\"twitter:label1\" content=\"Written by\" \/>\n\t<meta name=\"twitter:data1\" content=\"ulqini\" \/>\n\t<meta name=\"twitter:label2\" content=\"Est. reading time\" \/>\n\t<meta name=\"twitter:data2\" content=\"1 minute\" \/>\n<script type=\"application\/ld+json\" class=\"yoast-schema-graph\">{\"@context\":\"https:\/\/schema.org\",\"@graph\":[{\"@type\":\"WebSite\",\"@id\":\"https:\/\/www.visit-ulcinj.com\/blog\/#website\",\"url\":\"https:\/\/www.visit-ulcinj.com\/blog\/\",\"name\":\"Lajme nga Ulqini\",\"description\":\"Lajme,Vijesti,Ulqini,Ulqin,Crna Gora,Mali i Zi\",\"potentialAction\":[{\"@type\":\"SearchAction\",\"target\":{\"@type\":\"EntryPoint\",\"urlTemplate\":\"https:\/\/www.visit-ulcinj.com\/blog\/?s={search_term_string}\"},\"query-input\":\"required name=search_term_string\"}],\"inLanguage\":\"en-US\"},{\"@type\":\"ImageObject\",\"inLanguage\":\"en-US\",\"@id\":\"https:\/\/www.visit-ulcinj.com\/blog\/2016\/12\/30\/ulqini-zgjedh-sportistin-te-mire-te-vitit-2016-ahmed-tushi-haxhimehmedin\/#primaryimage\",\"url\":\"https:\/\/www.visit-ulcinj.com\/blog\/wp-content\/uploads\/2016\/12\/Ahmed-Tushi-Haxhimehmedi-sportisti-vitit-2016-1.jpg\",\"contentUrl\":\"https:\/\/www.visit-ulcinj.com\/blog\/wp-content\/uploads\/2016\/12\/Ahmed-Tushi-Haxhimehmedi-sportisti-vitit-2016-1.jpg\",\"width\":540,\"height\":540},{\"@type\":\"WebPage\",\"@id\":\"https:\/\/www.visit-ulcinj.com\/blog\/2016\/12\/30\/ulqini-zgjedh-sportistin-te-mire-te-vitit-2016-ahmed-tushi-haxhimehmedin\/#webpage\",\"url\":\"https:\/\/www.visit-ulcinj.com\/blog\/2016\/12\/30\/ulqini-zgjedh-sportistin-te-mire-te-vitit-2016-ahmed-tushi-haxhimehmedin\/\",\"name\":\"Ulqini zgjedh sportistin m\u00eb t\u00eb mir\u00eb t\u00eb vitit 2016, Ahmed Tushi Haxhimehmedin - Lajme nga Ulqini\",\"isPartOf\":{\"@id\":\"https:\/\/www.visit-ulcinj.com\/blog\/#website\"},\"primaryImageOfPage\":{\"@id\":\"https:\/\/www.visit-ulcinj.com\/blog\/2016\/12\/30\/ulqini-zgjedh-sportistin-te-mire-te-vitit-2016-ahmed-tushi-haxhimehmedin\/#primaryimage\"},\"datePublished\":\"2016-12-30T19:46:59+00:00\",\"dateModified\":\"2016-12-31T11:33:45+00:00\",\"author\":{\"@id\":\"https:\/\/www.visit-ulcinj.com\/blog\/#\/schema\/person\/dcab619c614d3038751c63bc2aadc06d\"},\"description\":\"N\u00eb p\u00ebrmbyllje t\u00eb aktiviteteve p\u00ebr k\u00ebt\u00eb vit, Komuna e Ulqinit shp\u00ebrbleu me mir\u00ebnjohje sportist\u00ebt t\u00eb cil\u00ebt u treguan m\u00eb t\u00eb suksesshmit gjat\u00eb vitit 2016. N\u00eb\",\"breadcrumb\":{\"@id\":\"https:\/\/www.visit-ulcinj.com\/blog\/2016\/12\/30\/ulqini-zgjedh-sportistin-te-mire-te-vitit-2016-ahmed-tushi-haxhimehmedin\/#breadcrumb\"},\"inLanguage\":\"en-US\",\"potentialAction\":[{\"@type\":\"ReadAction\",\"target\":[\"https:\/\/www.visit-ulcinj.com\/blog\/2016\/12\/30\/ulqini-zgjedh-sportistin-te-mire-te-vitit-2016-ahmed-tushi-haxhimehmedin\/\"]}]},{\"@type\":\"BreadcrumbList\",\"@id\":\"https:\/\/www.visit-ulcinj.com\/blog\/2016\/12\/30\/ulqini-zgjedh-sportistin-te-mire-te-vitit-2016-ahmed-tushi-haxhimehmedin\/#breadcrumb\",\"itemListElement\":[{\"@type\":\"ListItem\",\"position\":1,\"name\":\"Ulqini zgjedh sportistin m\u00eb t\u00eb mir\u00eb t\u00eb vitit 2016, Ahmed Tushi Haxhimehmedin\"}]},{\"@type\":\"Person\",\"@id\":\"https:\/\/www.visit-ulcinj.com\/blog\/#\/schema\/person\/dcab619c614d3038751c63bc2aadc06d\",\"name\":\"ulqini\",\"sameAs\":[\"http:\/\/www.visit-ulcinj.com\"],\"url\":\"https:\/\/www.visit-ulcinj.com\/blog\/author\/admin\/\"}]}<\/script>\n<!-- \/ Yoast SEO plugin. -->","yoast_head_json":{"title":"Ulqini zgjedh sportistin m\u00eb t\u00eb mir\u00eb t\u00eb vitit 2016, Ahmed Tushi Haxhimehmedin - Lajme nga Ulqini","description":"N\u00eb p\u00ebrmbyllje t\u00eb aktiviteteve p\u00ebr k\u00ebt\u00eb vit, Komuna e Ulqinit shp\u00ebrbleu me mir\u00ebnjohje sportist\u00ebt t\u00eb cil\u00ebt u treguan m\u00eb t\u00eb suksesshmit gjat\u00eb vitit 2016. N\u00eb","robots":{"index":"index","follow":"follow","max-snippet":"max-snippet:-1","max-image-preview":"max-image-preview:large","max-video-preview":"max-video-preview:-1"},"canonical":"https:\/\/www.visit-ulcinj.com\/blog\/2016\/12\/30\/ulqini-zgjedh-sportistin-te-mire-te-vitit-2016-ahmed-tushi-haxhimehmedin\/","og_locale":"en_US","og_type":"article","og_title":"Ulqini zgjedh sportistin m\u00eb t\u00eb mir\u00eb t\u00eb vitit 2016, Ahmed Tushi Haxhimehmedin - Lajme nga Ulqini","og_description":"N\u00eb p\u00ebrmbyllje t\u00eb aktiviteteve p\u00ebr k\u00ebt\u00eb vit, Komuna e Ulqinit shp\u00ebrbleu me mir\u00ebnjohje sportist\u00ebt t\u00eb cil\u00ebt u treguan m\u00eb t\u00eb suksesshmit gjat\u00eb vitit 2016. N\u00eb","og_url":"https:\/\/www.visit-ulcinj.com\/blog\/2016\/12\/30\/ulqini-zgjedh-sportistin-te-mire-te-vitit-2016-ahmed-tushi-haxhimehmedin\/","og_site_name":"Lajme nga Ulqini","article_published_time":"2016-12-30T19:46:59+00:00","article_modified_time":"2016-12-31T11:33:45+00:00","og_image":[{"url":"http:\/\/www.visit-ulcinj.com\/blog\/wp-content\/uploads\/2016\/12\/Ahmed-Tushi-Haxhimehmedi-sportisti-vitit-2016-1.jpg"}],"twitter_misc":{"Written by":"ulqini","Est. reading time":"1 minute"},"schema":{"@context":"https:\/\/schema.org","@graph":[{"@type":"WebSite","@id":"https:\/\/www.visit-ulcinj.com\/blog\/#website","url":"https:\/\/www.visit-ulcinj.com\/blog\/","name":"Lajme nga Ulqini","description":"Lajme,Vijesti,Ulqini,Ulqin,Crna Gora,Mali i Zi","potentialAction":[{"@type":"SearchAction","target":{"@type":"EntryPoint","urlTemplate":"https:\/\/www.visit-ulcinj.com\/blog\/?s={search_term_string}"},"query-input":"required name=search_term_string"}],"inLanguage":"en-US"},{"@type":"ImageObject","inLanguage":"en-US","@id":"https:\/\/www.visit-ulcinj.com\/blog\/2016\/12\/30\/ulqini-zgjedh-sportistin-te-mire-te-vitit-2016-ahmed-tushi-haxhimehmedin\/#primaryimage","url":"https:\/\/www.visit-ulcinj.com\/blog\/wp-content\/uploads\/2016\/12\/Ahmed-Tushi-Haxhimehmedi-sportisti-vitit-2016-1.jpg","contentUrl":"https:\/\/www.visit-ulcinj.com\/blog\/wp-content\/uploads\/2016\/12\/Ahmed-Tushi-Haxhimehmedi-sportisti-vitit-2016-1.jpg","width":540,"height":540},{"@type":"WebPage","@id":"https:\/\/www.visit-ulcinj.com\/blog\/2016\/12\/30\/ulqini-zgjedh-sportistin-te-mire-te-vitit-2016-ahmed-tushi-haxhimehmedin\/#webpage","url":"https:\/\/www.visit-ulcinj.com\/blog\/2016\/12\/30\/ulqini-zgjedh-sportistin-te-mire-te-vitit-2016-ahmed-tushi-haxhimehmedin\/","name":"Ulqini zgjedh sportistin m\u00eb t\u00eb mir\u00eb t\u00eb vitit 2016, Ahmed Tushi Haxhimehmedin - Lajme nga Ulqini","isPartOf":{"@id":"https:\/\/www.visit-ulcinj.com\/blog\/#website"},"primaryImageOfPage":{"@id":"https:\/\/www.visit-ulcinj.com\/blog\/2016\/12\/30\/ulqini-zgjedh-sportistin-te-mire-te-vitit-2016-ahmed-tushi-haxhimehmedin\/#primaryimage"},"datePublished":"2016-12-30T19:46:59+00:00","dateModified":"2016-12-31T11:33:45+00:00","author":{"@id":"https:\/\/www.visit-ulcinj.com\/blog\/#\/schema\/person\/dcab619c614d3038751c63bc2aadc06d"},"description":"N\u00eb p\u00ebrmbyllje t\u00eb aktiviteteve p\u00ebr k\u00ebt\u00eb vit, Komuna e Ulqinit shp\u00ebrbleu me mir\u00ebnjohje sportist\u00ebt t\u00eb cil\u00ebt u treguan m\u00eb t\u00eb suksesshmit gjat\u00eb vitit 2016. N\u00eb","breadcrumb":{"@id":"https:\/\/www.visit-ulcinj.com\/blog\/2016\/12\/30\/ulqini-zgjedh-sportistin-te-mire-te-vitit-2016-ahmed-tushi-haxhimehmedin\/#breadcrumb"},"inLanguage":"en-US","potentialAction":[{"@type":"ReadAction","target":["https:\/\/www.visit-ulcinj.com\/blog\/2016\/12\/30\/ulqini-zgjedh-sportistin-te-mire-te-vitit-2016-ahmed-tushi-haxhimehmedin\/"]}]},{"@type":"BreadcrumbList","@id":"https:\/\/www.visit-ulcinj.com\/blog\/2016\/12\/30\/ulqini-zgjedh-sportistin-te-mire-te-vitit-2016-ahmed-tushi-haxhimehmedin\/#breadcrumb","itemListElement":[{"@type":"ListItem","position":1,"name":"Ulqini zgjedh sportistin m\u00eb t\u00eb mir\u00eb t\u00eb vitit 2016, Ahmed Tushi Haxhimehmedin"}]},{"@type":"Person","@id":"https:\/\/www.visit-ulcinj.com\/blog\/#\/schema\/person\/dcab619c614d3038751c63bc2aadc06d","name":"ulqini","sameAs":["http:\/\/www.visit-ulcinj.com"],"url":"https:\/\/www.visit-ulcinj.com\/blog\/author\/admin\/"}]}},"jetpack_featured_media_url":"","jetpack_sharing_enabled":true,"jetpack_shortlink":"https:\/\/wp.me\/pe6lTn-qwQ","_links":{"self":[{"href":"https:\/\/www.visit-ulcinj.com\/blog\/wp-json\/wp\/v2\/posts\/101980"}],"collection":[{"href":"https:\/\/www.visit-ulcinj.com\/blog\/wp-json\/wp\/v2\/posts"}],"about":[{"href":"https:\/\/www.visit-ulcinj.com\/blog\/wp-json\/wp\/v2\/types\/post"}],"author":[{"embeddable":true,"href":"https:\/\/www.visit-ulcinj.com\/blog\/wp-json\/wp\/v2\/users\/1"}],"replies":[{"embeddable":true,"href":"https:\/\/www.visit-ulcinj.com\/blog\/wp-json\/wp\/v2\/comments?post=101980"}],"version-history":[{"count":1,"href":"https:\/\/www.visit-ulcinj.com\/blog\/wp-json\/wp\/v2\/posts\/101980\/revisions"}],"predecessor-version":[{"id":101986,"href":"https:\/\/www.visit-ulcinj.com\/blog\/wp-json\/wp\/v2\/posts\/101980\/revisions\/101986"}],"wp:attachment":[{"href":"https:\/\/www.visit-ulcinj.com\/blog\/wp-json\/wp\/v2\/media?parent=101980"}],"wp:term":[{"taxonomy":"category","embeddable":true,"href":"https:\/\/www.visit-ulcinj.com\/blog\/wp-json\/wp\/v2\/categories?post=101980"},{"taxonomy":"post_tag","embeddable":true,"href":"https:\/\/www.visit-ulcinj.com\/blog\/wp-json\/wp\/v2\/tags?post=101980"}],"curies":[{"name":"wp","href":"https:\/\/api.w.org\/{rel}","templated":true}]}}