{"id":101987,"date":"2016-12-31T11:29:54","date_gmt":"2016-12-31T10:29:54","guid":{"rendered":"http:\/\/www.visit-ulcinj.com\/blog\/?p=101987"},"modified":"2016-12-31T11:29:54","modified_gmt":"2016-12-31T10:29:54","slug":"31dhjetor-1-dhe-2-janar-ndalohet-qarkullimi-automjeteve-ne-drejtim-te-ranes","status":"publish","type":"post","link":"https:\/\/www.visit-ulcinj.com\/blog\/2016\/12\/31\/31dhjetor-1-dhe-2-janar-ndalohet-qarkullimi-automjeteve-ne-drejtim-te-ranes\/","title":{"rendered":"M\u00eb 31dhjetor, 1 dhe 2 janar ndalohet qarkullimi i automjeteve n\u00eb drejtim t\u00eb Ran\u00ebs"},"content":{"rendered":"<p><a href=\"http:\/\/www.visit-ulcinj.com\/blog\/wp-content\/uploads\/2016\/12\/Ndalohet-qarkullimi-i-automjeteve-n\u00eb-drejtim-t\u00eb-Ran\u00ebs.jpg\"><img loading=\"lazy\" class=\"alignleft wp-image-101988\" src=\"http:\/\/www.visit-ulcinj.com\/blog\/wp-content\/uploads\/2016\/12\/Ndalohet-qarkullimi-i-automjeteve-n\u00eb-drejtim-t\u00eb-Ran\u00ebs.jpg\" alt=\"Ndalohet qarkullimi i automjeteve n\u00eb drejtim t\u00eb Ran\u00ebs\" width=\"508\" height=\"286\" srcset=\"https:\/\/www.visit-ulcinj.com\/blog\/wp-content\/uploads\/2016\/12\/Ndalohet-qarkullimi-i-automjeteve-n\u00eb-drejtim-t\u00eb-Ran\u00ebs.jpg 999w, https:\/\/www.visit-ulcinj.com\/blog\/wp-content\/uploads\/2016\/12\/Ndalohet-qarkullimi-i-automjeteve-n\u00eb-drejtim-t\u00eb-Ran\u00ebs-300x169.jpg 300w, https:\/\/www.visit-ulcinj.com\/blog\/wp-content\/uploads\/2016\/12\/Ndalohet-qarkullimi-i-automjeteve-n\u00eb-drejtim-t\u00eb-Ran\u00ebs-768x432.jpg 768w\" sizes=\"(max-width: 508px) 100vw, 508px\" \/><\/a><strong>Foto: Gezim Mavric<\/strong><\/p>\n<p>Komuna e Ulqinit ka njoftuar se me rastin e \u00a0fest\u00ebs t\u00eb vitit t\u00eb ri, m\u00eb 31dhjetor, 1 dhe 2 janar 2017\u00a0 ndalohet qarkullimi t\u00eb gjitha automjeteve, p\u00ebrve\u00e7 automjeteve t\u00eb Policis\u00eb dhe automjeteve emergjente n\u00eb drejtim t\u00eb Ran\u00ebs.<\/p>\n<p>Policia Komunale njofton t\u00eb gjith\u00eb qytetar\u00ebt se me me datat 31 dhjetor, 1 dhe 2 janar, prej or\u00ebs 19.00 deri n\u00eb or\u00ebn 5.00 t\u00eb m\u00ebngjesit, qarkullimi prej rrug\u00ebs Edit Durham n\u00eb drejtim t\u00eb shetitores n\u00eb Ran\u00eb dhe p\u00ebrgjat\u00eb rrug\u00ebs \u201cDetar\u00ebt e Ulqinit\u201d deri te rruga \u201cMujo Ulqinaku-Cakuli\u201d do t\u00eb jet\u00eb i ndaluar p\u00ebr automjete. \u00a0Luten t\u00eb gjith\u00eb qytetar\u00ebt q\u00eb t\u00eb respektojn\u00eb k\u00ebto masa transmeton TV Teuta.<\/p>\n","protected":false},"excerpt":{"rendered":"<p>Foto: Gezim Mavric Komuna e Ulqinit ka njoftuar se me rastin e \u00a0fest\u00ebs t\u00eb vitit t\u00eb ri, m\u00eb 31dhjetor, 1 dhe 2 janar 2017\u00a0 ndalohet qarkullimi t\u00eb gjitha automjeteve, p\u00ebrve\u00e7 automjeteve t\u00eb Policis\u00eb dhe automjeteve emergjente n\u00eb drejtim t\u00eb Ran\u00ebs. Policia Komunale njofton t\u00eb gjith\u00eb qytetar\u00ebt se me me datat 31 dhjetor, 1 dhe 2 [&hellip;]<\/p>\n","protected":false},"author":1,"featured_media":0,"comment_status":"closed","ping_status":"closed","sticky":false,"template":"","format":"standard","meta":{"spay_email":"","jetpack_publicize_message":"","jetpack_is_tweetstorm":false,"jetpack_publicize_feature_enabled":true},"categories":[6950],"tags":[],"jetpack_publicize_connections":[],"yoast_head":"<!-- This site is optimized with the Yoast SEO plugin v19.1 - https:\/\/yoast.com\/wordpress\/plugins\/seo\/ -->\n<title>M\u00eb 31dhjetor, 1 dhe 2 janar ndalohet qarkullimi i automjeteve n\u00eb drejtim t\u00eb Ran\u00ebs - Lajme nga Ulqini<\/title>\n<meta name=\"description\" content=\"Foto: Gezim Mavric Komuna e Ulqinit ka njoftuar se me rastin e \u00a0fest\u00ebs t\u00eb vitit t\u00eb ri, m\u00eb 31dhjetor, 1 dhe 2 janar 2017\u00a0 ndalohet qarkullimi t\u00eb gjitha\" \/>\n<meta name=\"robots\" content=\"index, follow, max-snippet:-1, max-image-preview:large, max-video-preview:-1\" \/>\n<link rel=\"canonical\" href=\"https:\/\/www.visit-ulcinj.com\/blog\/2016\/12\/31\/31dhjetor-1-dhe-2-janar-ndalohet-qarkullimi-automjeteve-ne-drejtim-te-ranes\/\" \/>\n<meta property=\"og:locale\" content=\"en_US\" \/>\n<meta property=\"og:type\" content=\"article\" \/>\n<meta property=\"og:title\" content=\"M\u00eb 31dhjetor, 1 dhe 2 janar ndalohet qarkullimi i automjeteve n\u00eb drejtim t\u00eb Ran\u00ebs - Lajme nga Ulqini\" \/>\n<meta property=\"og:description\" content=\"Foto: Gezim Mavric Komuna e Ulqinit ka njoftuar se me rastin e \u00a0fest\u00ebs t\u00eb vitit t\u00eb ri, m\u00eb 31dhjetor, 1 dhe 2 janar 2017\u00a0 ndalohet qarkullimi t\u00eb gjitha\" \/>\n<meta property=\"og:url\" content=\"https:\/\/www.visit-ulcinj.com\/blog\/2016\/12\/31\/31dhjetor-1-dhe-2-janar-ndalohet-qarkullimi-automjeteve-ne-drejtim-te-ranes\/\" \/>\n<meta property=\"og:site_name\" content=\"Lajme nga Ulqini\" \/>\n<meta property=\"article:published_time\" content=\"2016-12-31T10:29:54+00:00\" \/>\n<meta name=\"twitter:label1\" content=\"Written by\" \/>\n\t<meta name=\"twitter:data1\" content=\"ulqini\" \/>\n\t<meta name=\"twitter:label2\" content=\"Est. reading time\" \/>\n\t<meta name=\"twitter:data2\" content=\"1 minute\" \/>\n<script type=\"application\/ld+json\" class=\"yoast-schema-graph\">{\"@context\":\"https:\/\/schema.org\",\"@graph\":[{\"@type\":\"WebSite\",\"@id\":\"https:\/\/www.visit-ulcinj.com\/blog\/#website\",\"url\":\"https:\/\/www.visit-ulcinj.com\/blog\/\",\"name\":\"Lajme nga Ulqini\",\"description\":\"Lajme,Vijesti,Ulqini,Ulqin,Crna Gora,Mali i Zi\",\"potentialAction\":[{\"@type\":\"SearchAction\",\"target\":{\"@type\":\"EntryPoint\",\"urlTemplate\":\"https:\/\/www.visit-ulcinj.com\/blog\/?s={search_term_string}\"},\"query-input\":\"required name=search_term_string\"}],\"inLanguage\":\"en-US\"},{\"@type\":\"WebPage\",\"@id\":\"https:\/\/www.visit-ulcinj.com\/blog\/2016\/12\/31\/31dhjetor-1-dhe-2-janar-ndalohet-qarkullimi-automjeteve-ne-drejtim-te-ranes\/#webpage\",\"url\":\"https:\/\/www.visit-ulcinj.com\/blog\/2016\/12\/31\/31dhjetor-1-dhe-2-janar-ndalohet-qarkullimi-automjeteve-ne-drejtim-te-ranes\/\",\"name\":\"M\u00eb 31dhjetor, 1 dhe 2 janar ndalohet qarkullimi i automjeteve n\u00eb drejtim t\u00eb Ran\u00ebs - Lajme nga Ulqini\",\"isPartOf\":{\"@id\":\"https:\/\/www.visit-ulcinj.com\/blog\/#website\"},\"datePublished\":\"2016-12-31T10:29:54+00:00\",\"dateModified\":\"2016-12-31T10:29:54+00:00\",\"author\":{\"@id\":\"https:\/\/www.visit-ulcinj.com\/blog\/#\/schema\/person\/dcab619c614d3038751c63bc2aadc06d\"},\"description\":\"Foto: Gezim Mavric Komuna e Ulqinit ka njoftuar se me rastin e \u00a0fest\u00ebs t\u00eb vitit t\u00eb ri, m\u00eb 31dhjetor, 1 dhe 2 janar 2017\u00a0 ndalohet qarkullimi t\u00eb gjitha\",\"breadcrumb\":{\"@id\":\"https:\/\/www.visit-ulcinj.com\/blog\/2016\/12\/31\/31dhjetor-1-dhe-2-janar-ndalohet-qarkullimi-automjeteve-ne-drejtim-te-ranes\/#breadcrumb\"},\"inLanguage\":\"en-US\",\"potentialAction\":[{\"@type\":\"ReadAction\",\"target\":[\"https:\/\/www.visit-ulcinj.com\/blog\/2016\/12\/31\/31dhjetor-1-dhe-2-janar-ndalohet-qarkullimi-automjeteve-ne-drejtim-te-ranes\/\"]}]},{\"@type\":\"BreadcrumbList\",\"@id\":\"https:\/\/www.visit-ulcinj.com\/blog\/2016\/12\/31\/31dhjetor-1-dhe-2-janar-ndalohet-qarkullimi-automjeteve-ne-drejtim-te-ranes\/#breadcrumb\",\"itemListElement\":[{\"@type\":\"ListItem\",\"position\":1,\"name\":\"M\u00eb 31dhjetor, 1 dhe 2 janar ndalohet qarkullimi i automjeteve n\u00eb drejtim t\u00eb Ran\u00ebs\"}]},{\"@type\":\"Person\",\"@id\":\"https:\/\/www.visit-ulcinj.com\/blog\/#\/schema\/person\/dcab619c614d3038751c63bc2aadc06d\",\"name\":\"ulqini\",\"sameAs\":[\"http:\/\/www.visit-ulcinj.com\"],\"url\":\"https:\/\/www.visit-ulcinj.com\/blog\/author\/admin\/\"}]}<\/script>\n<!-- \/ Yoast SEO plugin. -->","yoast_head_json":{"title":"M\u00eb 31dhjetor, 1 dhe 2 janar ndalohet qarkullimi i automjeteve n\u00eb drejtim t\u00eb Ran\u00ebs - Lajme nga Ulqini","description":"Foto: Gezim Mavric Komuna e Ulqinit ka njoftuar se me rastin e \u00a0fest\u00ebs t\u00eb vitit t\u00eb ri, m\u00eb 31dhjetor, 1 dhe 2 janar 2017\u00a0 ndalohet qarkullimi t\u00eb gjitha","robots":{"index":"index","follow":"follow","max-snippet":"max-snippet:-1","max-image-preview":"max-image-preview:large","max-video-preview":"max-video-preview:-1"},"canonical":"https:\/\/www.visit-ulcinj.com\/blog\/2016\/12\/31\/31dhjetor-1-dhe-2-janar-ndalohet-qarkullimi-automjeteve-ne-drejtim-te-ranes\/","og_locale":"en_US","og_type":"article","og_title":"M\u00eb 31dhjetor, 1 dhe 2 janar ndalohet qarkullimi i automjeteve n\u00eb drejtim t\u00eb Ran\u00ebs - Lajme nga Ulqini","og_description":"Foto: Gezim Mavric Komuna e Ulqinit ka njoftuar se me rastin e \u00a0fest\u00ebs t\u00eb vitit t\u00eb ri, m\u00eb 31dhjetor, 1 dhe 2 janar 2017\u00a0 ndalohet qarkullimi t\u00eb gjitha","og_url":"https:\/\/www.visit-ulcinj.com\/blog\/2016\/12\/31\/31dhjetor-1-dhe-2-janar-ndalohet-qarkullimi-automjeteve-ne-drejtim-te-ranes\/","og_site_name":"Lajme nga Ulqini","article_published_time":"2016-12-31T10:29:54+00:00","twitter_misc":{"Written by":"ulqini","Est. reading time":"1 minute"},"schema":{"@context":"https:\/\/schema.org","@graph":[{"@type":"WebSite","@id":"https:\/\/www.visit-ulcinj.com\/blog\/#website","url":"https:\/\/www.visit-ulcinj.com\/blog\/","name":"Lajme nga Ulqini","description":"Lajme,Vijesti,Ulqini,Ulqin,Crna Gora,Mali i Zi","potentialAction":[{"@type":"SearchAction","target":{"@type":"EntryPoint","urlTemplate":"https:\/\/www.visit-ulcinj.com\/blog\/?s={search_term_string}"},"query-input":"required name=search_term_string"}],"inLanguage":"en-US"},{"@type":"WebPage","@id":"https:\/\/www.visit-ulcinj.com\/blog\/2016\/12\/31\/31dhjetor-1-dhe-2-janar-ndalohet-qarkullimi-automjeteve-ne-drejtim-te-ranes\/#webpage","url":"https:\/\/www.visit-ulcinj.com\/blog\/2016\/12\/31\/31dhjetor-1-dhe-2-janar-ndalohet-qarkullimi-automjeteve-ne-drejtim-te-ranes\/","name":"M\u00eb 31dhjetor, 1 dhe 2 janar ndalohet qarkullimi i automjeteve n\u00eb drejtim t\u00eb Ran\u00ebs - Lajme nga Ulqini","isPartOf":{"@id":"https:\/\/www.visit-ulcinj.com\/blog\/#website"},"datePublished":"2016-12-31T10:29:54+00:00","dateModified":"2016-12-31T10:29:54+00:00","author":{"@id":"https:\/\/www.visit-ulcinj.com\/blog\/#\/schema\/person\/dcab619c614d3038751c63bc2aadc06d"},"description":"Foto: Gezim Mavric Komuna e Ulqinit ka njoftuar se me rastin e \u00a0fest\u00ebs t\u00eb vitit t\u00eb ri, m\u00eb 31dhjetor, 1 dhe 2 janar 2017\u00a0 ndalohet qarkullimi t\u00eb gjitha","breadcrumb":{"@id":"https:\/\/www.visit-ulcinj.com\/blog\/2016\/12\/31\/31dhjetor-1-dhe-2-janar-ndalohet-qarkullimi-automjeteve-ne-drejtim-te-ranes\/#breadcrumb"},"inLanguage":"en-US","potentialAction":[{"@type":"ReadAction","target":["https:\/\/www.visit-ulcinj.com\/blog\/2016\/12\/31\/31dhjetor-1-dhe-2-janar-ndalohet-qarkullimi-automjeteve-ne-drejtim-te-ranes\/"]}]},{"@type":"BreadcrumbList","@id":"https:\/\/www.visit-ulcinj.com\/blog\/2016\/12\/31\/31dhjetor-1-dhe-2-janar-ndalohet-qarkullimi-automjeteve-ne-drejtim-te-ranes\/#breadcrumb","itemListElement":[{"@type":"ListItem","position":1,"name":"M\u00eb 31dhjetor, 1 dhe 2 janar ndalohet qarkullimi i automjeteve n\u00eb drejtim t\u00eb Ran\u00ebs"}]},{"@type":"Person","@id":"https:\/\/www.visit-ulcinj.com\/blog\/#\/schema\/person\/dcab619c614d3038751c63bc2aadc06d","name":"ulqini","sameAs":["http:\/\/www.visit-ulcinj.com"],"url":"https:\/\/www.visit-ulcinj.com\/blog\/author\/admin\/"}]}},"jetpack_featured_media_url":"","jetpack_sharing_enabled":true,"jetpack_shortlink":"https:\/\/wp.me\/pe6lTn-qwX","_links":{"self":[{"href":"https:\/\/www.visit-ulcinj.com\/blog\/wp-json\/wp\/v2\/posts\/101987"}],"collection":[{"href":"https:\/\/www.visit-ulcinj.com\/blog\/wp-json\/wp\/v2\/posts"}],"about":[{"href":"https:\/\/www.visit-ulcinj.com\/blog\/wp-json\/wp\/v2\/types\/post"}],"author":[{"embeddable":true,"href":"https:\/\/www.visit-ulcinj.com\/blog\/wp-json\/wp\/v2\/users\/1"}],"replies":[{"embeddable":true,"href":"https:\/\/www.visit-ulcinj.com\/blog\/wp-json\/wp\/v2\/comments?post=101987"}],"version-history":[{"count":1,"href":"https:\/\/www.visit-ulcinj.com\/blog\/wp-json\/wp\/v2\/posts\/101987\/revisions"}],"predecessor-version":[{"id":101989,"href":"https:\/\/www.visit-ulcinj.com\/blog\/wp-json\/wp\/v2\/posts\/101987\/revisions\/101989"}],"wp:attachment":[{"href":"https:\/\/www.visit-ulcinj.com\/blog\/wp-json\/wp\/v2\/media?parent=101987"}],"wp:term":[{"taxonomy":"category","embeddable":true,"href":"https:\/\/www.visit-ulcinj.com\/blog\/wp-json\/wp\/v2\/categories?post=101987"},{"taxonomy":"post_tag","embeddable":true,"href":"https:\/\/www.visit-ulcinj.com\/blog\/wp-json\/wp\/v2\/tags?post=101987"}],"curies":[{"name":"wp","href":"https:\/\/api.w.org\/{rel}","templated":true}]}}