{"id":101990,"date":"2016-12-31T12:30:11","date_gmt":"2016-12-31T11:30:11","guid":{"rendered":"http:\/\/www.visit-ulcinj.com\/blog\/?p=101990"},"modified":"2017-01-02T20:30:27","modified_gmt":"2017-01-02T19:30:27","slug":"lajme-nga-ulqini-ju-uron-gezuar-2017","status":"publish","type":"post","link":"https:\/\/www.visit-ulcinj.com\/blog\/2016\/12\/31\/lajme-nga-ulqini-ju-uron-gezuar-2017\/","title":{"rendered":"\u201cLajme nga Ulqini\u201d ju uron G\u00ebzuar 2017!"},"content":{"rendered":"<p><a href=\"http:\/\/www.visit-ulcinj.com\/blog\/wp-content\/uploads\/2016\/12\/Lajme-nga-Ulqini-ju-uron-G\u00ebzuar-2017.jpg\"><img loading=\"lazy\" class=\"alignleft wp-image-101991\" src=\"http:\/\/www.visit-ulcinj.com\/blog\/wp-content\/uploads\/2016\/12\/Lajme-nga-Ulqini-ju-uron-G\u00ebzuar-2017.jpg\" alt=\"Lajme nga Ulqini ju uron G\u00ebzuar 2017!\" width=\"508\" height=\"318\" srcset=\"https:\/\/www.visit-ulcinj.com\/blog\/wp-content\/uploads\/2016\/12\/Lajme-nga-Ulqini-ju-uron-G\u00ebzuar-2017.jpg 793w, https:\/\/www.visit-ulcinj.com\/blog\/wp-content\/uploads\/2016\/12\/Lajme-nga-Ulqini-ju-uron-G\u00ebzuar-2017-300x188.jpg 300w, https:\/\/www.visit-ulcinj.com\/blog\/wp-content\/uploads\/2016\/12\/Lajme-nga-Ulqini-ju-uron-G\u00ebzuar-2017-768x480.jpg 768w\" sizes=\"(max-width: 508px) 100vw, 508px\" \/><\/a>Ky \u00ebsht\u00eb shembulli m\u00eb i mir\u00eb q\u00eb duhet ndjekur nga t\u00eb tjer\u00ebt p\u00ebr informim t\u00eb shpejt\u00eb,korrekt dhe t\u00eb paansh\u00ebm.<br \/>\nLexuesit e pasionuar, t\u00eb cil\u00ebt nuk i ndahen p\u00ebr asnj\u00eb \u00e7ast \u201c Lajmeve nga Ulqini \u201d shprehen se kjo uebfaqe ka arritur q\u00eb p\u00ebr k\u00ebto 9 vjet t\u00eb vendos\u00eb nj\u00eb komunikim me t\u00eb gjitha shtresat e lexuesve n\u00eb Ulqin por edhe m\u00eb gj\u00ebr\u00eb.<\/p>\n<p>Mbase vet\u00ebm pak or\u00eb na ndajn\u00eb nga nisja e nj\u00eb viti t\u00eb ri, t\u00eb cilin e quajm\u00eb edhe kapitull. 2016-ta ishte nj\u00eb vit sa i v\u00ebshtir\u00eb por edhe i bukur p\u00ebr t\u00eb gjith\u00eb ulqinak\u00ebt, solli lot edhe buz\u00ebqeshje. Por ne i urojm\u00eb t\u00eb gjith\u00eb q\u00eb n\u00eb 2017-\u00ebn t\u00eb keni vet\u00ebm lajme t\u00eb mira dhe mbar\u00ebsi n\u00eb familjet tuaja, f\u00ebmij\u00ebt tuaj dhe tek t\u00eb gjith\u00eb t\u00eb dashurit tuaj.<\/p>\n<p>Lajme nga Ulqini ju uron q\u00eb viti 2017, t\u00eb jet\u00eb vit i sukseseve t\u00eb reja p\u00ebr t\u00eb gjith\u00eb neve uron ulqinak\u00ebve n\u00eb atdhe ose larg tij, q\u00eb t\u00eb ken\u00eb vet\u00ebm g\u00ebzime dhe lumturi n\u00eb 365 dit\u00ebt q\u00eb ju presin. T\u00eb jet\u00eb nj\u00eb vit i bukur dhe me mbar\u00ebsi p\u00ebr t\u00eb gjith\u00eb ju!<\/p>\n<p>Duke ju falenderuar p\u00ebr mb\u00ebshetjen e vazhdueshme q\u00eb na keni dh\u00ebn\u00eb, <strong>\u201c<\/strong> Lajme nga Ulqini\u00a0<strong>\u201d<\/strong> ju uron G\u00ebzuar Vitin e Ri 2017!<\/p>\n","protected":false},"excerpt":{"rendered":"<p>Ky \u00ebsht\u00eb shembulli m\u00eb i mir\u00eb q\u00eb duhet ndjekur nga t\u00eb tjer\u00ebt p\u00ebr informim t\u00eb shpejt\u00eb,korrekt dhe t\u00eb paansh\u00ebm. Lexuesit e pasionuar, t\u00eb cil\u00ebt nuk i ndahen p\u00ebr asnj\u00eb \u00e7ast \u201c Lajmeve nga Ulqini \u201d shprehen se kjo uebfaqe ka arritur q\u00eb p\u00ebr k\u00ebto 9 vjet t\u00eb vendos\u00eb nj\u00eb komunikim me t\u00eb gjitha shtresat e [&hellip;]<\/p>\n","protected":false},"author":1,"featured_media":0,"comment_status":"closed","ping_status":"closed","sticky":false,"template":"","format":"standard","meta":{"spay_email":"","jetpack_publicize_message":"","jetpack_is_tweetstorm":false,"jetpack_publicize_feature_enabled":true},"categories":[1,6950],"tags":[],"jetpack_publicize_connections":[],"yoast_head":"<!-- This site is optimized with the Yoast SEO plugin v19.1 - https:\/\/yoast.com\/wordpress\/plugins\/seo\/ -->\n<title>\u201cLajme nga Ulqini\u201d ju uron G\u00ebzuar 2017! - Lajme nga Ulqini<\/title>\n<meta name=\"description\" content=\"Ky \u00ebsht\u00eb shembulli m\u00eb i mir\u00eb q\u00eb duhet ndjekur nga t\u00eb tjer\u00ebt p\u00ebr informim t\u00eb shpejt\u00eb,korrekt dhe t\u00eb paansh\u00ebm. Lexuesit e pasionuar, t\u00eb cil\u00ebt nuk i ndahen\" \/>\n<meta name=\"robots\" content=\"index, follow, max-snippet:-1, max-image-preview:large, max-video-preview:-1\" \/>\n<link rel=\"canonical\" href=\"https:\/\/www.visit-ulcinj.com\/blog\/2016\/12\/31\/lajme-nga-ulqini-ju-uron-gezuar-2017\/\" \/>\n<meta property=\"og:locale\" content=\"en_US\" \/>\n<meta property=\"og:type\" content=\"article\" \/>\n<meta property=\"og:title\" content=\"\u201cLajme nga Ulqini\u201d ju uron G\u00ebzuar 2017! - Lajme nga Ulqini\" \/>\n<meta property=\"og:description\" content=\"Ky \u00ebsht\u00eb shembulli m\u00eb i mir\u00eb q\u00eb duhet ndjekur nga t\u00eb tjer\u00ebt p\u00ebr informim t\u00eb shpejt\u00eb,korrekt dhe t\u00eb paansh\u00ebm. Lexuesit e pasionuar, t\u00eb cil\u00ebt nuk i ndahen\" \/>\n<meta property=\"og:url\" content=\"https:\/\/www.visit-ulcinj.com\/blog\/2016\/12\/31\/lajme-nga-ulqini-ju-uron-gezuar-2017\/\" \/>\n<meta property=\"og:site_name\" content=\"Lajme nga Ulqini\" \/>\n<meta property=\"article:published_time\" content=\"2016-12-31T11:30:11+00:00\" \/>\n<meta property=\"article:modified_time\" content=\"2017-01-02T19:30:27+00:00\" \/>\n<meta name=\"twitter:label1\" content=\"Written by\" \/>\n\t<meta name=\"twitter:data1\" content=\"ulqini\" \/>\n\t<meta name=\"twitter:label2\" content=\"Est. reading time\" \/>\n\t<meta name=\"twitter:data2\" content=\"1 minute\" \/>\n<script type=\"application\/ld+json\" class=\"yoast-schema-graph\">{\"@context\":\"https:\/\/schema.org\",\"@graph\":[{\"@type\":\"WebSite\",\"@id\":\"https:\/\/www.visit-ulcinj.com\/blog\/#website\",\"url\":\"https:\/\/www.visit-ulcinj.com\/blog\/\",\"name\":\"Lajme nga Ulqini\",\"description\":\"Lajme,Vijesti,Ulqini,Ulqin,Crna Gora,Mali i Zi\",\"potentialAction\":[{\"@type\":\"SearchAction\",\"target\":{\"@type\":\"EntryPoint\",\"urlTemplate\":\"https:\/\/www.visit-ulcinj.com\/blog\/?s={search_term_string}\"},\"query-input\":\"required name=search_term_string\"}],\"inLanguage\":\"en-US\"},{\"@type\":\"WebPage\",\"@id\":\"https:\/\/www.visit-ulcinj.com\/blog\/2016\/12\/31\/lajme-nga-ulqini-ju-uron-gezuar-2017\/#webpage\",\"url\":\"https:\/\/www.visit-ulcinj.com\/blog\/2016\/12\/31\/lajme-nga-ulqini-ju-uron-gezuar-2017\/\",\"name\":\"\u201cLajme nga Ulqini\u201d ju uron G\u00ebzuar 2017! - Lajme nga Ulqini\",\"isPartOf\":{\"@id\":\"https:\/\/www.visit-ulcinj.com\/blog\/#website\"},\"datePublished\":\"2016-12-31T11:30:11+00:00\",\"dateModified\":\"2017-01-02T19:30:27+00:00\",\"author\":{\"@id\":\"https:\/\/www.visit-ulcinj.com\/blog\/#\/schema\/person\/dcab619c614d3038751c63bc2aadc06d\"},\"description\":\"Ky \u00ebsht\u00eb shembulli m\u00eb i mir\u00eb q\u00eb duhet ndjekur nga t\u00eb tjer\u00ebt p\u00ebr informim t\u00eb shpejt\u00eb,korrekt dhe t\u00eb paansh\u00ebm. Lexuesit e pasionuar, t\u00eb cil\u00ebt nuk i ndahen\",\"breadcrumb\":{\"@id\":\"https:\/\/www.visit-ulcinj.com\/blog\/2016\/12\/31\/lajme-nga-ulqini-ju-uron-gezuar-2017\/#breadcrumb\"},\"inLanguage\":\"en-US\",\"potentialAction\":[{\"@type\":\"ReadAction\",\"target\":[\"https:\/\/www.visit-ulcinj.com\/blog\/2016\/12\/31\/lajme-nga-ulqini-ju-uron-gezuar-2017\/\"]}]},{\"@type\":\"BreadcrumbList\",\"@id\":\"https:\/\/www.visit-ulcinj.com\/blog\/2016\/12\/31\/lajme-nga-ulqini-ju-uron-gezuar-2017\/#breadcrumb\",\"itemListElement\":[{\"@type\":\"ListItem\",\"position\":1,\"name\":\"\u201cLajme nga Ulqini\u201d ju uron G\u00ebzuar 2017!\"}]},{\"@type\":\"Person\",\"@id\":\"https:\/\/www.visit-ulcinj.com\/blog\/#\/schema\/person\/dcab619c614d3038751c63bc2aadc06d\",\"name\":\"ulqini\",\"sameAs\":[\"http:\/\/www.visit-ulcinj.com\"],\"url\":\"https:\/\/www.visit-ulcinj.com\/blog\/author\/admin\/\"}]}<\/script>\n<!-- \/ Yoast SEO plugin. -->","yoast_head_json":{"title":"\u201cLajme nga Ulqini\u201d ju uron G\u00ebzuar 2017! - Lajme nga Ulqini","description":"Ky \u00ebsht\u00eb shembulli m\u00eb i mir\u00eb q\u00eb duhet ndjekur nga t\u00eb tjer\u00ebt p\u00ebr informim t\u00eb shpejt\u00eb,korrekt dhe t\u00eb paansh\u00ebm. Lexuesit e pasionuar, t\u00eb cil\u00ebt nuk i ndahen","robots":{"index":"index","follow":"follow","max-snippet":"max-snippet:-1","max-image-preview":"max-image-preview:large","max-video-preview":"max-video-preview:-1"},"canonical":"https:\/\/www.visit-ulcinj.com\/blog\/2016\/12\/31\/lajme-nga-ulqini-ju-uron-gezuar-2017\/","og_locale":"en_US","og_type":"article","og_title":"\u201cLajme nga Ulqini\u201d ju uron G\u00ebzuar 2017! - Lajme nga Ulqini","og_description":"Ky \u00ebsht\u00eb shembulli m\u00eb i mir\u00eb q\u00eb duhet ndjekur nga t\u00eb tjer\u00ebt p\u00ebr informim t\u00eb shpejt\u00eb,korrekt dhe t\u00eb paansh\u00ebm. Lexuesit e pasionuar, t\u00eb cil\u00ebt nuk i ndahen","og_url":"https:\/\/www.visit-ulcinj.com\/blog\/2016\/12\/31\/lajme-nga-ulqini-ju-uron-gezuar-2017\/","og_site_name":"Lajme nga Ulqini","article_published_time":"2016-12-31T11:30:11+00:00","article_modified_time":"2017-01-02T19:30:27+00:00","twitter_misc":{"Written by":"ulqini","Est. reading time":"1 minute"},"schema":{"@context":"https:\/\/schema.org","@graph":[{"@type":"WebSite","@id":"https:\/\/www.visit-ulcinj.com\/blog\/#website","url":"https:\/\/www.visit-ulcinj.com\/blog\/","name":"Lajme nga Ulqini","description":"Lajme,Vijesti,Ulqini,Ulqin,Crna Gora,Mali i Zi","potentialAction":[{"@type":"SearchAction","target":{"@type":"EntryPoint","urlTemplate":"https:\/\/www.visit-ulcinj.com\/blog\/?s={search_term_string}"},"query-input":"required name=search_term_string"}],"inLanguage":"en-US"},{"@type":"WebPage","@id":"https:\/\/www.visit-ulcinj.com\/blog\/2016\/12\/31\/lajme-nga-ulqini-ju-uron-gezuar-2017\/#webpage","url":"https:\/\/www.visit-ulcinj.com\/blog\/2016\/12\/31\/lajme-nga-ulqini-ju-uron-gezuar-2017\/","name":"\u201cLajme nga Ulqini\u201d ju uron G\u00ebzuar 2017! - Lajme nga Ulqini","isPartOf":{"@id":"https:\/\/www.visit-ulcinj.com\/blog\/#website"},"datePublished":"2016-12-31T11:30:11+00:00","dateModified":"2017-01-02T19:30:27+00:00","author":{"@id":"https:\/\/www.visit-ulcinj.com\/blog\/#\/schema\/person\/dcab619c614d3038751c63bc2aadc06d"},"description":"Ky \u00ebsht\u00eb shembulli m\u00eb i mir\u00eb q\u00eb duhet ndjekur nga t\u00eb tjer\u00ebt p\u00ebr informim t\u00eb shpejt\u00eb,korrekt dhe t\u00eb paansh\u00ebm. Lexuesit e pasionuar, t\u00eb cil\u00ebt nuk i ndahen","breadcrumb":{"@id":"https:\/\/www.visit-ulcinj.com\/blog\/2016\/12\/31\/lajme-nga-ulqini-ju-uron-gezuar-2017\/#breadcrumb"},"inLanguage":"en-US","potentialAction":[{"@type":"ReadAction","target":["https:\/\/www.visit-ulcinj.com\/blog\/2016\/12\/31\/lajme-nga-ulqini-ju-uron-gezuar-2017\/"]}]},{"@type":"BreadcrumbList","@id":"https:\/\/www.visit-ulcinj.com\/blog\/2016\/12\/31\/lajme-nga-ulqini-ju-uron-gezuar-2017\/#breadcrumb","itemListElement":[{"@type":"ListItem","position":1,"name":"\u201cLajme nga Ulqini\u201d ju uron G\u00ebzuar 2017!"}]},{"@type":"Person","@id":"https:\/\/www.visit-ulcinj.com\/blog\/#\/schema\/person\/dcab619c614d3038751c63bc2aadc06d","name":"ulqini","sameAs":["http:\/\/www.visit-ulcinj.com"],"url":"https:\/\/www.visit-ulcinj.com\/blog\/author\/admin\/"}]}},"jetpack_featured_media_url":"","jetpack_sharing_enabled":true,"jetpack_shortlink":"https:\/\/wp.me\/pe6lTn-qx0","_links":{"self":[{"href":"https:\/\/www.visit-ulcinj.com\/blog\/wp-json\/wp\/v2\/posts\/101990"}],"collection":[{"href":"https:\/\/www.visit-ulcinj.com\/blog\/wp-json\/wp\/v2\/posts"}],"about":[{"href":"https:\/\/www.visit-ulcinj.com\/blog\/wp-json\/wp\/v2\/types\/post"}],"author":[{"embeddable":true,"href":"https:\/\/www.visit-ulcinj.com\/blog\/wp-json\/wp\/v2\/users\/1"}],"replies":[{"embeddable":true,"href":"https:\/\/www.visit-ulcinj.com\/blog\/wp-json\/wp\/v2\/comments?post=101990"}],"version-history":[{"count":1,"href":"https:\/\/www.visit-ulcinj.com\/blog\/wp-json\/wp\/v2\/posts\/101990\/revisions"}],"predecessor-version":[{"id":101992,"href":"https:\/\/www.visit-ulcinj.com\/blog\/wp-json\/wp\/v2\/posts\/101990\/revisions\/101992"}],"wp:attachment":[{"href":"https:\/\/www.visit-ulcinj.com\/blog\/wp-json\/wp\/v2\/media?parent=101990"}],"wp:term":[{"taxonomy":"category","embeddable":true,"href":"https:\/\/www.visit-ulcinj.com\/blog\/wp-json\/wp\/v2\/categories?post=101990"},{"taxonomy":"post_tag","embeddable":true,"href":"https:\/\/www.visit-ulcinj.com\/blog\/wp-json\/wp\/v2\/tags?post=101990"}],"curies":[{"name":"wp","href":"https:\/\/api.w.org\/{rel}","templated":true}]}}