{"id":101993,"date":"2016-12-31T13:14:32","date_gmt":"2016-12-31T12:14:32","guid":{"rendered":"http:\/\/www.visit-ulcinj.com\/blog\/?p=101993"},"modified":"2016-12-31T14:32:19","modified_gmt":"2016-12-31T13:32:19","slug":"rruga-e-boshatisur-ne-ulqin-gezuar-vitin-e-ri-2017","status":"publish","type":"post","link":"https:\/\/www.visit-ulcinj.com\/blog\/2016\/12\/31\/rruga-e-boshatisur-ne-ulqin-gezuar-vitin-e-ri-2017\/","title":{"rendered":"Rruga e boshatisur n\u00eb Ulqin, g\u00ebzuar vitin e ri 2017"},"content":{"rendered":"<p><span class=\"st\"><a href=\"http:\/\/www.visit-ulcinj.com\/blog\/wp-content\/uploads\/2016\/12\/Ulqini-i-boshatisur-dita-viti-ri-2017.jpg\"><img loading=\"lazy\" class=\"alignleft wp-image-101994\" src=\"http:\/\/www.visit-ulcinj.com\/blog\/wp-content\/uploads\/2016\/12\/Ulqini-i-boshatisur-dita-viti-ri-2017.jpg\" alt=\"Ulqini i boshatisur-dita-viti-ri-2017\" width=\"508\" height=\"677\" srcset=\"https:\/\/www.visit-ulcinj.com\/blog\/wp-content\/uploads\/2016\/12\/Ulqini-i-boshatisur-dita-viti-ri-2017.jpg 720w, https:\/\/www.visit-ulcinj.com\/blog\/wp-content\/uploads\/2016\/12\/Ulqini-i-boshatisur-dita-viti-ri-2017-225x300.jpg 225w\" sizes=\"(max-width: 508px) 100vw, 508px\" \/><\/a>Vet\u00ebm pak or\u00eb na ndajn\u00eb nga nisja e nj\u00eb viti t\u00eb ri 2017, ku fotot e shkrepura nga rjeti social <\/span><strong><span class=\"fwn fcg\"><span class=\"fcg\"><span class=\"fwb\"><a id=\"js_2iku\" class=\"profileLink\" href=\"https:\/\/www.facebook.com\/aleksandar.co.doo\" data-ft=\"{&quot;tn&quot;:&quot;l&quot;}\" data-hovercard=\"\/ajax\/hovercard\/user.php?id=100005971843784\" data-hovercard-prefer-more-content-show=\"1\">Doo Aleksandar Ulcinj <\/a><\/span><\/span><\/span><\/strong><span class=\"st\"><strong><a id=\"js_1sce\" class=\"_hli\" href=\"https:\/\/www.facebook.com\/nflamuri\" data-hovercard=\"\/ajax\/hovercard\/user.php?id=100000192240691\" data-hovercard-prefer-more-content-show=\"1\">Facebook,<\/a><\/strong> tregojn\u00eb rrug\u00ebt e boshatisura n\u00eb \u00e7arshi t\u00eb Ulqinit, me ndalimin e qarkullimit n\u00eb disa akse dhe shum\u00eb pak qytetar\u00eb q\u00eb po l\u00ebvizin p\u00ebr momentin .<\/span><\/p>\n<p><strong>Urdh\u00ebri i Policis\u00eb Komunale t\u00eb Ulqinit pati efekt imediat ku ka njoftuar se me rastin e \u00a0fest\u00ebs t\u00eb vitit t\u00eb ri, m\u00eb 31dhjetor, 1 dhe 2 janar 2017\u00a0 ndalohet qarkullimi t\u00eb gjitha automjeteve, p\u00ebrve\u00e7 automjeteve t\u00eb Policis\u00eb dhe automjeteve emergjente n\u00eb drejtim t\u00eb Ran\u00ebs.<\/strong><\/p>\n<p>Duhet cekur se papun\u00ebsia n\u00eb Ulqin sipas autoriteteve lokale \u00ebsht\u00eb rreth 40%. Qyteti jeton vet\u00ebm gjat\u00eb ver\u00ebs kur vijn\u00eb m\u00ebrgimtar\u00ebt dhe turist\u00ebt. Vet\u00ebm n\u00eb Amerik\u00eb jetojn\u00eb m\u00eb shum\u00eb se 7000 mij\u00eb njer\u00ebz nga rajoni i Ulqinit.<\/p>\n<p><a href=\"http:\/\/www.visit-ulcinj.com\/blog\/wp-content\/uploads\/2016\/12\/Ulqini-i-boshatisur-dita-viti-ri-2017-1.jpg\"><img loading=\"lazy\" class=\"alignleft wp-image-101996\" src=\"http:\/\/www.visit-ulcinj.com\/blog\/wp-content\/uploads\/2016\/12\/Ulqini-i-boshatisur-dita-viti-ri-2017-1.jpg\" alt=\"Ulqini i boshatisur-dita-viti-ri-2017-1\" width=\"508\" height=\"677\" srcset=\"https:\/\/www.visit-ulcinj.com\/blog\/wp-content\/uploads\/2016\/12\/Ulqini-i-boshatisur-dita-viti-ri-2017-1.jpg 720w, https:\/\/www.visit-ulcinj.com\/blog\/wp-content\/uploads\/2016\/12\/Ulqini-i-boshatisur-dita-viti-ri-2017-1-225x300.jpg 225w\" sizes=\"(max-width: 508px) 100vw, 508px\" \/><\/a><\/p>\n<p>&nbsp;<\/p>\n","protected":false},"excerpt":{"rendered":"<p>Vet\u00ebm pak or\u00eb na ndajn\u00eb nga nisja e nj\u00eb viti t\u00eb ri 2017, ku fotot e shkrepura nga rjeti social Doo Aleksandar Ulcinj Facebook, tregojn\u00eb rrug\u00ebt e boshatisura n\u00eb \u00e7arshi t\u00eb Ulqinit, me ndalimin e qarkullimit n\u00eb disa akse dhe shum\u00eb pak qytetar\u00eb q\u00eb po l\u00ebvizin p\u00ebr momentin . Urdh\u00ebri i Policis\u00eb Komunale t\u00eb Ulqinit [&hellip;]<\/p>\n","protected":false},"author":1,"featured_media":0,"comment_status":"closed","ping_status":"closed","sticky":false,"template":"","format":"standard","meta":{"spay_email":"","jetpack_publicize_message":"","jetpack_is_tweetstorm":false,"jetpack_publicize_feature_enabled":true},"categories":[11],"tags":[],"jetpack_publicize_connections":[],"yoast_head":"<!-- This site is optimized with the Yoast SEO plugin v19.1 - https:\/\/yoast.com\/wordpress\/plugins\/seo\/ -->\n<title>Rruga e boshatisur n\u00eb Ulqin, g\u00ebzuar vitin e ri 2017 - Lajme nga Ulqini<\/title>\n<meta name=\"description\" content=\"Vet\u00ebm pak or\u00eb na ndajn\u00eb nga nisja e nj\u00eb viti t\u00eb ri 2017, ku fotot e shkrepura nga rjeti social Doo Aleksandar Ulcinj Facebook, tregojn\u00eb rrug\u00ebt e\" \/>\n<meta name=\"robots\" content=\"index, follow, max-snippet:-1, max-image-preview:large, max-video-preview:-1\" \/>\n<link rel=\"canonical\" href=\"https:\/\/www.visit-ulcinj.com\/blog\/2016\/12\/31\/rruga-e-boshatisur-ne-ulqin-gezuar-vitin-e-ri-2017\/\" \/>\n<meta property=\"og:locale\" content=\"en_US\" \/>\n<meta property=\"og:type\" content=\"article\" \/>\n<meta property=\"og:title\" content=\"Rruga e boshatisur n\u00eb Ulqin, g\u00ebzuar vitin e ri 2017 - Lajme nga Ulqini\" \/>\n<meta property=\"og:description\" content=\"Vet\u00ebm pak or\u00eb na ndajn\u00eb nga nisja e nj\u00eb viti t\u00eb ri 2017, ku fotot e shkrepura nga rjeti social Doo Aleksandar Ulcinj Facebook, tregojn\u00eb rrug\u00ebt e\" \/>\n<meta property=\"og:url\" content=\"https:\/\/www.visit-ulcinj.com\/blog\/2016\/12\/31\/rruga-e-boshatisur-ne-ulqin-gezuar-vitin-e-ri-2017\/\" \/>\n<meta property=\"og:site_name\" content=\"Lajme nga Ulqini\" \/>\n<meta property=\"article:published_time\" content=\"2016-12-31T12:14:32+00:00\" \/>\n<meta property=\"article:modified_time\" content=\"2016-12-31T13:32:19+00:00\" \/>\n<meta property=\"og:image\" content=\"http:\/\/www.visit-ulcinj.com\/blog\/wp-content\/uploads\/2016\/12\/Ulqini-i-boshatisur-dita-viti-ri-2017.jpg\" \/>\n<meta name=\"twitter:label1\" content=\"Written by\" \/>\n\t<meta name=\"twitter:data1\" content=\"ulqini\" \/>\n\t<meta name=\"twitter:label2\" content=\"Est. reading time\" \/>\n\t<meta name=\"twitter:data2\" content=\"1 minute\" \/>\n<script type=\"application\/ld+json\" class=\"yoast-schema-graph\">{\"@context\":\"https:\/\/schema.org\",\"@graph\":[{\"@type\":\"WebSite\",\"@id\":\"https:\/\/www.visit-ulcinj.com\/blog\/#website\",\"url\":\"https:\/\/www.visit-ulcinj.com\/blog\/\",\"name\":\"Lajme nga Ulqini\",\"description\":\"Lajme,Vijesti,Ulqini,Ulqin,Crna Gora,Mali i Zi\",\"potentialAction\":[{\"@type\":\"SearchAction\",\"target\":{\"@type\":\"EntryPoint\",\"urlTemplate\":\"https:\/\/www.visit-ulcinj.com\/blog\/?s={search_term_string}\"},\"query-input\":\"required name=search_term_string\"}],\"inLanguage\":\"en-US\"},{\"@type\":\"ImageObject\",\"inLanguage\":\"en-US\",\"@id\":\"https:\/\/www.visit-ulcinj.com\/blog\/2016\/12\/31\/rruga-e-boshatisur-ne-ulqin-gezuar-vitin-e-ri-2017\/#primaryimage\",\"url\":\"https:\/\/www.visit-ulcinj.com\/blog\/wp-content\/uploads\/2016\/12\/Ulqini-i-boshatisur-dita-viti-ri-2017.jpg\",\"contentUrl\":\"https:\/\/www.visit-ulcinj.com\/blog\/wp-content\/uploads\/2016\/12\/Ulqini-i-boshatisur-dita-viti-ri-2017.jpg\",\"width\":720,\"height\":960},{\"@type\":\"WebPage\",\"@id\":\"https:\/\/www.visit-ulcinj.com\/blog\/2016\/12\/31\/rruga-e-boshatisur-ne-ulqin-gezuar-vitin-e-ri-2017\/#webpage\",\"url\":\"https:\/\/www.visit-ulcinj.com\/blog\/2016\/12\/31\/rruga-e-boshatisur-ne-ulqin-gezuar-vitin-e-ri-2017\/\",\"name\":\"Rruga e boshatisur n\u00eb Ulqin, g\u00ebzuar vitin e ri 2017 - Lajme nga Ulqini\",\"isPartOf\":{\"@id\":\"https:\/\/www.visit-ulcinj.com\/blog\/#website\"},\"primaryImageOfPage\":{\"@id\":\"https:\/\/www.visit-ulcinj.com\/blog\/2016\/12\/31\/rruga-e-boshatisur-ne-ulqin-gezuar-vitin-e-ri-2017\/#primaryimage\"},\"datePublished\":\"2016-12-31T12:14:32+00:00\",\"dateModified\":\"2016-12-31T13:32:19+00:00\",\"author\":{\"@id\":\"https:\/\/www.visit-ulcinj.com\/blog\/#\/schema\/person\/dcab619c614d3038751c63bc2aadc06d\"},\"description\":\"Vet\u00ebm pak or\u00eb na ndajn\u00eb nga nisja e nj\u00eb viti t\u00eb ri 2017, ku fotot e shkrepura nga rjeti social Doo Aleksandar Ulcinj Facebook, tregojn\u00eb rrug\u00ebt e\",\"breadcrumb\":{\"@id\":\"https:\/\/www.visit-ulcinj.com\/blog\/2016\/12\/31\/rruga-e-boshatisur-ne-ulqin-gezuar-vitin-e-ri-2017\/#breadcrumb\"},\"inLanguage\":\"en-US\",\"potentialAction\":[{\"@type\":\"ReadAction\",\"target\":[\"https:\/\/www.visit-ulcinj.com\/blog\/2016\/12\/31\/rruga-e-boshatisur-ne-ulqin-gezuar-vitin-e-ri-2017\/\"]}]},{\"@type\":\"BreadcrumbList\",\"@id\":\"https:\/\/www.visit-ulcinj.com\/blog\/2016\/12\/31\/rruga-e-boshatisur-ne-ulqin-gezuar-vitin-e-ri-2017\/#breadcrumb\",\"itemListElement\":[{\"@type\":\"ListItem\",\"position\":1,\"name\":\"Rruga e boshatisur n\u00eb Ulqin, g\u00ebzuar vitin e ri 2017\"}]},{\"@type\":\"Person\",\"@id\":\"https:\/\/www.visit-ulcinj.com\/blog\/#\/schema\/person\/dcab619c614d3038751c63bc2aadc06d\",\"name\":\"ulqini\",\"sameAs\":[\"http:\/\/www.visit-ulcinj.com\"],\"url\":\"https:\/\/www.visit-ulcinj.com\/blog\/author\/admin\/\"}]}<\/script>\n<!-- \/ Yoast SEO plugin. -->","yoast_head_json":{"title":"Rruga e boshatisur n\u00eb Ulqin, g\u00ebzuar vitin e ri 2017 - Lajme nga Ulqini","description":"Vet\u00ebm pak or\u00eb na ndajn\u00eb nga nisja e nj\u00eb viti t\u00eb ri 2017, ku fotot e shkrepura nga rjeti social Doo Aleksandar Ulcinj Facebook, tregojn\u00eb rrug\u00ebt e","robots":{"index":"index","follow":"follow","max-snippet":"max-snippet:-1","max-image-preview":"max-image-preview:large","max-video-preview":"max-video-preview:-1"},"canonical":"https:\/\/www.visit-ulcinj.com\/blog\/2016\/12\/31\/rruga-e-boshatisur-ne-ulqin-gezuar-vitin-e-ri-2017\/","og_locale":"en_US","og_type":"article","og_title":"Rruga e boshatisur n\u00eb Ulqin, g\u00ebzuar vitin e ri 2017 - Lajme nga Ulqini","og_description":"Vet\u00ebm pak or\u00eb na ndajn\u00eb nga nisja e nj\u00eb viti t\u00eb ri 2017, ku fotot e shkrepura nga rjeti social Doo Aleksandar Ulcinj Facebook, tregojn\u00eb rrug\u00ebt e","og_url":"https:\/\/www.visit-ulcinj.com\/blog\/2016\/12\/31\/rruga-e-boshatisur-ne-ulqin-gezuar-vitin-e-ri-2017\/","og_site_name":"Lajme nga Ulqini","article_published_time":"2016-12-31T12:14:32+00:00","article_modified_time":"2016-12-31T13:32:19+00:00","og_image":[{"url":"http:\/\/www.visit-ulcinj.com\/blog\/wp-content\/uploads\/2016\/12\/Ulqini-i-boshatisur-dita-viti-ri-2017.jpg"}],"twitter_misc":{"Written by":"ulqini","Est. reading time":"1 minute"},"schema":{"@context":"https:\/\/schema.org","@graph":[{"@type":"WebSite","@id":"https:\/\/www.visit-ulcinj.com\/blog\/#website","url":"https:\/\/www.visit-ulcinj.com\/blog\/","name":"Lajme nga Ulqini","description":"Lajme,Vijesti,Ulqini,Ulqin,Crna Gora,Mali i Zi","potentialAction":[{"@type":"SearchAction","target":{"@type":"EntryPoint","urlTemplate":"https:\/\/www.visit-ulcinj.com\/blog\/?s={search_term_string}"},"query-input":"required name=search_term_string"}],"inLanguage":"en-US"},{"@type":"ImageObject","inLanguage":"en-US","@id":"https:\/\/www.visit-ulcinj.com\/blog\/2016\/12\/31\/rruga-e-boshatisur-ne-ulqin-gezuar-vitin-e-ri-2017\/#primaryimage","url":"https:\/\/www.visit-ulcinj.com\/blog\/wp-content\/uploads\/2016\/12\/Ulqini-i-boshatisur-dita-viti-ri-2017.jpg","contentUrl":"https:\/\/www.visit-ulcinj.com\/blog\/wp-content\/uploads\/2016\/12\/Ulqini-i-boshatisur-dita-viti-ri-2017.jpg","width":720,"height":960},{"@type":"WebPage","@id":"https:\/\/www.visit-ulcinj.com\/blog\/2016\/12\/31\/rruga-e-boshatisur-ne-ulqin-gezuar-vitin-e-ri-2017\/#webpage","url":"https:\/\/www.visit-ulcinj.com\/blog\/2016\/12\/31\/rruga-e-boshatisur-ne-ulqin-gezuar-vitin-e-ri-2017\/","name":"Rruga e boshatisur n\u00eb Ulqin, g\u00ebzuar vitin e ri 2017 - Lajme nga Ulqini","isPartOf":{"@id":"https:\/\/www.visit-ulcinj.com\/blog\/#website"},"primaryImageOfPage":{"@id":"https:\/\/www.visit-ulcinj.com\/blog\/2016\/12\/31\/rruga-e-boshatisur-ne-ulqin-gezuar-vitin-e-ri-2017\/#primaryimage"},"datePublished":"2016-12-31T12:14:32+00:00","dateModified":"2016-12-31T13:32:19+00:00","author":{"@id":"https:\/\/www.visit-ulcinj.com\/blog\/#\/schema\/person\/dcab619c614d3038751c63bc2aadc06d"},"description":"Vet\u00ebm pak or\u00eb na ndajn\u00eb nga nisja e nj\u00eb viti t\u00eb ri 2017, ku fotot e shkrepura nga rjeti social Doo Aleksandar Ulcinj Facebook, tregojn\u00eb rrug\u00ebt e","breadcrumb":{"@id":"https:\/\/www.visit-ulcinj.com\/blog\/2016\/12\/31\/rruga-e-boshatisur-ne-ulqin-gezuar-vitin-e-ri-2017\/#breadcrumb"},"inLanguage":"en-US","potentialAction":[{"@type":"ReadAction","target":["https:\/\/www.visit-ulcinj.com\/blog\/2016\/12\/31\/rruga-e-boshatisur-ne-ulqin-gezuar-vitin-e-ri-2017\/"]}]},{"@type":"BreadcrumbList","@id":"https:\/\/www.visit-ulcinj.com\/blog\/2016\/12\/31\/rruga-e-boshatisur-ne-ulqin-gezuar-vitin-e-ri-2017\/#breadcrumb","itemListElement":[{"@type":"ListItem","position":1,"name":"Rruga e boshatisur n\u00eb Ulqin, g\u00ebzuar vitin e ri 2017"}]},{"@type":"Person","@id":"https:\/\/www.visit-ulcinj.com\/blog\/#\/schema\/person\/dcab619c614d3038751c63bc2aadc06d","name":"ulqini","sameAs":["http:\/\/www.visit-ulcinj.com"],"url":"https:\/\/www.visit-ulcinj.com\/blog\/author\/admin\/"}]}},"jetpack_featured_media_url":"","jetpack_sharing_enabled":true,"jetpack_shortlink":"https:\/\/wp.me\/pe6lTn-qx3","_links":{"self":[{"href":"https:\/\/www.visit-ulcinj.com\/blog\/wp-json\/wp\/v2\/posts\/101993"}],"collection":[{"href":"https:\/\/www.visit-ulcinj.com\/blog\/wp-json\/wp\/v2\/posts"}],"about":[{"href":"https:\/\/www.visit-ulcinj.com\/blog\/wp-json\/wp\/v2\/types\/post"}],"author":[{"embeddable":true,"href":"https:\/\/www.visit-ulcinj.com\/blog\/wp-json\/wp\/v2\/users\/1"}],"replies":[{"embeddable":true,"href":"https:\/\/www.visit-ulcinj.com\/blog\/wp-json\/wp\/v2\/comments?post=101993"}],"version-history":[{"count":3,"href":"https:\/\/www.visit-ulcinj.com\/blog\/wp-json\/wp\/v2\/posts\/101993\/revisions"}],"predecessor-version":[{"id":102005,"href":"https:\/\/www.visit-ulcinj.com\/blog\/wp-json\/wp\/v2\/posts\/101993\/revisions\/102005"}],"wp:attachment":[{"href":"https:\/\/www.visit-ulcinj.com\/blog\/wp-json\/wp\/v2\/media?parent=101993"}],"wp:term":[{"taxonomy":"category","embeddable":true,"href":"https:\/\/www.visit-ulcinj.com\/blog\/wp-json\/wp\/v2\/categories?post=101993"},{"taxonomy":"post_tag","embeddable":true,"href":"https:\/\/www.visit-ulcinj.com\/blog\/wp-json\/wp\/v2\/tags?post=101993"}],"curies":[{"name":"wp","href":"https:\/\/api.w.org\/{rel}","templated":true}]}}