{"id":102000,"date":"2016-12-31T14:20:18","date_gmt":"2016-12-31T13:20:18","guid":{"rendered":"http:\/\/www.visit-ulcinj.com\/blog\/?p=102000"},"modified":"2016-12-31T14:20:39","modified_gmt":"2016-12-31T13:20:39","slug":"vujanoviq-mali-i-zi-ne-nato-mund-te-ndodhe-qe-ne-janar","status":"publish","type":"post","link":"https:\/\/www.visit-ulcinj.com\/blog\/2016\/12\/31\/vujanoviq-mali-i-zi-ne-nato-mund-te-ndodhe-qe-ne-janar\/","title":{"rendered":"Vujanoviq: Mali i Zi n\u00eb NATO? Mund t\u00eb ndodh\u00eb q\u00eb n\u00eb janar"},"content":{"rendered":"<p><a href=\"http:\/\/www.visit-ulcinj.com\/blog\/wp-content\/uploads\/2016\/12\/Secretary-General-Anders-Fogh-Rasmussen-Filip-Vujanovic-Nato.jpg\"><img loading=\"lazy\" class=\"alignleft wp-image-102002\" src=\"http:\/\/www.visit-ulcinj.com\/blog\/wp-content\/uploads\/2016\/12\/Secretary-General-Anders-Fogh-Rasmussen-Filip-Vujanovic-Nato.jpg\" alt=\"Secretary General Anders Fogh Rasmussen-Filip-Vujanovic-Nato\" width=\"508\" height=\"286\" srcset=\"https:\/\/www.visit-ulcinj.com\/blog\/wp-content\/uploads\/2016\/12\/Secretary-General-Anders-Fogh-Rasmussen-Filip-Vujanovic-Nato.jpg 999w, https:\/\/www.visit-ulcinj.com\/blog\/wp-content\/uploads\/2016\/12\/Secretary-General-Anders-Fogh-Rasmussen-Filip-Vujanovic-Nato-300x169.jpg 300w, https:\/\/www.visit-ulcinj.com\/blog\/wp-content\/uploads\/2016\/12\/Secretary-General-Anders-Fogh-Rasmussen-Filip-Vujanovic-Nato-768x432.jpg 768w\" sizes=\"(max-width: 508px) 100vw, 508px\" \/><\/a>Muajin e ardhsh\u00ebm, Senati amerikan mund t\u00eb votoj\u00eb p\u00ebr ratifikimin e k\u00ebrkes\u00ebs s\u00eb Malit t\u00eb Zi p\u00ebr t\u2019u b\u00ebr\u00eb an\u00ebtar i 29-t\u00eb i NATO-s.<\/p>\n<p>Aleanca zyrtarisht e miratoi k\u00ebrkes\u00ebn n\u00eb konferenc\u00ebn e saj t\u00eb korrikut n\u00eb Varshav\u00eb. Deri tani, 19 nga 28 aleat\u00ebt e NATO-s e kan\u00eb miratuar at\u00eb zyrtarisht. Miratimi nga ligjv\u00ebn\u00ebsit e Shteteve t\u00eb Bashkuara mund t\u2019u sinjalizoj\u00eb t\u00eb tjer\u00ebve p\u00ebr t\u2019i dh\u00ebn\u00eb drit\u00ebn e gjelb\u00ebr zgjerimit n\u00ebp\u00ebrmjet veprimeve t\u00eb tyre legjislative.<\/p>\n<p>N\u00eb nj\u00eb intervist\u00eb me sh\u00ebrbimin serb t\u00eb Z\u00ebrit t\u00eb Amerik\u00ebs, Presidenti i Malit t\u00eb Zi, Filip Vujanovi\u00e7, tha se ai shpreson se an\u00ebtar\u00ebsimi i vendit t\u00eb tij n\u00eb NATO do t\u00eb formalizohet n\u00eb gjysm\u00ebn e par\u00eb t\u00eb vitit 2017. \u201cP\u00ebr ne \u00ebsht\u00eb e r\u00ebnd\u00ebsishme q\u00eb Senati amerikan t\u00eb ratifikoj\u00eb Protokollin e An\u00ebtar\u00ebsimit\u201d, tha ai.<\/p>\n<p>\u201cShtetet e Bashkuara kan\u00eb qen\u00eb gjithmon\u00eb nj\u00eb partner v\u00ebrtet i vlefsh\u00ebm n\u00eb mb\u00ebshtetjen e reformave dhe integrimit t\u00eb Malit t\u00eb Zi n\u00eb institucionet transatlantike.<\/p>\n<p>Ne jemi mir\u00ebnjoh\u00ebs p\u00ebr k\u00ebt\u00eb partneritet, i cili ka qen\u00eb i r\u00ebnd\u00ebsish\u00ebm p\u00ebr zhvillimin e p\u00ebrgjithsh\u00ebm t\u00eb Malit t\u00eb Zi. Dhe un\u00eb nuk dyshoj absolutisht se Senati amerikan do t\u00eb ratifikoj\u00eb protokollin p\u00ebr an\u00ebtar\u00ebsimin e Malit t\u00eb Zi me shumic\u00eb d\u00ebrrmuese\u201d, shtoi m\u00eb tej Vujanoviq.<\/p>\n<p>Rusia e kund\u00ebrshton zgjerimin e NATO-s dhe rrjedhimisht edhe pranimin e Malit t\u00eb Zi. Moska dyshohet se \u00ebsht\u00eb p\u00ebrfshir\u00eb n\u00eb nj\u00eb komplot t\u00eb d\u00ebshtuar p\u00ebr grusht shteti n\u00eb tetor p\u00ebr t\u00eb instaluar nj\u00eb qeveri pro-ruse dhe penguar zgjerimin e NATO-s n\u00eb Ballkanin Per\u00ebndimor. Pranimi i Malit t\u00eb Zi do t\u00eb ishte i pari pas an\u00ebtar\u00ebsimit t\u00eb Kroacis\u00eb dhe Shqip\u00ebris\u00eb n\u00eb vitin 2009.<\/p>\n<p>Ekspert\u00ebt e siguris\u00eb evropiane jan\u00eb disi t\u00eb shqet\u00ebsuar n\u00ebse politika e presidentit t\u00eb zgjedhur Donald Trump ndaj Rusis\u00eb do t\u00eb ndikoj\u00eb negativisht n\u00eb k\u00ebrkes\u00ebn e Malit t\u00eb Zi p\u00ebr t\u2019u pranuar n\u00eb NATO.<\/p>\n<p>Por Presidenti i Malit t\u00eb Zi beson se politika e administrat\u00ebs Trump ndaj Ballkanit ka t\u00eb ngjar\u00eb t\u00eb mbetet e fokusuar n\u00eb stabilitetin, zhvillimin ekonomik dhe integrimin e rajonit n\u00eb BE dhe n\u00eb NATO. Ai gjithashtu shpreson se marr\u00ebdh\u00ebniet e Malit t\u00eb Zi me Rusin\u00eb do t\u00eb p\u00ebrmir\u00ebsohen pasi vendi zyrtarisht t\u00eb vihet n\u00ebn flamurin e NATO-s.<\/p>\n<p>\u201cN\u00eb nj\u00eb far\u00eb m\u00ebnyre ne jemi tashm\u00eb n\u00eb NATO\u201d, tha Vujanoviq. \u201cRusia ka shprehur kund\u00ebrshtimin e saj t\u00eb njohur p\u00ebr zgjerimin e NATO-s. Mali i Zi duhet t\u00eb jet\u00eb i duruesh\u00ebm dhe t\u00eb pres\u00eb derisa t\u00eb b\u00ebhet zyrtarisht an\u00ebtar i plot\u00eb i NATO-s.<\/p>\n<p>Pas k\u00ebsaj, un\u00eb shpresoj se marr\u00ebdh\u00ebniet tona me Rusin\u00eb do t\u00eb p\u00ebrmir\u00ebsohen, sepse Rusia bashk\u00ebpunon dhe ka marr\u00ebdh\u00ebnie t\u00eb mira me shum\u00eb vende t\u00eb NATO-s\u201d.<\/p>\n<p>VAO<\/p>\n<p>&nbsp;<\/p>\n","protected":false},"excerpt":{"rendered":"<p>Muajin e ardhsh\u00ebm, Senati amerikan mund t\u00eb votoj\u00eb p\u00ebr ratifikimin e k\u00ebrkes\u00ebs s\u00eb Malit t\u00eb Zi p\u00ebr t\u2019u b\u00ebr\u00eb an\u00ebtar i 29-t\u00eb i NATO-s. Aleanca zyrtarisht e miratoi k\u00ebrkes\u00ebn n\u00eb konferenc\u00ebn e saj t\u00eb korrikut n\u00eb Varshav\u00eb. Deri tani, 19 nga 28 aleat\u00ebt e NATO-s e kan\u00eb miratuar at\u00eb zyrtarisht. Miratimi nga ligjv\u00ebn\u00ebsit e Shteteve [&hellip;]<\/p>\n","protected":false},"author":1,"featured_media":0,"comment_status":"closed","ping_status":"closed","sticky":false,"template":"","format":"standard","meta":{"spay_email":"","jetpack_publicize_message":"","jetpack_is_tweetstorm":false,"jetpack_publicize_feature_enabled":true},"categories":[14],"tags":[],"jetpack_publicize_connections":[],"yoast_head":"<!-- This site is optimized with the Yoast SEO plugin v19.1 - https:\/\/yoast.com\/wordpress\/plugins\/seo\/ -->\n<title>Vujanoviq: Mali i Zi n\u00eb NATO? Mund t\u00eb ndodh\u00eb q\u00eb n\u00eb janar - Lajme nga Ulqini<\/title>\n<meta name=\"description\" content=\"Muajin e ardhsh\u00ebm, Senati amerikan mund t\u00eb votoj\u00eb p\u00ebr ratifikimin e k\u00ebrkes\u00ebs s\u00eb Malit t\u00eb Zi p\u00ebr t\u2019u b\u00ebr\u00eb an\u00ebtar i 29-t\u00eb i NATO-s. Aleanca zyrtarisht e\" \/>\n<meta name=\"robots\" content=\"index, follow, max-snippet:-1, max-image-preview:large, max-video-preview:-1\" \/>\n<link rel=\"canonical\" href=\"https:\/\/www.visit-ulcinj.com\/blog\/2016\/12\/31\/vujanoviq-mali-i-zi-ne-nato-mund-te-ndodhe-qe-ne-janar\/\" \/>\n<meta property=\"og:locale\" content=\"en_US\" \/>\n<meta property=\"og:type\" content=\"article\" \/>\n<meta property=\"og:title\" content=\"Vujanoviq: Mali i Zi n\u00eb NATO? Mund t\u00eb ndodh\u00eb q\u00eb n\u00eb janar - Lajme nga Ulqini\" \/>\n<meta property=\"og:description\" content=\"Muajin e ardhsh\u00ebm, Senati amerikan mund t\u00eb votoj\u00eb p\u00ebr ratifikimin e k\u00ebrkes\u00ebs s\u00eb Malit t\u00eb Zi p\u00ebr t\u2019u b\u00ebr\u00eb an\u00ebtar i 29-t\u00eb i NATO-s. Aleanca zyrtarisht e\" \/>\n<meta property=\"og:url\" content=\"https:\/\/www.visit-ulcinj.com\/blog\/2016\/12\/31\/vujanoviq-mali-i-zi-ne-nato-mund-te-ndodhe-qe-ne-janar\/\" \/>\n<meta property=\"og:site_name\" content=\"Lajme nga Ulqini\" \/>\n<meta property=\"article:published_time\" content=\"2016-12-31T13:20:18+00:00\" \/>\n<meta property=\"article:modified_time\" content=\"2016-12-31T13:20:39+00:00\" \/>\n<meta property=\"og:image\" content=\"http:\/\/www.visit-ulcinj.com\/blog\/wp-content\/uploads\/2016\/12\/Secretary-General-Anders-Fogh-Rasmussen-Filip-Vujanovic-Nato.jpg\" \/>\n<meta name=\"twitter:label1\" content=\"Written by\" \/>\n\t<meta name=\"twitter:data1\" content=\"ulqini\" \/>\n\t<meta name=\"twitter:label2\" content=\"Est. reading time\" \/>\n\t<meta name=\"twitter:data2\" content=\"3 minutes\" \/>\n<script type=\"application\/ld+json\" class=\"yoast-schema-graph\">{\"@context\":\"https:\/\/schema.org\",\"@graph\":[{\"@type\":\"WebSite\",\"@id\":\"https:\/\/www.visit-ulcinj.com\/blog\/#website\",\"url\":\"https:\/\/www.visit-ulcinj.com\/blog\/\",\"name\":\"Lajme nga Ulqini\",\"description\":\"Lajme,Vijesti,Ulqini,Ulqin,Crna Gora,Mali i Zi\",\"potentialAction\":[{\"@type\":\"SearchAction\",\"target\":{\"@type\":\"EntryPoint\",\"urlTemplate\":\"https:\/\/www.visit-ulcinj.com\/blog\/?s={search_term_string}\"},\"query-input\":\"required name=search_term_string\"}],\"inLanguage\":\"en-US\"},{\"@type\":\"ImageObject\",\"inLanguage\":\"en-US\",\"@id\":\"https:\/\/www.visit-ulcinj.com\/blog\/2016\/12\/31\/vujanoviq-mali-i-zi-ne-nato-mund-te-ndodhe-qe-ne-janar\/#primaryimage\",\"url\":\"https:\/\/www.visit-ulcinj.com\/blog\/wp-content\/uploads\/2016\/12\/Secretary-General-Anders-Fogh-Rasmussen-Filip-Vujanovic-Nato.jpg\",\"contentUrl\":\"https:\/\/www.visit-ulcinj.com\/blog\/wp-content\/uploads\/2016\/12\/Secretary-General-Anders-Fogh-Rasmussen-Filip-Vujanovic-Nato.jpg\",\"width\":999,\"height\":562},{\"@type\":\"WebPage\",\"@id\":\"https:\/\/www.visit-ulcinj.com\/blog\/2016\/12\/31\/vujanoviq-mali-i-zi-ne-nato-mund-te-ndodhe-qe-ne-janar\/#webpage\",\"url\":\"https:\/\/www.visit-ulcinj.com\/blog\/2016\/12\/31\/vujanoviq-mali-i-zi-ne-nato-mund-te-ndodhe-qe-ne-janar\/\",\"name\":\"Vujanoviq: Mali i Zi n\u00eb NATO? Mund t\u00eb ndodh\u00eb q\u00eb n\u00eb janar - Lajme nga Ulqini\",\"isPartOf\":{\"@id\":\"https:\/\/www.visit-ulcinj.com\/blog\/#website\"},\"primaryImageOfPage\":{\"@id\":\"https:\/\/www.visit-ulcinj.com\/blog\/2016\/12\/31\/vujanoviq-mali-i-zi-ne-nato-mund-te-ndodhe-qe-ne-janar\/#primaryimage\"},\"datePublished\":\"2016-12-31T13:20:18+00:00\",\"dateModified\":\"2016-12-31T13:20:39+00:00\",\"author\":{\"@id\":\"https:\/\/www.visit-ulcinj.com\/blog\/#\/schema\/person\/dcab619c614d3038751c63bc2aadc06d\"},\"description\":\"Muajin e ardhsh\u00ebm, Senati amerikan mund t\u00eb votoj\u00eb p\u00ebr ratifikimin e k\u00ebrkes\u00ebs s\u00eb Malit t\u00eb Zi p\u00ebr t\u2019u b\u00ebr\u00eb an\u00ebtar i 29-t\u00eb i NATO-s. Aleanca zyrtarisht e\",\"breadcrumb\":{\"@id\":\"https:\/\/www.visit-ulcinj.com\/blog\/2016\/12\/31\/vujanoviq-mali-i-zi-ne-nato-mund-te-ndodhe-qe-ne-janar\/#breadcrumb\"},\"inLanguage\":\"en-US\",\"potentialAction\":[{\"@type\":\"ReadAction\",\"target\":[\"https:\/\/www.visit-ulcinj.com\/blog\/2016\/12\/31\/vujanoviq-mali-i-zi-ne-nato-mund-te-ndodhe-qe-ne-janar\/\"]}]},{\"@type\":\"BreadcrumbList\",\"@id\":\"https:\/\/www.visit-ulcinj.com\/blog\/2016\/12\/31\/vujanoviq-mali-i-zi-ne-nato-mund-te-ndodhe-qe-ne-janar\/#breadcrumb\",\"itemListElement\":[{\"@type\":\"ListItem\",\"position\":1,\"name\":\"Vujanoviq: Mali i Zi n\u00eb NATO? Mund t\u00eb ndodh\u00eb q\u00eb n\u00eb janar\"}]},{\"@type\":\"Person\",\"@id\":\"https:\/\/www.visit-ulcinj.com\/blog\/#\/schema\/person\/dcab619c614d3038751c63bc2aadc06d\",\"name\":\"ulqini\",\"sameAs\":[\"http:\/\/www.visit-ulcinj.com\"],\"url\":\"https:\/\/www.visit-ulcinj.com\/blog\/author\/admin\/\"}]}<\/script>\n<!-- \/ Yoast SEO plugin. -->","yoast_head_json":{"title":"Vujanoviq: Mali i Zi n\u00eb NATO? Mund t\u00eb ndodh\u00eb q\u00eb n\u00eb janar - Lajme nga Ulqini","description":"Muajin e ardhsh\u00ebm, Senati amerikan mund t\u00eb votoj\u00eb p\u00ebr ratifikimin e k\u00ebrkes\u00ebs s\u00eb Malit t\u00eb Zi p\u00ebr t\u2019u b\u00ebr\u00eb an\u00ebtar i 29-t\u00eb i NATO-s. Aleanca zyrtarisht e","robots":{"index":"index","follow":"follow","max-snippet":"max-snippet:-1","max-image-preview":"max-image-preview:large","max-video-preview":"max-video-preview:-1"},"canonical":"https:\/\/www.visit-ulcinj.com\/blog\/2016\/12\/31\/vujanoviq-mali-i-zi-ne-nato-mund-te-ndodhe-qe-ne-janar\/","og_locale":"en_US","og_type":"article","og_title":"Vujanoviq: Mali i Zi n\u00eb NATO? Mund t\u00eb ndodh\u00eb q\u00eb n\u00eb janar - Lajme nga Ulqini","og_description":"Muajin e ardhsh\u00ebm, Senati amerikan mund t\u00eb votoj\u00eb p\u00ebr ratifikimin e k\u00ebrkes\u00ebs s\u00eb Malit t\u00eb Zi p\u00ebr t\u2019u b\u00ebr\u00eb an\u00ebtar i 29-t\u00eb i NATO-s. Aleanca zyrtarisht e","og_url":"https:\/\/www.visit-ulcinj.com\/blog\/2016\/12\/31\/vujanoviq-mali-i-zi-ne-nato-mund-te-ndodhe-qe-ne-janar\/","og_site_name":"Lajme nga Ulqini","article_published_time":"2016-12-31T13:20:18+00:00","article_modified_time":"2016-12-31T13:20:39+00:00","og_image":[{"url":"http:\/\/www.visit-ulcinj.com\/blog\/wp-content\/uploads\/2016\/12\/Secretary-General-Anders-Fogh-Rasmussen-Filip-Vujanovic-Nato.jpg"}],"twitter_misc":{"Written by":"ulqini","Est. reading time":"3 minutes"},"schema":{"@context":"https:\/\/schema.org","@graph":[{"@type":"WebSite","@id":"https:\/\/www.visit-ulcinj.com\/blog\/#website","url":"https:\/\/www.visit-ulcinj.com\/blog\/","name":"Lajme nga Ulqini","description":"Lajme,Vijesti,Ulqini,Ulqin,Crna Gora,Mali i Zi","potentialAction":[{"@type":"SearchAction","target":{"@type":"EntryPoint","urlTemplate":"https:\/\/www.visit-ulcinj.com\/blog\/?s={search_term_string}"},"query-input":"required name=search_term_string"}],"inLanguage":"en-US"},{"@type":"ImageObject","inLanguage":"en-US","@id":"https:\/\/www.visit-ulcinj.com\/blog\/2016\/12\/31\/vujanoviq-mali-i-zi-ne-nato-mund-te-ndodhe-qe-ne-janar\/#primaryimage","url":"https:\/\/www.visit-ulcinj.com\/blog\/wp-content\/uploads\/2016\/12\/Secretary-General-Anders-Fogh-Rasmussen-Filip-Vujanovic-Nato.jpg","contentUrl":"https:\/\/www.visit-ulcinj.com\/blog\/wp-content\/uploads\/2016\/12\/Secretary-General-Anders-Fogh-Rasmussen-Filip-Vujanovic-Nato.jpg","width":999,"height":562},{"@type":"WebPage","@id":"https:\/\/www.visit-ulcinj.com\/blog\/2016\/12\/31\/vujanoviq-mali-i-zi-ne-nato-mund-te-ndodhe-qe-ne-janar\/#webpage","url":"https:\/\/www.visit-ulcinj.com\/blog\/2016\/12\/31\/vujanoviq-mali-i-zi-ne-nato-mund-te-ndodhe-qe-ne-janar\/","name":"Vujanoviq: Mali i Zi n\u00eb NATO? Mund t\u00eb ndodh\u00eb q\u00eb n\u00eb janar - Lajme nga Ulqini","isPartOf":{"@id":"https:\/\/www.visit-ulcinj.com\/blog\/#website"},"primaryImageOfPage":{"@id":"https:\/\/www.visit-ulcinj.com\/blog\/2016\/12\/31\/vujanoviq-mali-i-zi-ne-nato-mund-te-ndodhe-qe-ne-janar\/#primaryimage"},"datePublished":"2016-12-31T13:20:18+00:00","dateModified":"2016-12-31T13:20:39+00:00","author":{"@id":"https:\/\/www.visit-ulcinj.com\/blog\/#\/schema\/person\/dcab619c614d3038751c63bc2aadc06d"},"description":"Muajin e ardhsh\u00ebm, Senati amerikan mund t\u00eb votoj\u00eb p\u00ebr ratifikimin e k\u00ebrkes\u00ebs s\u00eb Malit t\u00eb Zi p\u00ebr t\u2019u b\u00ebr\u00eb an\u00ebtar i 29-t\u00eb i NATO-s. Aleanca zyrtarisht e","breadcrumb":{"@id":"https:\/\/www.visit-ulcinj.com\/blog\/2016\/12\/31\/vujanoviq-mali-i-zi-ne-nato-mund-te-ndodhe-qe-ne-janar\/#breadcrumb"},"inLanguage":"en-US","potentialAction":[{"@type":"ReadAction","target":["https:\/\/www.visit-ulcinj.com\/blog\/2016\/12\/31\/vujanoviq-mali-i-zi-ne-nato-mund-te-ndodhe-qe-ne-janar\/"]}]},{"@type":"BreadcrumbList","@id":"https:\/\/www.visit-ulcinj.com\/blog\/2016\/12\/31\/vujanoviq-mali-i-zi-ne-nato-mund-te-ndodhe-qe-ne-janar\/#breadcrumb","itemListElement":[{"@type":"ListItem","position":1,"name":"Vujanoviq: Mali i Zi n\u00eb NATO? Mund t\u00eb ndodh\u00eb q\u00eb n\u00eb janar"}]},{"@type":"Person","@id":"https:\/\/www.visit-ulcinj.com\/blog\/#\/schema\/person\/dcab619c614d3038751c63bc2aadc06d","name":"ulqini","sameAs":["http:\/\/www.visit-ulcinj.com"],"url":"https:\/\/www.visit-ulcinj.com\/blog\/author\/admin\/"}]}},"jetpack_featured_media_url":"","jetpack_sharing_enabled":true,"jetpack_shortlink":"https:\/\/wp.me\/pe6lTn-qxa","_links":{"self":[{"href":"https:\/\/www.visit-ulcinj.com\/blog\/wp-json\/wp\/v2\/posts\/102000"}],"collection":[{"href":"https:\/\/www.visit-ulcinj.com\/blog\/wp-json\/wp\/v2\/posts"}],"about":[{"href":"https:\/\/www.visit-ulcinj.com\/blog\/wp-json\/wp\/v2\/types\/post"}],"author":[{"embeddable":true,"href":"https:\/\/www.visit-ulcinj.com\/blog\/wp-json\/wp\/v2\/users\/1"}],"replies":[{"embeddable":true,"href":"https:\/\/www.visit-ulcinj.com\/blog\/wp-json\/wp\/v2\/comments?post=102000"}],"version-history":[{"count":2,"href":"https:\/\/www.visit-ulcinj.com\/blog\/wp-json\/wp\/v2\/posts\/102000\/revisions"}],"predecessor-version":[{"id":102004,"href":"https:\/\/www.visit-ulcinj.com\/blog\/wp-json\/wp\/v2\/posts\/102000\/revisions\/102004"}],"wp:attachment":[{"href":"https:\/\/www.visit-ulcinj.com\/blog\/wp-json\/wp\/v2\/media?parent=102000"}],"wp:term":[{"taxonomy":"category","embeddable":true,"href":"https:\/\/www.visit-ulcinj.com\/blog\/wp-json\/wp\/v2\/categories?post=102000"},{"taxonomy":"post_tag","embeddable":true,"href":"https:\/\/www.visit-ulcinj.com\/blog\/wp-json\/wp\/v2\/tags?post=102000"}],"curies":[{"name":"wp","href":"https:\/\/api.w.org\/{rel}","templated":true}]}}