{"id":102006,"date":"2016-12-31T18:50:16","date_gmt":"2016-12-31T17:50:16","guid":{"rendered":"http:\/\/www.visit-ulcinj.com\/blog\/?p=102006"},"modified":"2017-04-04T17:32:48","modified_gmt":"2017-04-04T16:32:48","slug":"interviste-ekskluzive-profesorin-jusuf-cufo-lika-ne-emisionin-portreti","status":"publish","type":"post","link":"https:\/\/www.visit-ulcinj.com\/blog\/2016\/12\/31\/interviste-ekskluzive-profesorin-jusuf-cufo-lika-ne-emisionin-portreti\/","title":{"rendered":"Intervist\u00eb ekskluzive me profesorin Jusuf Cufo Lika ne emisionin Portreti"},"content":{"rendered":"<p><span style=\"color: #000000;\"><a href=\"http:\/\/www.visit-ulcinj.com\/blog\/wp-content\/uploads\/2016\/12\/Intervist\u00eb-me-Jusuf-Cufo-Lika-Hatixhe-Nelaj-Ulqin.jpg\"><img loading=\"lazy\" class=\"alignleft wp-image-102007\" src=\"http:\/\/www.visit-ulcinj.com\/blog\/wp-content\/uploads\/2016\/12\/Intervist\u00eb-me-Jusuf-Cufo-Lika-Hatixhe-Nelaj-Ulqin.jpg\" alt=\"Intervist\u00eb me Jusuf-Cufo-Lika-Hatixhe-Nelaj-Ulqin\" width=\"508\" height=\"238\" srcset=\"https:\/\/www.visit-ulcinj.com\/blog\/wp-content\/uploads\/2016\/12\/Intervist\u00eb-me-Jusuf-Cufo-Lika-Hatixhe-Nelaj-Ulqin.jpg 702w, https:\/\/www.visit-ulcinj.com\/blog\/wp-content\/uploads\/2016\/12\/Intervist\u00eb-me-Jusuf-Cufo-Lika-Hatixhe-Nelaj-Ulqin-300x141.jpg 300w\" sizes=\"(max-width: 508px) 100vw, 508px\" \/><\/a>N\u00eb televizionin Teuta mund t\u00eb ndiqni emisionin \u201cPortreti\u201d me Hatixhe Nelaj.<\/span><\/p>\n<p><span style=\"color: #000000;\">Protagonist i emisionit \u00ebsht\u00eb themeluesi dhe drejtori i shkoll\u00ebs s\u00eb vetme t\u00eb muzik\u00ebs n\u00eb Ulqin, <strong>Jusuf Cufo Lika<\/strong>.<\/span><\/p>\n<p>Jusuf Cufo Lika \u00ebsht\u00eb muzikant shqiptar nga Mali i Zi. Lindi n\u00eb Ulqin m\u00eb 1953 dhe shkoll\u00ebn fillore e kreu n\u00eb vendlindje, shkoll\u00ebn e mesme t\u00eb muzik\u00ebs e kreu n\u00eb Dubrovnik. Akademin\u00eb e Arteve &#8211; Deg\u00ebn e Muzik\u00ebs e kreu n\u00eb Prishtin\u00eb. Merret me kompozime t\u00eb k\u00ebng\u00ebve popullore t\u00eb cilat u intepretuan n\u00eb festivale t\u00eb ndrysh\u00ebm dhe me fotografi dokumentare dhe artistike. Esht\u00eb themeluesi i Shkoll\u00ebs Fillore p\u00ebr Arsimin Muzikor n\u00eb Ulqin, e hapur m\u00eb 1995.<\/p>\n<p><iframe loading=\"lazy\" src=\"\/\/www.dailymotion.com\/embed\/video\/x55gy09\" width=\"508\" height=\"360\" frameborder=\"0\" allowfullscreen=\"allowfullscreen\"><\/iframe><\/p>\n<p style=\"text-align: center;\"><strong>Jusuf Lika hapi shtigje t\u00eb reja n\u00eb jet\u00ebn muzikore t\u00eb Ulqinit.<\/strong><\/p>\n<p><strong>Nga<\/strong> <strong>Gjek\u00eb Gjonaj<\/strong><\/p>\n<p>Profesori i muzik\u00ebs Jusuf Cufo Lika nga Ulqini \u00ebsht\u00eb nj\u00eb personalitet\u00a0\u00a0 i njohur n\u00eb fush\u00ebn e artit dhe jo vet\u00ebm. Ai ve\u00e7mas shquhet p\u00ebr ringjalljen dhe p\u00ebrhapjen e kultur\u00ebs muzikore n\u00eb k\u00ebt\u00eb qytet, por edhe p\u00ebr afirmimin e\u00a0\u00a0 historis\u00eb s\u00eb lasht\u00eb t\u00eb qytetit t\u00eb tij t\u00eb lindjes &#8211; Ulqinit. N\u00eb k\u00ebto dy shtylla t\u00eb r\u00ebnd\u00ebsishme e ka\u00a0\u00a0 nd\u00ebrtuar t\u00eb gjith\u00eb veprimtarin\u00eb e tij t\u00eb deritashme artistike e kultorore, q\u00eb\u00a0\u00a0 meriton t\u00eb vler\u00ebsohet dhe t\u00eb respektohet, p\u00ebr shkak se me idet\u00eb dhe veprimet e tij arriti mbi t\u00eb gjitha t\u00eb p\u00ebrhap\u00eb kultur\u00ebn muzikore n\u00eb k\u00ebt\u00eb qytet, si askush para tij. Personalisht e njoh at\u00eb q\u00eb nga viti 1991. Ai mbaj mend se n\u00eb rolin e redaktorit na ndihmoi n\u00eb p\u00ebrgatitjen e nj\u00eb programi muzikor t\u00eb emisionit Kronika e jav\u00ebs\u201d n\u00eb Televizionin e Malit t\u00eb Zi\u00a0\u00a0 me rastin e fest\u00ebs s\u00eb fundvitit. Ky emision pati shum\u00eb sukses dhe jehon\u00eb tek teleshikuesit n\u00eb t\u00eb gjitha venbanimet shqiptare n\u00eb Mal t\u00eb Zi.<\/p>\n<p>Prej at\u00ebher\u00eb e kam kuptuar se atij i p\u00eblqen t\u00eb punoj\u00eb i lir\u00eb, pa porosi, me idet\u00eb e veta, duke mos d\u00ebshiruar l\u00ebvdata. Dhe kjo tani kur jemi shok dhe bashk\u00ebqytetar t\u00eb Ulqinit m\u00eb ka p\u00eblqyer p\u00ebr nj\u00eb arsye t\u00eb thjesht\u00eb. P\u00ebr faktin se puna e artistit nuk \u00ebsht\u00eb q\u00eb t\u00eb punoj\u00eb p\u00ebr t\u00eb fituar \u00e7mime as lavdi. Ai duhet t\u00eb punoj\u00eb p\u00ebr t\u00eb krijuar art, p\u00ebr t\u00eb qen\u00eb nj\u00eb hap para koh\u00ebs. Artisti dhe arti nuk njohin kufij, jan\u00eb institucionet ato q\u00eb dallohen.<\/p>\n<p><a href=\"http:\/\/www.visit-ulcinj.com\/blog\/wp-content\/uploads\/2016\/04\/jusuf-lika-muzikolog-Ulqin.jpg\"><img loading=\"lazy\" class=\"alignleft wp-image-96517\" src=\"http:\/\/www.visit-ulcinj.com\/blog\/wp-content\/uploads\/2016\/04\/jusuf-lika-muzikolog-Ulqin.jpg\" alt=\"jusuf-lika-muzikolog-Ulqin\" width=\"300\" height=\"301\" srcset=\"https:\/\/www.visit-ulcinj.com\/blog\/wp-content\/uploads\/2016\/04\/jusuf-lika-muzikolog-Ulqin.jpg 294w, https:\/\/www.visit-ulcinj.com\/blog\/wp-content\/uploads\/2016\/04\/jusuf-lika-muzikolog-Ulqin-150x150.jpg 150w\" sizes=\"(max-width: 300px) 100vw, 300px\" \/><\/a><\/p>\n<p>Me nj\u00eb \u00ebnd\u00ebrr t\u00eb bukur n\u00eb shpirt Jusuf Lika mori udh\u00ebn p\u00ebr n\u00eb \u201c mbret\u00ebrin\u00eb\u201d e muzik\u00ebs n\u00eb vitet 60-t\u00eb t\u00eb shekullit t\u00eb kaluar, n\u00eb koh\u00ebn kur m\u00ebsuesi i tij i muzik\u00ebs i ndjeri Qamil Gorana n\u00eb or\u00ebt private ia ka shkruar notat n\u00eb fletore.<\/p>\n<p>Nj\u00eb stacion ishte Shkolla e Mesme e Muzik\u00ebs n\u00eb Dubrovnik. M\u00eb pas Akademia e Muzik\u00ebs n\u00eb Lubjan\u00eb\u00a0\u00a0 e Prishtin\u00eb, ku edhe u diplomua n\u00eb drejtimin artistiko-pedagosjik. Dhe pastaj njohurit\u00eb e tij t\u00eb fituara nga fusha e kultur\u00ebs muzikore n\u00eb institucione t\u00eb njohura n\u00eb Dubrovnik, Lubjan\u00eb dhe Prishtin\u00eb, me t\u2019u kthyer nga studimet n\u00eb vendlindje, i vuri n\u00eb sh\u00ebrbim t\u00eb hapjes s\u00eb shkoll\u00ebs s\u00eb muzik\u00ebs n\u00eb Ulqin. Iden\u00eb p\u00ebr hapjen e k\u00ebsaj shkoll\u00eb i kishte filluar ta realizoj\u00eb\u00a0\u00a0 n\u00eb vitin 1982, kurse \u00ebndrr\u00ebn e tij t\u00eb kahmotshme e finalizoi n\u00eb vitin 1995. Ky vit sh\u00ebnon fillimin e m\u00ebsimit muzikor n\u00eb Ulqin. N\u00eb prill t\u00eb atij viti ka filluar pun\u00ebn Shkolla Fillore p\u00ebr Arsimin Muzikor n\u00eb Ulqin si paralele e Shkoll\u00ebs s\u00eb Ul\u00ebt t\u00eb Muzik\u00ebs n\u00eb Tivar n\u00ebn udh\u00ebheqjen e profesorit t\u00eb muzik\u00ebs Jusuf Lik\u00ebs. N\u00eb hapjen e k\u00ebsaj shkoll\u00eb e kan\u00eb ndihmuar shum\u00eb dashamir\u00eb t\u00eb artit dhe kultur\u00ebs muzikore, nd\u00ebr t\u00eb cil\u00ebt duhet p\u00ebrmendur ish \u2013 kryetar\u00ebt e Komun\u00ebs s\u00eb Ulqinit, Batko Gjakonoviq dhe Mehmet Bardhi, ish-drejtorin e Bibliotek\u00ebs s\u00eb Ulqinit , Fadil ]Kroma dhe ish &#8211; drejtorin e Shkoll\u00ebs s\u00eb Muzik\u00ebs\u00a0\u00a0 n\u00eb Tivar, Bozhidar Rakonjac.<\/p>\n<p><a href=\"http:\/\/www.visit-ulcinj.com\/blog\/wp-content\/uploads\/2016\/12\/Jusuf-Cufo-Lika-2.jpg\"><img loading=\"lazy\" class=\"alignleft wp-image-102010\" src=\"http:\/\/www.visit-ulcinj.com\/blog\/wp-content\/uploads\/2016\/12\/Jusuf-Cufo-Lika-2.jpg\" alt=\"Jusuf-Cufo-Lika-2\" width=\"508\" height=\"508\" srcset=\"https:\/\/www.visit-ulcinj.com\/blog\/wp-content\/uploads\/2016\/12\/Jusuf-Cufo-Lika-2.jpg 412w, https:\/\/www.visit-ulcinj.com\/blog\/wp-content\/uploads\/2016\/12\/Jusuf-Cufo-Lika-2-150x150.jpg 150w, https:\/\/www.visit-ulcinj.com\/blog\/wp-content\/uploads\/2016\/12\/Jusuf-Cufo-Lika-2-300x300.jpg 300w\" sizes=\"(max-width: 508px) 100vw, 508px\" \/><\/a><\/p>\n<p>Prej at\u00ebher\u00eb jeta dhe veprimtaria e profesor Lik\u00ebs u lidh pazgjidhshm\u00ebrisht me shkoll\u00ebn e muzik\u00ebs n\u00eb Ulqin.<\/p>\n<p>N\u00eb vitin e par\u00eb shkollor u regjistruan 42 nx\u00ebn\u00ebs n\u00eb deg\u00ebt piano, kitar\u00eb dhe fizarmonik\u00eb. M\u00eb von\u00eb interesimi p\u00ebr kultur\u00ebn muzikore n\u00eb k\u00ebt\u00eb qytet rritet ndjesh\u00ebm, sikurse edhe numri i nx\u00ebn\u00ebsve.<\/p>\n<p>N\u00eb vitin shkollor 2000\/2001 kjo shkoll\u00eb me vendim t\u00eb Ministris\u00eb s\u00eb Arsimit dhe Shkenc\u00ebs n\u00eb Mal t\u00eb Zi m\u00ebvet\u00ebsohet , dhe fillon pun\u00ebn e saj si shkoll\u00eb e pavarur me t\u00eb drejta si shkollat e tjera n\u00eb Mal t\u00eb Zi.<\/p>\n<p>Themeluesi dhe drejtori i shkoll\u00ebs Jusuf Lika thot\u00eb se gjat\u00eb 20 viteve kan\u00eb kaluar n\u00ebp\u00ebr sfida t\u00eb ndryshme, duke filluar nga kushtet p\u00ebr pun\u00eb, hap\u00ebsirat e pamjaftueshme, mungesa e mjeteve t\u00eb pun\u00ebs, instrumenteve muzikore dhe t\u00eb kuadrit. Lika pohon se kur \u00ebsht\u00eb hapur shkolla ka pasur vet\u00ebm nj\u00eb piano t\u00eb cil\u00ebn e ka bler\u00eb n\u00eb ankand n\u00eb Valdanos, nj\u00eb kitar\u00eb dhe nj\u00eb fizarmonik\u00eb, kurse m\u00eb pas me para t\u00eb veta i ka bler\u00eb shtat\u00eb violinat e para.<\/p>\n<p>Fal\u00eb pun\u00ebs me p\u00ebrkushtim t\u00eb madh, n\u00eb radh\u00eb t\u00eb par\u00eb t\u00eb profesor Lik\u00ebs\u00a0\u00a0 dhe t\u00eb gjith\u00eb t\u00eb tjer\u00ebve n\u00eb shkoll\u00eb, dhe me p\u00ebrkrahjen e institucioneve\u00a0\u00a0 vendore, shtet\u00ebrore dhe donator\u00ebve vendas dhe t\u00eb huaj,\u00a0\u00a0 ky kolektiv i vog\u00ebl u rrit n\u00eb nj\u00eb familje t\u00eb madhe muzikant\u00ebsh, k\u00ebshtu q\u00eb n\u00eb vitin e 20-t\u00eb jubilar num\u00ebron afro 300 nx\u00ebn\u00ebs dhe 26 t\u00eb pun\u00ebsuar.\u00a0\u00a0 Sipas fjal\u00ebve t\u00eb Lik\u00ebs arritjet e k\u00ebsaj shkoll\u00eb jan\u00eb t\u00eb shumta n\u00eb konkurimet artistike muzikore shtet\u00ebrore, komb\u00ebtare dhe nd\u00ebrkomb\u00ebtare, duke u vler\u00ebsuar me \u00e7mime t\u00eb para n\u00eb shum\u00eb festivale brenda dhe jasht\u00eb Malit t\u00eb Zi. Kulmi i sukseseve t\u00eb k\u00ebsaj shkoll\u00eb \u00ebsht\u00eb pjes\u00ebmarrja n\u00eb garat e Vjen\u00ebs, ku dy her\u00eb me sukses ka p\u00ebrfaq\u00ebsuar Ulqinin dhe Malin e Zi.<\/p>\n<p><a href=\"http:\/\/www.visit-ulcinj.com\/blog\/wp-content\/uploads\/2008\/04\/jusuf-lika.jpg\"><img loading=\"lazy\" class=\"alignleft size-full wp-image-1458\" src=\"http:\/\/www.visit-ulcinj.com\/blog\/wp-content\/uploads\/2008\/04\/jusuf-lika.jpg\" alt=\"jusuf lika\" width=\"260\" height=\"381\" \/><\/a><\/p>\n<p>M\u00ebsuesit e k\u00ebsaj shkoll\u00eb kan\u00eb dh\u00ebn\u00eb nj\u00eb kontribut t\u00eb jasht\u00ebzakonsh\u00ebm p\u00ebr zhvillimin dhe pasurimin e tradit\u00ebs muzikore t\u00eb Ulqinit, kurse krijimi i shkoll\u00ebs s\u00eb muzik\u00ebs pati nj\u00eb rol t\u00eb r\u00ebnd\u00ebsish\u00ebm p\u00ebr p\u00ebrhapjen e artit muzikor n\u00eb p\u00ebrgjith\u00ebsi. Shkolla e muzik\u00ebs n\u00eb Ulqin u b\u00eb misionare e p\u00ebrhapjes s\u00eb artit muzikor, nd\u00ebrsa drejtori i saj me veprimtarin\u00eb e tij hapi shtigje t\u00eb reja n\u00eb jet\u00ebn muzikore. Me angazhimin e tij shum\u00ebvje\u00e7ar solli n\u00eb shkoll\u00eb vegla t\u00eb ndryshme muzikore me vlre\u00eb prej 500 mij\u00eb euro, nd\u00ebr to edhe pianon koncertal n\u00eb sall\u00ebn e madhe t\u00eb Qendr\u00ebs Kulturore t\u00eb Ulqinit.<\/p>\n<p>Jusuf Lika shpirtin e tij t\u00eb artistit e d\u00ebshmoi edhe p\u00ebrmes fotografis\u00eb. Familja e tij nxiti tek Lika ndjenj\u00ebn e tij p\u00ebr fotografin\u00eb, ndjenj\u00ebn e dashuris\u00eb p\u00ebr t\u00eb mir\u00ebn dhe p\u00ebr t\u00eb bukur\u00ebn. Ishte pastaj Ulqini, me historin\u00eb, traditat dhe njer\u00ebzit e saj, me bukurin\u00eb dhe peisazhin e mrrekulluesh\u00ebm, q\u00eb ngacmuan dhe nxit\u00ebn te Jusuf Lika\u00a0\u00a0 frym\u00ebzimet e para p\u00ebr fotografi. Punoi nj\u00eb koh\u00eb n\u00eb dyqanin e tij t\u00eb vog\u00ebl fotografik n\u00eb Tivar, mir\u00ebpo jeta e tij i p\u00ebrkiste nj\u00eb bote tjet\u00ebr, i p\u00ebrkiste muzik\u00ebs. Po ashtu \u00ebsht\u00eb themelues dhe pronar i fototek\u00ebs s\u00eb pasur t\u00eb Ulqinit. Ky \u201c Marub i vog\u00ebl\u201d i Ulqinit \u201d, p\u00ebrmban nj\u00eb arkiv me fotografi q\u00eb konsiderohen si vlera komb\u00ebtare, kulturore dhe historike\u00a0\u00a0 t\u00eb k\u00ebtij qyteti.<\/p>\n<p><a href=\"http:\/\/www.visit-ulcinj.com\/blog\/wp-content\/uploads\/2016\/12\/Jusuf-Cufo-Lika.jpg\"><img loading=\"lazy\" class=\"alignleft wp-image-102008\" src=\"http:\/\/www.visit-ulcinj.com\/blog\/wp-content\/uploads\/2016\/12\/Jusuf-Cufo-Lika.jpg\" alt=\"Jusuf-Cufo-Lika\" width=\"508\" height=\"382\" srcset=\"https:\/\/www.visit-ulcinj.com\/blog\/wp-content\/uploads\/2016\/12\/Jusuf-Cufo-Lika.jpg 628w, https:\/\/www.visit-ulcinj.com\/blog\/wp-content\/uploads\/2016\/12\/Jusuf-Cufo-Lika-300x225.jpg 300w\" sizes=\"(max-width: 508px) 100vw, 508px\" \/><\/a><\/p>\n<p>Shum\u00eb fotografi dokumentare dhe artistike p\u00ebr t\u00eb kaluar\u00ebn e Ulqinit dhe trev\u00ebs p\u00ebrreth nga fusha t\u00eb ndryshme t\u00eb jet\u00ebs\u00a0\u00a0 Jusuf Lika bashk\u00eb me prof.dr. Ruzhdi Ushakun i kan\u00eb\u00a0\u00a0 botuar n\u00eb monografin\u00eb \u201c Ulqini nga dritaret e koh\u00ebs\u201d, vep\u00ebr kjo e dobishme dhe me interes kronologjik p\u00ebr k\u00ebt\u00eb qytet me rrethin\u00eb .<\/p>\n<p>Ky pedagog i muzik\u00ebs, krahas pun\u00ebs fryt\u00ebdh\u00ebn\u00ebse n\u00eb institucionin arsimor q\u00eb e themeloi dhe vazhdon gjihnj\u00eb ta drejtoj\u00eb me sukses, gjen\u00eb koh\u00eb edhe p\u00ebr shum\u00eb veprimtari t\u00eb tjera.\u00a0\u00a0 Puna\u00a0\u00a0 me p\u00ebrkushtim, vullneti i madh , energjia dhe idet\u00eb e pashtershme\u00a0\u00a0 t\u00eb Jusuf Lik\u00ebs v\u00ebrehen edhe p\u00ebrmes Fondacionit \u201c Lika\u201d, n\u00ebn firm\u00ebn e t\u00eb cilit jan\u00eb organizuar shum\u00eb aktivitete kulturore dhe jan\u00eb botuar disa libra n\u00eb gjuh\u00ebn shqipe dhe malazeze. Si botues ka bashk\u00ebpunuar dhe bashk\u00ebpunon me shum\u00eb krijues t\u00eb njohur shqiptar\u00eb dhe joshqiptar\u00eb. N\u00eb k\u00ebt\u00eb fush\u00eb \u00ebsht\u00eb dora e djatht\u00eb e prof.dr. Ruzhdi Ushakut, me t\u00eb cilin bashk\u00ebpunon pand\u00ebrprer\u00eb m\u00eb se tri dekada.<\/p>\n<p>Pra, Jusuf Lika, ka nj\u00eb bot\u00eb artisti q\u00eb me veprimtarin\u00eb e tij t\u00eb shum\u00ebllojshme patjet\u00ebr do t\u00eb l\u00eb gjurm\u00eb t\u00eb pashlyeshme n\u00eb historikun\u00a0\u00a0 e qytetit t\u00eb Ulqinit.<\/p>\n<p><a href=\"http:\/\/www.visit-ulcinj.com\/blog\/wp-content\/uploads\/2016\/12\/Jusuf-Cufo-Lika-1.jpg\"><img loading=\"lazy\" class=\"alignleft wp-image-102009\" src=\"http:\/\/www.visit-ulcinj.com\/blog\/wp-content\/uploads\/2016\/12\/Jusuf-Cufo-Lika-1.jpg\" alt=\"Jusuf-Cufo-Lika-1\" width=\"508\" height=\"338\" srcset=\"https:\/\/www.visit-ulcinj.com\/blog\/wp-content\/uploads\/2016\/12\/Jusuf-Cufo-Lika-1.jpg 620w, https:\/\/www.visit-ulcinj.com\/blog\/wp-content\/uploads\/2016\/12\/Jusuf-Cufo-Lika-1-300x200.jpg 300w\" sizes=\"(max-width: 508px) 100vw, 508px\" \/><\/a><\/p>\n<p><a href=\"http:\/\/www.visit-ulcinj.com\/blog\/wp-content\/uploads\/2016\/12\/Jusuf-Lika-Ulcinj-Ulqin.jpg\"><img loading=\"lazy\" class=\"alignleft wp-image-104162\" src=\"http:\/\/www.visit-ulcinj.com\/blog\/wp-content\/uploads\/2016\/12\/Jusuf-Lika-Ulcinj-Ulqin.jpg\" alt=\"Jusuf Lika-Ulcinj-Ulqin\" width=\"508\" height=\"339\" srcset=\"https:\/\/www.visit-ulcinj.com\/blog\/wp-content\/uploads\/2016\/12\/Jusuf-Lika-Ulcinj-Ulqin.jpg 960w, https:\/\/www.visit-ulcinj.com\/blog\/wp-content\/uploads\/2016\/12\/Jusuf-Lika-Ulcinj-Ulqin-300x200.jpg 300w, https:\/\/www.visit-ulcinj.com\/blog\/wp-content\/uploads\/2016\/12\/Jusuf-Lika-Ulcinj-Ulqin-768x512.jpg 768w\" sizes=\"(max-width: 508px) 100vw, 508px\" \/><\/a><br \/>\n<a href=\"http:\/\/www.visit-ulcinj.com\/blog\/wp-content\/uploads\/2016\/12\/Jusuf-Lika-Ulcinj-Ulqin-1.jpg\"><img loading=\"lazy\" class=\"alignleft wp-image-104163\" src=\"http:\/\/www.visit-ulcinj.com\/blog\/wp-content\/uploads\/2016\/12\/Jusuf-Lika-Ulcinj-Ulqin-1.jpg\" alt=\"Jusuf Lika-Ulcinj-Ulqin-1\" width=\"508\" height=\"762\" srcset=\"https:\/\/www.visit-ulcinj.com\/blog\/wp-content\/uploads\/2016\/12\/Jusuf-Lika-Ulcinj-Ulqin-1.jpg 640w, https:\/\/www.visit-ulcinj.com\/blog\/wp-content\/uploads\/2016\/12\/Jusuf-Lika-Ulcinj-Ulqin-1-200x300.jpg 200w\" sizes=\"(max-width: 508px) 100vw, 508px\" \/><\/a><\/p>\n","protected":false},"excerpt":{"rendered":"<p>N\u00eb televizionin Teuta mund t\u00eb ndiqni emisionin \u201cPortreti\u201d me Hatixhe Nelaj. Protagonist i emisionit \u00ebsht\u00eb themeluesi dhe drejtori i shkoll\u00ebs s\u00eb vetme t\u00eb muzik\u00ebs n\u00eb Ulqin, Jusuf Cufo Lika. Jusuf Cufo Lika \u00ebsht\u00eb muzikant shqiptar nga Mali i Zi. Lindi n\u00eb Ulqin m\u00eb 1953 dhe shkoll\u00ebn fillore e kreu n\u00eb vendlindje, shkoll\u00ebn e mesme t\u00eb [&hellip;]<\/p>\n","protected":false},"author":1,"featured_media":0,"comment_status":"closed","ping_status":"closed","sticky":false,"template":"","format":"standard","meta":{"spay_email":"","jetpack_publicize_message":"","jetpack_is_tweetstorm":false,"jetpack_publicize_feature_enabled":true},"categories":[5,1],"tags":[],"jetpack_publicize_connections":[],"yoast_head":"<!-- This site is optimized with the Yoast SEO plugin v19.1 - https:\/\/yoast.com\/wordpress\/plugins\/seo\/ -->\n<title>Intervist\u00eb ekskluzive me profesorin Jusuf Cufo Lika ne emisionin Portreti - Lajme nga Ulqini<\/title>\n<meta name=\"description\" content=\"N\u00eb televizionin Teuta mund t\u00eb ndiqni emisionin \u201cPortreti\u201d me Hatixhe Nelaj. Protagonist i emisionit \u00ebsht\u00eb themeluesi dhe drejtori i shkoll\u00ebs s\u00eb vetme t\u00eb\" \/>\n<meta name=\"robots\" content=\"index, follow, max-snippet:-1, max-image-preview:large, max-video-preview:-1\" \/>\n<link rel=\"canonical\" href=\"https:\/\/www.visit-ulcinj.com\/blog\/2016\/12\/31\/interviste-ekskluzive-profesorin-jusuf-cufo-lika-ne-emisionin-portreti\/\" \/>\n<meta property=\"og:locale\" content=\"en_US\" \/>\n<meta property=\"og:type\" content=\"article\" \/>\n<meta property=\"og:title\" content=\"Intervist\u00eb ekskluzive me profesorin Jusuf Cufo Lika ne emisionin Portreti - Lajme nga Ulqini\" \/>\n<meta property=\"og:description\" content=\"N\u00eb televizionin Teuta mund t\u00eb ndiqni emisionin \u201cPortreti\u201d me Hatixhe Nelaj. Protagonist i emisionit \u00ebsht\u00eb themeluesi dhe drejtori i shkoll\u00ebs s\u00eb vetme t\u00eb\" \/>\n<meta property=\"og:url\" content=\"https:\/\/www.visit-ulcinj.com\/blog\/2016\/12\/31\/interviste-ekskluzive-profesorin-jusuf-cufo-lika-ne-emisionin-portreti\/\" \/>\n<meta property=\"og:site_name\" content=\"Lajme nga Ulqini\" \/>\n<meta property=\"article:published_time\" content=\"2016-12-31T17:50:16+00:00\" \/>\n<meta property=\"article:modified_time\" content=\"2017-04-04T16:32:48+00:00\" \/>\n<meta property=\"og:image\" content=\"http:\/\/www.visit-ulcinj.com\/blog\/wp-content\/uploads\/2016\/04\/jusuf-lika-muzikolog-Ulqin.jpg\" \/>\n<meta name=\"twitter:label1\" content=\"Written by\" \/>\n\t<meta name=\"twitter:data1\" content=\"ulqini\" \/>\n\t<meta name=\"twitter:label2\" content=\"Est. reading time\" \/>\n\t<meta name=\"twitter:data2\" content=\"7 minutes\" \/>\n<script type=\"application\/ld+json\" class=\"yoast-schema-graph\">{\"@context\":\"https:\/\/schema.org\",\"@graph\":[{\"@type\":\"WebSite\",\"@id\":\"https:\/\/www.visit-ulcinj.com\/blog\/#website\",\"url\":\"https:\/\/www.visit-ulcinj.com\/blog\/\",\"name\":\"Lajme nga Ulqini\",\"description\":\"Lajme,Vijesti,Ulqini,Ulqin,Crna Gora,Mali i Zi\",\"potentialAction\":[{\"@type\":\"SearchAction\",\"target\":{\"@type\":\"EntryPoint\",\"urlTemplate\":\"https:\/\/www.visit-ulcinj.com\/blog\/?s={search_term_string}\"},\"query-input\":\"required name=search_term_string\"}],\"inLanguage\":\"en-US\"},{\"@type\":\"ImageObject\",\"inLanguage\":\"en-US\",\"@id\":\"https:\/\/www.visit-ulcinj.com\/blog\/2016\/12\/31\/interviste-ekskluzive-profesorin-jusuf-cufo-lika-ne-emisionin-portreti\/#primaryimage\",\"url\":\"https:\/\/www.visit-ulcinj.com\/blog\/wp-content\/uploads\/2016\/04\/jusuf-lika-muzikolog-Ulqin.jpg\",\"contentUrl\":\"https:\/\/www.visit-ulcinj.com\/blog\/wp-content\/uploads\/2016\/04\/jusuf-lika-muzikolog-Ulqin.jpg\",\"width\":294,\"height\":295},{\"@type\":\"WebPage\",\"@id\":\"https:\/\/www.visit-ulcinj.com\/blog\/2016\/12\/31\/interviste-ekskluzive-profesorin-jusuf-cufo-lika-ne-emisionin-portreti\/#webpage\",\"url\":\"https:\/\/www.visit-ulcinj.com\/blog\/2016\/12\/31\/interviste-ekskluzive-profesorin-jusuf-cufo-lika-ne-emisionin-portreti\/\",\"name\":\"Intervist\u00eb ekskluzive me profesorin Jusuf Cufo Lika ne emisionin Portreti - Lajme nga Ulqini\",\"isPartOf\":{\"@id\":\"https:\/\/www.visit-ulcinj.com\/blog\/#website\"},\"primaryImageOfPage\":{\"@id\":\"https:\/\/www.visit-ulcinj.com\/blog\/2016\/12\/31\/interviste-ekskluzive-profesorin-jusuf-cufo-lika-ne-emisionin-portreti\/#primaryimage\"},\"datePublished\":\"2016-12-31T17:50:16+00:00\",\"dateModified\":\"2017-04-04T16:32:48+00:00\",\"author\":{\"@id\":\"https:\/\/www.visit-ulcinj.com\/blog\/#\/schema\/person\/dcab619c614d3038751c63bc2aadc06d\"},\"description\":\"N\u00eb televizionin Teuta mund t\u00eb ndiqni emisionin \u201cPortreti\u201d me Hatixhe Nelaj. Protagonist i emisionit \u00ebsht\u00eb themeluesi dhe drejtori i shkoll\u00ebs s\u00eb vetme t\u00eb\",\"breadcrumb\":{\"@id\":\"https:\/\/www.visit-ulcinj.com\/blog\/2016\/12\/31\/interviste-ekskluzive-profesorin-jusuf-cufo-lika-ne-emisionin-portreti\/#breadcrumb\"},\"inLanguage\":\"en-US\",\"potentialAction\":[{\"@type\":\"ReadAction\",\"target\":[\"https:\/\/www.visit-ulcinj.com\/blog\/2016\/12\/31\/interviste-ekskluzive-profesorin-jusuf-cufo-lika-ne-emisionin-portreti\/\"]}]},{\"@type\":\"BreadcrumbList\",\"@id\":\"https:\/\/www.visit-ulcinj.com\/blog\/2016\/12\/31\/interviste-ekskluzive-profesorin-jusuf-cufo-lika-ne-emisionin-portreti\/#breadcrumb\",\"itemListElement\":[{\"@type\":\"ListItem\",\"position\":1,\"name\":\"Intervist\u00eb ekskluzive me profesorin Jusuf Cufo Lika ne emisionin Portreti\"}]},{\"@type\":\"Person\",\"@id\":\"https:\/\/www.visit-ulcinj.com\/blog\/#\/schema\/person\/dcab619c614d3038751c63bc2aadc06d\",\"name\":\"ulqini\",\"sameAs\":[\"http:\/\/www.visit-ulcinj.com\"],\"url\":\"https:\/\/www.visit-ulcinj.com\/blog\/author\/admin\/\"}]}<\/script>\n<!-- \/ Yoast SEO plugin. -->","yoast_head_json":{"title":"Intervist\u00eb ekskluzive me profesorin Jusuf Cufo Lika ne emisionin Portreti - Lajme nga Ulqini","description":"N\u00eb televizionin Teuta mund t\u00eb ndiqni emisionin \u201cPortreti\u201d me Hatixhe Nelaj. Protagonist i emisionit \u00ebsht\u00eb themeluesi dhe drejtori i shkoll\u00ebs s\u00eb vetme t\u00eb","robots":{"index":"index","follow":"follow","max-snippet":"max-snippet:-1","max-image-preview":"max-image-preview:large","max-video-preview":"max-video-preview:-1"},"canonical":"https:\/\/www.visit-ulcinj.com\/blog\/2016\/12\/31\/interviste-ekskluzive-profesorin-jusuf-cufo-lika-ne-emisionin-portreti\/","og_locale":"en_US","og_type":"article","og_title":"Intervist\u00eb ekskluzive me profesorin Jusuf Cufo Lika ne emisionin Portreti - Lajme nga Ulqini","og_description":"N\u00eb televizionin Teuta mund t\u00eb ndiqni emisionin \u201cPortreti\u201d me Hatixhe Nelaj. Protagonist i emisionit \u00ebsht\u00eb themeluesi dhe drejtori i shkoll\u00ebs s\u00eb vetme t\u00eb","og_url":"https:\/\/www.visit-ulcinj.com\/blog\/2016\/12\/31\/interviste-ekskluzive-profesorin-jusuf-cufo-lika-ne-emisionin-portreti\/","og_site_name":"Lajme nga Ulqini","article_published_time":"2016-12-31T17:50:16+00:00","article_modified_time":"2017-04-04T16:32:48+00:00","og_image":[{"url":"http:\/\/www.visit-ulcinj.com\/blog\/wp-content\/uploads\/2016\/04\/jusuf-lika-muzikolog-Ulqin.jpg"}],"twitter_misc":{"Written by":"ulqini","Est. reading time":"7 minutes"},"schema":{"@context":"https:\/\/schema.org","@graph":[{"@type":"WebSite","@id":"https:\/\/www.visit-ulcinj.com\/blog\/#website","url":"https:\/\/www.visit-ulcinj.com\/blog\/","name":"Lajme nga Ulqini","description":"Lajme,Vijesti,Ulqini,Ulqin,Crna Gora,Mali i Zi","potentialAction":[{"@type":"SearchAction","target":{"@type":"EntryPoint","urlTemplate":"https:\/\/www.visit-ulcinj.com\/blog\/?s={search_term_string}"},"query-input":"required name=search_term_string"}],"inLanguage":"en-US"},{"@type":"ImageObject","inLanguage":"en-US","@id":"https:\/\/www.visit-ulcinj.com\/blog\/2016\/12\/31\/interviste-ekskluzive-profesorin-jusuf-cufo-lika-ne-emisionin-portreti\/#primaryimage","url":"https:\/\/www.visit-ulcinj.com\/blog\/wp-content\/uploads\/2016\/04\/jusuf-lika-muzikolog-Ulqin.jpg","contentUrl":"https:\/\/www.visit-ulcinj.com\/blog\/wp-content\/uploads\/2016\/04\/jusuf-lika-muzikolog-Ulqin.jpg","width":294,"height":295},{"@type":"WebPage","@id":"https:\/\/www.visit-ulcinj.com\/blog\/2016\/12\/31\/interviste-ekskluzive-profesorin-jusuf-cufo-lika-ne-emisionin-portreti\/#webpage","url":"https:\/\/www.visit-ulcinj.com\/blog\/2016\/12\/31\/interviste-ekskluzive-profesorin-jusuf-cufo-lika-ne-emisionin-portreti\/","name":"Intervist\u00eb ekskluzive me profesorin Jusuf Cufo Lika ne emisionin Portreti - Lajme nga Ulqini","isPartOf":{"@id":"https:\/\/www.visit-ulcinj.com\/blog\/#website"},"primaryImageOfPage":{"@id":"https:\/\/www.visit-ulcinj.com\/blog\/2016\/12\/31\/interviste-ekskluzive-profesorin-jusuf-cufo-lika-ne-emisionin-portreti\/#primaryimage"},"datePublished":"2016-12-31T17:50:16+00:00","dateModified":"2017-04-04T16:32:48+00:00","author":{"@id":"https:\/\/www.visit-ulcinj.com\/blog\/#\/schema\/person\/dcab619c614d3038751c63bc2aadc06d"},"description":"N\u00eb televizionin Teuta mund t\u00eb ndiqni emisionin \u201cPortreti\u201d me Hatixhe Nelaj. Protagonist i emisionit \u00ebsht\u00eb themeluesi dhe drejtori i shkoll\u00ebs s\u00eb vetme t\u00eb","breadcrumb":{"@id":"https:\/\/www.visit-ulcinj.com\/blog\/2016\/12\/31\/interviste-ekskluzive-profesorin-jusuf-cufo-lika-ne-emisionin-portreti\/#breadcrumb"},"inLanguage":"en-US","potentialAction":[{"@type":"ReadAction","target":["https:\/\/www.visit-ulcinj.com\/blog\/2016\/12\/31\/interviste-ekskluzive-profesorin-jusuf-cufo-lika-ne-emisionin-portreti\/"]}]},{"@type":"BreadcrumbList","@id":"https:\/\/www.visit-ulcinj.com\/blog\/2016\/12\/31\/interviste-ekskluzive-profesorin-jusuf-cufo-lika-ne-emisionin-portreti\/#breadcrumb","itemListElement":[{"@type":"ListItem","position":1,"name":"Intervist\u00eb ekskluzive me profesorin Jusuf Cufo Lika ne emisionin Portreti"}]},{"@type":"Person","@id":"https:\/\/www.visit-ulcinj.com\/blog\/#\/schema\/person\/dcab619c614d3038751c63bc2aadc06d","name":"ulqini","sameAs":["http:\/\/www.visit-ulcinj.com"],"url":"https:\/\/www.visit-ulcinj.com\/blog\/author\/admin\/"}]}},"jetpack_featured_media_url":"","jetpack_sharing_enabled":true,"jetpack_shortlink":"https:\/\/wp.me\/pe6lTn-qxg","_links":{"self":[{"href":"https:\/\/www.visit-ulcinj.com\/blog\/wp-json\/wp\/v2\/posts\/102006"}],"collection":[{"href":"https:\/\/www.visit-ulcinj.com\/blog\/wp-json\/wp\/v2\/posts"}],"about":[{"href":"https:\/\/www.visit-ulcinj.com\/blog\/wp-json\/wp\/v2\/types\/post"}],"author":[{"embeddable":true,"href":"https:\/\/www.visit-ulcinj.com\/blog\/wp-json\/wp\/v2\/users\/1"}],"replies":[{"embeddable":true,"href":"https:\/\/www.visit-ulcinj.com\/blog\/wp-json\/wp\/v2\/comments?post=102006"}],"version-history":[{"count":4,"href":"https:\/\/www.visit-ulcinj.com\/blog\/wp-json\/wp\/v2\/posts\/102006\/revisions"}],"predecessor-version":[{"id":104165,"href":"https:\/\/www.visit-ulcinj.com\/blog\/wp-json\/wp\/v2\/posts\/102006\/revisions\/104165"}],"wp:attachment":[{"href":"https:\/\/www.visit-ulcinj.com\/blog\/wp-json\/wp\/v2\/media?parent=102006"}],"wp:term":[{"taxonomy":"category","embeddable":true,"href":"https:\/\/www.visit-ulcinj.com\/blog\/wp-json\/wp\/v2\/categories?post=102006"},{"taxonomy":"post_tag","embeddable":true,"href":"https:\/\/www.visit-ulcinj.com\/blog\/wp-json\/wp\/v2\/tags?post=102006"}],"curies":[{"name":"wp","href":"https:\/\/api.w.org\/{rel}","templated":true}]}}