{"id":102029,"date":"2017-01-02T20:11:38","date_gmt":"2017-01-02T19:11:38","guid":{"rendered":"http:\/\/www.visit-ulcinj.com\/blog\/?p=102029"},"modified":"2017-01-02T20:11:38","modified_gmt":"2017-01-02T19:11:38","slug":"arrestohen-15-afgane-dhe-irakiane-ne-afersi-te-kishes-se-shtojit","status":"publish","type":"post","link":"https:\/\/www.visit-ulcinj.com\/blog\/2017\/01\/02\/arrestohen-15-afgane-dhe-irakiane-ne-afersi-te-kishes-se-shtojit\/","title":{"rendered":"Arrestohen 15 afgan\u00eb dhe irakian\u00eb n\u00eb af\u00ebrsi t\u00eb Kish\u00ebs s\u00eb Shtojit"},"content":{"rendered":"<div class=\"inside-text-paragraphs\">\n<p><a href=\"http:\/\/www.visit-ulcinj.com\/blog\/wp-content\/uploads\/2017\/01\/Kisha-e-Sh\u00ebn-Markut-Shtoj\u00eb.jpg\"><img loading=\"lazy\" class=\"alignleft wp-image-102030\" src=\"http:\/\/www.visit-ulcinj.com\/blog\/wp-content\/uploads\/2017\/01\/Kisha-e-Sh\u00ebn-Markut-Shtoj\u00eb.jpg\" alt=\"Kisha-e-Sh\u00ebn-Markut-Shtoj\u00eb\" width=\"508\" height=\"574\" srcset=\"https:\/\/www.visit-ulcinj.com\/blog\/wp-content\/uploads\/2017\/01\/Kisha-e-Sh\u00ebn-Markut-Shtoj\u00eb.jpg 471w, https:\/\/www.visit-ulcinj.com\/blog\/wp-content\/uploads\/2017\/01\/Kisha-e-Sh\u00ebn-Markut-Shtoj\u00eb-266x300.jpg 266w\" sizes=\"(max-width: 508px) 100vw, 508px\" \/><\/a>Pes\u00ebmb\u00ebdhjet\u00eb persona, t\u00eb komb\u00ebsis\u00eb afgane dhe irakiane, jan\u00eb arrestuar n\u00eb mbr\u00ebmjen e 1 janarit n\u00eb Ulqin.<\/p>\n<p>Sonte n\u00eb fshatin Shtoj t\u00eb\u00a0Ulqinit jan\u00eb arrestuar 15 shtetas t\u00eb\u00a0Afganistanit dhe Irakut, merr vesh Gazeta Vijesti\u00a0jozyrtarisht n\u00eb Policin\u00eb e Ulqinit.<\/p>\n<p>Sipas burimeve, b\u00ebh\u00ebt fjal\u00eb p\u00ebr disa familje me f\u00ebmij\u00eb, t\u00eb cilet jan\u00eb arrestuar tek Katedralja n\u00eb k\u00ebt\u00eb zon\u00eb, transmeton Gazeta Express.<\/p>\n<p>Ata aktualisht jan\u00eb duke u marr\u00eb n\u00eb pyetje nga inspektor\u00ebt e Policis\u00eb s\u00eb Ulqinit.<\/p>\n<p>Sipas t\u00eb\u00a0gjitha gjasave, b\u00ebhet fjal\u00eb p\u00ebr kalim ilegal t\u00eb kufirit, nd\u00ebrkoh\u00eb q\u00eb nuk ka shenja se b\u00ebhet fjal\u00eb p\u00ebr kontraband\u00eb me njer\u00ebz. \/Express\/<\/p>\n<\/div>\n","protected":false},"excerpt":{"rendered":"<p>Pes\u00ebmb\u00ebdhjet\u00eb persona, t\u00eb komb\u00ebsis\u00eb afgane dhe irakiane, jan\u00eb arrestuar n\u00eb mbr\u00ebmjen e 1 janarit n\u00eb Ulqin. Sonte n\u00eb fshatin Shtoj t\u00eb\u00a0Ulqinit jan\u00eb arrestuar 15 shtetas t\u00eb\u00a0Afganistanit dhe Irakut, merr vesh Gazeta Vijesti\u00a0jozyrtarisht n\u00eb Policin\u00eb e Ulqinit. Sipas burimeve, b\u00ebh\u00ebt fjal\u00eb p\u00ebr disa familje me f\u00ebmij\u00eb, t\u00eb cilet jan\u00eb arrestuar tek Katedralja n\u00eb k\u00ebt\u00eb zon\u00eb, transmeton [&hellip;]<\/p>\n","protected":false},"author":1,"featured_media":0,"comment_status":"closed","ping_status":"closed","sticky":false,"template":"","format":"standard","meta":{"spay_email":"","jetpack_publicize_message":"","jetpack_is_tweetstorm":false,"jetpack_publicize_feature_enabled":true},"categories":[6950],"tags":[],"jetpack_publicize_connections":[],"yoast_head":"<!-- This site is optimized with the Yoast SEO plugin v19.1 - https:\/\/yoast.com\/wordpress\/plugins\/seo\/ -->\n<title>Arrestohen 15 afgan\u00eb dhe irakian\u00eb n\u00eb af\u00ebrsi t\u00eb Kish\u00ebs s\u00eb Shtojit - Lajme nga Ulqini<\/title>\n<meta name=\"description\" content=\"Pes\u00ebmb\u00ebdhjet\u00eb persona, t\u00eb komb\u00ebsis\u00eb afgane dhe irakiane, jan\u00eb arrestuar n\u00eb mbr\u00ebmjen e 1 janarit n\u00eb Ulqin. Sonte n\u00eb fshatin Shtoj t\u00eb\u00a0Ulqinit jan\u00eb arrestuar\" \/>\n<meta name=\"robots\" content=\"index, follow, max-snippet:-1, max-image-preview:large, max-video-preview:-1\" \/>\n<link rel=\"canonical\" href=\"https:\/\/www.visit-ulcinj.com\/blog\/2017\/01\/02\/arrestohen-15-afgane-dhe-irakiane-ne-afersi-te-kishes-se-shtojit\/\" \/>\n<meta property=\"og:locale\" content=\"en_US\" \/>\n<meta property=\"og:type\" content=\"article\" \/>\n<meta property=\"og:title\" content=\"Arrestohen 15 afgan\u00eb dhe irakian\u00eb n\u00eb af\u00ebrsi t\u00eb Kish\u00ebs s\u00eb Shtojit - Lajme nga Ulqini\" \/>\n<meta property=\"og:description\" content=\"Pes\u00ebmb\u00ebdhjet\u00eb persona, t\u00eb komb\u00ebsis\u00eb afgane dhe irakiane, jan\u00eb arrestuar n\u00eb mbr\u00ebmjen e 1 janarit n\u00eb Ulqin. Sonte n\u00eb fshatin Shtoj t\u00eb\u00a0Ulqinit jan\u00eb arrestuar\" \/>\n<meta property=\"og:url\" content=\"https:\/\/www.visit-ulcinj.com\/blog\/2017\/01\/02\/arrestohen-15-afgane-dhe-irakiane-ne-afersi-te-kishes-se-shtojit\/\" \/>\n<meta property=\"og:site_name\" content=\"Lajme nga Ulqini\" \/>\n<meta property=\"article:published_time\" content=\"2017-01-02T19:11:38+00:00\" \/>\n<meta name=\"twitter:label1\" content=\"Written by\" \/>\n\t<meta name=\"twitter:data1\" content=\"ulqini\" \/>\n\t<meta name=\"twitter:label2\" content=\"Est. reading time\" \/>\n\t<meta name=\"twitter:data2\" content=\"1 minute\" \/>\n<script type=\"application\/ld+json\" class=\"yoast-schema-graph\">{\"@context\":\"https:\/\/schema.org\",\"@graph\":[{\"@type\":\"WebSite\",\"@id\":\"https:\/\/www.visit-ulcinj.com\/blog\/#website\",\"url\":\"https:\/\/www.visit-ulcinj.com\/blog\/\",\"name\":\"Lajme nga Ulqini\",\"description\":\"Lajme,Vijesti,Ulqini,Ulqin,Crna Gora,Mali i Zi\",\"potentialAction\":[{\"@type\":\"SearchAction\",\"target\":{\"@type\":\"EntryPoint\",\"urlTemplate\":\"https:\/\/www.visit-ulcinj.com\/blog\/?s={search_term_string}\"},\"query-input\":\"required name=search_term_string\"}],\"inLanguage\":\"en-US\"},{\"@type\":\"WebPage\",\"@id\":\"https:\/\/www.visit-ulcinj.com\/blog\/2017\/01\/02\/arrestohen-15-afgane-dhe-irakiane-ne-afersi-te-kishes-se-shtojit\/#webpage\",\"url\":\"https:\/\/www.visit-ulcinj.com\/blog\/2017\/01\/02\/arrestohen-15-afgane-dhe-irakiane-ne-afersi-te-kishes-se-shtojit\/\",\"name\":\"Arrestohen 15 afgan\u00eb dhe irakian\u00eb n\u00eb af\u00ebrsi t\u00eb Kish\u00ebs s\u00eb Shtojit - Lajme nga Ulqini\",\"isPartOf\":{\"@id\":\"https:\/\/www.visit-ulcinj.com\/blog\/#website\"},\"datePublished\":\"2017-01-02T19:11:38+00:00\",\"dateModified\":\"2017-01-02T19:11:38+00:00\",\"author\":{\"@id\":\"https:\/\/www.visit-ulcinj.com\/blog\/#\/schema\/person\/dcab619c614d3038751c63bc2aadc06d\"},\"description\":\"Pes\u00ebmb\u00ebdhjet\u00eb persona, t\u00eb komb\u00ebsis\u00eb afgane dhe irakiane, jan\u00eb arrestuar n\u00eb mbr\u00ebmjen e 1 janarit n\u00eb Ulqin. Sonte n\u00eb fshatin Shtoj t\u00eb\u00a0Ulqinit jan\u00eb arrestuar\",\"breadcrumb\":{\"@id\":\"https:\/\/www.visit-ulcinj.com\/blog\/2017\/01\/02\/arrestohen-15-afgane-dhe-irakiane-ne-afersi-te-kishes-se-shtojit\/#breadcrumb\"},\"inLanguage\":\"en-US\",\"potentialAction\":[{\"@type\":\"ReadAction\",\"target\":[\"https:\/\/www.visit-ulcinj.com\/blog\/2017\/01\/02\/arrestohen-15-afgane-dhe-irakiane-ne-afersi-te-kishes-se-shtojit\/\"]}]},{\"@type\":\"BreadcrumbList\",\"@id\":\"https:\/\/www.visit-ulcinj.com\/blog\/2017\/01\/02\/arrestohen-15-afgane-dhe-irakiane-ne-afersi-te-kishes-se-shtojit\/#breadcrumb\",\"itemListElement\":[{\"@type\":\"ListItem\",\"position\":1,\"name\":\"Arrestohen 15 afgan\u00eb dhe irakian\u00eb n\u00eb af\u00ebrsi t\u00eb Kish\u00ebs s\u00eb Shtojit\"}]},{\"@type\":\"Person\",\"@id\":\"https:\/\/www.visit-ulcinj.com\/blog\/#\/schema\/person\/dcab619c614d3038751c63bc2aadc06d\",\"name\":\"ulqini\",\"sameAs\":[\"http:\/\/www.visit-ulcinj.com\"],\"url\":\"https:\/\/www.visit-ulcinj.com\/blog\/author\/admin\/\"}]}<\/script>\n<!-- \/ Yoast SEO plugin. -->","yoast_head_json":{"title":"Arrestohen 15 afgan\u00eb dhe irakian\u00eb n\u00eb af\u00ebrsi t\u00eb Kish\u00ebs s\u00eb Shtojit - Lajme nga Ulqini","description":"Pes\u00ebmb\u00ebdhjet\u00eb persona, t\u00eb komb\u00ebsis\u00eb afgane dhe irakiane, jan\u00eb arrestuar n\u00eb mbr\u00ebmjen e 1 janarit n\u00eb Ulqin. Sonte n\u00eb fshatin Shtoj t\u00eb\u00a0Ulqinit jan\u00eb arrestuar","robots":{"index":"index","follow":"follow","max-snippet":"max-snippet:-1","max-image-preview":"max-image-preview:large","max-video-preview":"max-video-preview:-1"},"canonical":"https:\/\/www.visit-ulcinj.com\/blog\/2017\/01\/02\/arrestohen-15-afgane-dhe-irakiane-ne-afersi-te-kishes-se-shtojit\/","og_locale":"en_US","og_type":"article","og_title":"Arrestohen 15 afgan\u00eb dhe irakian\u00eb n\u00eb af\u00ebrsi t\u00eb Kish\u00ebs s\u00eb Shtojit - Lajme nga Ulqini","og_description":"Pes\u00ebmb\u00ebdhjet\u00eb persona, t\u00eb komb\u00ebsis\u00eb afgane dhe irakiane, jan\u00eb arrestuar n\u00eb mbr\u00ebmjen e 1 janarit n\u00eb Ulqin. Sonte n\u00eb fshatin Shtoj t\u00eb\u00a0Ulqinit jan\u00eb arrestuar","og_url":"https:\/\/www.visit-ulcinj.com\/blog\/2017\/01\/02\/arrestohen-15-afgane-dhe-irakiane-ne-afersi-te-kishes-se-shtojit\/","og_site_name":"Lajme nga Ulqini","article_published_time":"2017-01-02T19:11:38+00:00","twitter_misc":{"Written by":"ulqini","Est. reading time":"1 minute"},"schema":{"@context":"https:\/\/schema.org","@graph":[{"@type":"WebSite","@id":"https:\/\/www.visit-ulcinj.com\/blog\/#website","url":"https:\/\/www.visit-ulcinj.com\/blog\/","name":"Lajme nga Ulqini","description":"Lajme,Vijesti,Ulqini,Ulqin,Crna Gora,Mali i Zi","potentialAction":[{"@type":"SearchAction","target":{"@type":"EntryPoint","urlTemplate":"https:\/\/www.visit-ulcinj.com\/blog\/?s={search_term_string}"},"query-input":"required name=search_term_string"}],"inLanguage":"en-US"},{"@type":"WebPage","@id":"https:\/\/www.visit-ulcinj.com\/blog\/2017\/01\/02\/arrestohen-15-afgane-dhe-irakiane-ne-afersi-te-kishes-se-shtojit\/#webpage","url":"https:\/\/www.visit-ulcinj.com\/blog\/2017\/01\/02\/arrestohen-15-afgane-dhe-irakiane-ne-afersi-te-kishes-se-shtojit\/","name":"Arrestohen 15 afgan\u00eb dhe irakian\u00eb n\u00eb af\u00ebrsi t\u00eb Kish\u00ebs s\u00eb Shtojit - Lajme nga Ulqini","isPartOf":{"@id":"https:\/\/www.visit-ulcinj.com\/blog\/#website"},"datePublished":"2017-01-02T19:11:38+00:00","dateModified":"2017-01-02T19:11:38+00:00","author":{"@id":"https:\/\/www.visit-ulcinj.com\/blog\/#\/schema\/person\/dcab619c614d3038751c63bc2aadc06d"},"description":"Pes\u00ebmb\u00ebdhjet\u00eb persona, t\u00eb komb\u00ebsis\u00eb afgane dhe irakiane, jan\u00eb arrestuar n\u00eb mbr\u00ebmjen e 1 janarit n\u00eb Ulqin. Sonte n\u00eb fshatin Shtoj t\u00eb\u00a0Ulqinit jan\u00eb arrestuar","breadcrumb":{"@id":"https:\/\/www.visit-ulcinj.com\/blog\/2017\/01\/02\/arrestohen-15-afgane-dhe-irakiane-ne-afersi-te-kishes-se-shtojit\/#breadcrumb"},"inLanguage":"en-US","potentialAction":[{"@type":"ReadAction","target":["https:\/\/www.visit-ulcinj.com\/blog\/2017\/01\/02\/arrestohen-15-afgane-dhe-irakiane-ne-afersi-te-kishes-se-shtojit\/"]}]},{"@type":"BreadcrumbList","@id":"https:\/\/www.visit-ulcinj.com\/blog\/2017\/01\/02\/arrestohen-15-afgane-dhe-irakiane-ne-afersi-te-kishes-se-shtojit\/#breadcrumb","itemListElement":[{"@type":"ListItem","position":1,"name":"Arrestohen 15 afgan\u00eb dhe irakian\u00eb n\u00eb af\u00ebrsi t\u00eb Kish\u00ebs s\u00eb Shtojit"}]},{"@type":"Person","@id":"https:\/\/www.visit-ulcinj.com\/blog\/#\/schema\/person\/dcab619c614d3038751c63bc2aadc06d","name":"ulqini","sameAs":["http:\/\/www.visit-ulcinj.com"],"url":"https:\/\/www.visit-ulcinj.com\/blog\/author\/admin\/"}]}},"jetpack_featured_media_url":"","jetpack_sharing_enabled":true,"jetpack_shortlink":"https:\/\/wp.me\/pe6lTn-qxD","_links":{"self":[{"href":"https:\/\/www.visit-ulcinj.com\/blog\/wp-json\/wp\/v2\/posts\/102029"}],"collection":[{"href":"https:\/\/www.visit-ulcinj.com\/blog\/wp-json\/wp\/v2\/posts"}],"about":[{"href":"https:\/\/www.visit-ulcinj.com\/blog\/wp-json\/wp\/v2\/types\/post"}],"author":[{"embeddable":true,"href":"https:\/\/www.visit-ulcinj.com\/blog\/wp-json\/wp\/v2\/users\/1"}],"replies":[{"embeddable":true,"href":"https:\/\/www.visit-ulcinj.com\/blog\/wp-json\/wp\/v2\/comments?post=102029"}],"version-history":[{"count":1,"href":"https:\/\/www.visit-ulcinj.com\/blog\/wp-json\/wp\/v2\/posts\/102029\/revisions"}],"predecessor-version":[{"id":102031,"href":"https:\/\/www.visit-ulcinj.com\/blog\/wp-json\/wp\/v2\/posts\/102029\/revisions\/102031"}],"wp:attachment":[{"href":"https:\/\/www.visit-ulcinj.com\/blog\/wp-json\/wp\/v2\/media?parent=102029"}],"wp:term":[{"taxonomy":"category","embeddable":true,"href":"https:\/\/www.visit-ulcinj.com\/blog\/wp-json\/wp\/v2\/categories?post=102029"},{"taxonomy":"post_tag","embeddable":true,"href":"https:\/\/www.visit-ulcinj.com\/blog\/wp-json\/wp\/v2\/tags?post=102029"}],"curies":[{"name":"wp","href":"https:\/\/api.w.org\/{rel}","templated":true}]}}