{"id":102044,"date":"2017-01-04T09:17:47","date_gmt":"2017-01-04T08:17:47","guid":{"rendered":"http:\/\/www.visit-ulcinj.com\/blog\/?p=102044"},"modified":"2017-01-08T00:42:47","modified_gmt":"2017-01-07T23:42:47","slug":"misteri-tenderit-te-rruges-ulqin-krythe","status":"publish","type":"post","link":"https:\/\/www.visit-ulcinj.com\/blog\/2017\/01\/04\/misteri-tenderit-te-rruges-ulqin-krythe\/","title":{"rendered":"Misteri i tenderit t\u00eb rrug\u00ebs Ulqin-Kryth\u00eb"},"content":{"rendered":"<p><strong><a href=\"http:\/\/www.visit-ulcinj.com\/blog\/wp-content\/uploads\/2017\/01\/Misteri-i-tenderit-t\u00eb-rrug\u00ebs-Ulqin-Kryth\u00eb-2.jpg\"><img loading=\"lazy\" class=\"alignleft wp-image-102045\" src=\"http:\/\/www.visit-ulcinj.com\/blog\/wp-content\/uploads\/2017\/01\/Misteri-i-tenderit-t\u00eb-rrug\u00ebs-Ulqin-Kryth\u00eb-2.jpg\" alt=\"Misteri i tenderit t\u00eb rrug\u00ebs Ulqin-Kryth\u00eb-2\" width=\"508\" height=\"322\" srcset=\"https:\/\/www.visit-ulcinj.com\/blog\/wp-content\/uploads\/2017\/01\/Misteri-i-tenderit-t\u00eb-rrug\u00ebs-Ulqin-Kryth\u00eb-2.jpg 687w, https:\/\/www.visit-ulcinj.com\/blog\/wp-content\/uploads\/2017\/01\/Misteri-i-tenderit-t\u00eb-rrug\u00ebs-Ulqin-Kryth\u00eb-2-300x190.jpg 300w\" sizes=\"(max-width: 508px) 100vw, 508px\" \/><\/a>Situata p\u00ebr rikonstruktimin e rrug\u00ebs magjistrale Ulqin-Kryth\u00eb po behet edhe me enigmatike nga viti n\u00eb vit<br \/>\n<\/strong><\/p>\n<p>Edhe pse funksionar\u00ebt shtet\u00ebror kan\u00eb paralajm\u00ebruar q\u00eb deri n\u00eb fund t\u00eb vitit 2016 do t\u00eb shpallet tenderi p\u00ebr rikonstruktimin e rrug\u00ebs magjistrale Ulqin-Kryth\u00eb, kjo nuk ndodhi, raporton portali Ul.info.<\/p>\n<p>Gjat\u00eb vizit\u00ebs n\u00eb Ulqin, n\u00eb fillim t\u00eb shtatorit t\u00eb vitit t\u00eb kaluar, kryeministri i at\u00ebhersh\u00ebm Millo Gjukanoviq ka th\u00ebn\u00eb se parat p\u00ebr k\u00ebt\u00eb projekt ishin t\u00eb siguruara n\u00eb buxhetin kapital. \u201cPo shkojm\u00eb drejt\u00eb p\u00ebrs\u00ebritjes s\u00eb shpejtuar t\u00eb procedur\u00ebs tenderike n\u00eb m\u00ebnyr\u00eb q\u00eb parat\u00eb t\u00eb cilat i kemi ndar\u00eb p\u00ebr k\u00ebt\u00eb q\u00ebllim t\u2019i vendosim n\u00eb funksion dhe t\u00eb p\u00ebrfundojm\u00eb k\u00ebt\u00eb aks\u201d, tha ai me k\u00ebt\u00eb rast.<\/p>\n<p>Paralajm\u00ebrimi i fillimit t\u00eb punimeve nd\u00ebrtimore n\u00eb k\u00ebt\u00eb aks, t\u00eb gjat\u00eb 13,5 kilomet\u00ebr, rregullisht p\u00ebrs\u00ebriten nga viti 2013. Meq\u00eb nd\u00ebrtimi i k\u00ebtij aksi rrugor do t\u00eb zgjas\u00eb sakt\u00eb nj\u00eb vit, nuk ka mund\u00ebsi q\u00eb kjo rrug\u00eb t\u00eb rikonstruktohet gjat\u00eb vitit 2017.<\/p>\n<p>Aksi rrugor nga Ulqini deri n\u00eb Kryth\u00eb \u00ebsht\u00eb b\u00ebr\u00eb \u201cgryk\u00eb shisheje\u201d n\u00ebp\u00ebr t\u00eb cil\u00ebn n\u00eb k\u00ebt\u00eb qytet vijn\u00eb shumica e turist\u00ebve, q\u00eb e b\u00ebn\u00eb, s\u00eb bashku me rrjetin e uj\u00ebsjell\u00ebsit dhe kanalizimit, prioritet m\u00eb t\u00eb r\u00ebnd\u00ebsish\u00ebm infrastrukturor.<\/p>\n<p><a href=\"http:\/\/www.visit-ulcinj.com\/blog\/wp-content\/uploads\/2017\/01\/Misteri-i-tenderit-t\u00eb-rrug\u00ebs-Ulqin-Kryth\u00eb-1.jpg\"><img loading=\"lazy\" class=\"alignleft wp-image-102046\" src=\"http:\/\/www.visit-ulcinj.com\/blog\/wp-content\/uploads\/2017\/01\/Misteri-i-tenderit-t\u00eb-rrug\u00ebs-Ulqin-Kryth\u00eb-1.jpg\" alt=\"Misteri i tenderit t\u00eb rrug\u00ebs Ulqin-Kryth\u00eb-1\" width=\"508\" height=\"311\" srcset=\"https:\/\/www.visit-ulcinj.com\/blog\/wp-content\/uploads\/2017\/01\/Misteri-i-tenderit-t\u00eb-rrug\u00ebs-Ulqin-Kryth\u00eb-1.jpg 516w, https:\/\/www.visit-ulcinj.com\/blog\/wp-content\/uploads\/2017\/01\/Misteri-i-tenderit-t\u00eb-rrug\u00ebs-Ulqin-Kryth\u00eb-1-300x184.jpg 300w\" sizes=\"(max-width: 508px) 100vw, 508px\" \/><\/a> <a href=\"http:\/\/www.visit-ulcinj.com\/blog\/wp-content\/uploads\/2017\/01\/Misteri-i-tenderit-t\u00eb-rrug\u00ebs-Ulqin-Kryth\u00eb-Ura-e-Klleznes_Ana-Malit.jpg\"><img loading=\"lazy\" class=\"alignleft wp-image-102047\" src=\"http:\/\/www.visit-ulcinj.com\/blog\/wp-content\/uploads\/2017\/01\/Misteri-i-tenderit-t\u00eb-rrug\u00ebs-Ulqin-Kryth\u00eb-Ura-e-Klleznes_Ana-Malit.jpg\" alt=\"Misteri i tenderit t\u00eb rrug\u00ebs Ulqin-Kryth\u00eb-Ura-e-Klleznes_Ana-Malit\" width=\"508\" height=\"357\" srcset=\"https:\/\/www.visit-ulcinj.com\/blog\/wp-content\/uploads\/2017\/01\/Misteri-i-tenderit-t\u00eb-rrug\u00ebs-Ulqin-Kryth\u00eb-Ura-e-Klleznes_Ana-Malit.jpg 960w, https:\/\/www.visit-ulcinj.com\/blog\/wp-content\/uploads\/2017\/01\/Misteri-i-tenderit-t\u00eb-rrug\u00ebs-Ulqin-Kryth\u00eb-Ura-e-Klleznes_Ana-Malit-300x211.jpg 300w, https:\/\/www.visit-ulcinj.com\/blog\/wp-content\/uploads\/2017\/01\/Misteri-i-tenderit-t\u00eb-rrug\u00ebs-Ulqin-Kryth\u00eb-Ura-e-Klleznes_Ana-Malit-768x540.jpg 768w\" sizes=\"(max-width: 508px) 100vw, 508px\" \/><\/a> <a href=\"http:\/\/www.visit-ulcinj.com\/blog\/wp-content\/uploads\/2017\/01\/Misteri-i-tenderit-t\u00eb-rrug\u00ebs-Ulqin-Kryth\u00eb.jpg\"><img loading=\"lazy\" class=\"alignleft wp-image-102048\" src=\"http:\/\/www.visit-ulcinj.com\/blog\/wp-content\/uploads\/2017\/01\/Misteri-i-tenderit-t\u00eb-rrug\u00ebs-Ulqin-Kryth\u00eb.jpg\" alt=\"Misteri i tenderit t\u00eb rrug\u00ebs Ulqin-Kryth\u00eb\" width=\"508\" height=\"508\" srcset=\"https:\/\/www.visit-ulcinj.com\/blog\/wp-content\/uploads\/2017\/01\/Misteri-i-tenderit-t\u00eb-rrug\u00ebs-Ulqin-Kryth\u00eb.jpg 564w, https:\/\/www.visit-ulcinj.com\/blog\/wp-content\/uploads\/2017\/01\/Misteri-i-tenderit-t\u00eb-rrug\u00ebs-Ulqin-Kryth\u00eb-150x150.jpg 150w, https:\/\/www.visit-ulcinj.com\/blog\/wp-content\/uploads\/2017\/01\/Misteri-i-tenderit-t\u00eb-rrug\u00ebs-Ulqin-Kryth\u00eb-300x300.jpg 300w\" sizes=\"(max-width: 508px) 100vw, 508px\" \/><\/a> <a href=\"http:\/\/www.visit-ulcinj.com\/blog\/wp-content\/uploads\/2017\/01\/Misteri-i-tenderit-t\u00eb-rrug\u00ebs-Ulqin-Kryth\u00eb-Rruga_Krytha_Katerkoll\u00eb.jpg\"><img loading=\"lazy\" class=\"alignleft wp-image-102049\" src=\"http:\/\/www.visit-ulcinj.com\/blog\/wp-content\/uploads\/2017\/01\/Misteri-i-tenderit-t\u00eb-rrug\u00ebs-Ulqin-Kryth\u00eb-Rruga_Krytha_Katerkoll\u00eb.jpg\" alt=\"Misteri i tenderit t\u00eb rrug\u00ebs Ulqin-Kryth\u00eb-Rruga_Krytha_Katerkoll\u00eb\" width=\"508\" height=\"381\" srcset=\"https:\/\/www.visit-ulcinj.com\/blog\/wp-content\/uploads\/2017\/01\/Misteri-i-tenderit-t\u00eb-rrug\u00ebs-Ulqin-Kryth\u00eb-Rruga_Krytha_Katerkoll\u00eb.jpg 991w, https:\/\/www.visit-ulcinj.com\/blog\/wp-content\/uploads\/2017\/01\/Misteri-i-tenderit-t\u00eb-rrug\u00ebs-Ulqin-Kryth\u00eb-Rruga_Krytha_Katerkoll\u00eb-300x225.jpg 300w, https:\/\/www.visit-ulcinj.com\/blog\/wp-content\/uploads\/2017\/01\/Misteri-i-tenderit-t\u00eb-rrug\u00ebs-Ulqin-Kryth\u00eb-Rruga_Krytha_Katerkoll\u00eb-768x576.jpg 768w\" sizes=\"(max-width: 508px) 100vw, 508px\" \/><\/a><\/p>\n<p>&nbsp;<\/p>\n","protected":false},"excerpt":{"rendered":"<p>Situata p\u00ebr rikonstruktimin e rrug\u00ebs magjistrale Ulqin-Kryth\u00eb po behet edhe me enigmatike nga viti n\u00eb vit Edhe pse funksionar\u00ebt shtet\u00ebror kan\u00eb paralajm\u00ebruar q\u00eb deri n\u00eb fund t\u00eb vitit 2016 do t\u00eb shpallet tenderi p\u00ebr rikonstruktimin e rrug\u00ebs magjistrale Ulqin-Kryth\u00eb, kjo nuk ndodhi, raporton portali Ul.info. Gjat\u00eb vizit\u00ebs n\u00eb Ulqin, n\u00eb fillim t\u00eb shtatorit t\u00eb vitit [&hellip;]<\/p>\n","protected":false},"author":1,"featured_media":0,"comment_status":"closed","ping_status":"closed","sticky":false,"template":"","format":"standard","meta":{"spay_email":"","jetpack_publicize_message":"","jetpack_is_tweetstorm":false,"jetpack_publicize_feature_enabled":true},"categories":[1,12],"tags":[],"jetpack_publicize_connections":[],"yoast_head":"<!-- This site is optimized with the Yoast SEO plugin v19.1 - https:\/\/yoast.com\/wordpress\/plugins\/seo\/ -->\n<title>Misteri i tenderit t\u00eb rrug\u00ebs Ulqin-Kryth\u00eb - Lajme nga Ulqini<\/title>\n<meta name=\"description\" content=\"Situata p\u00ebr rikonstruktimin e rrug\u00ebs magjistrale Ulqin-Kryth\u00eb po behet edhe me enigmatike nga viti n\u00eb vit Edhe pse funksionar\u00ebt shtet\u00ebror kan\u00eb\" \/>\n<meta name=\"robots\" content=\"index, follow, max-snippet:-1, max-image-preview:large, max-video-preview:-1\" \/>\n<link rel=\"canonical\" href=\"https:\/\/www.visit-ulcinj.com\/blog\/2017\/01\/04\/misteri-tenderit-te-rruges-ulqin-krythe\/\" \/>\n<meta property=\"og:locale\" content=\"en_US\" \/>\n<meta property=\"og:type\" content=\"article\" \/>\n<meta property=\"og:title\" content=\"Misteri i tenderit t\u00eb rrug\u00ebs Ulqin-Kryth\u00eb - Lajme nga Ulqini\" \/>\n<meta property=\"og:description\" content=\"Situata p\u00ebr rikonstruktimin e rrug\u00ebs magjistrale Ulqin-Kryth\u00eb po behet edhe me enigmatike nga viti n\u00eb vit Edhe pse funksionar\u00ebt shtet\u00ebror kan\u00eb\" \/>\n<meta property=\"og:url\" content=\"https:\/\/www.visit-ulcinj.com\/blog\/2017\/01\/04\/misteri-tenderit-te-rruges-ulqin-krythe\/\" \/>\n<meta property=\"og:site_name\" content=\"Lajme nga Ulqini\" \/>\n<meta property=\"article:published_time\" content=\"2017-01-04T08:17:47+00:00\" \/>\n<meta property=\"article:modified_time\" content=\"2017-01-07T23:42:47+00:00\" \/>\n<meta name=\"twitter:label1\" content=\"Written by\" \/>\n\t<meta name=\"twitter:data1\" content=\"ulqini\" \/>\n\t<meta name=\"twitter:label2\" content=\"Est. reading time\" \/>\n\t<meta name=\"twitter:data2\" content=\"1 minute\" \/>\n<script type=\"application\/ld+json\" class=\"yoast-schema-graph\">{\"@context\":\"https:\/\/schema.org\",\"@graph\":[{\"@type\":\"WebSite\",\"@id\":\"https:\/\/www.visit-ulcinj.com\/blog\/#website\",\"url\":\"https:\/\/www.visit-ulcinj.com\/blog\/\",\"name\":\"Lajme nga Ulqini\",\"description\":\"Lajme,Vijesti,Ulqini,Ulqin,Crna Gora,Mali i Zi\",\"potentialAction\":[{\"@type\":\"SearchAction\",\"target\":{\"@type\":\"EntryPoint\",\"urlTemplate\":\"https:\/\/www.visit-ulcinj.com\/blog\/?s={search_term_string}\"},\"query-input\":\"required name=search_term_string\"}],\"inLanguage\":\"en-US\"},{\"@type\":\"WebPage\",\"@id\":\"https:\/\/www.visit-ulcinj.com\/blog\/2017\/01\/04\/misteri-tenderit-te-rruges-ulqin-krythe\/#webpage\",\"url\":\"https:\/\/www.visit-ulcinj.com\/blog\/2017\/01\/04\/misteri-tenderit-te-rruges-ulqin-krythe\/\",\"name\":\"Misteri i tenderit t\u00eb rrug\u00ebs Ulqin-Kryth\u00eb - Lajme nga Ulqini\",\"isPartOf\":{\"@id\":\"https:\/\/www.visit-ulcinj.com\/blog\/#website\"},\"datePublished\":\"2017-01-04T08:17:47+00:00\",\"dateModified\":\"2017-01-07T23:42:47+00:00\",\"author\":{\"@id\":\"https:\/\/www.visit-ulcinj.com\/blog\/#\/schema\/person\/dcab619c614d3038751c63bc2aadc06d\"},\"description\":\"Situata p\u00ebr rikonstruktimin e rrug\u00ebs magjistrale Ulqin-Kryth\u00eb po behet edhe me enigmatike nga viti n\u00eb vit Edhe pse funksionar\u00ebt shtet\u00ebror kan\u00eb\",\"breadcrumb\":{\"@id\":\"https:\/\/www.visit-ulcinj.com\/blog\/2017\/01\/04\/misteri-tenderit-te-rruges-ulqin-krythe\/#breadcrumb\"},\"inLanguage\":\"en-US\",\"potentialAction\":[{\"@type\":\"ReadAction\",\"target\":[\"https:\/\/www.visit-ulcinj.com\/blog\/2017\/01\/04\/misteri-tenderit-te-rruges-ulqin-krythe\/\"]}]},{\"@type\":\"BreadcrumbList\",\"@id\":\"https:\/\/www.visit-ulcinj.com\/blog\/2017\/01\/04\/misteri-tenderit-te-rruges-ulqin-krythe\/#breadcrumb\",\"itemListElement\":[{\"@type\":\"ListItem\",\"position\":1,\"name\":\"Misteri i tenderit t\u00eb rrug\u00ebs Ulqin-Kryth\u00eb\"}]},{\"@type\":\"Person\",\"@id\":\"https:\/\/www.visit-ulcinj.com\/blog\/#\/schema\/person\/dcab619c614d3038751c63bc2aadc06d\",\"name\":\"ulqini\",\"sameAs\":[\"http:\/\/www.visit-ulcinj.com\"],\"url\":\"https:\/\/www.visit-ulcinj.com\/blog\/author\/admin\/\"}]}<\/script>\n<!-- \/ Yoast SEO plugin. -->","yoast_head_json":{"title":"Misteri i tenderit t\u00eb rrug\u00ebs Ulqin-Kryth\u00eb - Lajme nga Ulqini","description":"Situata p\u00ebr rikonstruktimin e rrug\u00ebs magjistrale Ulqin-Kryth\u00eb po behet edhe me enigmatike nga viti n\u00eb vit Edhe pse funksionar\u00ebt shtet\u00ebror kan\u00eb","robots":{"index":"index","follow":"follow","max-snippet":"max-snippet:-1","max-image-preview":"max-image-preview:large","max-video-preview":"max-video-preview:-1"},"canonical":"https:\/\/www.visit-ulcinj.com\/blog\/2017\/01\/04\/misteri-tenderit-te-rruges-ulqin-krythe\/","og_locale":"en_US","og_type":"article","og_title":"Misteri i tenderit t\u00eb rrug\u00ebs Ulqin-Kryth\u00eb - Lajme nga Ulqini","og_description":"Situata p\u00ebr rikonstruktimin e rrug\u00ebs magjistrale Ulqin-Kryth\u00eb po behet edhe me enigmatike nga viti n\u00eb vit Edhe pse funksionar\u00ebt shtet\u00ebror kan\u00eb","og_url":"https:\/\/www.visit-ulcinj.com\/blog\/2017\/01\/04\/misteri-tenderit-te-rruges-ulqin-krythe\/","og_site_name":"Lajme nga Ulqini","article_published_time":"2017-01-04T08:17:47+00:00","article_modified_time":"2017-01-07T23:42:47+00:00","twitter_misc":{"Written by":"ulqini","Est. reading time":"1 minute"},"schema":{"@context":"https:\/\/schema.org","@graph":[{"@type":"WebSite","@id":"https:\/\/www.visit-ulcinj.com\/blog\/#website","url":"https:\/\/www.visit-ulcinj.com\/blog\/","name":"Lajme nga Ulqini","description":"Lajme,Vijesti,Ulqini,Ulqin,Crna Gora,Mali i Zi","potentialAction":[{"@type":"SearchAction","target":{"@type":"EntryPoint","urlTemplate":"https:\/\/www.visit-ulcinj.com\/blog\/?s={search_term_string}"},"query-input":"required name=search_term_string"}],"inLanguage":"en-US"},{"@type":"WebPage","@id":"https:\/\/www.visit-ulcinj.com\/blog\/2017\/01\/04\/misteri-tenderit-te-rruges-ulqin-krythe\/#webpage","url":"https:\/\/www.visit-ulcinj.com\/blog\/2017\/01\/04\/misteri-tenderit-te-rruges-ulqin-krythe\/","name":"Misteri i tenderit t\u00eb rrug\u00ebs Ulqin-Kryth\u00eb - Lajme nga Ulqini","isPartOf":{"@id":"https:\/\/www.visit-ulcinj.com\/blog\/#website"},"datePublished":"2017-01-04T08:17:47+00:00","dateModified":"2017-01-07T23:42:47+00:00","author":{"@id":"https:\/\/www.visit-ulcinj.com\/blog\/#\/schema\/person\/dcab619c614d3038751c63bc2aadc06d"},"description":"Situata p\u00ebr rikonstruktimin e rrug\u00ebs magjistrale Ulqin-Kryth\u00eb po behet edhe me enigmatike nga viti n\u00eb vit Edhe pse funksionar\u00ebt shtet\u00ebror kan\u00eb","breadcrumb":{"@id":"https:\/\/www.visit-ulcinj.com\/blog\/2017\/01\/04\/misteri-tenderit-te-rruges-ulqin-krythe\/#breadcrumb"},"inLanguage":"en-US","potentialAction":[{"@type":"ReadAction","target":["https:\/\/www.visit-ulcinj.com\/blog\/2017\/01\/04\/misteri-tenderit-te-rruges-ulqin-krythe\/"]}]},{"@type":"BreadcrumbList","@id":"https:\/\/www.visit-ulcinj.com\/blog\/2017\/01\/04\/misteri-tenderit-te-rruges-ulqin-krythe\/#breadcrumb","itemListElement":[{"@type":"ListItem","position":1,"name":"Misteri i tenderit t\u00eb rrug\u00ebs Ulqin-Kryth\u00eb"}]},{"@type":"Person","@id":"https:\/\/www.visit-ulcinj.com\/blog\/#\/schema\/person\/dcab619c614d3038751c63bc2aadc06d","name":"ulqini","sameAs":["http:\/\/www.visit-ulcinj.com"],"url":"https:\/\/www.visit-ulcinj.com\/blog\/author\/admin\/"}]}},"jetpack_featured_media_url":"","jetpack_sharing_enabled":true,"jetpack_shortlink":"https:\/\/wp.me\/pe6lTn-qxS","_links":{"self":[{"href":"https:\/\/www.visit-ulcinj.com\/blog\/wp-json\/wp\/v2\/posts\/102044"}],"collection":[{"href":"https:\/\/www.visit-ulcinj.com\/blog\/wp-json\/wp\/v2\/posts"}],"about":[{"href":"https:\/\/www.visit-ulcinj.com\/blog\/wp-json\/wp\/v2\/types\/post"}],"author":[{"embeddable":true,"href":"https:\/\/www.visit-ulcinj.com\/blog\/wp-json\/wp\/v2\/users\/1"}],"replies":[{"embeddable":true,"href":"https:\/\/www.visit-ulcinj.com\/blog\/wp-json\/wp\/v2\/comments?post=102044"}],"version-history":[{"count":1,"href":"https:\/\/www.visit-ulcinj.com\/blog\/wp-json\/wp\/v2\/posts\/102044\/revisions"}],"predecessor-version":[{"id":102050,"href":"https:\/\/www.visit-ulcinj.com\/blog\/wp-json\/wp\/v2\/posts\/102044\/revisions\/102050"}],"wp:attachment":[{"href":"https:\/\/www.visit-ulcinj.com\/blog\/wp-json\/wp\/v2\/media?parent=102044"}],"wp:term":[{"taxonomy":"category","embeddable":true,"href":"https:\/\/www.visit-ulcinj.com\/blog\/wp-json\/wp\/v2\/categories?post=102044"},{"taxonomy":"post_tag","embeddable":true,"href":"https:\/\/www.visit-ulcinj.com\/blog\/wp-json\/wp\/v2\/tags?post=102044"}],"curies":[{"name":"wp","href":"https:\/\/api.w.org\/{rel}","templated":true}]}}