{"id":102057,"date":"2017-01-08T00:33:55","date_gmt":"2017-01-07T23:33:55","guid":{"rendered":"http:\/\/www.visit-ulcinj.com\/blog\/?p=102057"},"modified":"2017-01-08T14:11:36","modified_gmt":"2017-01-08T13:11:36","slug":"haxhi-sulejmani-akti-ndalimit-te-z-haradinaj-ne-france-papranueshem-per-boten-demokratike","status":"publish","type":"post","link":"https:\/\/www.visit-ulcinj.com\/blog\/2017\/01\/08\/haxhi-sulejmani-akti-ndalimit-te-z-haradinaj-ne-france-papranueshem-per-boten-demokratike\/","title":{"rendered":"Haxhi Sulejmani: Akti i ndalimit t\u00eb Z. Haradinaj n\u00eb Franc\u00eb i papranuesh\u00ebm p\u00ebr bot\u00ebn demokratike"},"content":{"rendered":"<p><strong><em><a href=\"http:\/\/www.visit-ulcinj.com\/blog\/wp-content\/uploads\/2017\/01\/Ramush-Haradinaj-Haxhi-Sulejmani-PD.jpg\"><img loading=\"lazy\" class=\"alignleft wp-image-102058 size-full\" src=\"http:\/\/www.visit-ulcinj.com\/blog\/wp-content\/uploads\/2017\/01\/Ramush-Haradinaj-Haxhi-Sulejmani-PD.jpg\" alt=\"Ramush-Haradinaj-Haxhi-Sulejmani-PD\" width=\"508\" height=\"508\" srcset=\"https:\/\/www.visit-ulcinj.com\/blog\/wp-content\/uploads\/2017\/01\/Ramush-Haradinaj-Haxhi-Sulejmani-PD.jpg 508w, https:\/\/www.visit-ulcinj.com\/blog\/wp-content\/uploads\/2017\/01\/Ramush-Haradinaj-Haxhi-Sulejmani-PD-150x150.jpg 150w, https:\/\/www.visit-ulcinj.com\/blog\/wp-content\/uploads\/2017\/01\/Ramush-Haradinaj-Haxhi-Sulejmani-PD-300x300.jpg 300w\" sizes=\"(max-width: 508px) 100vw, 508px\" \/><\/a>Reagim i Partis\u00eb Demokratike me rastin e ndalimit (burgosjes) s\u00eb Kryetarit t\u00eb AAK dhe ish Kryeministrit t\u00eb Kosov\u00ebs Ramush Haradinaj nga policia franceze<\/em><\/strong><\/p>\n<p><a href=\"http:\/\/www.visit-ulcinj.com\/blog\/wp-content\/uploads\/2012\/09\/partia-demokratike-ulqin_ana-malit_mali-i-zi.jpg\"><img loading=\"lazy\" class=\"alignleft wp-image-63386\" src=\"http:\/\/www.visit-ulcinj.com\/blog\/wp-content\/uploads\/2012\/09\/partia-demokratike-ulqin_ana-malit_mali-i-zi.jpg\" alt=\"partia demokratike ulqin_ana malit_mali i zi\" width=\"508\" height=\"149\" srcset=\"https:\/\/www.visit-ulcinj.com\/blog\/wp-content\/uploads\/2012\/09\/partia-demokratike-ulqin_ana-malit_mali-i-zi.jpg 660w, https:\/\/www.visit-ulcinj.com\/blog\/wp-content\/uploads\/2012\/09\/partia-demokratike-ulqin_ana-malit_mali-i-zi-300x88.jpg 300w\" sizes=\"(max-width: 508px) 100vw, 508px\" \/><\/a><\/p>\n<p>Partin\u00eb Demokratike dhe t\u00eb gjith\u00eb shqiptar\u00ebt n\u00eb Mal t\u00eb Zi i ka shqet\u00ebsuar shum\u00eb ndalimi i luft\u00ebtarit t\u00eb liris\u00eb, Kryetarit t\u00eb AAK dhe ish Kryeministrit z. Ramush Haradinaj n\u00eb Franc\u00eb. Ndalimi i njeriut t\u00eb cilin dy her\u00eb Gjykata p\u00ebr krimet e luft\u00ebs n\u00eb Hag\u00eb e ka shpallur t\u00eb pafajsh\u00ebm, p\u00ebr bot\u00ebn demokratike duhet t\u00eb jet\u00eb i papranuesh\u00ebm. N\u00eb fakt, ky akt i autoriteteve franceze tregon p\u00ebr nj\u00eb aleanc\u00eb t\u00eb hershme t\u00eb k\u00ebtij shteti me Serbin\u00eb, sepse akti i fundit nuk mund t\u00eb arsyetohet me asnj\u00eb flet\u00ebarrest t\u00eb nj\u00eb agresori gjenocidist si\u00e7 \u00ebsht\u00eb Serbia, gjenocidi i t\u00eb cil\u00ebs \u00ebsht\u00eb d\u00ebshmuar edhe n\u00eb Gjykat\u00ebn e Hag\u00ebs.<\/p>\n<p>Absurditet i papar\u00eb, n\u00eb koh\u00ebn kur Kosova pret q\u00eb BE \u2013 ja t\u00eb b\u00ebj\u00eb liberalizimin e vizave p\u00ebr qytetar\u00ebt e saj, nj\u00eb an\u00ebtar i BE ndalon heroin e popullit t\u00eb Kosov\u00ebs. Burgoset viktima e xhelat\u00ebt i bien kryq e t\u00ebrthuar Franc\u00ebs dhe t\u00eb gjith\u00eb vendeve t\u00eb BE. Pra, Franca burgosi qengjin, kurse ujqit jan\u00eb t\u00eb lir\u00eb.<\/p>\n<p>Partia Demokratike, an\u00ebtar\u00ebt e saj dhe t\u00eb gjith\u00eb shqiptar\u00ebt n\u00eb Mal t\u00eb Zi i bashkohen thirrjes mbar\u00ebshqiptare p\u00ebr autoritetet franceze q\u00eb sa m\u00eb shpejt\u00eb ta lirojn\u00eb z. Ramush Haradinaj q\u00eb t\u00eb vazhdoj\u00eb rrug\u00ebn p\u00ebr n\u00eb SHBA, p\u00ebr ku \u00ebsht\u00eb nisur. Gjithashtu i bashkohemi t\u00eb gjith\u00eb atyre q\u00eb k\u00ebrkojn\u00eb nga Qeveria e Kosov\u00ebs q\u00eb ta analizoj\u00eb mir\u00eb vazhdimin e dialogut me Serbin\u00eb me nd\u00ebrmjet\u00ebsimin e BE \u2013 s\u00eb.<\/p>\n<p>&nbsp;<\/p>\n<p><strong>Ulqin, m\u00eb 07. 01. 2017\u00a0\u00a0\u00a0\u00a0\u00a0\u00a0\u00a0<\/strong>\u00a0\u00a0\u00a0\u00a0\u00a0\u00a0\u00a0\u00a0\u00a0\u00a0\u00a0\u00a0\u00a0\u00a0\u00a0\u00a0\u00a0\u00a0\u00a0\u00a0\u00a0\u00a0\u00a0\u00a0\u00a0\u00a0\u00a0\u00a0\u00a0\u00a0\u00a0\u00a0\u00a0\u00a0\u00a0\u00a0\u00a0\u00a0\u00a0\u00a0\u00a0\u00a0\u00a0\u00a0\u00a0\u00a0\u00a0\u00a0\u00a0\u00a0\u00a0\u00a0\u00a0\u00a0\u00a0\u00a0\u00a0\u00a0\u00a0\u00a0\u00a0\u00a0\u00a0\u00a0\u00a0\u00a0\u00a0\u00a0\u00a0\u00a0\u00a0\u00a0 \u00a0 \u00a0 \u00a0 \u00a0 \u00a0 \u00a0 \u00a0\u00a0<strong> Partia Demokratike<\/strong><\/p>\n<p><strong>\u00a0\u00a0\u00a0\u00a0\u00a0\u00a0\u00a0\u00a0\u00a0\u00a0\u00a0\u00a0\u00a0\u00a0\u00a0\u00a0\u00a0\u00a0\u00a0\u00a0\u00a0\u00a0\u00a0\u00a0\u00a0\u00a0\u00a0\u00a0\u00a0\u00a0\u00a0\u00a0\u00a0\u00a0\u00a0\u00a0\u00a0\u00a0\u00a0\u00a0\u00a0\u00a0\u00a0\u00a0\u00a0\u00a0\u00a0\u00a0\u00a0\u00a0\u00a0\u00a0\u00a0\u00a0\u00a0\u00a0\u00a0\u00a0\u00a0\u00a0\u00a0\u00a0\u00a0\u00a0\u00a0\u00a0\u00a0\u00a0\u00a0\u00a0\u00a0\u00a0\u00a0\u00a0\u00a0\u00a0\u00a0\u00a0\u00a0\u00a0\u00a0\u00a0\u00a0\u00a0\u00a0\u00a0\u00a0\u00a0\u00a0\u00a0\u00a0\u00a0\u00a0\u00a0\u00a0\u00a0\u00a0\u00a0\u00a0\u00a0\u00a0\u00a0\u00a0\u00a0\u00a0\u00a0\u00a0\u00a0\u00a0\u00a0\u00a0\u00a0\u00a0\u00a0\u00a0\u00a0\u00a0 \u00a0\u00a0\u00a0\u00a0\u00a0 \u00a0 \u00a0 \u00a0 \u00a0 \u00a0 \u00a0 \u00a0 \u00a0 \u00a0 \u00a0 Sekretari<\/strong><\/p>\n<p><strong>\u00a0\u00a0\u00a0\u00a0\u00a0\u00a0\u00a0\u00a0\u00a0\u00a0\u00a0\u00a0\u00a0\u00a0\u00a0\u00a0\u00a0\u00a0\u00a0\u00a0\u00a0\u00a0\u00a0\u00a0\u00a0\u00a0\u00a0\u00a0\u00a0\u00a0\u00a0\u00a0\u00a0\u00a0\u00a0\u00a0\u00a0\u00a0\u00a0\u00a0\u00a0\u00a0\u00a0\u00a0\u00a0\u00a0\u00a0\u00a0\u00a0\u00a0\u00a0\u00a0\u00a0\u00a0\u00a0\u00a0\u00a0\u00a0\u00a0\u00a0\u00a0\u00a0\u00a0\u00a0\u00a0\u00a0\u00a0\u00a0\u00a0\u00a0\u00a0\u00a0\u00a0\u00a0\u00a0\u00a0\u00a0\u00a0\u00a0\u00a0\u00a0\u00a0\u00a0\u00a0\u00a0\u00a0\u00a0\u00a0\u00a0\u00a0\u00a0\u00a0\u00a0\u00a0\u00a0\u00a0\u00a0\u00a0\u00a0\u00a0\u00a0\u00a0\u00a0\u00a0\u00a0\u00a0\u00a0\u00a0\u00a0\u00a0\u00a0\u00a0\u00a0\u00a0\u00a0\u00a0\u00a0 \u00a0 \u00a0 \u00a0 \u00a0 \u00a0 \u00a0 \u00a0 \u00a0 \u00a0\u00a0\u00a0 Haxhi Sulejmani<\/strong><\/p>\n","protected":false},"excerpt":{"rendered":"<p>Reagim i Partis\u00eb Demokratike me rastin e ndalimit (burgosjes) s\u00eb Kryetarit t\u00eb AAK dhe ish Kryeministrit t\u00eb Kosov\u00ebs Ramush Haradinaj nga policia franceze Partin\u00eb Demokratike dhe t\u00eb gjith\u00eb shqiptar\u00ebt n\u00eb Mal t\u00eb Zi i ka shqet\u00ebsuar shum\u00eb ndalimi i luft\u00ebtarit t\u00eb liris\u00eb, Kryetarit t\u00eb AAK dhe ish Kryeministrit z. Ramush Haradinaj n\u00eb Franc\u00eb. Ndalimi i [&hellip;]<\/p>\n","protected":false},"author":1,"featured_media":0,"comment_status":"closed","ping_status":"closed","sticky":false,"template":"","format":"standard","meta":{"spay_email":"","jetpack_publicize_message":"","jetpack_is_tweetstorm":false,"jetpack_publicize_feature_enabled":true},"categories":[1,14],"tags":[],"jetpack_publicize_connections":[],"yoast_head":"<!-- This site is optimized with the Yoast SEO plugin v19.1 - https:\/\/yoast.com\/wordpress\/plugins\/seo\/ -->\n<title>Haxhi Sulejmani: Akti i ndalimit t\u00eb Z. Haradinaj n\u00eb Franc\u00eb i papranuesh\u00ebm p\u00ebr bot\u00ebn demokratike - Lajme nga Ulqini<\/title>\n<meta name=\"description\" content=\"Reagim i Partis\u00eb Demokratike me rastin e ndalimit (burgosjes) s\u00eb Kryetarit t\u00eb AAK dhe ish Kryeministrit t\u00eb Kosov\u00ebs Ramush Haradinaj nga policia franceze\" \/>\n<meta name=\"robots\" content=\"index, follow, max-snippet:-1, max-image-preview:large, max-video-preview:-1\" \/>\n<link rel=\"canonical\" href=\"https:\/\/www.visit-ulcinj.com\/blog\/2017\/01\/08\/haxhi-sulejmani-akti-ndalimit-te-z-haradinaj-ne-france-papranueshem-per-boten-demokratike\/\" \/>\n<meta property=\"og:locale\" content=\"en_US\" \/>\n<meta property=\"og:type\" content=\"article\" \/>\n<meta property=\"og:title\" content=\"Haxhi Sulejmani: Akti i ndalimit t\u00eb Z. Haradinaj n\u00eb Franc\u00eb i papranuesh\u00ebm p\u00ebr bot\u00ebn demokratike - Lajme nga Ulqini\" \/>\n<meta property=\"og:description\" content=\"Reagim i Partis\u00eb Demokratike me rastin e ndalimit (burgosjes) s\u00eb Kryetarit t\u00eb AAK dhe ish Kryeministrit t\u00eb Kosov\u00ebs Ramush Haradinaj nga policia franceze\" \/>\n<meta property=\"og:url\" content=\"https:\/\/www.visit-ulcinj.com\/blog\/2017\/01\/08\/haxhi-sulejmani-akti-ndalimit-te-z-haradinaj-ne-france-papranueshem-per-boten-demokratike\/\" \/>\n<meta property=\"og:site_name\" content=\"Lajme nga Ulqini\" \/>\n<meta property=\"article:published_time\" content=\"2017-01-07T23:33:55+00:00\" \/>\n<meta property=\"article:modified_time\" content=\"2017-01-08T13:11:36+00:00\" \/>\n<meta property=\"og:image\" content=\"http:\/\/www.visit-ulcinj.com\/blog\/wp-content\/uploads\/2017\/01\/Ramush-Haradinaj-Haxhi-Sulejmani-PD.jpg\" \/>\n<meta name=\"twitter:label1\" content=\"Written by\" \/>\n\t<meta name=\"twitter:data1\" content=\"ulqini\" \/>\n\t<meta name=\"twitter:label2\" content=\"Est. reading time\" \/>\n\t<meta name=\"twitter:data2\" content=\"1 minute\" \/>\n<script type=\"application\/ld+json\" class=\"yoast-schema-graph\">{\"@context\":\"https:\/\/schema.org\",\"@graph\":[{\"@type\":\"WebSite\",\"@id\":\"https:\/\/www.visit-ulcinj.com\/blog\/#website\",\"url\":\"https:\/\/www.visit-ulcinj.com\/blog\/\",\"name\":\"Lajme nga Ulqini\",\"description\":\"Lajme,Vijesti,Ulqini,Ulqin,Crna Gora,Mali i Zi\",\"potentialAction\":[{\"@type\":\"SearchAction\",\"target\":{\"@type\":\"EntryPoint\",\"urlTemplate\":\"https:\/\/www.visit-ulcinj.com\/blog\/?s={search_term_string}\"},\"query-input\":\"required name=search_term_string\"}],\"inLanguage\":\"en-US\"},{\"@type\":\"ImageObject\",\"inLanguage\":\"en-US\",\"@id\":\"https:\/\/www.visit-ulcinj.com\/blog\/2017\/01\/08\/haxhi-sulejmani-akti-ndalimit-te-z-haradinaj-ne-france-papranueshem-per-boten-demokratike\/#primaryimage\",\"url\":\"https:\/\/www.visit-ulcinj.com\/blog\/wp-content\/uploads\/2017\/01\/Ramush-Haradinaj-Haxhi-Sulejmani-PD.jpg\",\"contentUrl\":\"https:\/\/www.visit-ulcinj.com\/blog\/wp-content\/uploads\/2017\/01\/Ramush-Haradinaj-Haxhi-Sulejmani-PD.jpg\",\"width\":508,\"height\":508},{\"@type\":\"WebPage\",\"@id\":\"https:\/\/www.visit-ulcinj.com\/blog\/2017\/01\/08\/haxhi-sulejmani-akti-ndalimit-te-z-haradinaj-ne-france-papranueshem-per-boten-demokratike\/#webpage\",\"url\":\"https:\/\/www.visit-ulcinj.com\/blog\/2017\/01\/08\/haxhi-sulejmani-akti-ndalimit-te-z-haradinaj-ne-france-papranueshem-per-boten-demokratike\/\",\"name\":\"Haxhi Sulejmani: Akti i ndalimit t\u00eb Z. Haradinaj n\u00eb Franc\u00eb i papranuesh\u00ebm p\u00ebr bot\u00ebn demokratike - Lajme nga Ulqini\",\"isPartOf\":{\"@id\":\"https:\/\/www.visit-ulcinj.com\/blog\/#website\"},\"primaryImageOfPage\":{\"@id\":\"https:\/\/www.visit-ulcinj.com\/blog\/2017\/01\/08\/haxhi-sulejmani-akti-ndalimit-te-z-haradinaj-ne-france-papranueshem-per-boten-demokratike\/#primaryimage\"},\"datePublished\":\"2017-01-07T23:33:55+00:00\",\"dateModified\":\"2017-01-08T13:11:36+00:00\",\"author\":{\"@id\":\"https:\/\/www.visit-ulcinj.com\/blog\/#\/schema\/person\/dcab619c614d3038751c63bc2aadc06d\"},\"description\":\"Reagim i Partis\u00eb Demokratike me rastin e ndalimit (burgosjes) s\u00eb Kryetarit t\u00eb AAK dhe ish Kryeministrit t\u00eb Kosov\u00ebs Ramush Haradinaj nga policia franceze\",\"breadcrumb\":{\"@id\":\"https:\/\/www.visit-ulcinj.com\/blog\/2017\/01\/08\/haxhi-sulejmani-akti-ndalimit-te-z-haradinaj-ne-france-papranueshem-per-boten-demokratike\/#breadcrumb\"},\"inLanguage\":\"en-US\",\"potentialAction\":[{\"@type\":\"ReadAction\",\"target\":[\"https:\/\/www.visit-ulcinj.com\/blog\/2017\/01\/08\/haxhi-sulejmani-akti-ndalimit-te-z-haradinaj-ne-france-papranueshem-per-boten-demokratike\/\"]}]},{\"@type\":\"BreadcrumbList\",\"@id\":\"https:\/\/www.visit-ulcinj.com\/blog\/2017\/01\/08\/haxhi-sulejmani-akti-ndalimit-te-z-haradinaj-ne-france-papranueshem-per-boten-demokratike\/#breadcrumb\",\"itemListElement\":[{\"@type\":\"ListItem\",\"position\":1,\"name\":\"Haxhi Sulejmani: Akti i ndalimit t\u00eb Z. Haradinaj n\u00eb Franc\u00eb i papranuesh\u00ebm p\u00ebr bot\u00ebn demokratike\"}]},{\"@type\":\"Person\",\"@id\":\"https:\/\/www.visit-ulcinj.com\/blog\/#\/schema\/person\/dcab619c614d3038751c63bc2aadc06d\",\"name\":\"ulqini\",\"sameAs\":[\"http:\/\/www.visit-ulcinj.com\"],\"url\":\"https:\/\/www.visit-ulcinj.com\/blog\/author\/admin\/\"}]}<\/script>\n<!-- \/ Yoast SEO plugin. -->","yoast_head_json":{"title":"Haxhi Sulejmani: Akti i ndalimit t\u00eb Z. Haradinaj n\u00eb Franc\u00eb i papranuesh\u00ebm p\u00ebr bot\u00ebn demokratike - Lajme nga Ulqini","description":"Reagim i Partis\u00eb Demokratike me rastin e ndalimit (burgosjes) s\u00eb Kryetarit t\u00eb AAK dhe ish Kryeministrit t\u00eb Kosov\u00ebs Ramush Haradinaj nga policia franceze","robots":{"index":"index","follow":"follow","max-snippet":"max-snippet:-1","max-image-preview":"max-image-preview:large","max-video-preview":"max-video-preview:-1"},"canonical":"https:\/\/www.visit-ulcinj.com\/blog\/2017\/01\/08\/haxhi-sulejmani-akti-ndalimit-te-z-haradinaj-ne-france-papranueshem-per-boten-demokratike\/","og_locale":"en_US","og_type":"article","og_title":"Haxhi Sulejmani: Akti i ndalimit t\u00eb Z. Haradinaj n\u00eb Franc\u00eb i papranuesh\u00ebm p\u00ebr bot\u00ebn demokratike - Lajme nga Ulqini","og_description":"Reagim i Partis\u00eb Demokratike me rastin e ndalimit (burgosjes) s\u00eb Kryetarit t\u00eb AAK dhe ish Kryeministrit t\u00eb Kosov\u00ebs Ramush Haradinaj nga policia franceze","og_url":"https:\/\/www.visit-ulcinj.com\/blog\/2017\/01\/08\/haxhi-sulejmani-akti-ndalimit-te-z-haradinaj-ne-france-papranueshem-per-boten-demokratike\/","og_site_name":"Lajme nga Ulqini","article_published_time":"2017-01-07T23:33:55+00:00","article_modified_time":"2017-01-08T13:11:36+00:00","og_image":[{"url":"http:\/\/www.visit-ulcinj.com\/blog\/wp-content\/uploads\/2017\/01\/Ramush-Haradinaj-Haxhi-Sulejmani-PD.jpg"}],"twitter_misc":{"Written by":"ulqini","Est. reading time":"1 minute"},"schema":{"@context":"https:\/\/schema.org","@graph":[{"@type":"WebSite","@id":"https:\/\/www.visit-ulcinj.com\/blog\/#website","url":"https:\/\/www.visit-ulcinj.com\/blog\/","name":"Lajme nga Ulqini","description":"Lajme,Vijesti,Ulqini,Ulqin,Crna Gora,Mali i Zi","potentialAction":[{"@type":"SearchAction","target":{"@type":"EntryPoint","urlTemplate":"https:\/\/www.visit-ulcinj.com\/blog\/?s={search_term_string}"},"query-input":"required name=search_term_string"}],"inLanguage":"en-US"},{"@type":"ImageObject","inLanguage":"en-US","@id":"https:\/\/www.visit-ulcinj.com\/blog\/2017\/01\/08\/haxhi-sulejmani-akti-ndalimit-te-z-haradinaj-ne-france-papranueshem-per-boten-demokratike\/#primaryimage","url":"https:\/\/www.visit-ulcinj.com\/blog\/wp-content\/uploads\/2017\/01\/Ramush-Haradinaj-Haxhi-Sulejmani-PD.jpg","contentUrl":"https:\/\/www.visit-ulcinj.com\/blog\/wp-content\/uploads\/2017\/01\/Ramush-Haradinaj-Haxhi-Sulejmani-PD.jpg","width":508,"height":508},{"@type":"WebPage","@id":"https:\/\/www.visit-ulcinj.com\/blog\/2017\/01\/08\/haxhi-sulejmani-akti-ndalimit-te-z-haradinaj-ne-france-papranueshem-per-boten-demokratike\/#webpage","url":"https:\/\/www.visit-ulcinj.com\/blog\/2017\/01\/08\/haxhi-sulejmani-akti-ndalimit-te-z-haradinaj-ne-france-papranueshem-per-boten-demokratike\/","name":"Haxhi Sulejmani: Akti i ndalimit t\u00eb Z. Haradinaj n\u00eb Franc\u00eb i papranuesh\u00ebm p\u00ebr bot\u00ebn demokratike - Lajme nga Ulqini","isPartOf":{"@id":"https:\/\/www.visit-ulcinj.com\/blog\/#website"},"primaryImageOfPage":{"@id":"https:\/\/www.visit-ulcinj.com\/blog\/2017\/01\/08\/haxhi-sulejmani-akti-ndalimit-te-z-haradinaj-ne-france-papranueshem-per-boten-demokratike\/#primaryimage"},"datePublished":"2017-01-07T23:33:55+00:00","dateModified":"2017-01-08T13:11:36+00:00","author":{"@id":"https:\/\/www.visit-ulcinj.com\/blog\/#\/schema\/person\/dcab619c614d3038751c63bc2aadc06d"},"description":"Reagim i Partis\u00eb Demokratike me rastin e ndalimit (burgosjes) s\u00eb Kryetarit t\u00eb AAK dhe ish Kryeministrit t\u00eb Kosov\u00ebs Ramush Haradinaj nga policia franceze","breadcrumb":{"@id":"https:\/\/www.visit-ulcinj.com\/blog\/2017\/01\/08\/haxhi-sulejmani-akti-ndalimit-te-z-haradinaj-ne-france-papranueshem-per-boten-demokratike\/#breadcrumb"},"inLanguage":"en-US","potentialAction":[{"@type":"ReadAction","target":["https:\/\/www.visit-ulcinj.com\/blog\/2017\/01\/08\/haxhi-sulejmani-akti-ndalimit-te-z-haradinaj-ne-france-papranueshem-per-boten-demokratike\/"]}]},{"@type":"BreadcrumbList","@id":"https:\/\/www.visit-ulcinj.com\/blog\/2017\/01\/08\/haxhi-sulejmani-akti-ndalimit-te-z-haradinaj-ne-france-papranueshem-per-boten-demokratike\/#breadcrumb","itemListElement":[{"@type":"ListItem","position":1,"name":"Haxhi Sulejmani: Akti i ndalimit t\u00eb Z. Haradinaj n\u00eb Franc\u00eb i papranuesh\u00ebm p\u00ebr bot\u00ebn demokratike"}]},{"@type":"Person","@id":"https:\/\/www.visit-ulcinj.com\/blog\/#\/schema\/person\/dcab619c614d3038751c63bc2aadc06d","name":"ulqini","sameAs":["http:\/\/www.visit-ulcinj.com"],"url":"https:\/\/www.visit-ulcinj.com\/blog\/author\/admin\/"}]}},"jetpack_featured_media_url":"","jetpack_sharing_enabled":true,"jetpack_shortlink":"https:\/\/wp.me\/pe6lTn-qy5","_links":{"self":[{"href":"https:\/\/www.visit-ulcinj.com\/blog\/wp-json\/wp\/v2\/posts\/102057"}],"collection":[{"href":"https:\/\/www.visit-ulcinj.com\/blog\/wp-json\/wp\/v2\/posts"}],"about":[{"href":"https:\/\/www.visit-ulcinj.com\/blog\/wp-json\/wp\/v2\/types\/post"}],"author":[{"embeddable":true,"href":"https:\/\/www.visit-ulcinj.com\/blog\/wp-json\/wp\/v2\/users\/1"}],"replies":[{"embeddable":true,"href":"https:\/\/www.visit-ulcinj.com\/blog\/wp-json\/wp\/v2\/comments?post=102057"}],"version-history":[{"count":2,"href":"https:\/\/www.visit-ulcinj.com\/blog\/wp-json\/wp\/v2\/posts\/102057\/revisions"}],"predecessor-version":[{"id":102060,"href":"https:\/\/www.visit-ulcinj.com\/blog\/wp-json\/wp\/v2\/posts\/102057\/revisions\/102060"}],"wp:attachment":[{"href":"https:\/\/www.visit-ulcinj.com\/blog\/wp-json\/wp\/v2\/media?parent=102057"}],"wp:term":[{"taxonomy":"category","embeddable":true,"href":"https:\/\/www.visit-ulcinj.com\/blog\/wp-json\/wp\/v2\/categories?post=102057"},{"taxonomy":"post_tag","embeddable":true,"href":"https:\/\/www.visit-ulcinj.com\/blog\/wp-json\/wp\/v2\/tags?post=102057"}],"curies":[{"name":"wp","href":"https:\/\/api.w.org\/{rel}","templated":true}]}}