{"id":102065,"date":"2017-01-08T00:59:24","date_gmt":"2017-01-07T23:59:24","guid":{"rendered":"http:\/\/www.visit-ulcinj.com\/blog\/?p=102065"},"modified":"2017-01-08T13:44:19","modified_gmt":"2017-01-08T12:44:19","slug":"esat-mehmeti-ne-vend-te-urimit-duhet-nje-qasje-tjeter","status":"publish","type":"post","link":"https:\/\/www.visit-ulcinj.com\/blog\/2017\/01\/08\/esat-mehmeti-ne-vend-te-urimit-duhet-nje-qasje-tjeter\/","title":{"rendered":"Esat Mehmeti: N\u00eb vend t\u00eb urimit, duhet nj\u00eb qasje tjet\u00ebr!"},"content":{"rendered":"<p><strong><a href=\"http:\/\/www.visit-ulcinj.com\/blog\/wp-content\/uploads\/2016\/02\/Esat-Mehmeti-gazetar-i-radio-Ulqinit-1.jpg\"><img loading=\"lazy\" class=\"alignleft wp-image-94378\" src=\"http:\/\/www.visit-ulcinj.com\/blog\/wp-content\/uploads\/2016\/02\/Esat-Mehmeti-gazetar-i-radio-Ulqinit-1.jpg\" alt=\"Esat-Mehmeti-gazetar-i-radio-Ulqinit-1\" width=\"600\" height=\"449\" srcset=\"https:\/\/www.visit-ulcinj.com\/blog\/wp-content\/uploads\/2016\/02\/Esat-Mehmeti-gazetar-i-radio-Ulqinit-1.jpg 600w, https:\/\/www.visit-ulcinj.com\/blog\/wp-content\/uploads\/2016\/02\/Esat-Mehmeti-gazetar-i-radio-Ulqinit-1-300x225.jpg 300w\" sizes=\"(max-width: 600px) 100vw, 600px\" \/><\/a>Shkruan : Esat Mehmeti<\/strong><strong>,<\/strong> gazetar n\u00eb Radio Ulqin<\/p>\n<p>&nbsp;<\/p>\n<p><strong>Iku edhe nj\u00eb vit, duke i l\u00ebn\u00eb vendin nj\u00eb tjetrit. Teksa hym\u00eb n\u00eb Vitin e Ri, urojm\u00eb q\u00eb t\u00eb k\u00ebqijat t\u2019i\u00a0 l\u00ebm\u00eb\u00a0 pas e q\u00eb ky vit t\u00eb jet\u00eb i mbar\u00eb p\u00ebr t\u00eb gjith\u00eb .<\/strong><\/p>\n<p>E lam\u00eb pas nj\u00eb vit t\u00eb zakonsh\u00ebm, vit q\u00eb nuk solli ndryshime t\u00eb dukshme n\u00eb p\u00ebrdit\u00ebshmerin\u00eb ton\u00eb. Por, si zakonisht n\u00eb jav\u00ebn e fundvitit kryhen balancet. Ne, as k\u00ebt\u00eb vit nuk arrit\u00ebm ndonj\u00eb rezultat t\u00eb lakmuesh\u00ebm q\u00eb vlen\u00eb t\u00eb ve\u00e7ohet, si n\u00eb planin ekonomik, ashtu edhe n\u00eb at\u00eb politik, kulturor dhe fusha t\u00eb tjera, si\u00a0 n\u00eb shkall\u00eb lokale, ashtu edhe n\u00eb at\u00eb republike. Edhe p\u00ebrkund\u00ebr k\u00ebsaj, Ju zot\u00ebrinj pushetar\u00eb, shum\u00ebher\u00eb, mburreni dhe trumbetoni p\u00ebr rezultate t\u00eb arritura pozitive, por realiteti duket krejt ndryshe!.S\u00eb paku k\u00ebshtu e shoh un\u00eb ( qofsha i gabuar ) !,por, jam m\u00eb s\u00eb i bindur se nuk \u00ebsht\u00eb i pakt\u00eb num\u00ebri edhe i atyre, q\u00eb mendojn\u00eb si un\u00eb !.\u00c7ka t\u2019i b\u00ebjm\u00eb, natyr\u00ebn\u00a0 dhe \u201czakonin\u201d s\u2019mund ta ndryshojm\u00eb !!! &#8230;Ju, zot\u00ebrinj, gjithnj\u00eb vazhdoni me \u201czakonin\u201d dhe &#8220;avazin \u201ce vjet\u00ebr, q\u00eb ta ruajm\u00eb tret\u00ebmanim e m\u00eb t\u00eb pazhvilluarit, e t\u00eb varf\u00ebrit. Fal\u00eb, munges\u00ebs s\u00eb vullnetit t\u00eb mir\u00ebfillt\u00eb politik, shqiptar\u00ebt n\u00eb Mal t\u00eb Zi, ende mbajn\u00eb pozit\u00ebn e m\u00eb t\u00eb pazhvilluarit, m\u00eb shum\u00eb t\u00eb pazgjidhura \u2026?, si : Statusi i Shqiptar\u00ebve, Ligjit\u00a0 zgjedhor ; Ligji mbi p\u00ebrdorimin e simboleve komb\u00ebtare, decentralizimi i pushtetit n\u00eb shum\u00eb fusha, si ; arsimimi , pun\u00ebsimi proporcional n\u00eb institucionet shtet\u00ebrore etj, etj.,e n\u00eb an\u00ebn tjet\u00ebr t\u00eb k\u00ebsaj medalje, me t\u00eb madhe po e ngacmon edhe s\u00ebmundja e vjet\u00ebr, por mir\u00eb e koordinuar, shp\u00ebrngulja e madhe e t\u00eb rinj\u00ebve tan\u00eb. Varferia \u00ebsht\u00eb\u00a0 nj\u00eb plag\u00eb e madhe e shoq\u00ebris\u00eb son\u00eb. Rinia \u00ebsht\u00eb produkt i shoq\u00ebris\u00eb. E v\u00ebrteta\u00a0 \u00ebsht\u00eb se jeta n\u00eb rini \u00ebsht\u00eb p\u00ebrplot\u00eb stuhi. T\u00eb rinjt\u00eb\u00a0 tan\u00eb, d\u00ebshirojn\u00eb t\u00eb emigrojn\u00eb jashta vendit. Shumica e t\u00eb rinjve e arsyeton\u00eb s\u00eb largimi nga trojet e veta po b\u00ebhet p\u00ebr shkak t\u00eb munges\u00ebs s\u00eb p\u00ebrspektiv\u00ebs dhe kushteve jo t\u00eb mira ekonomike. E gjith\u00eb kjo katrahur\u00eb po ndodh\u00eb para syve tan\u00eb, e udh\u00ebheq\u00ebsit tan\u00eb, po \u201c shtiren \u201c, sikur kurgj\u00eb s\u2019po ndodh\u00eb n\u00eb k\u00ebt\u00eb vend !&#8230; E gjith\u00eb kjo, po vejn si rezultat i\u00a0 moskoordinimit t\u00eb duhur t\u00eb drejtuesve tan\u00eb politik .<\/p>\n<p>Ne, t\u00eb ndar\u00eb e t\u00eb p\u00ebr\u00e7ar\u00eb, ende s\u2019kemi nj\u00eb strategji t\u00eb p\u00ebrbashk\u00ebt, Ende mungon nj\u00eb Plat\u00ebform\u00eb e p\u00ebrbashk\u00ebt politike. \u00c7do dit\u00eb e m\u00eb shum\u00eb\u00a0 po ndahemi e p\u00ebr\u00e7ahemi n\u00eb shum\u00eb parti e subjekte politike. Me kot e keni kur thoni, jemi subjekti m\u00eb \u201ci madhi \u201c, m\u00eb \u201ci forti \u201c\u2026Praktika po e d\u00ebshmon m\u00eb s\u00eb miri, madje dhe n\u00eb koalicion nuk jeni shumic\u00eb. Shih funksionimin e\u00a0 koalicionit, ku reflektohet n\u00eb \u00a0funksionimin e pushtetit\u00a0 lokal, mjafton\u00a0 t\u00eb p\u00ebrcjell\u00ebsh seancat e fundit t\u00eb KU(ku)vendit local. E neveritshme !&#8230; Akuza dhe mendime diametralisht t\u00eb kund\u00ebrta me nj\u00ebri-tjetrin. Nuk din kush kujt mundohet t\u2019ia shtie n\u00ebnk\u00ebmb\u00ebz\u00ebn. Por, t\u00eb vetmin q\u00ebllim t\u00eb p\u00ebrbashk\u00ebt kan\u00eb ,\u201d luft\u00ebn p\u00ebr pushtet\u201d e kurgj\u00eb tjet\u00ebr. Fal\u00eb ndasive dhe p\u00ebr\u00e7arj\u00ebs , tuaj zot\u00ebrinj , pozita e shqiptar\u00ebve n\u00eb Mal t\u00eb Zi \u00ebsht\u00eb p\u00ebrkeq\u00ebsuar duksh\u00ebm dhe vazhdon t\u00eb jet\u00eb shqet\u00ebsuese dhe e dhimbshme. Rezultati m\u00eb i \u201ck\u00ebnaqsh\u00ebm\u201d jan\u00eb zgjedhjet e tetorit 2016-t\u00ebs ! \u2026.<\/p>\n<p><strong>Nejse. Kaloi edhe kjo !&#8230;.<\/strong><\/p>\n<p>T\u00eb kthehem n\u00eb tem\u00eb\u2026<strong>\u201dShkon gjuha ku dhem dhami \u201d <\/strong>thot\u00eb nj\u00eb fjal\u00eb e urt\u00eb popullore.<\/p>\n<p>&nbsp;<\/p>\n<p><strong><br \/>\n<\/strong><\/p>\n","protected":false},"excerpt":{"rendered":"<p>Shkruan : Esat Mehmeti, gazetar n\u00eb Radio Ulqin &nbsp; Iku edhe nj\u00eb vit, duke i l\u00ebn\u00eb vendin nj\u00eb tjetrit. Teksa hym\u00eb n\u00eb Vitin e Ri, urojm\u00eb q\u00eb t\u00eb k\u00ebqijat t\u2019i\u00a0 l\u00ebm\u00eb\u00a0 pas e q\u00eb ky vit t\u00eb jet\u00eb i mbar\u00eb p\u00ebr t\u00eb gjith\u00eb . E lam\u00eb pas nj\u00eb vit t\u00eb zakonsh\u00ebm, vit q\u00eb nuk solli [&hellip;]<\/p>\n","protected":false},"author":1,"featured_media":0,"comment_status":"closed","ping_status":"closed","sticky":false,"template":"","format":"standard","meta":{"spay_email":"","jetpack_publicize_message":"","jetpack_is_tweetstorm":false,"jetpack_publicize_feature_enabled":true},"categories":[8],"tags":[],"jetpack_publicize_connections":[],"yoast_head":"<!-- This site is optimized with the Yoast SEO plugin v19.1 - https:\/\/yoast.com\/wordpress\/plugins\/seo\/ -->\n<title>Esat Mehmeti: N\u00eb vend t\u00eb urimit, duhet nj\u00eb qasje tjet\u00ebr! - Lajme nga Ulqini<\/title>\n<meta name=\"description\" content=\"Shkruan : Esat Mehmeti, gazetar n\u00eb Radio Ulqin &nbsp; Iku edhe nj\u00eb vit, duke i l\u00ebn\u00eb vendin nj\u00eb tjetrit. Teksa hym\u00eb n\u00eb Vitin e Ri, urojm\u00eb q\u00eb t\u00eb k\u00ebqijat\" \/>\n<meta name=\"robots\" content=\"index, follow, max-snippet:-1, max-image-preview:large, max-video-preview:-1\" \/>\n<link rel=\"canonical\" href=\"https:\/\/www.visit-ulcinj.com\/blog\/2017\/01\/08\/esat-mehmeti-ne-vend-te-urimit-duhet-nje-qasje-tjeter\/\" \/>\n<meta property=\"og:locale\" content=\"en_US\" \/>\n<meta property=\"og:type\" content=\"article\" \/>\n<meta property=\"og:title\" content=\"Esat Mehmeti: N\u00eb vend t\u00eb urimit, duhet nj\u00eb qasje tjet\u00ebr! - Lajme nga Ulqini\" \/>\n<meta property=\"og:description\" content=\"Shkruan : Esat Mehmeti, gazetar n\u00eb Radio Ulqin &nbsp; Iku edhe nj\u00eb vit, duke i l\u00ebn\u00eb vendin nj\u00eb tjetrit. Teksa hym\u00eb n\u00eb Vitin e Ri, urojm\u00eb q\u00eb t\u00eb k\u00ebqijat\" \/>\n<meta property=\"og:url\" content=\"https:\/\/www.visit-ulcinj.com\/blog\/2017\/01\/08\/esat-mehmeti-ne-vend-te-urimit-duhet-nje-qasje-tjeter\/\" \/>\n<meta property=\"og:site_name\" content=\"Lajme nga Ulqini\" \/>\n<meta property=\"article:published_time\" content=\"2017-01-07T23:59:24+00:00\" \/>\n<meta property=\"article:modified_time\" content=\"2017-01-08T12:44:19+00:00\" \/>\n<meta property=\"og:image\" content=\"http:\/\/www.visit-ulcinj.com\/blog\/wp-content\/uploads\/2016\/02\/Esat-Mehmeti-gazetar-i-radio-Ulqinit-1.jpg\" \/>\n<meta name=\"twitter:label1\" content=\"Written by\" \/>\n\t<meta name=\"twitter:data1\" content=\"ulqini\" \/>\n\t<meta name=\"twitter:label2\" content=\"Est. reading time\" \/>\n\t<meta name=\"twitter:data2\" content=\"3 minutes\" \/>\n<script type=\"application\/ld+json\" class=\"yoast-schema-graph\">{\"@context\":\"https:\/\/schema.org\",\"@graph\":[{\"@type\":\"WebSite\",\"@id\":\"https:\/\/www.visit-ulcinj.com\/blog\/#website\",\"url\":\"https:\/\/www.visit-ulcinj.com\/blog\/\",\"name\":\"Lajme nga Ulqini\",\"description\":\"Lajme,Vijesti,Ulqini,Ulqin,Crna Gora,Mali i Zi\",\"potentialAction\":[{\"@type\":\"SearchAction\",\"target\":{\"@type\":\"EntryPoint\",\"urlTemplate\":\"https:\/\/www.visit-ulcinj.com\/blog\/?s={search_term_string}\"},\"query-input\":\"required name=search_term_string\"}],\"inLanguage\":\"en-US\"},{\"@type\":\"ImageObject\",\"inLanguage\":\"en-US\",\"@id\":\"https:\/\/www.visit-ulcinj.com\/blog\/2017\/01\/08\/esat-mehmeti-ne-vend-te-urimit-duhet-nje-qasje-tjeter\/#primaryimage\",\"url\":\"https:\/\/www.visit-ulcinj.com\/blog\/wp-content\/uploads\/2016\/02\/Esat-Mehmeti-gazetar-i-radio-Ulqinit-1.jpg\",\"contentUrl\":\"https:\/\/www.visit-ulcinj.com\/blog\/wp-content\/uploads\/2016\/02\/Esat-Mehmeti-gazetar-i-radio-Ulqinit-1.jpg\",\"width\":600,\"height\":449},{\"@type\":\"WebPage\",\"@id\":\"https:\/\/www.visit-ulcinj.com\/blog\/2017\/01\/08\/esat-mehmeti-ne-vend-te-urimit-duhet-nje-qasje-tjeter\/#webpage\",\"url\":\"https:\/\/www.visit-ulcinj.com\/blog\/2017\/01\/08\/esat-mehmeti-ne-vend-te-urimit-duhet-nje-qasje-tjeter\/\",\"name\":\"Esat Mehmeti: N\u00eb vend t\u00eb urimit, duhet nj\u00eb qasje tjet\u00ebr! - Lajme nga Ulqini\",\"isPartOf\":{\"@id\":\"https:\/\/www.visit-ulcinj.com\/blog\/#website\"},\"primaryImageOfPage\":{\"@id\":\"https:\/\/www.visit-ulcinj.com\/blog\/2017\/01\/08\/esat-mehmeti-ne-vend-te-urimit-duhet-nje-qasje-tjeter\/#primaryimage\"},\"datePublished\":\"2017-01-07T23:59:24+00:00\",\"dateModified\":\"2017-01-08T12:44:19+00:00\",\"author\":{\"@id\":\"https:\/\/www.visit-ulcinj.com\/blog\/#\/schema\/person\/dcab619c614d3038751c63bc2aadc06d\"},\"description\":\"Shkruan : Esat Mehmeti, gazetar n\u00eb Radio Ulqin &nbsp; Iku edhe nj\u00eb vit, duke i l\u00ebn\u00eb vendin nj\u00eb tjetrit. Teksa hym\u00eb n\u00eb Vitin e Ri, urojm\u00eb q\u00eb t\u00eb k\u00ebqijat\",\"breadcrumb\":{\"@id\":\"https:\/\/www.visit-ulcinj.com\/blog\/2017\/01\/08\/esat-mehmeti-ne-vend-te-urimit-duhet-nje-qasje-tjeter\/#breadcrumb\"},\"inLanguage\":\"en-US\",\"potentialAction\":[{\"@type\":\"ReadAction\",\"target\":[\"https:\/\/www.visit-ulcinj.com\/blog\/2017\/01\/08\/esat-mehmeti-ne-vend-te-urimit-duhet-nje-qasje-tjeter\/\"]}]},{\"@type\":\"BreadcrumbList\",\"@id\":\"https:\/\/www.visit-ulcinj.com\/blog\/2017\/01\/08\/esat-mehmeti-ne-vend-te-urimit-duhet-nje-qasje-tjeter\/#breadcrumb\",\"itemListElement\":[{\"@type\":\"ListItem\",\"position\":1,\"name\":\"Esat Mehmeti: N\u00eb vend t\u00eb urimit, duhet nj\u00eb qasje tjet\u00ebr!\"}]},{\"@type\":\"Person\",\"@id\":\"https:\/\/www.visit-ulcinj.com\/blog\/#\/schema\/person\/dcab619c614d3038751c63bc2aadc06d\",\"name\":\"ulqini\",\"sameAs\":[\"http:\/\/www.visit-ulcinj.com\"],\"url\":\"https:\/\/www.visit-ulcinj.com\/blog\/author\/admin\/\"}]}<\/script>\n<!-- \/ Yoast SEO plugin. -->","yoast_head_json":{"title":"Esat Mehmeti: N\u00eb vend t\u00eb urimit, duhet nj\u00eb qasje tjet\u00ebr! - Lajme nga Ulqini","description":"Shkruan : Esat Mehmeti, gazetar n\u00eb Radio Ulqin &nbsp; Iku edhe nj\u00eb vit, duke i l\u00ebn\u00eb vendin nj\u00eb tjetrit. Teksa hym\u00eb n\u00eb Vitin e Ri, urojm\u00eb q\u00eb t\u00eb k\u00ebqijat","robots":{"index":"index","follow":"follow","max-snippet":"max-snippet:-1","max-image-preview":"max-image-preview:large","max-video-preview":"max-video-preview:-1"},"canonical":"https:\/\/www.visit-ulcinj.com\/blog\/2017\/01\/08\/esat-mehmeti-ne-vend-te-urimit-duhet-nje-qasje-tjeter\/","og_locale":"en_US","og_type":"article","og_title":"Esat Mehmeti: N\u00eb vend t\u00eb urimit, duhet nj\u00eb qasje tjet\u00ebr! - Lajme nga Ulqini","og_description":"Shkruan : Esat Mehmeti, gazetar n\u00eb Radio Ulqin &nbsp; Iku edhe nj\u00eb vit, duke i l\u00ebn\u00eb vendin nj\u00eb tjetrit. Teksa hym\u00eb n\u00eb Vitin e Ri, urojm\u00eb q\u00eb t\u00eb k\u00ebqijat","og_url":"https:\/\/www.visit-ulcinj.com\/blog\/2017\/01\/08\/esat-mehmeti-ne-vend-te-urimit-duhet-nje-qasje-tjeter\/","og_site_name":"Lajme nga Ulqini","article_published_time":"2017-01-07T23:59:24+00:00","article_modified_time":"2017-01-08T12:44:19+00:00","og_image":[{"url":"http:\/\/www.visit-ulcinj.com\/blog\/wp-content\/uploads\/2016\/02\/Esat-Mehmeti-gazetar-i-radio-Ulqinit-1.jpg"}],"twitter_misc":{"Written by":"ulqini","Est. reading time":"3 minutes"},"schema":{"@context":"https:\/\/schema.org","@graph":[{"@type":"WebSite","@id":"https:\/\/www.visit-ulcinj.com\/blog\/#website","url":"https:\/\/www.visit-ulcinj.com\/blog\/","name":"Lajme nga Ulqini","description":"Lajme,Vijesti,Ulqini,Ulqin,Crna Gora,Mali i Zi","potentialAction":[{"@type":"SearchAction","target":{"@type":"EntryPoint","urlTemplate":"https:\/\/www.visit-ulcinj.com\/blog\/?s={search_term_string}"},"query-input":"required name=search_term_string"}],"inLanguage":"en-US"},{"@type":"ImageObject","inLanguage":"en-US","@id":"https:\/\/www.visit-ulcinj.com\/blog\/2017\/01\/08\/esat-mehmeti-ne-vend-te-urimit-duhet-nje-qasje-tjeter\/#primaryimage","url":"https:\/\/www.visit-ulcinj.com\/blog\/wp-content\/uploads\/2016\/02\/Esat-Mehmeti-gazetar-i-radio-Ulqinit-1.jpg","contentUrl":"https:\/\/www.visit-ulcinj.com\/blog\/wp-content\/uploads\/2016\/02\/Esat-Mehmeti-gazetar-i-radio-Ulqinit-1.jpg","width":600,"height":449},{"@type":"WebPage","@id":"https:\/\/www.visit-ulcinj.com\/blog\/2017\/01\/08\/esat-mehmeti-ne-vend-te-urimit-duhet-nje-qasje-tjeter\/#webpage","url":"https:\/\/www.visit-ulcinj.com\/blog\/2017\/01\/08\/esat-mehmeti-ne-vend-te-urimit-duhet-nje-qasje-tjeter\/","name":"Esat Mehmeti: N\u00eb vend t\u00eb urimit, duhet nj\u00eb qasje tjet\u00ebr! - Lajme nga Ulqini","isPartOf":{"@id":"https:\/\/www.visit-ulcinj.com\/blog\/#website"},"primaryImageOfPage":{"@id":"https:\/\/www.visit-ulcinj.com\/blog\/2017\/01\/08\/esat-mehmeti-ne-vend-te-urimit-duhet-nje-qasje-tjeter\/#primaryimage"},"datePublished":"2017-01-07T23:59:24+00:00","dateModified":"2017-01-08T12:44:19+00:00","author":{"@id":"https:\/\/www.visit-ulcinj.com\/blog\/#\/schema\/person\/dcab619c614d3038751c63bc2aadc06d"},"description":"Shkruan : Esat Mehmeti, gazetar n\u00eb Radio Ulqin &nbsp; Iku edhe nj\u00eb vit, duke i l\u00ebn\u00eb vendin nj\u00eb tjetrit. Teksa hym\u00eb n\u00eb Vitin e Ri, urojm\u00eb q\u00eb t\u00eb k\u00ebqijat","breadcrumb":{"@id":"https:\/\/www.visit-ulcinj.com\/blog\/2017\/01\/08\/esat-mehmeti-ne-vend-te-urimit-duhet-nje-qasje-tjeter\/#breadcrumb"},"inLanguage":"en-US","potentialAction":[{"@type":"ReadAction","target":["https:\/\/www.visit-ulcinj.com\/blog\/2017\/01\/08\/esat-mehmeti-ne-vend-te-urimit-duhet-nje-qasje-tjeter\/"]}]},{"@type":"BreadcrumbList","@id":"https:\/\/www.visit-ulcinj.com\/blog\/2017\/01\/08\/esat-mehmeti-ne-vend-te-urimit-duhet-nje-qasje-tjeter\/#breadcrumb","itemListElement":[{"@type":"ListItem","position":1,"name":"Esat Mehmeti: N\u00eb vend t\u00eb urimit, duhet nj\u00eb qasje tjet\u00ebr!"}]},{"@type":"Person","@id":"https:\/\/www.visit-ulcinj.com\/blog\/#\/schema\/person\/dcab619c614d3038751c63bc2aadc06d","name":"ulqini","sameAs":["http:\/\/www.visit-ulcinj.com"],"url":"https:\/\/www.visit-ulcinj.com\/blog\/author\/admin\/"}]}},"jetpack_featured_media_url":"","jetpack_sharing_enabled":true,"jetpack_shortlink":"https:\/\/wp.me\/pe6lTn-qyd","_links":{"self":[{"href":"https:\/\/www.visit-ulcinj.com\/blog\/wp-json\/wp\/v2\/posts\/102065"}],"collection":[{"href":"https:\/\/www.visit-ulcinj.com\/blog\/wp-json\/wp\/v2\/posts"}],"about":[{"href":"https:\/\/www.visit-ulcinj.com\/blog\/wp-json\/wp\/v2\/types\/post"}],"author":[{"embeddable":true,"href":"https:\/\/www.visit-ulcinj.com\/blog\/wp-json\/wp\/v2\/users\/1"}],"replies":[{"embeddable":true,"href":"https:\/\/www.visit-ulcinj.com\/blog\/wp-json\/wp\/v2\/comments?post=102065"}],"version-history":[{"count":2,"href":"https:\/\/www.visit-ulcinj.com\/blog\/wp-json\/wp\/v2\/posts\/102065\/revisions"}],"predecessor-version":[{"id":102081,"href":"https:\/\/www.visit-ulcinj.com\/blog\/wp-json\/wp\/v2\/posts\/102065\/revisions\/102081"}],"wp:attachment":[{"href":"https:\/\/www.visit-ulcinj.com\/blog\/wp-json\/wp\/v2\/media?parent=102065"}],"wp:term":[{"taxonomy":"category","embeddable":true,"href":"https:\/\/www.visit-ulcinj.com\/blog\/wp-json\/wp\/v2\/categories?post=102065"},{"taxonomy":"post_tag","embeddable":true,"href":"https:\/\/www.visit-ulcinj.com\/blog\/wp-json\/wp\/v2\/tags?post=102065"}],"curies":[{"name":"wp","href":"https:\/\/api.w.org\/{rel}","templated":true}]}}