{"id":102072,"date":"2017-01-08T12:19:54","date_gmt":"2017-01-08T11:19:54","guid":{"rendered":"http:\/\/www.visit-ulcinj.com\/blog\/?p=102072"},"modified":"2017-01-08T12:34:55","modified_gmt":"2017-01-08T11:34:55","slug":"karamanaga-perkujton-sopranon-nina-mula-ne-kalan-e-ulqinit","status":"publish","type":"post","link":"https:\/\/www.visit-ulcinj.com\/blog\/2017\/01\/08\/karamanaga-perkujton-sopranon-nina-mula-ne-kalan-e-ulqinit\/","title":{"rendered":"I. Karamanaga p\u00ebrkujton sopranon Nina Mula n\u00eb Kalan e Ulqinit"},"content":{"rendered":"<p><a href=\"http:\/\/www.visit-ulcinj.com\/blog\/wp-content\/uploads\/2017\/01\/Nina-Mula-sopranoja-e-njohur-shqiptaro-ruse-n\u00eb-Kala-te-Ulqinit.jpg\"><img loading=\"lazy\" class=\"alignleft wp-image-102073\" src=\"http:\/\/www.visit-ulcinj.com\/blog\/wp-content\/uploads\/2017\/01\/Nina-Mula-sopranoja-e-njohur-shqiptaro-ruse-n\u00eb-Kala-te-Ulqinit.jpg\" alt=\"Nina Mula, sopranoja e njohur shqiptaro ruse n\u00eb Kala te Ulqinit\" width=\"508\" height=\"381\" srcset=\"https:\/\/www.visit-ulcinj.com\/blog\/wp-content\/uploads\/2017\/01\/Nina-Mula-sopranoja-e-njohur-shqiptaro-ruse-n\u00eb-Kala-te-Ulqinit.jpg 960w, https:\/\/www.visit-ulcinj.com\/blog\/wp-content\/uploads\/2017\/01\/Nina-Mula-sopranoja-e-njohur-shqiptaro-ruse-n\u00eb-Kala-te-Ulqinit-300x225.jpg 300w, https:\/\/www.visit-ulcinj.com\/blog\/wp-content\/uploads\/2017\/01\/Nina-Mula-sopranoja-e-njohur-shqiptaro-ruse-n\u00eb-Kala-te-Ulqinit-768x576.jpg 768w\" sizes=\"(max-width: 508px) 100vw, 508px\" \/><\/a>Profesor Ismet Karamanaga p\u00ebrkujton vajzen nga Izhevski, dhe artisten e njohur e sken\u00ebs shqiptare, sopranoja e talentuar Nina Mula q\u00eb u nda nga jeta 5 vjet m\u00eb par\u00eb, m\u00eb 22 dhjetor 2011, n\u00eb mosh\u00ebn 80-vje\u00e7are.<\/p>\n<p><strong>Nina Mula, sopranoja e njohur shqiptaro ruse, p\u00ebrkujtohet me disa fotografi gjat q\u00ebndrimit t\u00eb saj n\u00eb Kalan e Ulqinit, ku profesor Ismet Karamanaga shprehet me k\u00ebto fjal\u00eb:<\/strong><\/p>\n<p>Kam pasur nder\u00eb dhe isha i privilegjuar t\u00eb shoq\u00ebroi zotri Avni MUL\u00cbN, k\u00ebng\u00ebtarin dhe kompozitorin t\u00eb madh shqiptar, si edhe zonj\u00ebn e tij sopranon<span class=\"text_exposed_show\"> Nina MULA me origjin Ruse n\u00eb Kalan\u00eb ton\u00eb. Avni Mula, kompozitor i muzik\u00ebs i shum\u00eb k\u00ebng\u00ebsh, k\u00ebng\u00ebtar m\u00eb z\u00ebrin e tij t\u00eb fuqish\u00ebm, por edhe kompozitori i muzik\u00ebs p\u00ebr shum\u00eb filma, kurse zonja Mula, ishte sopranja e shum\u00eb roleve n\u00eb operen shqiptare.<br \/>\nIshte nj\u00eb dit\u00eb dimri, e bukur me diell me 5. janar t\u00eb vitit 2011 n\u00eb Kala ke &#8220;Rezidenca e Ballshajve&#8221;, ku pas nj\u00eb shetitje nep\u00ebr Kala u fotografuam s\u00eb bashku. Nj\u00eb kujtim i bukur i paharruar<br \/>\n<\/span><\/p>\n<p id=\"js_k26\" class=\"_5pbw _5vra\" data-ft=\"{&quot;tn&quot;:&quot;C&quot;}\"><strong><span class=\"fwn fcg\"><span class=\"fcg\"><span class=\"fwb\"><a id=\"js_k77\" class=\"profileLink\" href=\"https:\/\/www.facebook.com\/ismet.karamanaga\" data-ft=\"{&quot;tn&quot;:&quot;l&quot;}\" data-hovercard=\"\/ajax\/hovercard\/user.php?id=1359492972\" data-hovercard-prefer-more-content-show=\"1\">Ismet Karamanag Facebook<\/a><\/span><\/span><\/span><\/strong><\/p>\n<p class=\"_5pbw _5vra\" data-ft=\"{&quot;tn&quot;:&quot;C&quot;}\"><!--YouTube Error: bad URL entered--><\/p>\n<p><strong>Di\u00e7ka nga biografia e Nina Mula<\/strong><\/p>\n<p>Nina Mula q\u00eb u nda nga jeta 5 vjet m\u00eb par\u00eb, m\u00eb 22 dhjetor 2011, n\u00eb mosh\u00ebn 80-vje\u00e7are. Sopranoja e dhjet\u00ebra roleve n\u00eb oper\u00ebn shqiptare.<\/p>\n<p>Vajza bukuroshe nga Izhevski i Rusis\u00eb, e talentuar dhe e pasionuar me muzik\u00ebn, nuk e mendonte kurr\u00eb se do t\u00eb b\u00ebhej e njohur n\u00eb nj\u00eb vend t\u00eb vog\u00ebl e t\u00eb larg\u00ebt si Shqip\u00ebria. Nina Mula ka lindur n\u00eb 23 n\u00ebntor t\u00eb vitit 1931 n\u00eb Rusi. E rritur n\u00eb nj\u00eb familje pun\u00ebtore e t\u00eb varf\u00ebr, Nina, e cila mbeti jetime n\u00eb mosh\u00eb t\u00eb re, i kushtoi t\u00eb gjith\u00eb rinin\u00eb familjes.<\/p>\n<p>Takimi me artisten e njohur ruse Irina Maslenikova, ishte vendimtare p\u00ebr karrier\u00ebn e Nin\u00ebs 18 vje\u00e7are q\u00eb korri suksesin e par\u00eb n\u00eb jet\u00eb, duke fituar konservatorin e Mosk\u00ebs, ku ve\u00e7 t\u00eb tjerash u njoh me nj\u00eb student shqiptar, Avni Mula, dashuria p\u00ebr t\u00eb cilin e solli n\u00eb Shqip\u00ebri.<\/p>\n<p>Talenti i saj u dallua qartazi mes t\u00eb tjer\u00ebve dhe sopranoja Nina Mula, do t\u00eb em\u00ebrohej soliste pran\u00eb Teatrit t\u00eb Oper\u00ebs dhe Baletit, ku punoi deri n\u00eb daljen e saj n\u00eb pension n\u00eb vitin 1976.<\/p>\n<p>Vet\u00ebm gjasht\u00eb muaj pasi kishte ardhur n\u00eb TKOB, Nin\u00ebs iu besua roli i Joland\u00ebs n\u00eb vepr\u00ebn me t\u00eb nj\u00ebjtin titull t\u00eb \u00c7ajkovskit. Nj\u00eb shfaqje kjo q\u00eb e afirmoi duke marr\u00eb m\u00eb pas shum\u00eb kryerole deri n\u00eb mesin e viteve \u201970. N\u00eb vitin \u201958, me partner bashk\u00ebshortin, Nina interpretoi rolin e Rozin\u00ebs n\u00eb oper\u00ebn \u201cBerberi i Seviljes\u201d me pas interpretoi n\u00eb \u201cPranver\u00ebn\u201d e Tish Dais\u00eb.<\/p>\n<p>Role e saj q\u00eb nuk do t\u00eb harrohen n\u00eb opera jan\u00eb \u201cEvgeni Onjegini\u201d , \u201cMadam Bat\u00ebrflaj\u201d, \u201cDasma e Figaros\u201d e m\u00eb pas, i trokiti fati t\u00eb luante pik\u00ebrisht ajo Mikael\u00ebn n\u00eb oper\u00ebn \u201cKarmen\u201d. Pak vite m\u00eb von\u00eb pati rolin e Mrik\u00ebs n\u00eb vepr\u00ebn me t\u00eb nj\u00ebjtin titull t\u00eb Jakov\u00ebs dhe at\u00eb t\u00eb Donik\u00ebs n\u00eb premier\u00ebn e oper\u00ebs \u201cSk\u00ebnderbeu\u201d.<\/p>\n<p>Ajo u largua nga skena n\u00eb mosh\u00ebn 45-vje\u00e7are, nd\u00ebrkoh\u00eb q\u00eb ishte shprehur do t\u00eb kishte dashur t\u00eb q\u00ebndronte m\u00eb gjat\u00eb p\u00ebr t\u00eb realizuar t\u00eb tjera role. P\u00ebr aktivitetin e saj Nina Mula \u00ebsht\u00eb nderuar me shum\u00eb \u00e7mime, medalje e tituj, si Urdhrin \u201cNaim Frash\u00ebri t\u00eb klasit t\u00eb II\u201d, titullin \u201cArtiste e Merituar\u201d, \u00c7mimin e Par\u00eb n\u00eb Festivalin e Romanc\u00ebs si dhe titullin \u201cMjeshtre e Madhe e Pun\u00ebs\u201d.<\/p>\n<p>Nj\u00eb muaj m\u00eb par\u00eb, me rasti e 80-vjetorit t\u00eb saj, Teatri Kombetar i Operas dhe Baletit organizoi nj\u00eb ceremoni festive t\u00eb mbushur me kujtime dhe interpretime t\u00eb disa prej roleve t\u00eb saj. Nj\u00eb surpriz\u00eb e bukur p\u00ebr t\u00eb ishte dhe lidhja p\u00ebrmes videokonferenc\u00ebs me vajz\u00ebn e saj nga Parisi, sopranon e njohur Inva Mula.<\/p>\n<!--YouTube Error: bad URL entered-->\n","protected":false},"excerpt":{"rendered":"<p>Profesor Ismet Karamanaga p\u00ebrkujton vajzen nga Izhevski, dhe artisten e njohur e sken\u00ebs shqiptare, sopranoja e talentuar Nina Mula q\u00eb u nda nga jeta 5 vjet m\u00eb par\u00eb, m\u00eb 22 dhjetor 2011, n\u00eb mosh\u00ebn 80-vje\u00e7are. Nina Mula, sopranoja e njohur shqiptaro ruse, p\u00ebrkujtohet me disa fotografi gjat q\u00ebndrimit t\u00eb saj n\u00eb Kalan e Ulqinit, ku [&hellip;]<\/p>\n","protected":false},"author":1,"featured_media":0,"comment_status":"closed","ping_status":"closed","sticky":false,"template":"","format":"standard","meta":{"spay_email":"","jetpack_publicize_message":"","jetpack_is_tweetstorm":false,"jetpack_publicize_feature_enabled":true},"categories":[4],"tags":[],"jetpack_publicize_connections":[],"yoast_head":"<!-- This site is optimized with the Yoast SEO plugin v19.1 - https:\/\/yoast.com\/wordpress\/plugins\/seo\/ -->\n<title>I. Karamanaga p\u00ebrkujton sopranon Nina Mula n\u00eb Kalan e Ulqinit - Lajme nga Ulqini<\/title>\n<meta name=\"description\" content=\"Profesor Ismet Karamanaga p\u00ebrkujton vajzen nga Izhevski, dhe artisten e njohur e sken\u00ebs shqiptare, sopranoja e talentuar Nina Mula q\u00eb u nda nga jeta 5\" \/>\n<meta name=\"robots\" content=\"index, follow, max-snippet:-1, max-image-preview:large, max-video-preview:-1\" \/>\n<link rel=\"canonical\" href=\"https:\/\/www.visit-ulcinj.com\/blog\/2017\/01\/08\/karamanaga-perkujton-sopranon-nina-mula-ne-kalan-e-ulqinit\/\" \/>\n<meta property=\"og:locale\" content=\"en_US\" \/>\n<meta property=\"og:type\" content=\"article\" \/>\n<meta property=\"og:title\" content=\"I. Karamanaga p\u00ebrkujton sopranon Nina Mula n\u00eb Kalan e Ulqinit - Lajme nga Ulqini\" \/>\n<meta property=\"og:description\" content=\"Profesor Ismet Karamanaga p\u00ebrkujton vajzen nga Izhevski, dhe artisten e njohur e sken\u00ebs shqiptare, sopranoja e talentuar Nina Mula q\u00eb u nda nga jeta 5\" \/>\n<meta property=\"og:url\" content=\"https:\/\/www.visit-ulcinj.com\/blog\/2017\/01\/08\/karamanaga-perkujton-sopranon-nina-mula-ne-kalan-e-ulqinit\/\" \/>\n<meta property=\"og:site_name\" content=\"Lajme nga Ulqini\" \/>\n<meta property=\"article:published_time\" content=\"2017-01-08T11:19:54+00:00\" \/>\n<meta property=\"article:modified_time\" content=\"2017-01-08T11:34:55+00:00\" \/>\n<meta name=\"twitter:label1\" content=\"Written by\" \/>\n\t<meta name=\"twitter:data1\" content=\"ulqini\" \/>\n\t<meta name=\"twitter:label2\" content=\"Est. reading time\" \/>\n\t<meta name=\"twitter:data2\" content=\"3 minutes\" \/>\n<script type=\"application\/ld+json\" class=\"yoast-schema-graph\">{\"@context\":\"https:\/\/schema.org\",\"@graph\":[{\"@type\":\"WebSite\",\"@id\":\"https:\/\/www.visit-ulcinj.com\/blog\/#website\",\"url\":\"https:\/\/www.visit-ulcinj.com\/blog\/\",\"name\":\"Lajme nga Ulqini\",\"description\":\"Lajme,Vijesti,Ulqini,Ulqin,Crna Gora,Mali i Zi\",\"potentialAction\":[{\"@type\":\"SearchAction\",\"target\":{\"@type\":\"EntryPoint\",\"urlTemplate\":\"https:\/\/www.visit-ulcinj.com\/blog\/?s={search_term_string}\"},\"query-input\":\"required name=search_term_string\"}],\"inLanguage\":\"en-US\"},{\"@type\":\"WebPage\",\"@id\":\"https:\/\/www.visit-ulcinj.com\/blog\/2017\/01\/08\/karamanaga-perkujton-sopranon-nina-mula-ne-kalan-e-ulqinit\/#webpage\",\"url\":\"https:\/\/www.visit-ulcinj.com\/blog\/2017\/01\/08\/karamanaga-perkujton-sopranon-nina-mula-ne-kalan-e-ulqinit\/\",\"name\":\"I. Karamanaga p\u00ebrkujton sopranon Nina Mula n\u00eb Kalan e Ulqinit - Lajme nga Ulqini\",\"isPartOf\":{\"@id\":\"https:\/\/www.visit-ulcinj.com\/blog\/#website\"},\"datePublished\":\"2017-01-08T11:19:54+00:00\",\"dateModified\":\"2017-01-08T11:34:55+00:00\",\"author\":{\"@id\":\"https:\/\/www.visit-ulcinj.com\/blog\/#\/schema\/person\/dcab619c614d3038751c63bc2aadc06d\"},\"description\":\"Profesor Ismet Karamanaga p\u00ebrkujton vajzen nga Izhevski, dhe artisten e njohur e sken\u00ebs shqiptare, sopranoja e talentuar Nina Mula q\u00eb u nda nga jeta 5\",\"breadcrumb\":{\"@id\":\"https:\/\/www.visit-ulcinj.com\/blog\/2017\/01\/08\/karamanaga-perkujton-sopranon-nina-mula-ne-kalan-e-ulqinit\/#breadcrumb\"},\"inLanguage\":\"en-US\",\"potentialAction\":[{\"@type\":\"ReadAction\",\"target\":[\"https:\/\/www.visit-ulcinj.com\/blog\/2017\/01\/08\/karamanaga-perkujton-sopranon-nina-mula-ne-kalan-e-ulqinit\/\"]}]},{\"@type\":\"BreadcrumbList\",\"@id\":\"https:\/\/www.visit-ulcinj.com\/blog\/2017\/01\/08\/karamanaga-perkujton-sopranon-nina-mula-ne-kalan-e-ulqinit\/#breadcrumb\",\"itemListElement\":[{\"@type\":\"ListItem\",\"position\":1,\"name\":\"I. Karamanaga p\u00ebrkujton sopranon Nina Mula n\u00eb Kalan e Ulqinit\"}]},{\"@type\":\"Person\",\"@id\":\"https:\/\/www.visit-ulcinj.com\/blog\/#\/schema\/person\/dcab619c614d3038751c63bc2aadc06d\",\"name\":\"ulqini\",\"sameAs\":[\"http:\/\/www.visit-ulcinj.com\"],\"url\":\"https:\/\/www.visit-ulcinj.com\/blog\/author\/admin\/\"}]}<\/script>\n<!-- \/ Yoast SEO plugin. -->","yoast_head_json":{"title":"I. Karamanaga p\u00ebrkujton sopranon Nina Mula n\u00eb Kalan e Ulqinit - Lajme nga Ulqini","description":"Profesor Ismet Karamanaga p\u00ebrkujton vajzen nga Izhevski, dhe artisten e njohur e sken\u00ebs shqiptare, sopranoja e talentuar Nina Mula q\u00eb u nda nga jeta 5","robots":{"index":"index","follow":"follow","max-snippet":"max-snippet:-1","max-image-preview":"max-image-preview:large","max-video-preview":"max-video-preview:-1"},"canonical":"https:\/\/www.visit-ulcinj.com\/blog\/2017\/01\/08\/karamanaga-perkujton-sopranon-nina-mula-ne-kalan-e-ulqinit\/","og_locale":"en_US","og_type":"article","og_title":"I. Karamanaga p\u00ebrkujton sopranon Nina Mula n\u00eb Kalan e Ulqinit - Lajme nga Ulqini","og_description":"Profesor Ismet Karamanaga p\u00ebrkujton vajzen nga Izhevski, dhe artisten e njohur e sken\u00ebs shqiptare, sopranoja e talentuar Nina Mula q\u00eb u nda nga jeta 5","og_url":"https:\/\/www.visit-ulcinj.com\/blog\/2017\/01\/08\/karamanaga-perkujton-sopranon-nina-mula-ne-kalan-e-ulqinit\/","og_site_name":"Lajme nga Ulqini","article_published_time":"2017-01-08T11:19:54+00:00","article_modified_time":"2017-01-08T11:34:55+00:00","twitter_misc":{"Written by":"ulqini","Est. reading time":"3 minutes"},"schema":{"@context":"https:\/\/schema.org","@graph":[{"@type":"WebSite","@id":"https:\/\/www.visit-ulcinj.com\/blog\/#website","url":"https:\/\/www.visit-ulcinj.com\/blog\/","name":"Lajme nga Ulqini","description":"Lajme,Vijesti,Ulqini,Ulqin,Crna Gora,Mali i Zi","potentialAction":[{"@type":"SearchAction","target":{"@type":"EntryPoint","urlTemplate":"https:\/\/www.visit-ulcinj.com\/blog\/?s={search_term_string}"},"query-input":"required name=search_term_string"}],"inLanguage":"en-US"},{"@type":"WebPage","@id":"https:\/\/www.visit-ulcinj.com\/blog\/2017\/01\/08\/karamanaga-perkujton-sopranon-nina-mula-ne-kalan-e-ulqinit\/#webpage","url":"https:\/\/www.visit-ulcinj.com\/blog\/2017\/01\/08\/karamanaga-perkujton-sopranon-nina-mula-ne-kalan-e-ulqinit\/","name":"I. Karamanaga p\u00ebrkujton sopranon Nina Mula n\u00eb Kalan e Ulqinit - Lajme nga Ulqini","isPartOf":{"@id":"https:\/\/www.visit-ulcinj.com\/blog\/#website"},"datePublished":"2017-01-08T11:19:54+00:00","dateModified":"2017-01-08T11:34:55+00:00","author":{"@id":"https:\/\/www.visit-ulcinj.com\/blog\/#\/schema\/person\/dcab619c614d3038751c63bc2aadc06d"},"description":"Profesor Ismet Karamanaga p\u00ebrkujton vajzen nga Izhevski, dhe artisten e njohur e sken\u00ebs shqiptare, sopranoja e talentuar Nina Mula q\u00eb u nda nga jeta 5","breadcrumb":{"@id":"https:\/\/www.visit-ulcinj.com\/blog\/2017\/01\/08\/karamanaga-perkujton-sopranon-nina-mula-ne-kalan-e-ulqinit\/#breadcrumb"},"inLanguage":"en-US","potentialAction":[{"@type":"ReadAction","target":["https:\/\/www.visit-ulcinj.com\/blog\/2017\/01\/08\/karamanaga-perkujton-sopranon-nina-mula-ne-kalan-e-ulqinit\/"]}]},{"@type":"BreadcrumbList","@id":"https:\/\/www.visit-ulcinj.com\/blog\/2017\/01\/08\/karamanaga-perkujton-sopranon-nina-mula-ne-kalan-e-ulqinit\/#breadcrumb","itemListElement":[{"@type":"ListItem","position":1,"name":"I. Karamanaga p\u00ebrkujton sopranon Nina Mula n\u00eb Kalan e Ulqinit"}]},{"@type":"Person","@id":"https:\/\/www.visit-ulcinj.com\/blog\/#\/schema\/person\/dcab619c614d3038751c63bc2aadc06d","name":"ulqini","sameAs":["http:\/\/www.visit-ulcinj.com"],"url":"https:\/\/www.visit-ulcinj.com\/blog\/author\/admin\/"}]}},"jetpack_featured_media_url":"","jetpack_sharing_enabled":true,"jetpack_shortlink":"https:\/\/wp.me\/pe6lTn-qyk","_links":{"self":[{"href":"https:\/\/www.visit-ulcinj.com\/blog\/wp-json\/wp\/v2\/posts\/102072"}],"collection":[{"href":"https:\/\/www.visit-ulcinj.com\/blog\/wp-json\/wp\/v2\/posts"}],"about":[{"href":"https:\/\/www.visit-ulcinj.com\/blog\/wp-json\/wp\/v2\/types\/post"}],"author":[{"embeddable":true,"href":"https:\/\/www.visit-ulcinj.com\/blog\/wp-json\/wp\/v2\/users\/1"}],"replies":[{"embeddable":true,"href":"https:\/\/www.visit-ulcinj.com\/blog\/wp-json\/wp\/v2\/comments?post=102072"}],"version-history":[{"count":4,"href":"https:\/\/www.visit-ulcinj.com\/blog\/wp-json\/wp\/v2\/posts\/102072\/revisions"}],"predecessor-version":[{"id":102077,"href":"https:\/\/www.visit-ulcinj.com\/blog\/wp-json\/wp\/v2\/posts\/102072\/revisions\/102077"}],"wp:attachment":[{"href":"https:\/\/www.visit-ulcinj.com\/blog\/wp-json\/wp\/v2\/media?parent=102072"}],"wp:term":[{"taxonomy":"category","embeddable":true,"href":"https:\/\/www.visit-ulcinj.com\/blog\/wp-json\/wp\/v2\/categories?post=102072"},{"taxonomy":"post_tag","embeddable":true,"href":"https:\/\/www.visit-ulcinj.com\/blog\/wp-json\/wp\/v2\/tags?post=102072"}],"curies":[{"name":"wp","href":"https:\/\/api.w.org\/{rel}","templated":true}]}}