{"id":102082,"date":"2017-01-08T13:46:36","date_gmt":"2017-01-08T12:46:36","guid":{"rendered":"http:\/\/www.visit-ulcinj.com\/blog\/?p=102082"},"modified":"2017-01-08T13:46:36","modified_gmt":"2017-01-08T12:46:36","slug":"zoterinj-e-harruat-radio-ulqinin","status":"publish","type":"post","link":"https:\/\/www.visit-ulcinj.com\/blog\/2017\/01\/08\/zoterinj-e-harruat-radio-ulqinin\/","title":{"rendered":"Zot\u00ebrinj, e harruat radio Ulqinin !"},"content":{"rendered":"<p><strong><a href=\"http:\/\/www.visit-ulcinj.com\/blog\/wp-content\/uploads\/2016\/02\/Esat-Mehmeti-gazetar-i-radio-Ulqinit-1.jpg\"><img loading=\"lazy\" class=\"alignleft wp-image-94378\" src=\"http:\/\/www.visit-ulcinj.com\/blog\/wp-content\/uploads\/2016\/02\/Esat-Mehmeti-gazetar-i-radio-Ulqinit-1.jpg\" alt=\"Esat-Mehmeti-gazetar-i-radio-Ulqinit-1\" width=\"508\" height=\"380\" srcset=\"https:\/\/www.visit-ulcinj.com\/blog\/wp-content\/uploads\/2016\/02\/Esat-Mehmeti-gazetar-i-radio-Ulqinit-1.jpg 600w, https:\/\/www.visit-ulcinj.com\/blog\/wp-content\/uploads\/2016\/02\/Esat-Mehmeti-gazetar-i-radio-Ulqinit-1-300x225.jpg 300w\" sizes=\"(max-width: 508px) 100vw, 508px\" \/><\/a>Shkruan : Esat Mehmeti<\/strong><strong>,<\/strong> gazetar n\u00eb Radio Ulqin<\/p>\n<p>&nbsp;<\/p>\n<p><strong>Iku edhe nj\u00eb vit, duke i l\u00ebn\u00eb vendin nj\u00eb tjetrit. Teksa hym\u00eb n\u00eb Vitin e Ri, urojm\u00eb q\u00eb t\u00eb k\u00ebqijat t\u2019i\u00a0 l\u00ebm\u00eb\u00a0 pas e q\u00eb ky vit t\u00eb jet\u00eb i mbar\u00eb p\u00ebr t\u00eb gjith\u00eb .<\/strong><\/p>\n<p>E lam\u00eb pas edhe \u00a0nj\u00eb vit t\u00eb zakonsh\u00ebm, vit q\u00eb nuk solli ndryshime t\u00eb dukshme n\u00eb p\u00ebrdit\u00ebshmerin\u00eb ton\u00eb. Por, si zakonisht, me hallet e p\u00ebrvit\u00ebshme, e avazin e vjet\u00ebr. Ne, as k\u00ebt\u00eb vit nuk arrit\u00ebm ndonj\u00eb p\u00ebrmir\u00ebsim t\u00eb duksh\u00ebm edhe p\u00ebrkund\u00ebr asaj q\u00eb dikur, shum\u00ebher\u00eb trumbetohej s\u00eb do t\u00eb sjellm ndryshime n\u00eb t\u00eb mir\u00eb t\u00eb Radios, n\u00eb t\u00eb mir\u00eb t\u00eb t\u00eb gjithve. Por, jo , Ju, zot\u00ebrinj pushtetar\u00eb, gjithnj\u00eb vazhdoni me \u201czakonin\u201d dhe &#8220;avazin \u201ce vjet\u00ebr, q\u00eb ta ruajm\u00eb tret\u00ebmanim e m\u00eb t\u00eb pazhvilluarit, e t\u00eb dob\u00ebtit .<\/p>\n<p>T\u00eb kthehemi n\u00eb tem\u00eb\u2026<strong>\u201dShkon gjuha ku dhem dhami \u201d <\/strong>thot\u00eb nj\u00eb fjal\u00eb e urt\u00eb popullore.<\/p>\n<p>Pushtetar\u00eb t\u00eb nderuar !. Virin e Ri\u00a0 2017-t\u00eb e nis\u00ebm me bilanc negativ, me 12 rroga\u00a0 minus. Por, jo vet\u00ebm kaq ; <strong>\u00a0\u00a0<\/strong><\/p>\n<p>Radio Ulqini me nj\u00eb karier\u00eb 30 vje\u00e7are, \u00ebsht\u00eb s\u00ebmur\u00eb !. Radio Ulqini po l\u00ebngon !&#8230; Radio Ulqini ka vite q\u00eb dergjet, vet\u00ebm e vet\u00ebm n\u00eb munges\u00eb t\u00eb \u201cila\u00e7eve\u201d materiale dhe n\u00ebp\u00ebrk\u00ebmbj\u00ebs Tuaj zot\u00ebrinj !!! \u2026. E \u00e7udit\u00ebshme !, por e v\u00ebrtet\u00eb, Radio Ulqini, vitin 2016-t\u00eb e mbylli me\u00a0 -12 muaj t\u00eb pa paguara, duke mos i llogaritur, k\u00ebtu edhe kontributet e papaguara me vite t\u00eb t\u00ebra, por nuk \u00ebsht\u00eb i vet\u00ebm, k\u00ebt\u00eb fat e ndan\u00eb\u00a0 edhe me Nd\u00ebrmarrjet t\u00eb tjera dhe vet themeluesin !. Vall\u00eb, \u00e7\u2019far\u00eb i thon\u00eb k\u00ebsaj ?, fat, apo ironi. Jo, jan\u00eb t\u00eb dyja s\u00eb bashku-<strong> ironia e fatit<\/strong>. Andaj, me t\u00eb drejt\u00eb shtrohet pyetja ?. Pse ndodhi k\u00ebshtu, q\u00eb anashkalohemi dhe pa t\u00eb dret\u00eb n\u00ebp\u00ebrk\u00ebmb\u00ebmi nga themeluesi ?!!!.? Vall\u00eb, pse ?. A thua pse jemi m\u00eb t\u00eb vegj\u00eblit , p\u00ebr nga num\u00ebri i t\u00eb pun\u00ebsuarve n\u00eb nivelin komunal ?.T\u00eb nderuar zot\u00ebrinj pushtetar\u00eb !, ku mbeten gjith\u00eb ato premtime ? \u2026 \u201cdo t\u00eb b\u00ebjm\u00eb k\u00ebt\u00eb, do t\u00eb b\u00ebjm\u00eb at\u00eb ?. Do t\u00eb hapim televizionin, do t\u00eb rrisim nivelin e pun\u00ebs ?, do t\u00eb p\u00ebrmir\u00ebsojm\u00eb standardin, do t\u00eb nivelizohemi me\u00a0 rrogat e t\u00eb t\u00eb\u00a0 pun\u00ebsuarve n\u00eb komun\u00eb dhe Nd\u00ebrmarrje\u00a0 t\u00eb tjera \u00a0etj , etj\u201d ?. Ku mbeten parat\u00eb e kreditit q\u00eb na premtuat aqe shum\u00eb , e doli shum\u00eb pak, apo asgj\u00eb ?!. T\u00eb gjitha k\u00ebto ishin premtime boshe. Ishte nj\u00eb marketing politik i Juaji, e kurgj\u00eb m\u00eb tep\u00ebr. T\u00eb nderuar pushtetar\u00eb, pse silleni k\u00ebshtu, si me nj\u00eb f\u00ebmij\u00eb jetim\u00eb ?. Mendoj se nuk e meritojm\u00eb k\u00ebt\u00eb. Ne , tani nuk jemi t\u00eb vegj\u00ebl, jemi rritur, kemi l\u00ebshuar shtat. Radio Ulqini, k\u00ebt\u00eb vit\u00eb kremton vitin Jubilar 30-vjetorin e themelimit. Andaj, duhet b\u00ebr\u00eb m\u00eb shum\u00eb p\u00ebr Radio Ulqinin. P\u00ebr ne, p\u00ebr Ju, p\u00ebr gjith\u00eb qytetar\u00ebt tan\u00eb q\u00eb na d\u00ebgjojn\u00eb. Duhet v\u00ebn\u00eb dor\u00eb ?. Ne, nuk k\u00ebrkojm\u00eb, asgj\u00eb m\u00eb tep\u00ebr, vet\u00ebm at\u00eb q\u00eb na takon. Te kemi tretmanin e barabart\u00eb dhe t\u00eb jemi t\u00eb barabart\u00eb me t\u00eb tjer\u00ebt. Edhe p\u00ebrkund\u00ebr asaj se jemi kolektivi m\u00eb i vog\u00ebl n\u00eb nivel komunal, \u00e7ka do t\u00eb thot\u00eb edhe buxheti p\u00ebr Radio Ulqinin, n\u00eb krahsim me t\u00eb tjer\u00ebt \u00ebsht\u00eb shum\u00eb m\u00eb i vog\u00ebl. Ve\u00e7ojm\u00eb\u00a0 edhe k\u00ebt\u00eb; ka m\u00eb shum\u00eb se 15 vite q\u00eb Radio Ulqini nuk \u00ebsht\u00eb p\u00ebrt\u00ebrir\u00eb me kuadra t\u00eb reja ?. Mesiguri, nuk jemi m\u00eb \u201cinteresant \u201d dhe pushtetit vendor nuk i duhet Radio Ulqini !. Jo, edhe p\u00ebrkund\u00ebr k\u00ebsaj, mendoj se pushtetit lokal i duhet Radio Ulqini, por pushtetar\u00ebve lokal nuk iu nevoitet m\u00eb Radio Ulqini !&#8230; Andaj, themeluesi nuk tregon interesimin e duhur dhe n\u00ebp\u00ebrk\u00ebmb\u00ebmi n\u00eb k\u00ebt\u00eb mas\u00eb .<\/p>\n<p>Virin e Ri\u00a0 2017-t\u00eb e nis\u00ebm me bilanc negativ, me 12 rroga\u00a0 minus. Por, jo vet\u00ebm kaq ; P\u00ebrgjat\u00eb 12 muajve t\u00eb shkuara, edhe p\u00ebrkund\u00ebr ftes\u00ebs p\u00ebr pjes\u00ebmarrje n\u00eb emisione n\u00eb Radio, pushtetar\u00ebt tan\u00eb nuk gjet\u00ebt asnj\u00ebher\u00eb\u00a0 koh\u00ebn e duhur t\u00eb jen\u00eb pjes\u00eb e programeve tona. P\u00ebrjashtim b\u00ebjn\u00eb konferencat me gazetar\u00eb dhe kumtesat p\u00ebr opinion. Pushtetar\u00ebt tan\u00eb, nuk gjet\u00ebn koh\u00ebn e duhur t\u00eb pakt\u00ebn, t\u2019i b\u00ebjn\u00eb nj\u00eb vizit\u00eb t\u00eb lir\u00eb k\u00ebtij institucioni informativ. T\u00eb ken\u00eb mund\u00ebsin\u00eb t\u00eb njihen nga af\u00ebr me t\u00eb arriturat, problemet dhe ngecjet. T\u00eb njiheni me ambientet e bukura, q\u00eb vite m\u00eb par\u00eb jan\u00eb p\u00ebrgatitur, p\u00ebr hapjen e Televizionit lokal, q\u00eb dikur trumbetohej se kjo \u00ebnd\u00ebrr do b\u00ebhet realitet !.Por, me kot !, ishin, vet\u00ebm loj\u00eb fjal\u00ebsh dhe shprehje t\u00eb estradave televizive, nj\u00eb marketing politik e kurgj\u00eb m\u00eb tep\u00ebr.<\/p>\n<p>Por, jo vet\u00ebm kaq, ironia edhe m\u00eb e madhe vjen e shtohet, k\u00ebsaj radhe, mungoi\u00a0 edhe Mesazh-urimi tradicional i krer\u00ebve m\u00eb t\u00eb lart\u00eb t\u00eb pushtetit vendor p\u00ebr Vitin e Ri, adresuar qytetar\u00ebve !&#8230;Mungoi ajo si\u00e7 jemi m\u00ebsuar t\u2019i presim\u00a0 e \u00a0t\u2019i transmetojm\u00eb si \u00e7do vjet. Nejse \u2026ndoshta edhe kan\u00eb\u00a0 harruar, se ne nuk jemi m\u00eb \u201cinteresant\u201d p\u00ebr Ata !. Por, ajo e ve\u00e7anta, \u00ebsht\u00eb, pse Radio Ulqini mbeti n\u00eb harres\u00eb ?!&#8230;Mesiguri,\u201d ndoshta\u201d edhe dikujt i shkon p\u00ebrshtati. Madje\u00a0 edhe t\u00eb fiket fare ? !. Shpesh, fitohet bindja se k\u00ebshtu edhe po investohet !. K\u00ebshtu, dashje, padashje p\u00ebrgjegj\u00ebsia bie mbi pushtetar\u00ebt tan\u00eb, themeluesin, n\u00eb radh\u00eb t\u00eb par\u00eb, e mandej edhe n\u00eb organ\u00ebt drejtues t\u00eb vet Radios e duke mos l\u00ebn\u00eb anash edhe munges\u00ebn e p\u00ebrgjegj\u00ebsis\u00eb \u00a0dhe t\u00eb angazhimit ton\u00eb t\u00eb duhur (e t\u00eb pun\u00ebsuarve n\u00eb k\u00ebt\u00eb institucion), por, sidoqoft\u00eb, pesha e p\u00ebrgjegj\u00ebsis\u00eb\u00a0 ndahet sipas pesh\u00ebs t\u00eb\u00a0 pozit\u00ebs si kush ka. Por, mendoj se; sikur t\u00eb jet\u00eb nj\u00eb koordinim dhe harmonizim i duhur nd\u00ebrmjet themeluesit dhe udh\u00ebheq\u00ebsis\u00eb-organeve drejtuese t\u00eb radios, pun\u00ebt do t\u00eb ishin krejt ndryshe, do t\u00eb shkonin n\u00eb t\u00eb mir\u00eb. \u00a0Mendoj se duhet k\u00ebrkuar nj\u00eb p\u00ebrgjegj\u00ebsi e duhur ndaj k\u00ebtyre orgneve n\u00eb zbatim t\u00eb ligjit dhe p\u00ebrdit\u00ebshmeris\u00eb n\u00eb pun\u00eb, nga se k\u00ebta jan\u00eb t\u00eb zgjedhur dhe t\u00eb em\u00ebruar nga \u00a0themeliuesi, andaj edhe jan\u00eb p\u00ebrgjegjes ndaj vet themeluesit, institucionit dhe t\u00eb pun\u00ebsuarve. K\u00ebshtu, me nj\u00eb qasje dhe angazhim tjet\u00ebr nga kjo e tanishmja dhe \u00a0me nj\u00eb mbeshtetje t\u00eb duhur morale dhe\u00a0 materiale nga ana e\u00a0 themeluesit, n\u00eb nj\u00ebr\u00ebn an\u00eb, dhe n\u00eb an\u00ebn tjet\u00ebr me nj\u00eb koordinim dhe\u00a0 qasjes t\u00eb duhur t\u00eb\u00a0 organeve drejtuse t\u00eb radios dhe\u00a0 me angazhimin maksimal t\u00eb t\u00eb pun\u00ebsuarve, pun\u00ebt mesiguri do t\u00eb ndryshonin n\u00eb t\u00eb mir\u00eb dhe rezultatet nuk do t\u00eb mungonin. Nd\u00ebrsa, k\u00ebshtu, si deri m\u00eb tani, t\u00eb l\u00ebn\u00eb pasdore dhe pa p\u00ebrkrahje e duhur nga\u00a0 ana e themeluesit, mendoj se Radio Ulqini do t\u00eb l\u00ebngoj\u00eb dhe nuk do t\u00eb sh\u00ebrohet ! .<\/p>\n<p>Megjithat\u00eb, Radio Ulqini edhe ashtu i s\u00ebmuar r\u00ebnd\u00eb, krahas pozit\u00ebs s\u00eb v\u00ebshtir\u00eb materiale, po p\u00ebrballet edhe me v\u00ebsht\u00ebrsi teknike, si dhe n\u00eb munges\u00eb t\u00eb kuadrit profesional. Por, edhe p\u00ebrkund\u00ebr k\u00ebtyre kushteve t\u00eb pap\u00ebrmbajtura, Radio Ulqini, po mbijeton. Po gjall\u00ebron. Punon pa nd\u00ebrprerje, pa asnj\u00eb dit\u00eb pushim, qofshin edhe\u00a0 festa shtet\u00ebrore apo fetare, \u00a0andaj ka edhe specifikat e veta, n\u00eb krahasim me\u00a0 fusha t\u00eb tjera t\u00eb administrat\u00ebs. K\u00ebshtu, vitin q\u00eb e nis\u00ebm, 2017-t\u00ebn, shpresojm\u00eb\u00a0 t\u00eb jet\u00eb nj\u00eb mund\u00ebsi m\u00eb e mir\u00eb, nj\u00eb shpres\u00eb m\u00eb t\u00eb madhe n\u00eb p\u00ebrmir\u00ebsimin e pozit\u00ebs n\u00eb Radio Ulqin. Mendoj se \u00ebsht\u00eb koha e duhur q\u00eb pushtetar\u00ebt tan\u00eb t\u00eb jen\u00eb m\u00eb t\u00eb p\u00ebrgjegj\u00ebsh\u00ebm ndaj k\u00ebtij institucioni informative dhe t\u00eb sjellin ndryshime n\u00eb t\u00eb mir\u00eb, n\u00eb radio dhe n\u00eb jet\u00ebn e t\u00eb pun\u00ebsuarve. Urojm\u00eb, me shpres\u00ebn e mir\u00eb, q\u00eb Radio Ulqini t\u00eb k\u00ebt\u00eb p\u00ebrkrahjen e duhur morale dhe materiale t\u00eb pushteit lokal, t\u00eb sh\u00ebroj\u00eb plag\u00ebt e viteve q\u00eb lam\u00eb pas dhe t\u00eb sjell\u00eb m\u00eb shum\u00eb siguri e perspektiv\u00eb m\u00eb t\u00eb madhe, jo vet\u00ebm p\u00ebr ne, por edhe p\u00ebr t\u00eb gjith\u00eb .<\/p>\n","protected":false},"excerpt":{"rendered":"<p>Shkruan : Esat Mehmeti, gazetar n\u00eb Radio Ulqin &nbsp; Iku edhe nj\u00eb vit, duke i l\u00ebn\u00eb vendin nj\u00eb tjetrit. Teksa hym\u00eb n\u00eb Vitin e Ri, urojm\u00eb q\u00eb t\u00eb k\u00ebqijat t\u2019i\u00a0 l\u00ebm\u00eb\u00a0 pas e q\u00eb ky vit t\u00eb jet\u00eb i mbar\u00eb p\u00ebr t\u00eb gjith\u00eb . E lam\u00eb pas edhe \u00a0nj\u00eb vit t\u00eb zakonsh\u00ebm, vit q\u00eb nuk [&hellip;]<\/p>\n","protected":false},"author":1,"featured_media":0,"comment_status":"closed","ping_status":"closed","sticky":false,"template":"","format":"standard","meta":{"spay_email":"","jetpack_publicize_message":"","jetpack_is_tweetstorm":false,"jetpack_publicize_feature_enabled":true},"categories":[13],"tags":[],"jetpack_publicize_connections":[],"yoast_head":"<!-- This site is optimized with the Yoast SEO plugin v19.1 - https:\/\/yoast.com\/wordpress\/plugins\/seo\/ -->\n<title>Zot\u00ebrinj, e harruat radio Ulqinin ! - Lajme nga Ulqini<\/title>\n<meta name=\"description\" content=\"Shkruan : Esat Mehmeti, gazetar n\u00eb Radio Ulqin &nbsp; Iku edhe nj\u00eb vit, duke i l\u00ebn\u00eb vendin nj\u00eb tjetrit. Teksa hym\u00eb n\u00eb Vitin e Ri, urojm\u00eb q\u00eb t\u00eb k\u00ebqijat\" \/>\n<meta name=\"robots\" content=\"index, follow, max-snippet:-1, max-image-preview:large, max-video-preview:-1\" \/>\n<link rel=\"canonical\" href=\"https:\/\/www.visit-ulcinj.com\/blog\/2017\/01\/08\/zoterinj-e-harruat-radio-ulqinin\/\" \/>\n<meta property=\"og:locale\" content=\"en_US\" \/>\n<meta property=\"og:type\" content=\"article\" \/>\n<meta property=\"og:title\" content=\"Zot\u00ebrinj, e harruat radio Ulqinin ! - Lajme nga Ulqini\" \/>\n<meta property=\"og:description\" content=\"Shkruan : Esat Mehmeti, gazetar n\u00eb Radio Ulqin &nbsp; Iku edhe nj\u00eb vit, duke i l\u00ebn\u00eb vendin nj\u00eb tjetrit. Teksa hym\u00eb n\u00eb Vitin e Ri, urojm\u00eb q\u00eb t\u00eb k\u00ebqijat\" \/>\n<meta property=\"og:url\" content=\"https:\/\/www.visit-ulcinj.com\/blog\/2017\/01\/08\/zoterinj-e-harruat-radio-ulqinin\/\" \/>\n<meta property=\"og:site_name\" content=\"Lajme nga Ulqini\" \/>\n<meta property=\"article:published_time\" content=\"2017-01-08T12:46:36+00:00\" \/>\n<meta property=\"og:image\" content=\"http:\/\/www.visit-ulcinj.com\/blog\/wp-content\/uploads\/2016\/02\/Esat-Mehmeti-gazetar-i-radio-Ulqinit-1.jpg\" \/>\n<meta name=\"twitter:label1\" content=\"Written by\" \/>\n\t<meta name=\"twitter:data1\" content=\"ulqini\" \/>\n\t<meta name=\"twitter:label2\" content=\"Est. reading time\" \/>\n\t<meta name=\"twitter:data2\" content=\"7 minutes\" \/>\n<script type=\"application\/ld+json\" class=\"yoast-schema-graph\">{\"@context\":\"https:\/\/schema.org\",\"@graph\":[{\"@type\":\"WebSite\",\"@id\":\"https:\/\/www.visit-ulcinj.com\/blog\/#website\",\"url\":\"https:\/\/www.visit-ulcinj.com\/blog\/\",\"name\":\"Lajme nga Ulqini\",\"description\":\"Lajme,Vijesti,Ulqini,Ulqin,Crna Gora,Mali i Zi\",\"potentialAction\":[{\"@type\":\"SearchAction\",\"target\":{\"@type\":\"EntryPoint\",\"urlTemplate\":\"https:\/\/www.visit-ulcinj.com\/blog\/?s={search_term_string}\"},\"query-input\":\"required name=search_term_string\"}],\"inLanguage\":\"en-US\"},{\"@type\":\"ImageObject\",\"inLanguage\":\"en-US\",\"@id\":\"https:\/\/www.visit-ulcinj.com\/blog\/2017\/01\/08\/zoterinj-e-harruat-radio-ulqinin\/#primaryimage\",\"url\":\"https:\/\/www.visit-ulcinj.com\/blog\/wp-content\/uploads\/2016\/02\/Esat-Mehmeti-gazetar-i-radio-Ulqinit-1.jpg\",\"contentUrl\":\"https:\/\/www.visit-ulcinj.com\/blog\/wp-content\/uploads\/2016\/02\/Esat-Mehmeti-gazetar-i-radio-Ulqinit-1.jpg\",\"width\":600,\"height\":449},{\"@type\":\"WebPage\",\"@id\":\"https:\/\/www.visit-ulcinj.com\/blog\/2017\/01\/08\/zoterinj-e-harruat-radio-ulqinin\/#webpage\",\"url\":\"https:\/\/www.visit-ulcinj.com\/blog\/2017\/01\/08\/zoterinj-e-harruat-radio-ulqinin\/\",\"name\":\"Zot\u00ebrinj, e harruat radio Ulqinin ! - Lajme nga Ulqini\",\"isPartOf\":{\"@id\":\"https:\/\/www.visit-ulcinj.com\/blog\/#website\"},\"primaryImageOfPage\":{\"@id\":\"https:\/\/www.visit-ulcinj.com\/blog\/2017\/01\/08\/zoterinj-e-harruat-radio-ulqinin\/#primaryimage\"},\"datePublished\":\"2017-01-08T12:46:36+00:00\",\"dateModified\":\"2017-01-08T12:46:36+00:00\",\"author\":{\"@id\":\"https:\/\/www.visit-ulcinj.com\/blog\/#\/schema\/person\/dcab619c614d3038751c63bc2aadc06d\"},\"description\":\"Shkruan : Esat Mehmeti, gazetar n\u00eb Radio Ulqin &nbsp; Iku edhe nj\u00eb vit, duke i l\u00ebn\u00eb vendin nj\u00eb tjetrit. Teksa hym\u00eb n\u00eb Vitin e Ri, urojm\u00eb q\u00eb t\u00eb k\u00ebqijat\",\"breadcrumb\":{\"@id\":\"https:\/\/www.visit-ulcinj.com\/blog\/2017\/01\/08\/zoterinj-e-harruat-radio-ulqinin\/#breadcrumb\"},\"inLanguage\":\"en-US\",\"potentialAction\":[{\"@type\":\"ReadAction\",\"target\":[\"https:\/\/www.visit-ulcinj.com\/blog\/2017\/01\/08\/zoterinj-e-harruat-radio-ulqinin\/\"]}]},{\"@type\":\"BreadcrumbList\",\"@id\":\"https:\/\/www.visit-ulcinj.com\/blog\/2017\/01\/08\/zoterinj-e-harruat-radio-ulqinin\/#breadcrumb\",\"itemListElement\":[{\"@type\":\"ListItem\",\"position\":1,\"name\":\"Zot\u00ebrinj, e harruat radio Ulqinin !\"}]},{\"@type\":\"Person\",\"@id\":\"https:\/\/www.visit-ulcinj.com\/blog\/#\/schema\/person\/dcab619c614d3038751c63bc2aadc06d\",\"name\":\"ulqini\",\"sameAs\":[\"http:\/\/www.visit-ulcinj.com\"],\"url\":\"https:\/\/www.visit-ulcinj.com\/blog\/author\/admin\/\"}]}<\/script>\n<!-- \/ Yoast SEO plugin. -->","yoast_head_json":{"title":"Zot\u00ebrinj, e harruat radio Ulqinin ! - Lajme nga Ulqini","description":"Shkruan : Esat Mehmeti, gazetar n\u00eb Radio Ulqin &nbsp; Iku edhe nj\u00eb vit, duke i l\u00ebn\u00eb vendin nj\u00eb tjetrit. Teksa hym\u00eb n\u00eb Vitin e Ri, urojm\u00eb q\u00eb t\u00eb k\u00ebqijat","robots":{"index":"index","follow":"follow","max-snippet":"max-snippet:-1","max-image-preview":"max-image-preview:large","max-video-preview":"max-video-preview:-1"},"canonical":"https:\/\/www.visit-ulcinj.com\/blog\/2017\/01\/08\/zoterinj-e-harruat-radio-ulqinin\/","og_locale":"en_US","og_type":"article","og_title":"Zot\u00ebrinj, e harruat radio Ulqinin ! - Lajme nga Ulqini","og_description":"Shkruan : Esat Mehmeti, gazetar n\u00eb Radio Ulqin &nbsp; Iku edhe nj\u00eb vit, duke i l\u00ebn\u00eb vendin nj\u00eb tjetrit. Teksa hym\u00eb n\u00eb Vitin e Ri, urojm\u00eb q\u00eb t\u00eb k\u00ebqijat","og_url":"https:\/\/www.visit-ulcinj.com\/blog\/2017\/01\/08\/zoterinj-e-harruat-radio-ulqinin\/","og_site_name":"Lajme nga Ulqini","article_published_time":"2017-01-08T12:46:36+00:00","og_image":[{"url":"http:\/\/www.visit-ulcinj.com\/blog\/wp-content\/uploads\/2016\/02\/Esat-Mehmeti-gazetar-i-radio-Ulqinit-1.jpg"}],"twitter_misc":{"Written by":"ulqini","Est. reading time":"7 minutes"},"schema":{"@context":"https:\/\/schema.org","@graph":[{"@type":"WebSite","@id":"https:\/\/www.visit-ulcinj.com\/blog\/#website","url":"https:\/\/www.visit-ulcinj.com\/blog\/","name":"Lajme nga Ulqini","description":"Lajme,Vijesti,Ulqini,Ulqin,Crna Gora,Mali i Zi","potentialAction":[{"@type":"SearchAction","target":{"@type":"EntryPoint","urlTemplate":"https:\/\/www.visit-ulcinj.com\/blog\/?s={search_term_string}"},"query-input":"required name=search_term_string"}],"inLanguage":"en-US"},{"@type":"ImageObject","inLanguage":"en-US","@id":"https:\/\/www.visit-ulcinj.com\/blog\/2017\/01\/08\/zoterinj-e-harruat-radio-ulqinin\/#primaryimage","url":"https:\/\/www.visit-ulcinj.com\/blog\/wp-content\/uploads\/2016\/02\/Esat-Mehmeti-gazetar-i-radio-Ulqinit-1.jpg","contentUrl":"https:\/\/www.visit-ulcinj.com\/blog\/wp-content\/uploads\/2016\/02\/Esat-Mehmeti-gazetar-i-radio-Ulqinit-1.jpg","width":600,"height":449},{"@type":"WebPage","@id":"https:\/\/www.visit-ulcinj.com\/blog\/2017\/01\/08\/zoterinj-e-harruat-radio-ulqinin\/#webpage","url":"https:\/\/www.visit-ulcinj.com\/blog\/2017\/01\/08\/zoterinj-e-harruat-radio-ulqinin\/","name":"Zot\u00ebrinj, e harruat radio Ulqinin ! - Lajme nga Ulqini","isPartOf":{"@id":"https:\/\/www.visit-ulcinj.com\/blog\/#website"},"primaryImageOfPage":{"@id":"https:\/\/www.visit-ulcinj.com\/blog\/2017\/01\/08\/zoterinj-e-harruat-radio-ulqinin\/#primaryimage"},"datePublished":"2017-01-08T12:46:36+00:00","dateModified":"2017-01-08T12:46:36+00:00","author":{"@id":"https:\/\/www.visit-ulcinj.com\/blog\/#\/schema\/person\/dcab619c614d3038751c63bc2aadc06d"},"description":"Shkruan : Esat Mehmeti, gazetar n\u00eb Radio Ulqin &nbsp; Iku edhe nj\u00eb vit, duke i l\u00ebn\u00eb vendin nj\u00eb tjetrit. Teksa hym\u00eb n\u00eb Vitin e Ri, urojm\u00eb q\u00eb t\u00eb k\u00ebqijat","breadcrumb":{"@id":"https:\/\/www.visit-ulcinj.com\/blog\/2017\/01\/08\/zoterinj-e-harruat-radio-ulqinin\/#breadcrumb"},"inLanguage":"en-US","potentialAction":[{"@type":"ReadAction","target":["https:\/\/www.visit-ulcinj.com\/blog\/2017\/01\/08\/zoterinj-e-harruat-radio-ulqinin\/"]}]},{"@type":"BreadcrumbList","@id":"https:\/\/www.visit-ulcinj.com\/blog\/2017\/01\/08\/zoterinj-e-harruat-radio-ulqinin\/#breadcrumb","itemListElement":[{"@type":"ListItem","position":1,"name":"Zot\u00ebrinj, e harruat radio Ulqinin !"}]},{"@type":"Person","@id":"https:\/\/www.visit-ulcinj.com\/blog\/#\/schema\/person\/dcab619c614d3038751c63bc2aadc06d","name":"ulqini","sameAs":["http:\/\/www.visit-ulcinj.com"],"url":"https:\/\/www.visit-ulcinj.com\/blog\/author\/admin\/"}]}},"jetpack_featured_media_url":"","jetpack_sharing_enabled":true,"jetpack_shortlink":"https:\/\/wp.me\/pe6lTn-qyu","_links":{"self":[{"href":"https:\/\/www.visit-ulcinj.com\/blog\/wp-json\/wp\/v2\/posts\/102082"}],"collection":[{"href":"https:\/\/www.visit-ulcinj.com\/blog\/wp-json\/wp\/v2\/posts"}],"about":[{"href":"https:\/\/www.visit-ulcinj.com\/blog\/wp-json\/wp\/v2\/types\/post"}],"author":[{"embeddable":true,"href":"https:\/\/www.visit-ulcinj.com\/blog\/wp-json\/wp\/v2\/users\/1"}],"replies":[{"embeddable":true,"href":"https:\/\/www.visit-ulcinj.com\/blog\/wp-json\/wp\/v2\/comments?post=102082"}],"version-history":[{"count":1,"href":"https:\/\/www.visit-ulcinj.com\/blog\/wp-json\/wp\/v2\/posts\/102082\/revisions"}],"predecessor-version":[{"id":102083,"href":"https:\/\/www.visit-ulcinj.com\/blog\/wp-json\/wp\/v2\/posts\/102082\/revisions\/102083"}],"wp:attachment":[{"href":"https:\/\/www.visit-ulcinj.com\/blog\/wp-json\/wp\/v2\/media?parent=102082"}],"wp:term":[{"taxonomy":"category","embeddable":true,"href":"https:\/\/www.visit-ulcinj.com\/blog\/wp-json\/wp\/v2\/categories?post=102082"},{"taxonomy":"post_tag","embeddable":true,"href":"https:\/\/www.visit-ulcinj.com\/blog\/wp-json\/wp\/v2\/tags?post=102082"}],"curies":[{"name":"wp","href":"https:\/\/api.w.org\/{rel}","templated":true}]}}