{"id":102084,"date":"2017-01-08T14:07:08","date_gmt":"2017-01-08T13:07:08","guid":{"rendered":"http:\/\/www.visit-ulcinj.com\/blog\/?p=102084"},"modified":"2017-01-09T16:21:03","modified_gmt":"2017-01-09T15:21:03","slug":"gjendje-e-rende-ne-fshatin-rashtish-te-eperme","status":"publish","type":"post","link":"https:\/\/www.visit-ulcinj.com\/blog\/2017\/01\/08\/gjendje-e-rende-ne-fshatin-rashtish-te-eperme\/","title":{"rendered":"Gjendje e r\u00ebnd\u00eb n\u00eb fshatin Rashtish te eperme"},"content":{"rendered":"<p><a href=\"http:\/\/www.visit-ulcinj.com\/blog\/wp-content\/uploads\/2017\/01\/Gjendje-e-r\u00ebnd\u00eb-n\u00eb-fshatin-Rashtish-te-eperme.jpg\"><img loading=\"lazy\" class=\"alignleft wp-image-102086\" src=\"http:\/\/www.visit-ulcinj.com\/blog\/wp-content\/uploads\/2017\/01\/Gjendje-e-r\u00ebnd\u00eb-n\u00eb-fshatin-Rashtish-te-eperme.jpg\" alt=\"Gjendje e r\u00ebnd\u00eb n\u00eb fshatin Rashtish te eperme\" width=\"508\" height=\"286\" srcset=\"https:\/\/www.visit-ulcinj.com\/blog\/wp-content\/uploads\/2017\/01\/Gjendje-e-r\u00ebnd\u00eb-n\u00eb-fshatin-Rashtish-te-eperme.jpg 999w, https:\/\/www.visit-ulcinj.com\/blog\/wp-content\/uploads\/2017\/01\/Gjendje-e-r\u00ebnd\u00eb-n\u00eb-fshatin-Rashtish-te-eperme-300x169.jpg 300w, https:\/\/www.visit-ulcinj.com\/blog\/wp-content\/uploads\/2017\/01\/Gjendje-e-r\u00ebnd\u00eb-n\u00eb-fshatin-Rashtish-te-eperme-768x432.jpg 768w\" sizes=\"(max-width: 508px) 100vw, 508px\" \/><\/a>N\u00eb Ulqin dhe fshatrat t\u00eb k\u00ebsaj komune, reshjet e m\u00ebdha t\u00eb bor\u00ebs, q\u00eb tre dit\u00eb, kan\u00eb vazhduar bllokimin e shum\u00eb fshatrave n\u00eb An\u00eb t\u00eb Malit.<\/p>\n<p>N\u00eb Komun\u00ebn e Ulqinit, vazhdimisht po thuhet se gjendja e rrug\u00ebve \u00ebsht\u00eb normale, mir\u00ebpo nj\u00eb gj\u00eb e till\u00eb nuk po shihet, shkruan lexuesi i cili ka kontaktuar Lajme nga Ulqini.<\/p>\n<p>Kjo po d\u00ebshmohet m\u00eb s\u00eb miri, n\u00eb fotografit\u00eb, q\u00eb kan\u00eb d\u00ebrguar lexuesit e Lajme nga Ulqini. Qytetar\u00ebt vet po mundohen q\u00eb t\u00eb gjejn\u00eb zgjidhje p\u00ebr zhbllokimin e rrug\u00ebve.<\/p>\n<p>Nj\u00eb pjes\u00eb e madhe e fshatrave t\u00eb k\u00ebsaj komune vazhdojn\u00eb t\u00eb lihen n\u00eb harres\u00eb.<\/p>\n<p>Sipas lexuesit t\u00eb Lajme nga Ulqini b\u00ebhet fjal\u00eb p\u00ebr pamje t\u00eb marra n\u00eb fshatin <span class=\"_3oh- _58nk\">Rashtish e eperme<\/span>, komuna e Ulqinit.<\/p>\n<p class=\"has-img\">\u201cPa rrym\u00eb qe 3 dit\u00eb,\u00a0EPCG-ja e Ulqinit nuk vjen as me kqyr \u00e7far\u00eb rreziku paraqet kjo shtyll\u00eb. Kemi thirr\u00a0EPCG-en n\u00eb Ulqin, asgj\u00eb.<\/p>\n<p class=\"has-img\"><strong>Lajme nga Ulqini citon lexuesin n\u00eb fjal\u00eb:<\/strong><\/p>\n<p class=\"has-img\"><strong><span class=\"_3oh- _58nk\">Kjo eshte gjendje ne fshatin Rashtish e eperme qe tre dit, kjo shtylle ne mes te rruges dhe prane shtepijave rrezikon jeten e banorve, por elektrodistribucioni ende nuk merr masa per riparim, <\/span>ka shkruar lexuesi n\u00eb fjal\u00eb.<\/strong><\/p>\n<p class=\"has-img\"><a href=\"http:\/\/www.visit-ulcinj.com\/blog\/wp-content\/uploads\/2017\/01\/Gjendje-e-r\u00ebnd\u00eb-n\u00eb-fshatin-Rashtish-te-eperme-1.jpg\"><img loading=\"lazy\" class=\"alignleft wp-image-102087\" src=\"http:\/\/www.visit-ulcinj.com\/blog\/wp-content\/uploads\/2017\/01\/Gjendje-e-r\u00ebnd\u00eb-n\u00eb-fshatin-Rashtish-te-eperme-1.jpg\" alt=\"Gjendje e r\u00ebnd\u00eb n\u00eb fshatin Rashtish te eperme-1\" width=\"508\" height=\"286\" srcset=\"https:\/\/www.visit-ulcinj.com\/blog\/wp-content\/uploads\/2017\/01\/Gjendje-e-r\u00ebnd\u00eb-n\u00eb-fshatin-Rashtish-te-eperme-1.jpg 999w, https:\/\/www.visit-ulcinj.com\/blog\/wp-content\/uploads\/2017\/01\/Gjendje-e-r\u00ebnd\u00eb-n\u00eb-fshatin-Rashtish-te-eperme-1-300x169.jpg 300w, https:\/\/www.visit-ulcinj.com\/blog\/wp-content\/uploads\/2017\/01\/Gjendje-e-r\u00ebnd\u00eb-n\u00eb-fshatin-Rashtish-te-eperme-1-768x432.jpg 768w\" sizes=\"(max-width: 508px) 100vw, 508px\" \/><\/a><\/p>\n","protected":false},"excerpt":{"rendered":"<p>N\u00eb Ulqin dhe fshatrat t\u00eb k\u00ebsaj komune, reshjet e m\u00ebdha t\u00eb bor\u00ebs, q\u00eb tre dit\u00eb, kan\u00eb vazhduar bllokimin e shum\u00eb fshatrave n\u00eb An\u00eb t\u00eb Malit. N\u00eb Komun\u00ebn e Ulqinit, vazhdimisht po thuhet se gjendja e rrug\u00ebve \u00ebsht\u00eb normale, mir\u00ebpo nj\u00eb gj\u00eb e till\u00eb nuk po shihet, shkruan lexuesi i cili ka kontaktuar Lajme nga Ulqini. [&hellip;]<\/p>\n","protected":false},"author":1,"featured_media":0,"comment_status":"closed","ping_status":"closed","sticky":false,"template":"","format":"standard","meta":{"spay_email":"","jetpack_publicize_message":"","jetpack_is_tweetstorm":false,"jetpack_publicize_feature_enabled":true},"categories":[1,15],"tags":[],"jetpack_publicize_connections":[],"yoast_head":"<!-- This site is optimized with the Yoast SEO plugin v19.1 - https:\/\/yoast.com\/wordpress\/plugins\/seo\/ -->\n<title>Gjendje e r\u00ebnd\u00eb n\u00eb fshatin Rashtish te eperme - Lajme nga Ulqini<\/title>\n<meta name=\"description\" content=\"N\u00eb Ulqin dhe fshatrat t\u00eb k\u00ebsaj komune, reshjet e m\u00ebdha t\u00eb bor\u00ebs, q\u00eb tre dit\u00eb, kan\u00eb vazhduar bllokimin e shum\u00eb fshatrave n\u00eb An\u00eb t\u00eb Malit. N\u00eb Komun\u00ebn e\" \/>\n<meta name=\"robots\" content=\"index, follow, max-snippet:-1, max-image-preview:large, max-video-preview:-1\" \/>\n<link rel=\"canonical\" href=\"https:\/\/www.visit-ulcinj.com\/blog\/2017\/01\/08\/gjendje-e-rende-ne-fshatin-rashtish-te-eperme\/\" \/>\n<meta property=\"og:locale\" content=\"en_US\" \/>\n<meta property=\"og:type\" content=\"article\" \/>\n<meta property=\"og:title\" content=\"Gjendje e r\u00ebnd\u00eb n\u00eb fshatin Rashtish te eperme - Lajme nga Ulqini\" \/>\n<meta property=\"og:description\" content=\"N\u00eb Ulqin dhe fshatrat t\u00eb k\u00ebsaj komune, reshjet e m\u00ebdha t\u00eb bor\u00ebs, q\u00eb tre dit\u00eb, kan\u00eb vazhduar bllokimin e shum\u00eb fshatrave n\u00eb An\u00eb t\u00eb Malit. N\u00eb Komun\u00ebn e\" \/>\n<meta property=\"og:url\" content=\"https:\/\/www.visit-ulcinj.com\/blog\/2017\/01\/08\/gjendje-e-rende-ne-fshatin-rashtish-te-eperme\/\" \/>\n<meta property=\"og:site_name\" content=\"Lajme nga Ulqini\" \/>\n<meta property=\"article:published_time\" content=\"2017-01-08T13:07:08+00:00\" \/>\n<meta property=\"article:modified_time\" content=\"2017-01-09T15:21:03+00:00\" \/>\n<meta name=\"twitter:label1\" content=\"Written by\" \/>\n\t<meta name=\"twitter:data1\" content=\"ulqini\" \/>\n\t<meta name=\"twitter:label2\" content=\"Est. reading time\" \/>\n\t<meta name=\"twitter:data2\" content=\"1 minute\" \/>\n<script type=\"application\/ld+json\" class=\"yoast-schema-graph\">{\"@context\":\"https:\/\/schema.org\",\"@graph\":[{\"@type\":\"WebSite\",\"@id\":\"https:\/\/www.visit-ulcinj.com\/blog\/#website\",\"url\":\"https:\/\/www.visit-ulcinj.com\/blog\/\",\"name\":\"Lajme nga Ulqini\",\"description\":\"Lajme,Vijesti,Ulqini,Ulqin,Crna Gora,Mali i Zi\",\"potentialAction\":[{\"@type\":\"SearchAction\",\"target\":{\"@type\":\"EntryPoint\",\"urlTemplate\":\"https:\/\/www.visit-ulcinj.com\/blog\/?s={search_term_string}\"},\"query-input\":\"required name=search_term_string\"}],\"inLanguage\":\"en-US\"},{\"@type\":\"WebPage\",\"@id\":\"https:\/\/www.visit-ulcinj.com\/blog\/2017\/01\/08\/gjendje-e-rende-ne-fshatin-rashtish-te-eperme\/#webpage\",\"url\":\"https:\/\/www.visit-ulcinj.com\/blog\/2017\/01\/08\/gjendje-e-rende-ne-fshatin-rashtish-te-eperme\/\",\"name\":\"Gjendje e r\u00ebnd\u00eb n\u00eb fshatin Rashtish te eperme - Lajme nga Ulqini\",\"isPartOf\":{\"@id\":\"https:\/\/www.visit-ulcinj.com\/blog\/#website\"},\"datePublished\":\"2017-01-08T13:07:08+00:00\",\"dateModified\":\"2017-01-09T15:21:03+00:00\",\"author\":{\"@id\":\"https:\/\/www.visit-ulcinj.com\/blog\/#\/schema\/person\/dcab619c614d3038751c63bc2aadc06d\"},\"description\":\"N\u00eb Ulqin dhe fshatrat t\u00eb k\u00ebsaj komune, reshjet e m\u00ebdha t\u00eb bor\u00ebs, q\u00eb tre dit\u00eb, kan\u00eb vazhduar bllokimin e shum\u00eb fshatrave n\u00eb An\u00eb t\u00eb Malit. N\u00eb Komun\u00ebn e\",\"breadcrumb\":{\"@id\":\"https:\/\/www.visit-ulcinj.com\/blog\/2017\/01\/08\/gjendje-e-rende-ne-fshatin-rashtish-te-eperme\/#breadcrumb\"},\"inLanguage\":\"en-US\",\"potentialAction\":[{\"@type\":\"ReadAction\",\"target\":[\"https:\/\/www.visit-ulcinj.com\/blog\/2017\/01\/08\/gjendje-e-rende-ne-fshatin-rashtish-te-eperme\/\"]}]},{\"@type\":\"BreadcrumbList\",\"@id\":\"https:\/\/www.visit-ulcinj.com\/blog\/2017\/01\/08\/gjendje-e-rende-ne-fshatin-rashtish-te-eperme\/#breadcrumb\",\"itemListElement\":[{\"@type\":\"ListItem\",\"position\":1,\"name\":\"Gjendje e r\u00ebnd\u00eb n\u00eb fshatin Rashtish te eperme\"}]},{\"@type\":\"Person\",\"@id\":\"https:\/\/www.visit-ulcinj.com\/blog\/#\/schema\/person\/dcab619c614d3038751c63bc2aadc06d\",\"name\":\"ulqini\",\"sameAs\":[\"http:\/\/www.visit-ulcinj.com\"],\"url\":\"https:\/\/www.visit-ulcinj.com\/blog\/author\/admin\/\"}]}<\/script>\n<!-- \/ Yoast SEO plugin. -->","yoast_head_json":{"title":"Gjendje e r\u00ebnd\u00eb n\u00eb fshatin Rashtish te eperme - Lajme nga Ulqini","description":"N\u00eb Ulqin dhe fshatrat t\u00eb k\u00ebsaj komune, reshjet e m\u00ebdha t\u00eb bor\u00ebs, q\u00eb tre dit\u00eb, kan\u00eb vazhduar bllokimin e shum\u00eb fshatrave n\u00eb An\u00eb t\u00eb Malit. N\u00eb Komun\u00ebn e","robots":{"index":"index","follow":"follow","max-snippet":"max-snippet:-1","max-image-preview":"max-image-preview:large","max-video-preview":"max-video-preview:-1"},"canonical":"https:\/\/www.visit-ulcinj.com\/blog\/2017\/01\/08\/gjendje-e-rende-ne-fshatin-rashtish-te-eperme\/","og_locale":"en_US","og_type":"article","og_title":"Gjendje e r\u00ebnd\u00eb n\u00eb fshatin Rashtish te eperme - Lajme nga Ulqini","og_description":"N\u00eb Ulqin dhe fshatrat t\u00eb k\u00ebsaj komune, reshjet e m\u00ebdha t\u00eb bor\u00ebs, q\u00eb tre dit\u00eb, kan\u00eb vazhduar bllokimin e shum\u00eb fshatrave n\u00eb An\u00eb t\u00eb Malit. N\u00eb Komun\u00ebn e","og_url":"https:\/\/www.visit-ulcinj.com\/blog\/2017\/01\/08\/gjendje-e-rende-ne-fshatin-rashtish-te-eperme\/","og_site_name":"Lajme nga Ulqini","article_published_time":"2017-01-08T13:07:08+00:00","article_modified_time":"2017-01-09T15:21:03+00:00","twitter_misc":{"Written by":"ulqini","Est. reading time":"1 minute"},"schema":{"@context":"https:\/\/schema.org","@graph":[{"@type":"WebSite","@id":"https:\/\/www.visit-ulcinj.com\/blog\/#website","url":"https:\/\/www.visit-ulcinj.com\/blog\/","name":"Lajme nga Ulqini","description":"Lajme,Vijesti,Ulqini,Ulqin,Crna Gora,Mali i Zi","potentialAction":[{"@type":"SearchAction","target":{"@type":"EntryPoint","urlTemplate":"https:\/\/www.visit-ulcinj.com\/blog\/?s={search_term_string}"},"query-input":"required name=search_term_string"}],"inLanguage":"en-US"},{"@type":"WebPage","@id":"https:\/\/www.visit-ulcinj.com\/blog\/2017\/01\/08\/gjendje-e-rende-ne-fshatin-rashtish-te-eperme\/#webpage","url":"https:\/\/www.visit-ulcinj.com\/blog\/2017\/01\/08\/gjendje-e-rende-ne-fshatin-rashtish-te-eperme\/","name":"Gjendje e r\u00ebnd\u00eb n\u00eb fshatin Rashtish te eperme - Lajme nga Ulqini","isPartOf":{"@id":"https:\/\/www.visit-ulcinj.com\/blog\/#website"},"datePublished":"2017-01-08T13:07:08+00:00","dateModified":"2017-01-09T15:21:03+00:00","author":{"@id":"https:\/\/www.visit-ulcinj.com\/blog\/#\/schema\/person\/dcab619c614d3038751c63bc2aadc06d"},"description":"N\u00eb Ulqin dhe fshatrat t\u00eb k\u00ebsaj komune, reshjet e m\u00ebdha t\u00eb bor\u00ebs, q\u00eb tre dit\u00eb, kan\u00eb vazhduar bllokimin e shum\u00eb fshatrave n\u00eb An\u00eb t\u00eb Malit. N\u00eb Komun\u00ebn e","breadcrumb":{"@id":"https:\/\/www.visit-ulcinj.com\/blog\/2017\/01\/08\/gjendje-e-rende-ne-fshatin-rashtish-te-eperme\/#breadcrumb"},"inLanguage":"en-US","potentialAction":[{"@type":"ReadAction","target":["https:\/\/www.visit-ulcinj.com\/blog\/2017\/01\/08\/gjendje-e-rende-ne-fshatin-rashtish-te-eperme\/"]}]},{"@type":"BreadcrumbList","@id":"https:\/\/www.visit-ulcinj.com\/blog\/2017\/01\/08\/gjendje-e-rende-ne-fshatin-rashtish-te-eperme\/#breadcrumb","itemListElement":[{"@type":"ListItem","position":1,"name":"Gjendje e r\u00ebnd\u00eb n\u00eb fshatin Rashtish te eperme"}]},{"@type":"Person","@id":"https:\/\/www.visit-ulcinj.com\/blog\/#\/schema\/person\/dcab619c614d3038751c63bc2aadc06d","name":"ulqini","sameAs":["http:\/\/www.visit-ulcinj.com"],"url":"https:\/\/www.visit-ulcinj.com\/blog\/author\/admin\/"}]}},"jetpack_featured_media_url":"","jetpack_sharing_enabled":true,"jetpack_shortlink":"https:\/\/wp.me\/pe6lTn-qyw","_links":{"self":[{"href":"https:\/\/www.visit-ulcinj.com\/blog\/wp-json\/wp\/v2\/posts\/102084"}],"collection":[{"href":"https:\/\/www.visit-ulcinj.com\/blog\/wp-json\/wp\/v2\/posts"}],"about":[{"href":"https:\/\/www.visit-ulcinj.com\/blog\/wp-json\/wp\/v2\/types\/post"}],"author":[{"embeddable":true,"href":"https:\/\/www.visit-ulcinj.com\/blog\/wp-json\/wp\/v2\/users\/1"}],"replies":[{"embeddable":true,"href":"https:\/\/www.visit-ulcinj.com\/blog\/wp-json\/wp\/v2\/comments?post=102084"}],"version-history":[{"count":3,"href":"https:\/\/www.visit-ulcinj.com\/blog\/wp-json\/wp\/v2\/posts\/102084\/revisions"}],"predecessor-version":[{"id":102090,"href":"https:\/\/www.visit-ulcinj.com\/blog\/wp-json\/wp\/v2\/posts\/102084\/revisions\/102090"}],"wp:attachment":[{"href":"https:\/\/www.visit-ulcinj.com\/blog\/wp-json\/wp\/v2\/media?parent=102084"}],"wp:term":[{"taxonomy":"category","embeddable":true,"href":"https:\/\/www.visit-ulcinj.com\/blog\/wp-json\/wp\/v2\/categories?post=102084"},{"taxonomy":"post_tag","embeddable":true,"href":"https:\/\/www.visit-ulcinj.com\/blog\/wp-json\/wp\/v2\/tags?post=102084"}],"curies":[{"name":"wp","href":"https:\/\/api.w.org\/{rel}","templated":true}]}}